{"id":59805,"date":"2020-05-11T17:36:41","date_gmt":"2020-05-11T17:36:41","guid":{"rendered":"http:\/\/desarrollo.mcvicious.com\/aero2020\/2020\/05\/11\/alcalde-pide-al-presidente-martin-vizcarra-habilitar-el-hospital-minsa-de-pacasmayo\/"},"modified":"2020-05-11T17:36:41","modified_gmt":"2020-05-11T17:36:41","slug":"alcalde-pide-al-presidente-martin-vizcarra-habilitar-el-hospital-minsa-de-pacasmayo","status":"publish","type":"post","link":"https:\/\/aeronoticias.com.pe\/noticiero\/politica\/alcalde-pide-al-presidente-martin-vizcarra-habilitar-el-hospital-minsa-de-pacasmayo\/","title":{"rendered":"Alcalde pide al Presidente Mart\u00edn Vizcarra habilitar el hospital MINSA de Pacasmayo"},"content":{"rendered":"<p style=\"text-align: justify;\"><strong>(Aeronoticias) <\/strong>El Dr. Cesar Milla Manay, Alcalde Distrital de Pacasmayo, se dirigi\u00f3 al Presidente de la Rep\u00fablica Mart\u00edn Vizacarra y le solicit\u00f3 que habilite inmediatamente el Hospital de Pacasmayo que fue culminado en Diciembre del 2019 con C\u00f3digo SNIP 326206, con un presupuesto p\u00fablico del MEF asignado de 71 millones 179 mil 688 soles.<\/p>\n<p style=\"text-align: justify;\"><span style=\"font-size: 12.16px;\">Requerimos &#8211; dijo el Alcalde Distrital de Pacasmayo \u2013 que el Gobierno tome la decisi\u00f3n pol\u00edtica para atender los casos COVID-19 en una infraestructura hospitalaria que es de primer nivel y est\u00e1 siendo desaprovechada porque el PRONIS y el Ministerio de Salud (MINSA) vienen retardando el equipamiento m\u00e9dico hace 6 meses. <\/span><\/p>\n<p style=\"text-align: justify;\"><span style=\"font-size: 12.16px;\">El derecho humano a la salud en defensa de nuestra poblaci\u00f3n no puede esperar mas la inexplicable postergacion de la habilitacion y equipamiento m\u00e9dico de nuestro hospital de Pacasmayo en momentos en que el virus COVID-19 ha llegado a nuestra provincia en donde el Hospital Tom\u00e1s Lafora del distrito de Guadalupe tiene s\u00f3lo 4 camas COVID para atender este tipo de urgencias mientras el Ministerio de Salud puede en pocos d\u00edas habilitar 100 camas COVID en el hospital MINSA de Pacasmayo.<\/span><\/p>\n<p style=\"text-align: justify;\"><span style=\"font-size: 12.16px;\">Por \u00faltimo el Alcalde de Pacasmayo Cesar Milla Manay expres\u00f3 que el presidente de la Rep\u00fablica Mart\u00edn Vizcarra y sus Ministros son responsables de tomar la desici\u00f3n de habilitar el hospital MINSA de Pacasmayo para atender los pacientes del COVID-19.<\/span><\/p>\n<p style=\"text-align: justify;\"><span style=\"font-size: 12.16px;\">Queremos la solidaridad del Gobierno con Pacasmayo, construyeron un hospital moderno, que no lo habilitan y tampoco lo equipan, creando una profunda preocupaci\u00f3n en m\u00e1s de 100 mil habitantes que no entienden estas inexplicables razones en momentos en que el virus amenaza a toda la poblaci\u00f3n.<\/span><\/p>\n<p style=\"text-align: justify;\"><span style=\"font-size: 12.16px;\"><img decoding=\"async\" src=\"images\/stories\/20\/05\/110520\/mvizacarra-apacasmayo-hospital.jpg\" border=\"0\" \/><br \/><\/span><\/p>\n<p style=\"text-align: justify;\">\u00a0<\/p>\n<p style=\"text-align: justify;\">\u00a0<\/p>\n","protected":false},"excerpt":{"rendered":"<p>(Aeronoticias) El Dr. Cesar Milla Manay, Alcalde Distrital de Pacasmayo, se dirigi\u00f3 al Presidente de la Rep\u00fablica Mart\u00edn Vizacarra y le solicit\u00f3 que habilite inmediatamente el Hospital de Pacasmayo que fue culminado en Diciembre del 2019 con C\u00f3digo SNIP 326206, con un presupuesto p\u00fablico del MEF asignado de 71 millones 179 mil 688 soles. Requerimos [&hellip;]<\/p>\n","protected":false},"author":1,"featured_media":0,"comment_status":"open","ping_status":"open","sticky":false,"template":"","format":"standard","meta":{"tdm_status":"","tdm_grid_status":"","footnotes":""},"categories":[36],"tags":[],"class_list":{"0":"post-59805","1":"post","2":"type-post","3":"status-publish","4":"format-standard","6":"category-politica"},"yoast_head":"<!-- This site is optimized with the Yoast SEO plugin v25.1 - https:\/\/yoast.com\/wordpress\/plugins\/seo\/ -->\n<title>Alcalde pide al Presidente Mart\u00edn Vizcarra habilitar el hospital MINSA de Pacasmayo<\/title>\n<meta name=\"description\" content=\"Portal de noticias del Per\u00fa sobre el transporte a\u00e9reo, aviaci\u00f3n, turismo, hoteleria, actualidad.\" \/>\n<meta name=\"robots\" content=\"index, follow, max-snippet:-1, max-image-preview:large, max-video-preview:-1\" \/>\n<link rel=\"canonical\" href=\"https:\/\/aeronoticias.com.pe\/noticiero\/politica\/alcalde-pide-al-presidente-martin-vizcarra-habilitar-el-hospital-minsa-de-pacasmayo\/\" \/>\n<meta property=\"og:locale\" content=\"es_ES\" \/>\n<meta property=\"og:type\" content=\"article\" \/>\n<meta property=\"og:title\" content=\"Alcalde pide al Presidente Mart\u00edn Vizcarra habilitar el hospital MINSA de Pacasmayo\" \/>\n<meta property=\"og:description\" content=\"Portal de noticias del Per\u00fa sobre el transporte a\u00e9reo, aviaci\u00f3n, turismo, hoteleria, actualidad.\" \/>\n<meta property=\"og:url\" content=\"https:\/\/aeronoticias.com.pe\/noticiero\/politica\/alcalde-pide-al-presidente-martin-vizcarra-habilitar-el-hospital-minsa-de-pacasmayo\/\" \/>\n<meta property=\"og:site_name\" content=\"Aeronoticias.com.pe\" \/>\n<meta property=\"article:publisher\" content=\"https:\/\/www.facebook.com\/Aeronoticias.com.pe\/\" \/>\n<meta property=\"article:published_time\" content=\"2020-05-11T17:36:41+00:00\" \/>\n<meta name=\"author\" content=\"Redacci\u00f3n Aeronoticias\" \/>\n<meta name=\"twitter:card\" content=\"summary_large_image\" \/>\n<meta name=\"twitter:creator\" content=\"@aeronoticias\" \/>\n<meta name=\"twitter:site\" content=\"@aeronoticias\" \/>\n<meta name=\"twitter:label1\" content=\"Escrito por\" \/>\n\t<meta name=\"twitter:data1\" content=\"Redacci\u00f3n Aeronoticias\" \/>\n\t<meta name=\"twitter:label2\" content=\"Tiempo de lectura\" \/>\n\t<meta name=\"twitter:data2\" content=\"1 minuto\" \/>\n<script type=\"application\/ld+json\" class=\"yoast-schema-graph\">{\"@context\":\"https:\/\/schema.org\",\"@graph\":[{\"@type\":\"WebPage\",\"@id\":\"https:\/\/aeronoticias.com.pe\/noticiero\/politica\/alcalde-pide-al-presidente-martin-vizcarra-habilitar-el-hospital-minsa-de-pacasmayo\/\",\"url\":\"https:\/\/aeronoticias.com.pe\/noticiero\/politica\/alcalde-pide-al-presidente-martin-vizcarra-habilitar-el-hospital-minsa-de-pacasmayo\/\",\"name\":\"Alcalde pide al Presidente Mart\u00edn Vizcarra habilitar el hospital MINSA de Pacasmayo\",\"isPartOf\":{\"@id\":\"https:\/\/aeronoticias.com.pe\/noticiero\/#website\"},\"datePublished\":\"2020-05-11T17:36:41+00:00\",\"author\":{\"@id\":\"https:\/\/aeronoticias.com.pe\/noticiero\/#\/schema\/person\/fc1e5d578f4b62ba1cf7ac2bba1170a0\"},\"description\":\"Portal de noticias del Per\u00fa sobre el transporte a\u00e9reo, aviaci\u00f3n, turismo, hoteleria, actualidad.\",\"breadcrumb\":{\"@id\":\"https:\/\/aeronoticias.com.pe\/noticiero\/politica\/alcalde-pide-al-presidente-martin-vizcarra-habilitar-el-hospital-minsa-de-pacasmayo\/#breadcrumb\"},\"inLanguage\":\"es\",\"potentialAction\":[{\"@type\":\"ReadAction\",\"target\":[\"https:\/\/aeronoticias.com.pe\/noticiero\/politica\/alcalde-pide-al-presidente-martin-vizcarra-habilitar-el-hospital-minsa-de-pacasmayo\/\"]}]},{\"@type\":\"BreadcrumbList\",\"@id\":\"https:\/\/aeronoticias.com.pe\/noticiero\/politica\/alcalde-pide-al-presidente-martin-vizcarra-habilitar-el-hospital-minsa-de-pacasmayo\/#breadcrumb\",\"itemListElement\":[{\"@type\":\"ListItem\",\"position\":1,\"name\":\"Portada\",\"item\":\"https:\/\/aeronoticias.com.pe\/noticiero\/\"},{\"@type\":\"ListItem\",\"position\":2,\"name\":\"Alcalde pide al Presidente Mart\u00edn Vizcarra habilitar el hospital MINSA de Pacasmayo\"}]},{\"@type\":\"WebSite\",\"@id\":\"https:\/\/aeronoticias.com.pe\/noticiero\/#website\",\"url\":\"https:\/\/aeronoticias.com.pe\/noticiero\/\",\"name\":\"Aeronoticias.com.pe\",\"description\":\"Noticias de tranporte aereo, turismo, hoteles, gastronomia, actualidad, internacional\",\"potentialAction\":[{\"@type\":\"SearchAction\",\"target\":{\"@type\":\"EntryPoint\",\"urlTemplate\":\"https:\/\/aeronoticias.com.pe\/noticiero\/?s={search_term_string}\"},\"query-input\":{\"@type\":\"PropertyValueSpecification\",\"valueRequired\":true,\"valueName\":\"search_term_string\"}}],\"inLanguage\":\"es\"},{\"@type\":\"Person\",\"@id\":\"https:\/\/aeronoticias.com.pe\/noticiero\/#\/schema\/person\/fc1e5d578f4b62ba1cf7ac2bba1170a0\",\"name\":\"Redacci\u00f3n Aeronoticias\",\"url\":\"https:\/\/aeronoticias.com.pe\/noticiero\/author\/piloto\/\"}]}<\/script>\n<!-- \/ Yoast SEO plugin. -->","yoast_head_json":{"title":"Alcalde pide al Presidente Mart\u00edn Vizcarra habilitar el hospital MINSA de Pacasmayo","description":"Portal de noticias del Per\u00fa sobre el transporte a\u00e9reo, aviaci\u00f3n, turismo, hoteleria, actualidad.","robots":{"index":"index","follow":"follow","max-snippet":"max-snippet:-1","max-image-preview":"max-image-preview:large","max-video-preview":"max-video-preview:-1"},"canonical":"https:\/\/aeronoticias.com.pe\/noticiero\/politica\/alcalde-pide-al-presidente-martin-vizcarra-habilitar-el-hospital-minsa-de-pacasmayo\/","og_locale":"es_ES","og_type":"article","og_title":"Alcalde pide al Presidente Mart\u00edn Vizcarra habilitar el hospital MINSA de Pacasmayo","og_description":"Portal de noticias del Per\u00fa sobre el transporte a\u00e9reo, aviaci\u00f3n, turismo, hoteleria, actualidad.","og_url":"https:\/\/aeronoticias.com.pe\/noticiero\/politica\/alcalde-pide-al-presidente-martin-vizcarra-habilitar-el-hospital-minsa-de-pacasmayo\/","og_site_name":"Aeronoticias.com.pe","article_publisher":"https:\/\/www.facebook.com\/Aeronoticias.com.pe\/","article_published_time":"2020-05-11T17:36:41+00:00","author":"Redacci\u00f3n Aeronoticias","twitter_card":"summary_large_image","twitter_creator":"@aeronoticias","twitter_site":"@aeronoticias","twitter_misc":{"Escrito por":"Redacci\u00f3n Aeronoticias","Tiempo de lectura":"1 minuto"},"schema":{"@context":"https:\/\/schema.org","@graph":[{"@type":"WebPage","@id":"https:\/\/aeronoticias.com.pe\/noticiero\/politica\/alcalde-pide-al-presidente-martin-vizcarra-habilitar-el-hospital-minsa-de-pacasmayo\/","url":"https:\/\/aeronoticias.com.pe\/noticiero\/politica\/alcalde-pide-al-presidente-martin-vizcarra-habilitar-el-hospital-minsa-de-pacasmayo\/","name":"Alcalde pide al Presidente Mart\u00edn Vizcarra habilitar el hospital MINSA de Pacasmayo","isPartOf":{"@id":"https:\/\/aeronoticias.com.pe\/noticiero\/#website"},"datePublished":"2020-05-11T17:36:41+00:00","author":{"@id":"https:\/\/aeronoticias.com.pe\/noticiero\/#\/schema\/person\/fc1e5d578f4b62ba1cf7ac2bba1170a0"},"description":"Portal de noticias del Per\u00fa sobre el transporte a\u00e9reo, aviaci\u00f3n, turismo, hoteleria, actualidad.","breadcrumb":{"@id":"https:\/\/aeronoticias.com.pe\/noticiero\/politica\/alcalde-pide-al-presidente-martin-vizcarra-habilitar-el-hospital-minsa-de-pacasmayo\/#breadcrumb"},"inLanguage":"es","potentialAction":[{"@type":"ReadAction","target":["https:\/\/aeronoticias.com.pe\/noticiero\/politica\/alcalde-pide-al-presidente-martin-vizcarra-habilitar-el-hospital-minsa-de-pacasmayo\/"]}]},{"@type":"BreadcrumbList","@id":"https:\/\/aeronoticias.com.pe\/noticiero\/politica\/alcalde-pide-al-presidente-martin-vizcarra-habilitar-el-hospital-minsa-de-pacasmayo\/#breadcrumb","itemListElement":[{"@type":"ListItem","position":1,"name":"Portada","item":"https:\/\/aeronoticias.com.pe\/noticiero\/"},{"@type":"ListItem","position":2,"name":"Alcalde pide al Presidente Mart\u00edn Vizcarra habilitar el hospital MINSA de Pacasmayo"}]},{"@type":"WebSite","@id":"https:\/\/aeronoticias.com.pe\/noticiero\/#website","url":"https:\/\/aeronoticias.com.pe\/noticiero\/","name":"Aeronoticias.com.pe","description":"Noticias de tranporte aereo, turismo, hoteles, gastronomia, actualidad, internacional","potentialAction":[{"@type":"SearchAction","target":{"@type":"EntryPoint","urlTemplate":"https:\/\/aeronoticias.com.pe\/noticiero\/?s={search_term_string}"},"query-input":{"@type":"PropertyValueSpecification","valueRequired":true,"valueName":"search_term_string"}}],"inLanguage":"es"},{"@type":"Person","@id":"https:\/\/aeronoticias.com.pe\/noticiero\/#\/schema\/person\/fc1e5d578f4b62ba1cf7ac2bba1170a0","name":"Redacci\u00f3n Aeronoticias","url":"https:\/\/aeronoticias.com.pe\/noticiero\/author\/piloto\/"}]}},"_links":{"self":[{"href":"https:\/\/aeronoticias.com.pe\/noticiero\/wp-json\/wp\/v2\/posts\/59805","targetHints":{"allow":["GET"]}}],"collection":[{"href":"https:\/\/aeronoticias.com.pe\/noticiero\/wp-json\/wp\/v2\/posts"}],"about":[{"href":"https:\/\/aeronoticias.com.pe\/noticiero\/wp-json\/wp\/v2\/types\/post"}],"author":[{"embeddable":true,"href":"https:\/\/aeronoticias.com.pe\/noticiero\/wp-json\/wp\/v2\/users\/1"}],"replies":[{"embeddable":true,"href":"https:\/\/aeronoticias.com.pe\/noticiero\/wp-json\/wp\/v2\/comments?post=59805"}],"version-history":[{"count":0,"href":"https:\/\/aeronoticias.com.pe\/noticiero\/wp-json\/wp\/v2\/posts\/59805\/revisions"}],"wp:attachment":[{"href":"https:\/\/aeronoticias.com.pe\/noticiero\/wp-json\/wp\/v2\/media?parent=59805"}],"wp:term":[{"taxonomy":"category","embeddable":true,"href":"https:\/\/aeronoticias.com.pe\/noticiero\/wp-json\/wp\/v2\/categories?post=59805"},{"taxonomy":"post_tag","embeddable":true,"href":"https:\/\/aeronoticias.com.pe\/noticiero\/wp-json\/wp\/v2\/tags?post=59805"}],"curies":[{"name":"wp","href":"https:\/\/api.w.org\/{rel}","templated":true}]}}