{"id":59806,"date":"2020-05-11T17:46:55","date_gmt":"2020-05-11T17:46:55","guid":{"rendered":"http:\/\/desarrollo.mcvicious.com\/aero2020\/2020\/05\/11\/avianca-la-segunda-aerolinea-mas-antigua-del-mundo-se-declara-en-quiebra-debido-a-la-pandemia-de-coronavirus\/"},"modified":"2020-05-11T17:46:55","modified_gmt":"2020-05-11T17:46:55","slug":"avianca-la-segunda-aerolinea-mas-antigua-del-mundo-se-declara-en-quiebra-debido-a-la-pandemia-de-coronavirus","status":"publish","type":"post","link":"https:\/\/aeronoticias.com.pe\/noticiero\/ultimas\/1\/avianca-la-segunda-aerolinea-mas-antigua-del-mundo-se-declara-en-quiebra-debido-a-la-pandemia-de-coronavirus\/","title":{"rendered":"Avianca, la segunda aerol\u00ednea m\u00e1s antigua del mundo, se declara en quiebra debido a la pandemia de coronavirus"},"content":{"rendered":"<p style=\"text-align: justify;\"><strong>(Aeronoticias).- <\/strong>Avianca Holdings, aerol\u00ednea con sede en Colombia, se acogi\u00f3 el domingo al cap\u00edtulo 11 del c\u00f3digo de bancarrota en el Distrito Sur de de Nueva York en Estados Unidos. La \u201cpetici\u00f3n voluntaria\u201d se present\u00f3 como resultado del \u201cimpacto imprevisible de la pandemia de covid-19\u201d, seg\u00fan un comunicado publicado en su sitio web el domingo por la tarde.<\/p>\n<p style=\"text-align: justify;\">El 88% de los pa\u00edses en los que Avianca opera actualmente est\u00e1n bajo restricciones de viaje totales o parciales, seg\u00fan informaci\u00f3n adicional en el sitio web de la aerol\u00ednea. La decisi\u00f3n de declararse en quiebra se tom\u00f3 con la intenci\u00f3n de \u201cproteger y preservar las operaciones\u201d durante la pandemia. Seg\u00fan el comunicado de prensa, Avianca emplea directamente a 21.000 personas en toda Am\u00e9rica Latina.<\/p>\n<p style=\"text-align: justify;\">\u201cAvianca se enfrenta a la crisis m\u00e1s desafiante en nuestra historia de 100 a\u00f1os mientras navegamos por los efectos de la pandemia de covid-19\u201d, dijo Anko van der Werff, director Ejecutivo de Avianca. \u201cCreemos que una reorganizaci\u00f3n bajo el Cap\u00edtulo 11 es el mejor camino para proteger los servicios esenciales de viajes a\u00e9reos y transporte a\u00e9reo que brindamos en Colombia y otros mercados de Am\u00e9rica Latina\u201d.<\/p>\n<p style=\"text-align: justify;\">De acuerdo con Van der Werff, Avianca es la segunda aerol\u00ednea de funcionamiento continuo m\u00e1s antigua del mundo.<\/p>\n<p style=\"text-align: justify;\">Fuente: CNN<\/p>\n<p style=\"text-align: justify;\">\u00a0<\/p>\n<p style=\"text-align: justify;\"><img decoding=\"async\" src=\"images\/stories\/630038_1.jpg\" border=\"0\" \/><\/p>\n","protected":false},"excerpt":{"rendered":"<p>(Aeronoticias).- Avianca Holdings, aerol\u00ednea con sede en Colombia, se acogi\u00f3 el domingo al cap\u00edtulo 11 del c\u00f3digo de bancarrota en el Distrito Sur de de Nueva York en Estados Unidos. La \u201cpetici\u00f3n voluntaria\u201d se present\u00f3 como resultado del \u201cimpacto imprevisible de la pandemia de covid-19\u201d, seg\u00fan un comunicado publicado en su sitio web el domingo [&hellip;]<\/p>\n","protected":false},"author":1,"featured_media":0,"comment_status":"open","ping_status":"open","sticky":false,"template":"","format":"standard","meta":{"tdm_status":"","tdm_grid_status":"","footnotes":""},"categories":[30],"tags":[],"class_list":{"0":"post-59806","1":"post","2":"type-post","3":"status-publish","4":"format-standard","6":"category-30"},"yoast_head":"<!-- This site is optimized with the Yoast SEO plugin v25.1 - https:\/\/yoast.com\/wordpress\/plugins\/seo\/ -->\n<title>Avianca, la segunda aerol\u00ednea m\u00e1s antigua del mundo, se declara en quiebra debido a la pandemia de coronavirus<\/title>\n<meta name=\"description\" content=\"Portal de noticias del Per\u00fa sobre el transporte a\u00e9reo, aviaci\u00f3n, turismo, hoteleria, actualidad.\" \/>\n<meta name=\"robots\" content=\"index, follow, max-snippet:-1, max-image-preview:large, max-video-preview:-1\" \/>\n<link rel=\"canonical\" href=\"https:\/\/aeronoticias.com.pe\/noticiero\/ultimas\/1\/avianca-la-segunda-aerolinea-mas-antigua-del-mundo-se-declara-en-quiebra-debido-a-la-pandemia-de-coronavirus\/\" \/>\n<meta property=\"og:locale\" content=\"es_ES\" \/>\n<meta property=\"og:type\" content=\"article\" \/>\n<meta property=\"og:title\" content=\"Avianca, la segunda aerol\u00ednea m\u00e1s antigua del mundo, se declara en quiebra debido a la pandemia de coronavirus\" \/>\n<meta property=\"og:description\" content=\"Portal de noticias del Per\u00fa sobre el transporte a\u00e9reo, aviaci\u00f3n, turismo, hoteleria, actualidad.\" \/>\n<meta property=\"og:url\" content=\"https:\/\/aeronoticias.com.pe\/noticiero\/ultimas\/1\/avianca-la-segunda-aerolinea-mas-antigua-del-mundo-se-declara-en-quiebra-debido-a-la-pandemia-de-coronavirus\/\" \/>\n<meta property=\"og:site_name\" content=\"Aeronoticias.com.pe\" \/>\n<meta property=\"article:publisher\" content=\"https:\/\/www.facebook.com\/Aeronoticias.com.pe\/\" \/>\n<meta property=\"article:published_time\" content=\"2020-05-11T17:46:55+00:00\" \/>\n<meta name=\"author\" content=\"Redacci\u00f3n Aeronoticias\" \/>\n<meta name=\"twitter:card\" content=\"summary_large_image\" \/>\n<meta name=\"twitter:creator\" content=\"@aeronoticias\" \/>\n<meta name=\"twitter:site\" content=\"@aeronoticias\" \/>\n<meta name=\"twitter:label1\" content=\"Escrito por\" \/>\n\t<meta name=\"twitter:data1\" content=\"Redacci\u00f3n Aeronoticias\" \/>\n\t<meta name=\"twitter:label2\" content=\"Tiempo de lectura\" \/>\n\t<meta name=\"twitter:data2\" content=\"1 minuto\" \/>\n<script type=\"application\/ld+json\" class=\"yoast-schema-graph\">{\"@context\":\"https:\/\/schema.org\",\"@graph\":[{\"@type\":\"WebPage\",\"@id\":\"https:\/\/aeronoticias.com.pe\/noticiero\/ultimas\/1\/avianca-la-segunda-aerolinea-mas-antigua-del-mundo-se-declara-en-quiebra-debido-a-la-pandemia-de-coronavirus\/\",\"url\":\"https:\/\/aeronoticias.com.pe\/noticiero\/ultimas\/1\/avianca-la-segunda-aerolinea-mas-antigua-del-mundo-se-declara-en-quiebra-debido-a-la-pandemia-de-coronavirus\/\",\"name\":\"Avianca, la segunda aerol\u00ednea m\u00e1s antigua del mundo, se declara en quiebra debido a la pandemia de coronavirus\",\"isPartOf\":{\"@id\":\"https:\/\/aeronoticias.com.pe\/noticiero\/#website\"},\"datePublished\":\"2020-05-11T17:46:55+00:00\",\"author\":{\"@id\":\"https:\/\/aeronoticias.com.pe\/noticiero\/#\/schema\/person\/fc1e5d578f4b62ba1cf7ac2bba1170a0\"},\"description\":\"Portal de noticias del Per\u00fa sobre el transporte a\u00e9reo, aviaci\u00f3n, turismo, hoteleria, actualidad.\",\"breadcrumb\":{\"@id\":\"https:\/\/aeronoticias.com.pe\/noticiero\/ultimas\/1\/avianca-la-segunda-aerolinea-mas-antigua-del-mundo-se-declara-en-quiebra-debido-a-la-pandemia-de-coronavirus\/#breadcrumb\"},\"inLanguage\":\"es\",\"potentialAction\":[{\"@type\":\"ReadAction\",\"target\":[\"https:\/\/aeronoticias.com.pe\/noticiero\/ultimas\/1\/avianca-la-segunda-aerolinea-mas-antigua-del-mundo-se-declara-en-quiebra-debido-a-la-pandemia-de-coronavirus\/\"]}]},{\"@type\":\"BreadcrumbList\",\"@id\":\"https:\/\/aeronoticias.com.pe\/noticiero\/ultimas\/1\/avianca-la-segunda-aerolinea-mas-antigua-del-mundo-se-declara-en-quiebra-debido-a-la-pandemia-de-coronavirus\/#breadcrumb\",\"itemListElement\":[{\"@type\":\"ListItem\",\"position\":1,\"name\":\"Portada\",\"item\":\"https:\/\/aeronoticias.com.pe\/noticiero\/\"},{\"@type\":\"ListItem\",\"position\":2,\"name\":\"Avianca, la segunda aerol\u00ednea m\u00e1s antigua del mundo, se declara en quiebra debido a la pandemia de coronavirus\"}]},{\"@type\":\"WebSite\",\"@id\":\"https:\/\/aeronoticias.com.pe\/noticiero\/#website\",\"url\":\"https:\/\/aeronoticias.com.pe\/noticiero\/\",\"name\":\"Aeronoticias.com.pe\",\"description\":\"Noticias de tranporte aereo, turismo, hoteles, gastronomia, actualidad, internacional\",\"potentialAction\":[{\"@type\":\"SearchAction\",\"target\":{\"@type\":\"EntryPoint\",\"urlTemplate\":\"https:\/\/aeronoticias.com.pe\/noticiero\/?s={search_term_string}\"},\"query-input\":{\"@type\":\"PropertyValueSpecification\",\"valueRequired\":true,\"valueName\":\"search_term_string\"}}],\"inLanguage\":\"es\"},{\"@type\":\"Person\",\"@id\":\"https:\/\/aeronoticias.com.pe\/noticiero\/#\/schema\/person\/fc1e5d578f4b62ba1cf7ac2bba1170a0\",\"name\":\"Redacci\u00f3n Aeronoticias\",\"url\":\"https:\/\/aeronoticias.com.pe\/noticiero\/author\/piloto\/\"}]}<\/script>\n<!-- \/ Yoast SEO plugin. -->","yoast_head_json":{"title":"Avianca, la segunda aerol\u00ednea m\u00e1s antigua del mundo, se declara en quiebra debido a la pandemia de coronavirus","description":"Portal de noticias del Per\u00fa sobre el transporte a\u00e9reo, aviaci\u00f3n, turismo, hoteleria, actualidad.","robots":{"index":"index","follow":"follow","max-snippet":"max-snippet:-1","max-image-preview":"max-image-preview:large","max-video-preview":"max-video-preview:-1"},"canonical":"https:\/\/aeronoticias.com.pe\/noticiero\/ultimas\/1\/avianca-la-segunda-aerolinea-mas-antigua-del-mundo-se-declara-en-quiebra-debido-a-la-pandemia-de-coronavirus\/","og_locale":"es_ES","og_type":"article","og_title":"Avianca, la segunda aerol\u00ednea m\u00e1s antigua del mundo, se declara en quiebra debido a la pandemia de coronavirus","og_description":"Portal de noticias del Per\u00fa sobre el transporte a\u00e9reo, aviaci\u00f3n, turismo, hoteleria, actualidad.","og_url":"https:\/\/aeronoticias.com.pe\/noticiero\/ultimas\/1\/avianca-la-segunda-aerolinea-mas-antigua-del-mundo-se-declara-en-quiebra-debido-a-la-pandemia-de-coronavirus\/","og_site_name":"Aeronoticias.com.pe","article_publisher":"https:\/\/www.facebook.com\/Aeronoticias.com.pe\/","article_published_time":"2020-05-11T17:46:55+00:00","author":"Redacci\u00f3n Aeronoticias","twitter_card":"summary_large_image","twitter_creator":"@aeronoticias","twitter_site":"@aeronoticias","twitter_misc":{"Escrito por":"Redacci\u00f3n Aeronoticias","Tiempo de lectura":"1 minuto"},"schema":{"@context":"https:\/\/schema.org","@graph":[{"@type":"WebPage","@id":"https:\/\/aeronoticias.com.pe\/noticiero\/ultimas\/1\/avianca-la-segunda-aerolinea-mas-antigua-del-mundo-se-declara-en-quiebra-debido-a-la-pandemia-de-coronavirus\/","url":"https:\/\/aeronoticias.com.pe\/noticiero\/ultimas\/1\/avianca-la-segunda-aerolinea-mas-antigua-del-mundo-se-declara-en-quiebra-debido-a-la-pandemia-de-coronavirus\/","name":"Avianca, la segunda aerol\u00ednea m\u00e1s antigua del mundo, se declara en quiebra debido a la pandemia de coronavirus","isPartOf":{"@id":"https:\/\/aeronoticias.com.pe\/noticiero\/#website"},"datePublished":"2020-05-11T17:46:55+00:00","author":{"@id":"https:\/\/aeronoticias.com.pe\/noticiero\/#\/schema\/person\/fc1e5d578f4b62ba1cf7ac2bba1170a0"},"description":"Portal de noticias del Per\u00fa sobre el transporte a\u00e9reo, aviaci\u00f3n, turismo, hoteleria, actualidad.","breadcrumb":{"@id":"https:\/\/aeronoticias.com.pe\/noticiero\/ultimas\/1\/avianca-la-segunda-aerolinea-mas-antigua-del-mundo-se-declara-en-quiebra-debido-a-la-pandemia-de-coronavirus\/#breadcrumb"},"inLanguage":"es","potentialAction":[{"@type":"ReadAction","target":["https:\/\/aeronoticias.com.pe\/noticiero\/ultimas\/1\/avianca-la-segunda-aerolinea-mas-antigua-del-mundo-se-declara-en-quiebra-debido-a-la-pandemia-de-coronavirus\/"]}]},{"@type":"BreadcrumbList","@id":"https:\/\/aeronoticias.com.pe\/noticiero\/ultimas\/1\/avianca-la-segunda-aerolinea-mas-antigua-del-mundo-se-declara-en-quiebra-debido-a-la-pandemia-de-coronavirus\/#breadcrumb","itemListElement":[{"@type":"ListItem","position":1,"name":"Portada","item":"https:\/\/aeronoticias.com.pe\/noticiero\/"},{"@type":"ListItem","position":2,"name":"Avianca, la segunda aerol\u00ednea m\u00e1s antigua del mundo, se declara en quiebra debido a la pandemia de coronavirus"}]},{"@type":"WebSite","@id":"https:\/\/aeronoticias.com.pe\/noticiero\/#website","url":"https:\/\/aeronoticias.com.pe\/noticiero\/","name":"Aeronoticias.com.pe","description":"Noticias de tranporte aereo, turismo, hoteles, gastronomia, actualidad, internacional","potentialAction":[{"@type":"SearchAction","target":{"@type":"EntryPoint","urlTemplate":"https:\/\/aeronoticias.com.pe\/noticiero\/?s={search_term_string}"},"query-input":{"@type":"PropertyValueSpecification","valueRequired":true,"valueName":"search_term_string"}}],"inLanguage":"es"},{"@type":"Person","@id":"https:\/\/aeronoticias.com.pe\/noticiero\/#\/schema\/person\/fc1e5d578f4b62ba1cf7ac2bba1170a0","name":"Redacci\u00f3n Aeronoticias","url":"https:\/\/aeronoticias.com.pe\/noticiero\/author\/piloto\/"}]}},"_links":{"self":[{"href":"https:\/\/aeronoticias.com.pe\/noticiero\/wp-json\/wp\/v2\/posts\/59806","targetHints":{"allow":["GET"]}}],"collection":[{"href":"https:\/\/aeronoticias.com.pe\/noticiero\/wp-json\/wp\/v2\/posts"}],"about":[{"href":"https:\/\/aeronoticias.com.pe\/noticiero\/wp-json\/wp\/v2\/types\/post"}],"author":[{"embeddable":true,"href":"https:\/\/aeronoticias.com.pe\/noticiero\/wp-json\/wp\/v2\/users\/1"}],"replies":[{"embeddable":true,"href":"https:\/\/aeronoticias.com.pe\/noticiero\/wp-json\/wp\/v2\/comments?post=59806"}],"version-history":[{"count":0,"href":"https:\/\/aeronoticias.com.pe\/noticiero\/wp-json\/wp\/v2\/posts\/59806\/revisions"}],"wp:attachment":[{"href":"https:\/\/aeronoticias.com.pe\/noticiero\/wp-json\/wp\/v2\/media?parent=59806"}],"wp:term":[{"taxonomy":"category","embeddable":true,"href":"https:\/\/aeronoticias.com.pe\/noticiero\/wp-json\/wp\/v2\/categories?post=59806"},{"taxonomy":"post_tag","embeddable":true,"href":"https:\/\/aeronoticias.com.pe\/noticiero\/wp-json\/wp\/v2\/tags?post=59806"}],"curies":[{"name":"wp","href":"https:\/\/api.w.org\/{rel}","templated":true}]}}