{"id":59808,"date":"2020-05-11T18:04:12","date_gmt":"2020-05-11T18:04:12","guid":{"rendered":"http:\/\/desarrollo.mcvicious.com\/aero2020\/2020\/05\/11\/los-casos-de-coronavirus-aumentaron-durante-el-fin-de-semana-en-algunos-paises-donde-se-levantaron-las-restricciones-dice-la-oms\/"},"modified":"2020-05-11T18:04:12","modified_gmt":"2020-05-11T18:04:12","slug":"los-casos-de-coronavirus-aumentaron-durante-el-fin-de-semana-en-algunos-paises-donde-se-levantaron-las-restricciones-dice-la-oms","status":"publish","type":"post","link":"https:\/\/aeronoticias.com.pe\/noticiero\/salud\/los-casos-de-coronavirus-aumentaron-durante-el-fin-de-semana-en-algunos-paises-donde-se-levantaron-las-restricciones-dice-la-oms\/","title":{"rendered":"Los casos de coronavirus aumentaron durante el fin de semana en algunos pa\u00edses donde se levantaron las restricciones, dice la OMS"},"content":{"rendered":"<p style=\"text-align: justify;\"><strong>(Aeronoticias).- <\/strong>El director general de la Organizaci\u00f3n Mundial de la Salud (OMS), Tedros Adhanom Ghebreyesus, dijo este lunes durante una conferencia de prensa en Ginebra que hubo una oleada de casos de coronavirus durante el fin de semana en algunas de las naciones del mundo donde se levantaron las medidas de confinamiento obligatorio y otras restricciones, dijo.<\/p>\n<p style=\"text-align: justify;\">\u201cDurante el fin de semana vimos se\u00f1ales de los desaf\u00edos que pueden presentarse. En la Rep\u00fablica de Corea, los bares y clubes se cerraron porque un caso confirmado llev\u00f3 al rastreo de muchos contactos\u201d, dijo Tedros.<\/p>\n<p style=\"text-align: justify;\">\u201cEn Wuhan, China, se identific\u00f3 el primer grupo de casos desde que se levant\u00f3 su confinamiento\u201d, dijo Tedros. \u201cAlemania tambi\u00e9n ha informado un aumento en los casos desde que se redujeron las restricciones. Afortunadamente, los tres pa\u00edses tienen sistemas para detectar y responder a un resurgimiento de los casos\u201d.<\/p>\n<p style=\"text-align: justify;\">Tedros agreg\u00f3 que la OMS ha publicado gu\u00edas y seis criterios para que los pa\u00edses los consideren antes de levantar las medidas de confinamiento.<\/p>\n<p style=\"text-align: justify;\">La OMS est\u00e1 trabajando en estrecha colaboraci\u00f3n con los gobiernos para garantizar que las medidas clave de salud p\u00fablica se mantengan vigentes para enfrentar el desaf\u00edo de levantar el confinamiento\u201d, dijo Tedros. \u201cHasta que haya una vacuna, el paquete integral de medidas es nuestro conjunto m\u00e1s eficaz de herramientas para abordar\u201d.<\/p>\n<p style=\"text-align: justify;\">\u00a0<\/p>\n<p style=\"text-align: justify;\">Fuente: CNN<\/p>\n<p style=\"text-align: justify;\">\u00a0<\/p>\n<p style=\"text-align: justify;\"><img decoding=\"async\" src=\"images\/stories\/coronavirus-enfermedades_infecciosas-infecciones-salud_472714982_147535226_1024x576.jpg\" border=\"0\" \/><\/p>\n","protected":false},"excerpt":{"rendered":"<p>(Aeronoticias).- El director general de la Organizaci\u00f3n Mundial de la Salud (OMS), Tedros Adhanom Ghebreyesus, dijo este lunes durante una conferencia de prensa en Ginebra que hubo una oleada de casos de coronavirus durante el fin de semana en algunas de las naciones del mundo donde se levantaron las medidas de confinamiento obligatorio y otras [&hellip;]<\/p>\n","protected":false},"author":1,"featured_media":0,"comment_status":"open","ping_status":"open","sticky":false,"template":"","format":"standard","meta":{"tdm_status":"","tdm_grid_status":"","footnotes":""},"categories":[37],"tags":[],"class_list":{"0":"post-59808","1":"post","2":"type-post","3":"status-publish","4":"format-standard","6":"category-salud"},"yoast_head":"<!-- This site is optimized with the Yoast SEO plugin v25.1 - https:\/\/yoast.com\/wordpress\/plugins\/seo\/ -->\n<title>Los casos de coronavirus aumentaron durante el fin de semana en algunos pa\u00edses donde se levantaron las restricciones, dice la OMS<\/title>\n<meta name=\"description\" content=\"Portal de noticias del Per\u00fa sobre el transporte a\u00e9reo, aviaci\u00f3n, turismo, hoteleria, actualidad.\" \/>\n<meta name=\"robots\" content=\"index, follow, max-snippet:-1, max-image-preview:large, max-video-preview:-1\" \/>\n<link rel=\"canonical\" href=\"https:\/\/aeronoticias.com.pe\/noticiero\/salud\/los-casos-de-coronavirus-aumentaron-durante-el-fin-de-semana-en-algunos-paises-donde-se-levantaron-las-restricciones-dice-la-oms\/\" \/>\n<meta property=\"og:locale\" content=\"es_ES\" \/>\n<meta property=\"og:type\" content=\"article\" \/>\n<meta property=\"og:title\" content=\"Los casos de coronavirus aumentaron durante el fin de semana en algunos pa\u00edses donde se levantaron las restricciones, dice la OMS\" \/>\n<meta property=\"og:description\" content=\"Portal de noticias del Per\u00fa sobre el transporte a\u00e9reo, aviaci\u00f3n, turismo, hoteleria, actualidad.\" \/>\n<meta property=\"og:url\" content=\"https:\/\/aeronoticias.com.pe\/noticiero\/salud\/los-casos-de-coronavirus-aumentaron-durante-el-fin-de-semana-en-algunos-paises-donde-se-levantaron-las-restricciones-dice-la-oms\/\" \/>\n<meta property=\"og:site_name\" content=\"Aeronoticias.com.pe\" \/>\n<meta property=\"article:publisher\" content=\"https:\/\/www.facebook.com\/Aeronoticias.com.pe\/\" \/>\n<meta property=\"article:published_time\" content=\"2020-05-11T18:04:12+00:00\" \/>\n<meta name=\"author\" content=\"Redacci\u00f3n Aeronoticias\" \/>\n<meta name=\"twitter:card\" content=\"summary_large_image\" \/>\n<meta name=\"twitter:creator\" content=\"@aeronoticias\" \/>\n<meta name=\"twitter:site\" content=\"@aeronoticias\" \/>\n<meta name=\"twitter:label1\" content=\"Escrito por\" \/>\n\t<meta name=\"twitter:data1\" content=\"Redacci\u00f3n Aeronoticias\" \/>\n\t<meta name=\"twitter:label2\" content=\"Tiempo de lectura\" \/>\n\t<meta name=\"twitter:data2\" content=\"1 minuto\" \/>\n<script type=\"application\/ld+json\" class=\"yoast-schema-graph\">{\"@context\":\"https:\/\/schema.org\",\"@graph\":[{\"@type\":\"WebPage\",\"@id\":\"https:\/\/aeronoticias.com.pe\/noticiero\/salud\/los-casos-de-coronavirus-aumentaron-durante-el-fin-de-semana-en-algunos-paises-donde-se-levantaron-las-restricciones-dice-la-oms\/\",\"url\":\"https:\/\/aeronoticias.com.pe\/noticiero\/salud\/los-casos-de-coronavirus-aumentaron-durante-el-fin-de-semana-en-algunos-paises-donde-se-levantaron-las-restricciones-dice-la-oms\/\",\"name\":\"Los casos de coronavirus aumentaron durante el fin de semana en algunos pa\u00edses donde se levantaron las restricciones, dice la OMS\",\"isPartOf\":{\"@id\":\"https:\/\/aeronoticias.com.pe\/noticiero\/#website\"},\"datePublished\":\"2020-05-11T18:04:12+00:00\",\"author\":{\"@id\":\"https:\/\/aeronoticias.com.pe\/noticiero\/#\/schema\/person\/fc1e5d578f4b62ba1cf7ac2bba1170a0\"},\"description\":\"Portal de noticias del Per\u00fa sobre el transporte a\u00e9reo, aviaci\u00f3n, turismo, hoteleria, actualidad.\",\"breadcrumb\":{\"@id\":\"https:\/\/aeronoticias.com.pe\/noticiero\/salud\/los-casos-de-coronavirus-aumentaron-durante-el-fin-de-semana-en-algunos-paises-donde-se-levantaron-las-restricciones-dice-la-oms\/#breadcrumb\"},\"inLanguage\":\"es\",\"potentialAction\":[{\"@type\":\"ReadAction\",\"target\":[\"https:\/\/aeronoticias.com.pe\/noticiero\/salud\/los-casos-de-coronavirus-aumentaron-durante-el-fin-de-semana-en-algunos-paises-donde-se-levantaron-las-restricciones-dice-la-oms\/\"]}]},{\"@type\":\"BreadcrumbList\",\"@id\":\"https:\/\/aeronoticias.com.pe\/noticiero\/salud\/los-casos-de-coronavirus-aumentaron-durante-el-fin-de-semana-en-algunos-paises-donde-se-levantaron-las-restricciones-dice-la-oms\/#breadcrumb\",\"itemListElement\":[{\"@type\":\"ListItem\",\"position\":1,\"name\":\"Portada\",\"item\":\"https:\/\/aeronoticias.com.pe\/noticiero\/\"},{\"@type\":\"ListItem\",\"position\":2,\"name\":\"Los casos de coronavirus aumentaron durante el fin de semana en algunos pa\u00edses donde se levantaron las restricciones, dice la OMS\"}]},{\"@type\":\"WebSite\",\"@id\":\"https:\/\/aeronoticias.com.pe\/noticiero\/#website\",\"url\":\"https:\/\/aeronoticias.com.pe\/noticiero\/\",\"name\":\"Aeronoticias.com.pe\",\"description\":\"Noticias de tranporte aereo, turismo, hoteles, gastronomia, actualidad, internacional\",\"potentialAction\":[{\"@type\":\"SearchAction\",\"target\":{\"@type\":\"EntryPoint\",\"urlTemplate\":\"https:\/\/aeronoticias.com.pe\/noticiero\/?s={search_term_string}\"},\"query-input\":{\"@type\":\"PropertyValueSpecification\",\"valueRequired\":true,\"valueName\":\"search_term_string\"}}],\"inLanguage\":\"es\"},{\"@type\":\"Person\",\"@id\":\"https:\/\/aeronoticias.com.pe\/noticiero\/#\/schema\/person\/fc1e5d578f4b62ba1cf7ac2bba1170a0\",\"name\":\"Redacci\u00f3n Aeronoticias\",\"url\":\"https:\/\/aeronoticias.com.pe\/noticiero\/author\/piloto\/\"}]}<\/script>\n<!-- \/ Yoast SEO plugin. -->","yoast_head_json":{"title":"Los casos de coronavirus aumentaron durante el fin de semana en algunos pa\u00edses donde se levantaron las restricciones, dice la OMS","description":"Portal de noticias del Per\u00fa sobre el transporte a\u00e9reo, aviaci\u00f3n, turismo, hoteleria, actualidad.","robots":{"index":"index","follow":"follow","max-snippet":"max-snippet:-1","max-image-preview":"max-image-preview:large","max-video-preview":"max-video-preview:-1"},"canonical":"https:\/\/aeronoticias.com.pe\/noticiero\/salud\/los-casos-de-coronavirus-aumentaron-durante-el-fin-de-semana-en-algunos-paises-donde-se-levantaron-las-restricciones-dice-la-oms\/","og_locale":"es_ES","og_type":"article","og_title":"Los casos de coronavirus aumentaron durante el fin de semana en algunos pa\u00edses donde se levantaron las restricciones, dice la OMS","og_description":"Portal de noticias del Per\u00fa sobre el transporte a\u00e9reo, aviaci\u00f3n, turismo, hoteleria, actualidad.","og_url":"https:\/\/aeronoticias.com.pe\/noticiero\/salud\/los-casos-de-coronavirus-aumentaron-durante-el-fin-de-semana-en-algunos-paises-donde-se-levantaron-las-restricciones-dice-la-oms\/","og_site_name":"Aeronoticias.com.pe","article_publisher":"https:\/\/www.facebook.com\/Aeronoticias.com.pe\/","article_published_time":"2020-05-11T18:04:12+00:00","author":"Redacci\u00f3n Aeronoticias","twitter_card":"summary_large_image","twitter_creator":"@aeronoticias","twitter_site":"@aeronoticias","twitter_misc":{"Escrito por":"Redacci\u00f3n Aeronoticias","Tiempo de lectura":"1 minuto"},"schema":{"@context":"https:\/\/schema.org","@graph":[{"@type":"WebPage","@id":"https:\/\/aeronoticias.com.pe\/noticiero\/salud\/los-casos-de-coronavirus-aumentaron-durante-el-fin-de-semana-en-algunos-paises-donde-se-levantaron-las-restricciones-dice-la-oms\/","url":"https:\/\/aeronoticias.com.pe\/noticiero\/salud\/los-casos-de-coronavirus-aumentaron-durante-el-fin-de-semana-en-algunos-paises-donde-se-levantaron-las-restricciones-dice-la-oms\/","name":"Los casos de coronavirus aumentaron durante el fin de semana en algunos pa\u00edses donde se levantaron las restricciones, dice la OMS","isPartOf":{"@id":"https:\/\/aeronoticias.com.pe\/noticiero\/#website"},"datePublished":"2020-05-11T18:04:12+00:00","author":{"@id":"https:\/\/aeronoticias.com.pe\/noticiero\/#\/schema\/person\/fc1e5d578f4b62ba1cf7ac2bba1170a0"},"description":"Portal de noticias del Per\u00fa sobre el transporte a\u00e9reo, aviaci\u00f3n, turismo, hoteleria, actualidad.","breadcrumb":{"@id":"https:\/\/aeronoticias.com.pe\/noticiero\/salud\/los-casos-de-coronavirus-aumentaron-durante-el-fin-de-semana-en-algunos-paises-donde-se-levantaron-las-restricciones-dice-la-oms\/#breadcrumb"},"inLanguage":"es","potentialAction":[{"@type":"ReadAction","target":["https:\/\/aeronoticias.com.pe\/noticiero\/salud\/los-casos-de-coronavirus-aumentaron-durante-el-fin-de-semana-en-algunos-paises-donde-se-levantaron-las-restricciones-dice-la-oms\/"]}]},{"@type":"BreadcrumbList","@id":"https:\/\/aeronoticias.com.pe\/noticiero\/salud\/los-casos-de-coronavirus-aumentaron-durante-el-fin-de-semana-en-algunos-paises-donde-se-levantaron-las-restricciones-dice-la-oms\/#breadcrumb","itemListElement":[{"@type":"ListItem","position":1,"name":"Portada","item":"https:\/\/aeronoticias.com.pe\/noticiero\/"},{"@type":"ListItem","position":2,"name":"Los casos de coronavirus aumentaron durante el fin de semana en algunos pa\u00edses donde se levantaron las restricciones, dice la OMS"}]},{"@type":"WebSite","@id":"https:\/\/aeronoticias.com.pe\/noticiero\/#website","url":"https:\/\/aeronoticias.com.pe\/noticiero\/","name":"Aeronoticias.com.pe","description":"Noticias de tranporte aereo, turismo, hoteles, gastronomia, actualidad, internacional","potentialAction":[{"@type":"SearchAction","target":{"@type":"EntryPoint","urlTemplate":"https:\/\/aeronoticias.com.pe\/noticiero\/?s={search_term_string}"},"query-input":{"@type":"PropertyValueSpecification","valueRequired":true,"valueName":"search_term_string"}}],"inLanguage":"es"},{"@type":"Person","@id":"https:\/\/aeronoticias.com.pe\/noticiero\/#\/schema\/person\/fc1e5d578f4b62ba1cf7ac2bba1170a0","name":"Redacci\u00f3n Aeronoticias","url":"https:\/\/aeronoticias.com.pe\/noticiero\/author\/piloto\/"}]}},"_links":{"self":[{"href":"https:\/\/aeronoticias.com.pe\/noticiero\/wp-json\/wp\/v2\/posts\/59808","targetHints":{"allow":["GET"]}}],"collection":[{"href":"https:\/\/aeronoticias.com.pe\/noticiero\/wp-json\/wp\/v2\/posts"}],"about":[{"href":"https:\/\/aeronoticias.com.pe\/noticiero\/wp-json\/wp\/v2\/types\/post"}],"author":[{"embeddable":true,"href":"https:\/\/aeronoticias.com.pe\/noticiero\/wp-json\/wp\/v2\/users\/1"}],"replies":[{"embeddable":true,"href":"https:\/\/aeronoticias.com.pe\/noticiero\/wp-json\/wp\/v2\/comments?post=59808"}],"version-history":[{"count":0,"href":"https:\/\/aeronoticias.com.pe\/noticiero\/wp-json\/wp\/v2\/posts\/59808\/revisions"}],"wp:attachment":[{"href":"https:\/\/aeronoticias.com.pe\/noticiero\/wp-json\/wp\/v2\/media?parent=59808"}],"wp:term":[{"taxonomy":"category","embeddable":true,"href":"https:\/\/aeronoticias.com.pe\/noticiero\/wp-json\/wp\/v2\/categories?post=59808"},{"taxonomy":"post_tag","embeddable":true,"href":"https:\/\/aeronoticias.com.pe\/noticiero\/wp-json\/wp\/v2\/tags?post=59808"}],"curies":[{"name":"wp","href":"https:\/\/api.w.org\/{rel}","templated":true}]}}