{"id":5983,"date":"2009-10-16T12:50:05","date_gmt":"2009-10-16T12:50:05","guid":{"rendered":"http:\/\/desarrollo.mcvicious.com\/aero2020\/2009\/10\/16\/rusia-lanza-nave-espacial-de-carga-a-la-eei\/"},"modified":"2009-10-16T12:50:05","modified_gmt":"2009-10-16T12:50:05","slug":"rusia-lanza-nave-espacial-de-carga-a-la-eei","status":"publish","type":"post","link":"https:\/\/aeronoticias.com.pe\/noticiero\/27\/rusia-lanza-nave-espacial-de-carga-a-la-eei\/","title":{"rendered":"RUSIA LANZA NAVE ESPACIAL DE CARGA A LA EEI"},"content":{"rendered":"<div align=\"justify\">Rusia lanz\u00f3 a primeras horas de la ma\u00f1ana del jueves una nave espacial de carga desde el centro espacial de Baikonur, en Kazajist\u00e1n, anunci\u00f3 el Centro de Control de Vuelos de Rusia, ubicado en las afueras de Mosc\u00fa.<\/p>\n<p>La nave Progress M-03M entregar\u00e1 unas 2,5 toneladas de vituallas como comida, agua, combustible, equipamiento y regalos de familiares a los miembros de la tripulaci\u00f3n a bordo de la Estaci\u00f3n Espacial Internacional (EEI).<\/p>\n<div style=\"text-align: center\"><img decoding=\"async\" src=\"images\/stories\/09\/10\/161009\/ProgressM03M.jpg\" border=\"0\" alt=\"RUSIA LANZA NAVE ESPACIAL DE CARGA A LA EEI  \" title=\"RUSIA LANZA NAVE ESPACIAL DE CARGA A LA EEI  \" \/><\/div>\n<p>La televisi\u00f3n local mostr\u00f3 im\u00e1genes del cohete Soyuz-U con la nave en la parte superior despegando a las 05:15 a.m. hora de Mosc\u00fa (0115 GMT) de la plataforma de lanzamiento de Baikonur, que Rusia alquila a Kazajist\u00e1n.<\/p>\n<p>Progress M-03M , la tercera nave modificada de cargamento de Rusia, se acoplar\u00e1 a la EEI en tres d\u00edas. El vuelo aut\u00f3nomo de las dos primeras naves modificadas de ese tipo dur\u00f3 de cuatro a cinco d\u00edas por la necesidad de \u00abadaptarse\u00bb a los nuevos sistemas digitales, seg\u00fan indicaron fuentes del Control de la Misi\u00f3n. \u00a0<\/div>\n","protected":false},"excerpt":{"rendered":"<p>Rusia lanz\u00f3 a primeras horas de la ma\u00f1ana del jueves una nave espacial de carga desde el centro espacial de Baikonur, en Kazajist\u00e1n, anunci\u00f3 el Centro de Control de Vuelos de Rusia, ubicado en las afueras de Mosc\u00fa. La nave Progress M-03M entregar\u00e1 unas 2,5 toneladas de vituallas como comida, agua, combustible, equipamiento y regalos [&hellip;]<\/p>\n","protected":false},"author":1,"featured_media":0,"comment_status":"open","ping_status":"open","sticky":false,"template":"","format":"standard","meta":{"tdm_status":"","tdm_grid_status":"","footnotes":""},"categories":[35],"tags":[],"class_list":{"0":"post-5983","1":"post","2":"type-post","3":"status-publish","4":"format-standard","6":"category-35"},"yoast_head":"<!-- This site is optimized with the Yoast SEO plugin v25.1 - https:\/\/yoast.com\/wordpress\/plugins\/seo\/ -->\n<title>RUSIA LANZA NAVE ESPACIAL DE CARGA A LA EEI<\/title>\n<meta name=\"description\" content=\"Portal de noticias del Per\u00fa sobre el transporte a\u00e9reo, aviaci\u00f3n, turismo, hoteleria, actualidad.\" \/>\n<meta name=\"robots\" content=\"index, follow, max-snippet:-1, max-image-preview:large, max-video-preview:-1\" \/>\n<link rel=\"canonical\" href=\"https:\/\/aeronoticias.com.pe\/noticiero\/27\/rusia-lanza-nave-espacial-de-carga-a-la-eei\/\" \/>\n<meta property=\"og:locale\" content=\"es_ES\" \/>\n<meta property=\"og:type\" content=\"article\" \/>\n<meta property=\"og:title\" content=\"RUSIA LANZA NAVE ESPACIAL DE CARGA A LA EEI\" \/>\n<meta property=\"og:description\" content=\"Portal de noticias del Per\u00fa sobre el transporte a\u00e9reo, aviaci\u00f3n, turismo, hoteleria, actualidad.\" \/>\n<meta property=\"og:url\" content=\"https:\/\/aeronoticias.com.pe\/noticiero\/27\/rusia-lanza-nave-espacial-de-carga-a-la-eei\/\" \/>\n<meta property=\"og:site_name\" content=\"Aeronoticias.com.pe\" \/>\n<meta property=\"article:publisher\" content=\"https:\/\/www.facebook.com\/Aeronoticias.com.pe\/\" \/>\n<meta property=\"article:published_time\" content=\"2009-10-16T12:50:05+00:00\" \/>\n<meta name=\"author\" content=\"Redacci\u00f3n Aeronoticias\" \/>\n<meta name=\"twitter:card\" content=\"summary_large_image\" \/>\n<meta name=\"twitter:creator\" content=\"@aeronoticias\" \/>\n<meta name=\"twitter:site\" content=\"@aeronoticias\" \/>\n<meta name=\"twitter:label1\" content=\"Escrito por\" \/>\n\t<meta name=\"twitter:data1\" content=\"Redacci\u00f3n Aeronoticias\" \/>\n\t<meta name=\"twitter:label2\" content=\"Tiempo de lectura\" \/>\n\t<meta name=\"twitter:data2\" content=\"1 minuto\" \/>\n<script type=\"application\/ld+json\" class=\"yoast-schema-graph\">{\"@context\":\"https:\/\/schema.org\",\"@graph\":[{\"@type\":\"WebPage\",\"@id\":\"https:\/\/aeronoticias.com.pe\/noticiero\/27\/rusia-lanza-nave-espacial-de-carga-a-la-eei\/\",\"url\":\"https:\/\/aeronoticias.com.pe\/noticiero\/27\/rusia-lanza-nave-espacial-de-carga-a-la-eei\/\",\"name\":\"RUSIA LANZA NAVE ESPACIAL DE CARGA A LA EEI\",\"isPartOf\":{\"@id\":\"https:\/\/aeronoticias.com.pe\/noticiero\/#website\"},\"datePublished\":\"2009-10-16T12:50:05+00:00\",\"author\":{\"@id\":\"https:\/\/aeronoticias.com.pe\/noticiero\/#\/schema\/person\/fc1e5d578f4b62ba1cf7ac2bba1170a0\"},\"description\":\"Portal de noticias del Per\u00fa sobre el transporte a\u00e9reo, aviaci\u00f3n, turismo, hoteleria, actualidad.\",\"breadcrumb\":{\"@id\":\"https:\/\/aeronoticias.com.pe\/noticiero\/27\/rusia-lanza-nave-espacial-de-carga-a-la-eei\/#breadcrumb\"},\"inLanguage\":\"es\",\"potentialAction\":[{\"@type\":\"ReadAction\",\"target\":[\"https:\/\/aeronoticias.com.pe\/noticiero\/27\/rusia-lanza-nave-espacial-de-carga-a-la-eei\/\"]}]},{\"@type\":\"BreadcrumbList\",\"@id\":\"https:\/\/aeronoticias.com.pe\/noticiero\/27\/rusia-lanza-nave-espacial-de-carga-a-la-eei\/#breadcrumb\",\"itemListElement\":[{\"@type\":\"ListItem\",\"position\":1,\"name\":\"Portada\",\"item\":\"https:\/\/aeronoticias.com.pe\/noticiero\/\"},{\"@type\":\"ListItem\",\"position\":2,\"name\":\"RUSIA LANZA NAVE ESPACIAL DE CARGA A LA EEI\"}]},{\"@type\":\"WebSite\",\"@id\":\"https:\/\/aeronoticias.com.pe\/noticiero\/#website\",\"url\":\"https:\/\/aeronoticias.com.pe\/noticiero\/\",\"name\":\"Aeronoticias.com.pe\",\"description\":\"Noticias de tranporte aereo, turismo, hoteles, gastronomia, actualidad, internacional\",\"potentialAction\":[{\"@type\":\"SearchAction\",\"target\":{\"@type\":\"EntryPoint\",\"urlTemplate\":\"https:\/\/aeronoticias.com.pe\/noticiero\/?s={search_term_string}\"},\"query-input\":{\"@type\":\"PropertyValueSpecification\",\"valueRequired\":true,\"valueName\":\"search_term_string\"}}],\"inLanguage\":\"es\"},{\"@type\":\"Person\",\"@id\":\"https:\/\/aeronoticias.com.pe\/noticiero\/#\/schema\/person\/fc1e5d578f4b62ba1cf7ac2bba1170a0\",\"name\":\"Redacci\u00f3n Aeronoticias\",\"url\":\"https:\/\/aeronoticias.com.pe\/noticiero\/author\/piloto\/\"}]}<\/script>\n<!-- \/ Yoast SEO plugin. -->","yoast_head_json":{"title":"RUSIA LANZA NAVE ESPACIAL DE CARGA A LA EEI","description":"Portal de noticias del Per\u00fa sobre el transporte a\u00e9reo, aviaci\u00f3n, turismo, hoteleria, actualidad.","robots":{"index":"index","follow":"follow","max-snippet":"max-snippet:-1","max-image-preview":"max-image-preview:large","max-video-preview":"max-video-preview:-1"},"canonical":"https:\/\/aeronoticias.com.pe\/noticiero\/27\/rusia-lanza-nave-espacial-de-carga-a-la-eei\/","og_locale":"es_ES","og_type":"article","og_title":"RUSIA LANZA NAVE ESPACIAL DE CARGA A LA EEI","og_description":"Portal de noticias del Per\u00fa sobre el transporte a\u00e9reo, aviaci\u00f3n, turismo, hoteleria, actualidad.","og_url":"https:\/\/aeronoticias.com.pe\/noticiero\/27\/rusia-lanza-nave-espacial-de-carga-a-la-eei\/","og_site_name":"Aeronoticias.com.pe","article_publisher":"https:\/\/www.facebook.com\/Aeronoticias.com.pe\/","article_published_time":"2009-10-16T12:50:05+00:00","author":"Redacci\u00f3n Aeronoticias","twitter_card":"summary_large_image","twitter_creator":"@aeronoticias","twitter_site":"@aeronoticias","twitter_misc":{"Escrito por":"Redacci\u00f3n Aeronoticias","Tiempo de lectura":"1 minuto"},"schema":{"@context":"https:\/\/schema.org","@graph":[{"@type":"WebPage","@id":"https:\/\/aeronoticias.com.pe\/noticiero\/27\/rusia-lanza-nave-espacial-de-carga-a-la-eei\/","url":"https:\/\/aeronoticias.com.pe\/noticiero\/27\/rusia-lanza-nave-espacial-de-carga-a-la-eei\/","name":"RUSIA LANZA NAVE ESPACIAL DE CARGA A LA EEI","isPartOf":{"@id":"https:\/\/aeronoticias.com.pe\/noticiero\/#website"},"datePublished":"2009-10-16T12:50:05+00:00","author":{"@id":"https:\/\/aeronoticias.com.pe\/noticiero\/#\/schema\/person\/fc1e5d578f4b62ba1cf7ac2bba1170a0"},"description":"Portal de noticias del Per\u00fa sobre el transporte a\u00e9reo, aviaci\u00f3n, turismo, hoteleria, actualidad.","breadcrumb":{"@id":"https:\/\/aeronoticias.com.pe\/noticiero\/27\/rusia-lanza-nave-espacial-de-carga-a-la-eei\/#breadcrumb"},"inLanguage":"es","potentialAction":[{"@type":"ReadAction","target":["https:\/\/aeronoticias.com.pe\/noticiero\/27\/rusia-lanza-nave-espacial-de-carga-a-la-eei\/"]}]},{"@type":"BreadcrumbList","@id":"https:\/\/aeronoticias.com.pe\/noticiero\/27\/rusia-lanza-nave-espacial-de-carga-a-la-eei\/#breadcrumb","itemListElement":[{"@type":"ListItem","position":1,"name":"Portada","item":"https:\/\/aeronoticias.com.pe\/noticiero\/"},{"@type":"ListItem","position":2,"name":"RUSIA LANZA NAVE ESPACIAL DE CARGA A LA EEI"}]},{"@type":"WebSite","@id":"https:\/\/aeronoticias.com.pe\/noticiero\/#website","url":"https:\/\/aeronoticias.com.pe\/noticiero\/","name":"Aeronoticias.com.pe","description":"Noticias de tranporte aereo, turismo, hoteles, gastronomia, actualidad, internacional","potentialAction":[{"@type":"SearchAction","target":{"@type":"EntryPoint","urlTemplate":"https:\/\/aeronoticias.com.pe\/noticiero\/?s={search_term_string}"},"query-input":{"@type":"PropertyValueSpecification","valueRequired":true,"valueName":"search_term_string"}}],"inLanguage":"es"},{"@type":"Person","@id":"https:\/\/aeronoticias.com.pe\/noticiero\/#\/schema\/person\/fc1e5d578f4b62ba1cf7ac2bba1170a0","name":"Redacci\u00f3n Aeronoticias","url":"https:\/\/aeronoticias.com.pe\/noticiero\/author\/piloto\/"}]}},"_links":{"self":[{"href":"https:\/\/aeronoticias.com.pe\/noticiero\/wp-json\/wp\/v2\/posts\/5983","targetHints":{"allow":["GET"]}}],"collection":[{"href":"https:\/\/aeronoticias.com.pe\/noticiero\/wp-json\/wp\/v2\/posts"}],"about":[{"href":"https:\/\/aeronoticias.com.pe\/noticiero\/wp-json\/wp\/v2\/types\/post"}],"author":[{"embeddable":true,"href":"https:\/\/aeronoticias.com.pe\/noticiero\/wp-json\/wp\/v2\/users\/1"}],"replies":[{"embeddable":true,"href":"https:\/\/aeronoticias.com.pe\/noticiero\/wp-json\/wp\/v2\/comments?post=5983"}],"version-history":[{"count":0,"href":"https:\/\/aeronoticias.com.pe\/noticiero\/wp-json\/wp\/v2\/posts\/5983\/revisions"}],"wp:attachment":[{"href":"https:\/\/aeronoticias.com.pe\/noticiero\/wp-json\/wp\/v2\/media?parent=5983"}],"wp:term":[{"taxonomy":"category","embeddable":true,"href":"https:\/\/aeronoticias.com.pe\/noticiero\/wp-json\/wp\/v2\/categories?post=5983"},{"taxonomy":"post_tag","embeddable":true,"href":"https:\/\/aeronoticias.com.pe\/noticiero\/wp-json\/wp\/v2\/tags?post=5983"}],"curies":[{"name":"wp","href":"https:\/\/api.w.org\/{rel}","templated":true}]}}