{"id":59844,"date":"2020-05-14T19:02:10","date_gmt":"2020-05-14T19:02:10","guid":{"rendered":"http:\/\/desarrollo.mcvicious.com\/aero2020\/2020\/05\/14\/coronavirus-en-peru-discrepan-sobre-tendencia-de-curva-de-la-pandemia\/"},"modified":"2020-05-14T19:02:10","modified_gmt":"2020-05-14T19:02:10","slug":"coronavirus-en-peru-discrepan-sobre-tendencia-de-curva-de-la-pandemia","status":"publish","type":"post","link":"https:\/\/aeronoticias.com.pe\/noticiero\/internacionales\/coronavirus-en-peru-discrepan-sobre-tendencia-de-curva-de-la-pandemia\/","title":{"rendered":"Coronavirus en Per\u00fa: discrepan sobre tendencia de curva de la pandemia"},"content":{"rendered":"<p style=\"text-align: justify;\"><strong>(Aeronoticias).- <\/strong>Pese a esto, el presidente de la Rep\u00fablica, Mart\u00edn Vizcarra, se\u00f1al\u00f3 ayer que el Per\u00fa ha llegado al tope de contagios por coronavirus y que en los pr\u00f3ximos d\u00edas comenzar\u00e1 el descenso. El mandatario sostuvo que su postura est\u00e1 sustentada en estudios realizados por investigadores locales y del extranjero. \u201cYa el Per\u00fa lleg\u00f3 al tope, a la cima, y comienza ya este nivel lento de descenso, que es lo que hab\u00edamos estado esperando\u201d, dijo.<\/p>\n<p style=\"text-align: justify;\">Un estudio publicado el martes por el Instituto de M\u00e9tricas y Evaluaci\u00f3n de Salud de la Universidad de Washington (IHME, por sus siglas en ingl\u00e9s) estima un descenso en los contagios y las muertes diarios por COVID-19 en el Per\u00fa. Este \u00faltimo indicador habr\u00eda alcanzado su m\u00e1ximo nivel el 10 de mayo (101 fallecidos) y bajar\u00eda gradualmente hasta 16 para inicios de agosto.<\/p>\n<p style=\"text-align: justify;\">Sin embargo, dicha instituci\u00f3n tambi\u00e9n advierte que el Per\u00fa tendr\u00eda para el 4 de agosto el tercer mayor acumulado de muertes en la regi\u00f3n: 6.428 en promedio, solo por debajo de Brasil (88.305) y M\u00e9xico (6.859).<\/p>\n<p style=\"text-align: justify;\"><strong>\u2014Bajo an\u00e1lisis\u2014<\/strong><\/p>\n<p style=\"text-align: justify;\">\u00bfRealmente hay un aplanamiento en la curva de contagios? La reducci\u00f3n de casos prevista por el Gobierno fue cuestionada por el decano del Colegio M\u00e9dico del Per\u00fa (CMP), Miguel Palacios Celi, quien se\u00f1al\u00f3 que los niveles m\u00e1ximos a\u00fan no han sido reportados. \u201cNosotros vemos un panorama distinto [\u2026]. La curva sigue en ascenso. Podr\u00eda ser que en algunos d\u00edas se llegue al pico, pero t\u00e9cnicamente el presidente est\u00e1 pecando de optimista\u201d, dijo a El Comercio.<\/p>\n<p style=\"text-align: justify;\">El m\u00e9dico epidemi\u00f3logo Mateo Prochazka, a trav\u00e9s de su cuenta de Twitter, indic\u00f3 que la disminuci\u00f3n en la velocidad del crecimiento de casos no corresponder\u00eda necesariamente a una menor transmisi\u00f3n, sino a una menor detecci\u00f3n por menos pruebas aplicadas en relaci\u00f3n con d\u00edas anteriores.<\/p>\n<p style=\"text-align: justify;\">\u201cHasta hace una semana, el n\u00famero de pruebas diarias y el n\u00famero de casos crec\u00edan a velocidades similares. Hace una semana, nuestro n\u00famero de pruebas dej\u00f3 de crecer (capacidad saturada)\u201d, indic\u00f3.<\/p>\n<p style=\"text-align: justify;\">Seg\u00fan el especialista, este hecho est\u00e1 relacionado con las capacidades de laboratorio y sanitarias \u201cque estar\u00edan estiradas al m\u00e1ximo\u201d y que la semana pasada habr\u00edan llevado a un subreporte en ambos indicadores.<\/p>\n<p style=\"text-align: justify;\">De acuerdo con c\u00e1lculos realizados por este Diario, la velocidad de crecimiento de los casos y muertes por COVID-19 ha experimentado un descenso desde inicios de la cuarentena. A la fecha se duplican en 14,6 y 13,8 d\u00edas, respectivamente.<\/p>\n<p style=\"text-align: justify;\">Ragi Burhum, cient\u00edfico en computaci\u00f3n y autor del art\u00edculo \u201cEl martillazo y el huayno\u201d, se\u00f1al\u00f3 que, adem\u00e1s de la calidad de los modelos, se necesita contar con m\u00e1s informaci\u00f3n p\u00fablica para poder realizar estimaciones m\u00e1s exactas. \u201cCuando todos tenemos diferente data y diferentes modelos es muy dif\u00edcil hacer comparaciones. Es importante que todos empecemos de la misma l\u00ednea para hacer el an\u00e1lisis\u201d, dijo.<\/p>\n<p style=\"text-align: justify;\">El especialista a\u00f1adi\u00f3 que el factor de reproducci\u00f3n de la enfermedad R (n\u00famero de contagios por infectado) en el pa\u00eds se redujo desde el 3 al 13 de mayo de un nivel cercano a 1,50 hasta 1,16. Para que la transmisi\u00f3n empiece a ceder, es necesario que este coeficiente sea menor que 1.<\/p>\n<p style=\"text-align: justify;\">\u00a0<\/p>\n<p style=\"text-align: justify;\">Fuente: El Comercio<\/p>\n<p style=\"text-align: justify;\"><img decoding=\"async\" src=\"images\/stories\/toma_fiebre.png\" border=\"0\" \/><\/p>\n","protected":false},"excerpt":{"rendered":"<p>(Aeronoticias).- Pese a esto, el presidente de la Rep\u00fablica, Mart\u00edn Vizcarra, se\u00f1al\u00f3 ayer que el Per\u00fa ha llegado al tope de contagios por coronavirus y que en los pr\u00f3ximos d\u00edas comenzar\u00e1 el descenso. El mandatario sostuvo que su postura est\u00e1 sustentada en estudios realizados por investigadores locales y del extranjero. \u201cYa el Per\u00fa lleg\u00f3 al [&hellip;]<\/p>\n","protected":false},"author":1,"featured_media":0,"comment_status":"open","ping_status":"open","sticky":false,"template":"","format":"standard","meta":{"tdm_status":"","tdm_grid_status":"","footnotes":""},"categories":[34],"tags":[],"class_list":{"0":"post-59844","1":"post","2":"type-post","3":"status-publish","4":"format-standard","6":"category-internacionales"},"yoast_head":"<!-- This site is optimized with the Yoast SEO plugin v25.1 - https:\/\/yoast.com\/wordpress\/plugins\/seo\/ -->\n<title>Coronavirus en Per\u00fa: discrepan sobre tendencia de curva de la pandemia<\/title>\n<meta name=\"description\" content=\"Portal de noticias del Per\u00fa sobre el transporte a\u00e9reo, aviaci\u00f3n, turismo, hoteleria, actualidad.\" \/>\n<meta name=\"robots\" content=\"index, follow, max-snippet:-1, max-image-preview:large, max-video-preview:-1\" \/>\n<link rel=\"canonical\" href=\"https:\/\/aeronoticias.com.pe\/noticiero\/internacionales\/coronavirus-en-peru-discrepan-sobre-tendencia-de-curva-de-la-pandemia\/\" \/>\n<meta property=\"og:locale\" content=\"es_ES\" \/>\n<meta property=\"og:type\" content=\"article\" \/>\n<meta property=\"og:title\" content=\"Coronavirus en Per\u00fa: discrepan sobre tendencia de curva de la pandemia\" \/>\n<meta property=\"og:description\" content=\"Portal de noticias del Per\u00fa sobre el transporte a\u00e9reo, aviaci\u00f3n, turismo, hoteleria, actualidad.\" \/>\n<meta property=\"og:url\" content=\"https:\/\/aeronoticias.com.pe\/noticiero\/internacionales\/coronavirus-en-peru-discrepan-sobre-tendencia-de-curva-de-la-pandemia\/\" \/>\n<meta property=\"og:site_name\" content=\"Aeronoticias.com.pe\" \/>\n<meta property=\"article:publisher\" content=\"https:\/\/www.facebook.com\/Aeronoticias.com.pe\/\" \/>\n<meta property=\"article:published_time\" content=\"2020-05-14T19:02:10+00:00\" \/>\n<meta name=\"author\" content=\"Redacci\u00f3n Aeronoticias\" \/>\n<meta name=\"twitter:card\" content=\"summary_large_image\" \/>\n<meta name=\"twitter:creator\" content=\"@aeronoticias\" \/>\n<meta name=\"twitter:site\" content=\"@aeronoticias\" \/>\n<meta name=\"twitter:label1\" content=\"Escrito por\" \/>\n\t<meta name=\"twitter:data1\" content=\"Redacci\u00f3n Aeronoticias\" \/>\n\t<meta name=\"twitter:label2\" content=\"Tiempo de lectura\" \/>\n\t<meta name=\"twitter:data2\" content=\"3 minutos\" \/>\n<script type=\"application\/ld+json\" class=\"yoast-schema-graph\">{\"@context\":\"https:\/\/schema.org\",\"@graph\":[{\"@type\":\"WebPage\",\"@id\":\"https:\/\/aeronoticias.com.pe\/noticiero\/internacionales\/coronavirus-en-peru-discrepan-sobre-tendencia-de-curva-de-la-pandemia\/\",\"url\":\"https:\/\/aeronoticias.com.pe\/noticiero\/internacionales\/coronavirus-en-peru-discrepan-sobre-tendencia-de-curva-de-la-pandemia\/\",\"name\":\"Coronavirus en Per\u00fa: discrepan sobre tendencia de curva de la pandemia\",\"isPartOf\":{\"@id\":\"https:\/\/aeronoticias.com.pe\/noticiero\/#website\"},\"datePublished\":\"2020-05-14T19:02:10+00:00\",\"author\":{\"@id\":\"https:\/\/aeronoticias.com.pe\/noticiero\/#\/schema\/person\/fc1e5d578f4b62ba1cf7ac2bba1170a0\"},\"description\":\"Portal de noticias del Per\u00fa sobre el transporte a\u00e9reo, aviaci\u00f3n, turismo, hoteleria, actualidad.\",\"breadcrumb\":{\"@id\":\"https:\/\/aeronoticias.com.pe\/noticiero\/internacionales\/coronavirus-en-peru-discrepan-sobre-tendencia-de-curva-de-la-pandemia\/#breadcrumb\"},\"inLanguage\":\"es\",\"potentialAction\":[{\"@type\":\"ReadAction\",\"target\":[\"https:\/\/aeronoticias.com.pe\/noticiero\/internacionales\/coronavirus-en-peru-discrepan-sobre-tendencia-de-curva-de-la-pandemia\/\"]}]},{\"@type\":\"BreadcrumbList\",\"@id\":\"https:\/\/aeronoticias.com.pe\/noticiero\/internacionales\/coronavirus-en-peru-discrepan-sobre-tendencia-de-curva-de-la-pandemia\/#breadcrumb\",\"itemListElement\":[{\"@type\":\"ListItem\",\"position\":1,\"name\":\"Portada\",\"item\":\"https:\/\/aeronoticias.com.pe\/noticiero\/\"},{\"@type\":\"ListItem\",\"position\":2,\"name\":\"Coronavirus en Per\u00fa: discrepan sobre tendencia de curva de la pandemia\"}]},{\"@type\":\"WebSite\",\"@id\":\"https:\/\/aeronoticias.com.pe\/noticiero\/#website\",\"url\":\"https:\/\/aeronoticias.com.pe\/noticiero\/\",\"name\":\"Aeronoticias.com.pe\",\"description\":\"Noticias de tranporte aereo, turismo, hoteles, gastronomia, actualidad, internacional\",\"potentialAction\":[{\"@type\":\"SearchAction\",\"target\":{\"@type\":\"EntryPoint\",\"urlTemplate\":\"https:\/\/aeronoticias.com.pe\/noticiero\/?s={search_term_string}\"},\"query-input\":{\"@type\":\"PropertyValueSpecification\",\"valueRequired\":true,\"valueName\":\"search_term_string\"}}],\"inLanguage\":\"es\"},{\"@type\":\"Person\",\"@id\":\"https:\/\/aeronoticias.com.pe\/noticiero\/#\/schema\/person\/fc1e5d578f4b62ba1cf7ac2bba1170a0\",\"name\":\"Redacci\u00f3n Aeronoticias\",\"url\":\"https:\/\/aeronoticias.com.pe\/noticiero\/author\/piloto\/\"}]}<\/script>\n<!-- \/ Yoast SEO plugin. -->","yoast_head_json":{"title":"Coronavirus en Per\u00fa: discrepan sobre tendencia de curva de la pandemia","description":"Portal de noticias del Per\u00fa sobre el transporte a\u00e9reo, aviaci\u00f3n, turismo, hoteleria, actualidad.","robots":{"index":"index","follow":"follow","max-snippet":"max-snippet:-1","max-image-preview":"max-image-preview:large","max-video-preview":"max-video-preview:-1"},"canonical":"https:\/\/aeronoticias.com.pe\/noticiero\/internacionales\/coronavirus-en-peru-discrepan-sobre-tendencia-de-curva-de-la-pandemia\/","og_locale":"es_ES","og_type":"article","og_title":"Coronavirus en Per\u00fa: discrepan sobre tendencia de curva de la pandemia","og_description":"Portal de noticias del Per\u00fa sobre el transporte a\u00e9reo, aviaci\u00f3n, turismo, hoteleria, actualidad.","og_url":"https:\/\/aeronoticias.com.pe\/noticiero\/internacionales\/coronavirus-en-peru-discrepan-sobre-tendencia-de-curva-de-la-pandemia\/","og_site_name":"Aeronoticias.com.pe","article_publisher":"https:\/\/www.facebook.com\/Aeronoticias.com.pe\/","article_published_time":"2020-05-14T19:02:10+00:00","author":"Redacci\u00f3n Aeronoticias","twitter_card":"summary_large_image","twitter_creator":"@aeronoticias","twitter_site":"@aeronoticias","twitter_misc":{"Escrito por":"Redacci\u00f3n Aeronoticias","Tiempo de lectura":"3 minutos"},"schema":{"@context":"https:\/\/schema.org","@graph":[{"@type":"WebPage","@id":"https:\/\/aeronoticias.com.pe\/noticiero\/internacionales\/coronavirus-en-peru-discrepan-sobre-tendencia-de-curva-de-la-pandemia\/","url":"https:\/\/aeronoticias.com.pe\/noticiero\/internacionales\/coronavirus-en-peru-discrepan-sobre-tendencia-de-curva-de-la-pandemia\/","name":"Coronavirus en Per\u00fa: discrepan sobre tendencia de curva de la pandemia","isPartOf":{"@id":"https:\/\/aeronoticias.com.pe\/noticiero\/#website"},"datePublished":"2020-05-14T19:02:10+00:00","author":{"@id":"https:\/\/aeronoticias.com.pe\/noticiero\/#\/schema\/person\/fc1e5d578f4b62ba1cf7ac2bba1170a0"},"description":"Portal de noticias del Per\u00fa sobre el transporte a\u00e9reo, aviaci\u00f3n, turismo, hoteleria, actualidad.","breadcrumb":{"@id":"https:\/\/aeronoticias.com.pe\/noticiero\/internacionales\/coronavirus-en-peru-discrepan-sobre-tendencia-de-curva-de-la-pandemia\/#breadcrumb"},"inLanguage":"es","potentialAction":[{"@type":"ReadAction","target":["https:\/\/aeronoticias.com.pe\/noticiero\/internacionales\/coronavirus-en-peru-discrepan-sobre-tendencia-de-curva-de-la-pandemia\/"]}]},{"@type":"BreadcrumbList","@id":"https:\/\/aeronoticias.com.pe\/noticiero\/internacionales\/coronavirus-en-peru-discrepan-sobre-tendencia-de-curva-de-la-pandemia\/#breadcrumb","itemListElement":[{"@type":"ListItem","position":1,"name":"Portada","item":"https:\/\/aeronoticias.com.pe\/noticiero\/"},{"@type":"ListItem","position":2,"name":"Coronavirus en Per\u00fa: discrepan sobre tendencia de curva de la pandemia"}]},{"@type":"WebSite","@id":"https:\/\/aeronoticias.com.pe\/noticiero\/#website","url":"https:\/\/aeronoticias.com.pe\/noticiero\/","name":"Aeronoticias.com.pe","description":"Noticias de tranporte aereo, turismo, hoteles, gastronomia, actualidad, internacional","potentialAction":[{"@type":"SearchAction","target":{"@type":"EntryPoint","urlTemplate":"https:\/\/aeronoticias.com.pe\/noticiero\/?s={search_term_string}"},"query-input":{"@type":"PropertyValueSpecification","valueRequired":true,"valueName":"search_term_string"}}],"inLanguage":"es"},{"@type":"Person","@id":"https:\/\/aeronoticias.com.pe\/noticiero\/#\/schema\/person\/fc1e5d578f4b62ba1cf7ac2bba1170a0","name":"Redacci\u00f3n Aeronoticias","url":"https:\/\/aeronoticias.com.pe\/noticiero\/author\/piloto\/"}]}},"_links":{"self":[{"href":"https:\/\/aeronoticias.com.pe\/noticiero\/wp-json\/wp\/v2\/posts\/59844","targetHints":{"allow":["GET"]}}],"collection":[{"href":"https:\/\/aeronoticias.com.pe\/noticiero\/wp-json\/wp\/v2\/posts"}],"about":[{"href":"https:\/\/aeronoticias.com.pe\/noticiero\/wp-json\/wp\/v2\/types\/post"}],"author":[{"embeddable":true,"href":"https:\/\/aeronoticias.com.pe\/noticiero\/wp-json\/wp\/v2\/users\/1"}],"replies":[{"embeddable":true,"href":"https:\/\/aeronoticias.com.pe\/noticiero\/wp-json\/wp\/v2\/comments?post=59844"}],"version-history":[{"count":0,"href":"https:\/\/aeronoticias.com.pe\/noticiero\/wp-json\/wp\/v2\/posts\/59844\/revisions"}],"wp:attachment":[{"href":"https:\/\/aeronoticias.com.pe\/noticiero\/wp-json\/wp\/v2\/media?parent=59844"}],"wp:term":[{"taxonomy":"category","embeddable":true,"href":"https:\/\/aeronoticias.com.pe\/noticiero\/wp-json\/wp\/v2\/categories?post=59844"},{"taxonomy":"post_tag","embeddable":true,"href":"https:\/\/aeronoticias.com.pe\/noticiero\/wp-json\/wp\/v2\/tags?post=59844"}],"curies":[{"name":"wp","href":"https:\/\/api.w.org\/{rel}","templated":true}]}}