{"id":59846,"date":"2020-05-14T19:59:47","date_gmt":"2020-05-14T19:59:47","guid":{"rendered":"http:\/\/desarrollo.mcvicious.com\/aero2020\/2020\/05\/14\/la-linea-aerea-de-bandera-del-peru-daria-trabajo-a-los-140-pilotos-de-avianca-despedidos-arbitrariamente\/"},"modified":"2020-05-14T19:59:47","modified_gmt":"2020-05-14T19:59:47","slug":"la-linea-aerea-de-bandera-del-peru-daria-trabajo-a-los-140-pilotos-de-avianca-despedidos-arbitrariamente","status":"publish","type":"post","link":"https:\/\/aeronoticias.com.pe\/noticiero\/economia\/la-linea-aerea-de-bandera-del-peru-daria-trabajo-a-los-140-pilotos-de-avianca-despedidos-arbitrariamente\/","title":{"rendered":"La l\u00ednea a\u00e9rea de bandera del Per\u00fa dar\u00eda trabajo a los 140 pilotos de AVIANCA despedidos arbitrariamente"},"content":{"rendered":"<p><strong style=\"text-align: justify;\">(Aeronoticias)<\/strong><span style=\"text-align: justify;\"> El presidente del Proyecto de la l\u00ednea a\u00e9rea de bandera del Per\u00fa <\/span><a href=\"https:\/\/es.scribd.com\/doc\/192155127\/Linea-Aerea-de-Bandera\" target=\"_blank\" style=\"text-align: justify;\" rel=\"noopener noreferrer\">VER LIBRO<\/a><span style=\"text-align: justify;\">, \u201cAerol\u00edneas Contigo Per\u00fa\u201d <a href=\"https:\/\/www.youtube.com\/watch?v=-mqA-p2bWr8\" target=\"_blank\" rel=\"noopener noreferrer\">VER VIDEO<\/a>, expres\u00f3 que hace unos a\u00f1os se realiz\u00f3 el Business Plan y la personer\u00eda inscrita en SUNARP y que ahora se pondr\u00eda este sue\u00f1o en el escritorio del Ministerio de Transportes del Per\u00fa, Carlos Lozada, para que se tenga en cuenta.<\/span><\/p>\n<p class=\"MsoNormal\" style=\"text-align: justify;\">Nosotros creemos que ahora si hay un consenso, es decir, un sentir compartido de todo un pueblo que quiere recuperar la soberan\u00eda perdida en el espacio a\u00e9reo y nuestra prioridad es darle trabajo a los m\u00e1s de 140 pilotos y 400 tripulantes auxiliares despedidos arbitrariamente por AVIANCA PERU, y tenemos que pensar tambi\u00e9n en los pilotos y hostess de LAN PERU que est\u00e1n siendo invitados a renunciar.<\/p>\n<p class=\"MsoNormal\" style=\"text-align: justify;\">A la fecha, distintos grupos internacionales de aviaci\u00f3n han iniciado conversaciones para ver hasta que punto el Estado peruano estar\u00eda dispuesto a apoyar la creaci\u00f3n de una l\u00ednea de bandera de bajo costo, que todos los interesados la podr\u00e1n encontrar en este Business Plan de mi libro \u201cL\u00ednea A\u00e9rea de Bandera de bajo costo\u201d, que si bien ya est\u00e1 agotado en librer\u00edas, sin embargo se puede leer en internet <a href=\"https:\/\/es.scribd.com\/doc\/192155127\/Linea-Aerea-de-Bandera\" target=\"_blank\" rel=\"noopener noreferrer\">VER LIBRO<\/a>, dijo Juli\u00e1n Palacin Fern\u00e1ndez.<\/p>\n<p class=\"MsoNormal\" style=\"text-align: justify;\">Convoco a los empresarios peruanos, a los pilotos y tripulantes auxiliares peruanos, al personal de l\u00edneas a\u00e9reas y a toda la aviaci\u00f3n civil peruana a unirnos en este sue\u00f1o, tenemos que escribir la historia y aprender del pasado para no repetir los errores y mirar el futuro con fe, afirm\u00f3 Palacin.<\/p>\n<p class=\"MsoNormal\" style=\"text-align: justify;\">Cabe agregar, que el Congreso de la Rep\u00fablica me honr\u00f3 en el 2009 en el Sal\u00f3n Ra\u00fal Porras Barrenechea, en donde tuve el honor de presentar el Proyecto de Ley de la L\u00ednea A\u00e9rea de Bandera <a href=\"https:\/\/www.youtube.com\/watch?v=-mqA-p2bWr8\" target=\"_blank\" rel=\"noopener noreferrer\">VER VIDEO<\/a>, que fue archivado por la fuerza econ\u00f3mica de los due\u00f1os del espacio a\u00e9reo, quienes nos ganaron una batalla pero no la guerra en este ideal, dijo Juli\u00e1n Palacin Fern\u00e1ndez.<\/p>\n<p class=\"MsoNormal\" style=\"text-align: justify;\"><img decoding=\"async\" src=\"images\/stories\/20\/05\/140520\/jpalacin-laereabandera.jpg\" border=\"0\" \/><\/p>\n<p>\u00a0<\/p>\n","protected":false},"excerpt":{"rendered":"<p>(Aeronoticias) El presidente del Proyecto de la l\u00ednea a\u00e9rea de bandera del Per\u00fa VER LIBRO, \u201cAerol\u00edneas Contigo Per\u00fa\u201d VER VIDEO, expres\u00f3 que hace unos a\u00f1os se realiz\u00f3 el Business Plan y la personer\u00eda inscrita en SUNARP y que ahora se pondr\u00eda este sue\u00f1o en el escritorio del Ministerio de Transportes del Per\u00fa, Carlos Lozada, para [&hellip;]<\/p>\n","protected":false},"author":1,"featured_media":0,"comment_status":"open","ping_status":"open","sticky":false,"template":"","format":"standard","meta":{"tdm_status":"","tdm_grid_status":"","footnotes":""},"categories":[33],"tags":[],"class_list":{"0":"post-59846","1":"post","2":"type-post","3":"status-publish","4":"format-standard","6":"category-economia"},"yoast_head":"<!-- This site is optimized with the Yoast SEO plugin v25.1 - https:\/\/yoast.com\/wordpress\/plugins\/seo\/ -->\n<title>La l\u00ednea a\u00e9rea de bandera del Per\u00fa dar\u00eda trabajo a los 140 pilotos de AVIANCA despedidos arbitrariamente<\/title>\n<meta name=\"description\" content=\"Portal de noticias del Per\u00fa sobre el transporte a\u00e9reo, aviaci\u00f3n, turismo, hoteleria, actualidad.\" \/>\n<meta name=\"robots\" content=\"index, follow, max-snippet:-1, max-image-preview:large, max-video-preview:-1\" \/>\n<link rel=\"canonical\" href=\"https:\/\/aeronoticias.com.pe\/noticiero\/economia\/la-linea-aerea-de-bandera-del-peru-daria-trabajo-a-los-140-pilotos-de-avianca-despedidos-arbitrariamente\/\" \/>\n<meta property=\"og:locale\" content=\"es_ES\" \/>\n<meta property=\"og:type\" content=\"article\" \/>\n<meta property=\"og:title\" content=\"La l\u00ednea a\u00e9rea de bandera del Per\u00fa dar\u00eda trabajo a los 140 pilotos de AVIANCA despedidos arbitrariamente\" \/>\n<meta property=\"og:description\" content=\"Portal de noticias del Per\u00fa sobre el transporte a\u00e9reo, aviaci\u00f3n, turismo, hoteleria, actualidad.\" \/>\n<meta property=\"og:url\" content=\"https:\/\/aeronoticias.com.pe\/noticiero\/economia\/la-linea-aerea-de-bandera-del-peru-daria-trabajo-a-los-140-pilotos-de-avianca-despedidos-arbitrariamente\/\" \/>\n<meta property=\"og:site_name\" content=\"Aeronoticias.com.pe\" \/>\n<meta property=\"article:publisher\" content=\"https:\/\/www.facebook.com\/Aeronoticias.com.pe\/\" \/>\n<meta property=\"article:published_time\" content=\"2020-05-14T19:59:47+00:00\" \/>\n<meta name=\"author\" content=\"Redacci\u00f3n Aeronoticias\" \/>\n<meta name=\"twitter:card\" content=\"summary_large_image\" \/>\n<meta name=\"twitter:creator\" content=\"@aeronoticias\" \/>\n<meta name=\"twitter:site\" content=\"@aeronoticias\" \/>\n<meta name=\"twitter:label1\" content=\"Escrito por\" \/>\n\t<meta name=\"twitter:data1\" content=\"Redacci\u00f3n Aeronoticias\" \/>\n\t<meta name=\"twitter:label2\" content=\"Tiempo de lectura\" \/>\n\t<meta name=\"twitter:data2\" content=\"2 minutos\" \/>\n<script type=\"application\/ld+json\" class=\"yoast-schema-graph\">{\"@context\":\"https:\/\/schema.org\",\"@graph\":[{\"@type\":\"WebPage\",\"@id\":\"https:\/\/aeronoticias.com.pe\/noticiero\/economia\/la-linea-aerea-de-bandera-del-peru-daria-trabajo-a-los-140-pilotos-de-avianca-despedidos-arbitrariamente\/\",\"url\":\"https:\/\/aeronoticias.com.pe\/noticiero\/economia\/la-linea-aerea-de-bandera-del-peru-daria-trabajo-a-los-140-pilotos-de-avianca-despedidos-arbitrariamente\/\",\"name\":\"La l\u00ednea a\u00e9rea de bandera del Per\u00fa dar\u00eda trabajo a los 140 pilotos de AVIANCA despedidos arbitrariamente\",\"isPartOf\":{\"@id\":\"https:\/\/aeronoticias.com.pe\/noticiero\/#website\"},\"datePublished\":\"2020-05-14T19:59:47+00:00\",\"author\":{\"@id\":\"https:\/\/aeronoticias.com.pe\/noticiero\/#\/schema\/person\/fc1e5d578f4b62ba1cf7ac2bba1170a0\"},\"description\":\"Portal de noticias del Per\u00fa sobre el transporte a\u00e9reo, aviaci\u00f3n, turismo, hoteleria, actualidad.\",\"breadcrumb\":{\"@id\":\"https:\/\/aeronoticias.com.pe\/noticiero\/economia\/la-linea-aerea-de-bandera-del-peru-daria-trabajo-a-los-140-pilotos-de-avianca-despedidos-arbitrariamente\/#breadcrumb\"},\"inLanguage\":\"es\",\"potentialAction\":[{\"@type\":\"ReadAction\",\"target\":[\"https:\/\/aeronoticias.com.pe\/noticiero\/economia\/la-linea-aerea-de-bandera-del-peru-daria-trabajo-a-los-140-pilotos-de-avianca-despedidos-arbitrariamente\/\"]}]},{\"@type\":\"BreadcrumbList\",\"@id\":\"https:\/\/aeronoticias.com.pe\/noticiero\/economia\/la-linea-aerea-de-bandera-del-peru-daria-trabajo-a-los-140-pilotos-de-avianca-despedidos-arbitrariamente\/#breadcrumb\",\"itemListElement\":[{\"@type\":\"ListItem\",\"position\":1,\"name\":\"Portada\",\"item\":\"https:\/\/aeronoticias.com.pe\/noticiero\/\"},{\"@type\":\"ListItem\",\"position\":2,\"name\":\"La l\u00ednea a\u00e9rea de bandera del Per\u00fa dar\u00eda trabajo a los 140 pilotos de AVIANCA despedidos arbitrariamente\"}]},{\"@type\":\"WebSite\",\"@id\":\"https:\/\/aeronoticias.com.pe\/noticiero\/#website\",\"url\":\"https:\/\/aeronoticias.com.pe\/noticiero\/\",\"name\":\"Aeronoticias.com.pe\",\"description\":\"Noticias de tranporte aereo, turismo, hoteles, gastronomia, actualidad, internacional\",\"potentialAction\":[{\"@type\":\"SearchAction\",\"target\":{\"@type\":\"EntryPoint\",\"urlTemplate\":\"https:\/\/aeronoticias.com.pe\/noticiero\/?s={search_term_string}\"},\"query-input\":{\"@type\":\"PropertyValueSpecification\",\"valueRequired\":true,\"valueName\":\"search_term_string\"}}],\"inLanguage\":\"es\"},{\"@type\":\"Person\",\"@id\":\"https:\/\/aeronoticias.com.pe\/noticiero\/#\/schema\/person\/fc1e5d578f4b62ba1cf7ac2bba1170a0\",\"name\":\"Redacci\u00f3n Aeronoticias\",\"url\":\"https:\/\/aeronoticias.com.pe\/noticiero\/author\/piloto\/\"}]}<\/script>\n<!-- \/ Yoast SEO plugin. -->","yoast_head_json":{"title":"La l\u00ednea a\u00e9rea de bandera del Per\u00fa dar\u00eda trabajo a los 140 pilotos de AVIANCA despedidos arbitrariamente","description":"Portal de noticias del Per\u00fa sobre el transporte a\u00e9reo, aviaci\u00f3n, turismo, hoteleria, actualidad.","robots":{"index":"index","follow":"follow","max-snippet":"max-snippet:-1","max-image-preview":"max-image-preview:large","max-video-preview":"max-video-preview:-1"},"canonical":"https:\/\/aeronoticias.com.pe\/noticiero\/economia\/la-linea-aerea-de-bandera-del-peru-daria-trabajo-a-los-140-pilotos-de-avianca-despedidos-arbitrariamente\/","og_locale":"es_ES","og_type":"article","og_title":"La l\u00ednea a\u00e9rea de bandera del Per\u00fa dar\u00eda trabajo a los 140 pilotos de AVIANCA despedidos arbitrariamente","og_description":"Portal de noticias del Per\u00fa sobre el transporte a\u00e9reo, aviaci\u00f3n, turismo, hoteleria, actualidad.","og_url":"https:\/\/aeronoticias.com.pe\/noticiero\/economia\/la-linea-aerea-de-bandera-del-peru-daria-trabajo-a-los-140-pilotos-de-avianca-despedidos-arbitrariamente\/","og_site_name":"Aeronoticias.com.pe","article_publisher":"https:\/\/www.facebook.com\/Aeronoticias.com.pe\/","article_published_time":"2020-05-14T19:59:47+00:00","author":"Redacci\u00f3n Aeronoticias","twitter_card":"summary_large_image","twitter_creator":"@aeronoticias","twitter_site":"@aeronoticias","twitter_misc":{"Escrito por":"Redacci\u00f3n Aeronoticias","Tiempo de lectura":"2 minutos"},"schema":{"@context":"https:\/\/schema.org","@graph":[{"@type":"WebPage","@id":"https:\/\/aeronoticias.com.pe\/noticiero\/economia\/la-linea-aerea-de-bandera-del-peru-daria-trabajo-a-los-140-pilotos-de-avianca-despedidos-arbitrariamente\/","url":"https:\/\/aeronoticias.com.pe\/noticiero\/economia\/la-linea-aerea-de-bandera-del-peru-daria-trabajo-a-los-140-pilotos-de-avianca-despedidos-arbitrariamente\/","name":"La l\u00ednea a\u00e9rea de bandera del Per\u00fa dar\u00eda trabajo a los 140 pilotos de AVIANCA despedidos arbitrariamente","isPartOf":{"@id":"https:\/\/aeronoticias.com.pe\/noticiero\/#website"},"datePublished":"2020-05-14T19:59:47+00:00","author":{"@id":"https:\/\/aeronoticias.com.pe\/noticiero\/#\/schema\/person\/fc1e5d578f4b62ba1cf7ac2bba1170a0"},"description":"Portal de noticias del Per\u00fa sobre el transporte a\u00e9reo, aviaci\u00f3n, turismo, hoteleria, actualidad.","breadcrumb":{"@id":"https:\/\/aeronoticias.com.pe\/noticiero\/economia\/la-linea-aerea-de-bandera-del-peru-daria-trabajo-a-los-140-pilotos-de-avianca-despedidos-arbitrariamente\/#breadcrumb"},"inLanguage":"es","potentialAction":[{"@type":"ReadAction","target":["https:\/\/aeronoticias.com.pe\/noticiero\/economia\/la-linea-aerea-de-bandera-del-peru-daria-trabajo-a-los-140-pilotos-de-avianca-despedidos-arbitrariamente\/"]}]},{"@type":"BreadcrumbList","@id":"https:\/\/aeronoticias.com.pe\/noticiero\/economia\/la-linea-aerea-de-bandera-del-peru-daria-trabajo-a-los-140-pilotos-de-avianca-despedidos-arbitrariamente\/#breadcrumb","itemListElement":[{"@type":"ListItem","position":1,"name":"Portada","item":"https:\/\/aeronoticias.com.pe\/noticiero\/"},{"@type":"ListItem","position":2,"name":"La l\u00ednea a\u00e9rea de bandera del Per\u00fa dar\u00eda trabajo a los 140 pilotos de AVIANCA despedidos arbitrariamente"}]},{"@type":"WebSite","@id":"https:\/\/aeronoticias.com.pe\/noticiero\/#website","url":"https:\/\/aeronoticias.com.pe\/noticiero\/","name":"Aeronoticias.com.pe","description":"Noticias de tranporte aereo, turismo, hoteles, gastronomia, actualidad, internacional","potentialAction":[{"@type":"SearchAction","target":{"@type":"EntryPoint","urlTemplate":"https:\/\/aeronoticias.com.pe\/noticiero\/?s={search_term_string}"},"query-input":{"@type":"PropertyValueSpecification","valueRequired":true,"valueName":"search_term_string"}}],"inLanguage":"es"},{"@type":"Person","@id":"https:\/\/aeronoticias.com.pe\/noticiero\/#\/schema\/person\/fc1e5d578f4b62ba1cf7ac2bba1170a0","name":"Redacci\u00f3n Aeronoticias","url":"https:\/\/aeronoticias.com.pe\/noticiero\/author\/piloto\/"}]}},"_links":{"self":[{"href":"https:\/\/aeronoticias.com.pe\/noticiero\/wp-json\/wp\/v2\/posts\/59846","targetHints":{"allow":["GET"]}}],"collection":[{"href":"https:\/\/aeronoticias.com.pe\/noticiero\/wp-json\/wp\/v2\/posts"}],"about":[{"href":"https:\/\/aeronoticias.com.pe\/noticiero\/wp-json\/wp\/v2\/types\/post"}],"author":[{"embeddable":true,"href":"https:\/\/aeronoticias.com.pe\/noticiero\/wp-json\/wp\/v2\/users\/1"}],"replies":[{"embeddable":true,"href":"https:\/\/aeronoticias.com.pe\/noticiero\/wp-json\/wp\/v2\/comments?post=59846"}],"version-history":[{"count":0,"href":"https:\/\/aeronoticias.com.pe\/noticiero\/wp-json\/wp\/v2\/posts\/59846\/revisions"}],"wp:attachment":[{"href":"https:\/\/aeronoticias.com.pe\/noticiero\/wp-json\/wp\/v2\/media?parent=59846"}],"wp:term":[{"taxonomy":"category","embeddable":true,"href":"https:\/\/aeronoticias.com.pe\/noticiero\/wp-json\/wp\/v2\/categories?post=59846"},{"taxonomy":"post_tag","embeddable":true,"href":"https:\/\/aeronoticias.com.pe\/noticiero\/wp-json\/wp\/v2\/tags?post=59846"}],"curies":[{"name":"wp","href":"https:\/\/api.w.org\/{rel}","templated":true}]}}