{"id":59847,"date":"2020-05-14T20:01:29","date_gmt":"2020-05-14T20:01:29","guid":{"rendered":"http:\/\/desarrollo.mcvicious.com\/aero2020\/2020\/05\/14\/cuando-pedir-al-cliente-que-use-mascarilla-se-convierte-en-un-peligro\/"},"modified":"2020-05-14T20:01:29","modified_gmt":"2020-05-14T20:01:29","slug":"cuando-pedir-al-cliente-que-use-mascarilla-se-convierte-en-un-peligro","status":"publish","type":"post","link":"https:\/\/aeronoticias.com.pe\/noticiero\/internacionales\/cuando-pedir-al-cliente-que-use-mascarilla-se-convierte-en-un-peligro\/","title":{"rendered":"Cuando pedir al cliente que use mascarilla se convierte en un peligro"},"content":{"rendered":"<p style=\"text-align: justify;\"><strong>(Aeronoticias).- <\/strong>Un guardia de seguridad de la tienda Target acab\u00f3 con el brazo roto por una trifulca con dos clientes que supuestamente se negaron a usar mascarillas, seg\u00fan inform\u00f3 el lunes la polic\u00eda de Los \u00c1ngeles. Este caso se suma a una serie de encontronazos violentos contra los trabajadores que intentan hacer cumplir las \u00f3rdenes para evitar la propagaci\u00f3n del coronavirus en los locales que han comenzado a abrir en la llamada \u201cnueva normalidad\u201d en Estados Unidos. Dos de las confrontaciones que han tenido lugar en las \u00faltimas semanas han acabado en tiros, con una v\u00edctima fatal en Flint (Michigan). Estos episodios se suman a las protestas de peque\u00f1os pero ruidosos grupos para reclamar que reabran la econom\u00eda en sus respectivos Estados.<\/p>\n<p style=\"text-align: justify;\">\u201cSi dejamos que la econom\u00eda siga el camino que est\u00e1 tomando, siento que habr\u00e1 disturbios civiles significativos que podr\u00edan conducir a la desobediencia civil y, en el peor de los casos, disturbios y revueltas\u201d, advirti\u00f3 este martes el l\u00edder de la respuesta contra el coronavirus y alcalde general de Hawaii, Kenneth Hara. Horas m\u00e1s tarde, el presidente del Consejo Municipal de Fresno, California, Miguel Arias, se enfrent\u00f3 a manifestantes del grupo conservador Frontline America que lo hostigaron en la puerta de su casa por las medidas de confinamiento. La pelea acab\u00f3 con el arresto de uno de ellos y con Arias citado por tres delitos menores de agresi\u00f3n. La polic\u00eda contin\u00faa investigando el incidente.<\/p>\n<p style=\"text-align: justify;\">Uno de los casos de violencia m\u00e1s brutales ocurri\u00f3 en Flint: el guardia de seguridad de una tienda de descuentos Family Dollar le dijo a una clienta que su hija deb\u00eda usar mascarilla, lo que provoc\u00f3 una discusi\u00f3n. Finalmente, la mujer se fue, pero regres\u00f3 con su esposo y su hijo, quien cargaba una pistola. El hombre de 23 a\u00f1os le dispar\u00f3 en la cabeza a Calvin Munerlyn, de 43, quien muri\u00f3 desangrado en el piso de la tienda. Los tres clientes involucrados est\u00e1n acusados de asesinato en primer grado. Un caso similar sucedi\u00f3 el pasado mi\u00e9rcoles en Oklahoma City. Gloricia Woody, de 32 a\u00f1os, entr\u00f3 a un McDonald\u2019s para hacer un pedido. Los empleados le dijeron que el comedor estaba cerrado y le ordenaron a que se fuera. Ella acat\u00f3, pero regres\u00f3 a los minutos con una pistola y comenz\u00f3 a disparar. Dos empleados de la franquicia acabaron en el hospital por heridas de bala.<\/p>\n<p style=\"text-align: justify;\">\u201cObviamente es un crimen atroz, particularmente porque estas dos personas estaban tratando de apoyar la salud p\u00fablica\u201d, lament\u00f3 el pasado jueves el consejero delegado de McDonald\u2019s, Chris Kempczinski, en el programa de ABC Good Morning America. \u201cLo que vimos en esta situaci\u00f3n es realmente lo que estamos viendo en varias otras a lo largo del pa\u00eds, que es esta tensi\u00f3n sobre la apertura y la preocupaci\u00f3n de la gente al respecto. Pero no hay absolutamente ninguna excusa para la violencia, particularmente la violencia armada\u201d, apunt\u00f3 Kempczinski, quien agreg\u00f3 que los dos empleados est\u00e1n fuera de peligro.<\/p>\n<p style=\"text-align: justify;\">El viernes pasado la galardonada helader\u00eda Polar Cave, en Cape Cod, Massachusetts, se atrevi\u00f3 a reabrir su puertas, con la condici\u00f3n de que los clientes solo pod\u00edan hacer pedidos telef\u00f3nicos con una hora de antelaci\u00f3n antes de recogerlo. Sin embargo, muchos pasaron por alto la medida y se presentaron directamente en el mes\u00f3n, exigiendo que se les entregara la orden inmediatamente. En vez de tener los siete empleados de costumbre, la helader\u00eda contaba con cuatro. Uno de ellos, una adolescente, renunci\u00f3 ese d\u00eda. La trabajadora \u201caguant\u00f3 su turno\u201d, dijo el due\u00f1o del local, Mark Lawrence, a los medios locales, a pesar de enfrentarse a un lenguaje que \u201cni siquiera se dir\u00eda en el vestuario de hombres\u201d. Lawrence public\u00f3 a las siete de la tarde en su p\u00e1gina de Facebook: \u201cDEJE DE LLAMAR\u201d. Despu\u00e9s de la amarga experiencia, decidi\u00f3 volver a cerrar hasta nuevo aviso<\/p>\n<p style=\"text-align: justify;\">A estos episodios de violencia se suma la divisi\u00f3n que existe de por s\u00ed sobre el ritmo con el que el pa\u00eds est\u00e1 preparado para volver a la normalidad. El presidente Donald Trump ha acusado a la oposici\u00f3n de ralentizarlo. \u201cLos dem\u00f3cratas se est\u00e1n moviendo lentamente, en todo Estados Unidos, por motivos pol\u00edticos. Si de ellos dependiera, esperar\u00edan hasta el 3 de noviembre. No jueguen a la pol\u00edtica. \u00a1Act\u00faen con seguridad pero mu\u00e9vanse con rapidez!\u201d, escribi\u00f3 esta lunes el mandatario, en alusi\u00f3n a las elecciones presidenciales del 3 de noviembre. El epidemi\u00f3logo Anthony Fauci, miembro clave del grupo de trabajo del coronavirus de la Casa Blanca, alert\u00f3 este martes en una comparecencia v\u00eda streaming en el Senado de que una apertura prematura puede provocar \u201cbrotes\u201d del virus con \u201cgraves consecuencias\u201d para el pa\u00eds, que este mi\u00e9rcoles ya ha superado los 83.000 fallecidos.<\/p>\n<p style=\"text-align: justify;\">\u00a0<\/p>\n<p style=\"text-align: justify;\">Fuente: El Pais<\/p>\n<p style=\"text-align: justify;\">\u00a0<\/p>\n<p style=\"text-align: justify;\"><img decoding=\"async\" src=\"images\/stories\/mb1.png\" border=\"0\" \/><\/p>\n","protected":false},"excerpt":{"rendered":"<p>(Aeronoticias).- Un guardia de seguridad de la tienda Target acab\u00f3 con el brazo roto por una trifulca con dos clientes que supuestamente se negaron a usar mascarillas, seg\u00fan inform\u00f3 el lunes la polic\u00eda de Los \u00c1ngeles. Este caso se suma a una serie de encontronazos violentos contra los trabajadores que intentan hacer cumplir las \u00f3rdenes [&hellip;]<\/p>\n","protected":false},"author":1,"featured_media":0,"comment_status":"open","ping_status":"open","sticky":false,"template":"","format":"standard","meta":{"tdm_status":"","tdm_grid_status":"","footnotes":""},"categories":[34],"tags":[],"class_list":{"0":"post-59847","1":"post","2":"type-post","3":"status-publish","4":"format-standard","6":"category-internacionales"},"yoast_head":"<!-- This site is optimized with the Yoast SEO plugin v25.1 - https:\/\/yoast.com\/wordpress\/plugins\/seo\/ -->\n<title>Cuando pedir al cliente que use mascarilla se convierte en un peligro<\/title>\n<meta name=\"description\" content=\"Portal de noticias del Per\u00fa sobre el transporte a\u00e9reo, aviaci\u00f3n, turismo, hoteleria, actualidad.\" \/>\n<meta name=\"robots\" content=\"index, follow, max-snippet:-1, max-image-preview:large, max-video-preview:-1\" \/>\n<link rel=\"canonical\" href=\"https:\/\/aeronoticias.com.pe\/noticiero\/internacionales\/cuando-pedir-al-cliente-que-use-mascarilla-se-convierte-en-un-peligro\/\" \/>\n<meta property=\"og:locale\" content=\"es_ES\" \/>\n<meta property=\"og:type\" content=\"article\" \/>\n<meta property=\"og:title\" content=\"Cuando pedir al cliente que use mascarilla se convierte en un peligro\" \/>\n<meta property=\"og:description\" content=\"Portal de noticias del Per\u00fa sobre el transporte a\u00e9reo, aviaci\u00f3n, turismo, hoteleria, actualidad.\" \/>\n<meta property=\"og:url\" content=\"https:\/\/aeronoticias.com.pe\/noticiero\/internacionales\/cuando-pedir-al-cliente-que-use-mascarilla-se-convierte-en-un-peligro\/\" \/>\n<meta property=\"og:site_name\" content=\"Aeronoticias.com.pe\" \/>\n<meta property=\"article:publisher\" content=\"https:\/\/www.facebook.com\/Aeronoticias.com.pe\/\" \/>\n<meta property=\"article:published_time\" content=\"2020-05-14T20:01:29+00:00\" \/>\n<meta name=\"author\" content=\"Redacci\u00f3n Aeronoticias\" \/>\n<meta name=\"twitter:card\" content=\"summary_large_image\" \/>\n<meta name=\"twitter:creator\" content=\"@aeronoticias\" \/>\n<meta name=\"twitter:site\" content=\"@aeronoticias\" \/>\n<meta name=\"twitter:label1\" content=\"Escrito por\" \/>\n\t<meta name=\"twitter:data1\" content=\"Redacci\u00f3n Aeronoticias\" \/>\n\t<meta name=\"twitter:label2\" content=\"Tiempo de lectura\" \/>\n\t<meta name=\"twitter:data2\" content=\"4 minutos\" \/>\n<script type=\"application\/ld+json\" class=\"yoast-schema-graph\">{\"@context\":\"https:\/\/schema.org\",\"@graph\":[{\"@type\":\"WebPage\",\"@id\":\"https:\/\/aeronoticias.com.pe\/noticiero\/internacionales\/cuando-pedir-al-cliente-que-use-mascarilla-se-convierte-en-un-peligro\/\",\"url\":\"https:\/\/aeronoticias.com.pe\/noticiero\/internacionales\/cuando-pedir-al-cliente-que-use-mascarilla-se-convierte-en-un-peligro\/\",\"name\":\"Cuando pedir al cliente que use mascarilla se convierte en un peligro\",\"isPartOf\":{\"@id\":\"https:\/\/aeronoticias.com.pe\/noticiero\/#website\"},\"datePublished\":\"2020-05-14T20:01:29+00:00\",\"author\":{\"@id\":\"https:\/\/aeronoticias.com.pe\/noticiero\/#\/schema\/person\/fc1e5d578f4b62ba1cf7ac2bba1170a0\"},\"description\":\"Portal de noticias del Per\u00fa sobre el transporte a\u00e9reo, aviaci\u00f3n, turismo, hoteleria, actualidad.\",\"breadcrumb\":{\"@id\":\"https:\/\/aeronoticias.com.pe\/noticiero\/internacionales\/cuando-pedir-al-cliente-que-use-mascarilla-se-convierte-en-un-peligro\/#breadcrumb\"},\"inLanguage\":\"es\",\"potentialAction\":[{\"@type\":\"ReadAction\",\"target\":[\"https:\/\/aeronoticias.com.pe\/noticiero\/internacionales\/cuando-pedir-al-cliente-que-use-mascarilla-se-convierte-en-un-peligro\/\"]}]},{\"@type\":\"BreadcrumbList\",\"@id\":\"https:\/\/aeronoticias.com.pe\/noticiero\/internacionales\/cuando-pedir-al-cliente-que-use-mascarilla-se-convierte-en-un-peligro\/#breadcrumb\",\"itemListElement\":[{\"@type\":\"ListItem\",\"position\":1,\"name\":\"Portada\",\"item\":\"https:\/\/aeronoticias.com.pe\/noticiero\/\"},{\"@type\":\"ListItem\",\"position\":2,\"name\":\"Cuando pedir al cliente que use mascarilla se convierte en un peligro\"}]},{\"@type\":\"WebSite\",\"@id\":\"https:\/\/aeronoticias.com.pe\/noticiero\/#website\",\"url\":\"https:\/\/aeronoticias.com.pe\/noticiero\/\",\"name\":\"Aeronoticias.com.pe\",\"description\":\"Noticias de tranporte aereo, turismo, hoteles, gastronomia, actualidad, internacional\",\"potentialAction\":[{\"@type\":\"SearchAction\",\"target\":{\"@type\":\"EntryPoint\",\"urlTemplate\":\"https:\/\/aeronoticias.com.pe\/noticiero\/?s={search_term_string}\"},\"query-input\":{\"@type\":\"PropertyValueSpecification\",\"valueRequired\":true,\"valueName\":\"search_term_string\"}}],\"inLanguage\":\"es\"},{\"@type\":\"Person\",\"@id\":\"https:\/\/aeronoticias.com.pe\/noticiero\/#\/schema\/person\/fc1e5d578f4b62ba1cf7ac2bba1170a0\",\"name\":\"Redacci\u00f3n Aeronoticias\",\"url\":\"https:\/\/aeronoticias.com.pe\/noticiero\/author\/piloto\/\"}]}<\/script>\n<!-- \/ Yoast SEO plugin. -->","yoast_head_json":{"title":"Cuando pedir al cliente que use mascarilla se convierte en un peligro","description":"Portal de noticias del Per\u00fa sobre el transporte a\u00e9reo, aviaci\u00f3n, turismo, hoteleria, actualidad.","robots":{"index":"index","follow":"follow","max-snippet":"max-snippet:-1","max-image-preview":"max-image-preview:large","max-video-preview":"max-video-preview:-1"},"canonical":"https:\/\/aeronoticias.com.pe\/noticiero\/internacionales\/cuando-pedir-al-cliente-que-use-mascarilla-se-convierte-en-un-peligro\/","og_locale":"es_ES","og_type":"article","og_title":"Cuando pedir al cliente que use mascarilla se convierte en un peligro","og_description":"Portal de noticias del Per\u00fa sobre el transporte a\u00e9reo, aviaci\u00f3n, turismo, hoteleria, actualidad.","og_url":"https:\/\/aeronoticias.com.pe\/noticiero\/internacionales\/cuando-pedir-al-cliente-que-use-mascarilla-se-convierte-en-un-peligro\/","og_site_name":"Aeronoticias.com.pe","article_publisher":"https:\/\/www.facebook.com\/Aeronoticias.com.pe\/","article_published_time":"2020-05-14T20:01:29+00:00","author":"Redacci\u00f3n Aeronoticias","twitter_card":"summary_large_image","twitter_creator":"@aeronoticias","twitter_site":"@aeronoticias","twitter_misc":{"Escrito por":"Redacci\u00f3n Aeronoticias","Tiempo de lectura":"4 minutos"},"schema":{"@context":"https:\/\/schema.org","@graph":[{"@type":"WebPage","@id":"https:\/\/aeronoticias.com.pe\/noticiero\/internacionales\/cuando-pedir-al-cliente-que-use-mascarilla-se-convierte-en-un-peligro\/","url":"https:\/\/aeronoticias.com.pe\/noticiero\/internacionales\/cuando-pedir-al-cliente-que-use-mascarilla-se-convierte-en-un-peligro\/","name":"Cuando pedir al cliente que use mascarilla se convierte en un peligro","isPartOf":{"@id":"https:\/\/aeronoticias.com.pe\/noticiero\/#website"},"datePublished":"2020-05-14T20:01:29+00:00","author":{"@id":"https:\/\/aeronoticias.com.pe\/noticiero\/#\/schema\/person\/fc1e5d578f4b62ba1cf7ac2bba1170a0"},"description":"Portal de noticias del Per\u00fa sobre el transporte a\u00e9reo, aviaci\u00f3n, turismo, hoteleria, actualidad.","breadcrumb":{"@id":"https:\/\/aeronoticias.com.pe\/noticiero\/internacionales\/cuando-pedir-al-cliente-que-use-mascarilla-se-convierte-en-un-peligro\/#breadcrumb"},"inLanguage":"es","potentialAction":[{"@type":"ReadAction","target":["https:\/\/aeronoticias.com.pe\/noticiero\/internacionales\/cuando-pedir-al-cliente-que-use-mascarilla-se-convierte-en-un-peligro\/"]}]},{"@type":"BreadcrumbList","@id":"https:\/\/aeronoticias.com.pe\/noticiero\/internacionales\/cuando-pedir-al-cliente-que-use-mascarilla-se-convierte-en-un-peligro\/#breadcrumb","itemListElement":[{"@type":"ListItem","position":1,"name":"Portada","item":"https:\/\/aeronoticias.com.pe\/noticiero\/"},{"@type":"ListItem","position":2,"name":"Cuando pedir al cliente que use mascarilla se convierte en un peligro"}]},{"@type":"WebSite","@id":"https:\/\/aeronoticias.com.pe\/noticiero\/#website","url":"https:\/\/aeronoticias.com.pe\/noticiero\/","name":"Aeronoticias.com.pe","description":"Noticias de tranporte aereo, turismo, hoteles, gastronomia, actualidad, internacional","potentialAction":[{"@type":"SearchAction","target":{"@type":"EntryPoint","urlTemplate":"https:\/\/aeronoticias.com.pe\/noticiero\/?s={search_term_string}"},"query-input":{"@type":"PropertyValueSpecification","valueRequired":true,"valueName":"search_term_string"}}],"inLanguage":"es"},{"@type":"Person","@id":"https:\/\/aeronoticias.com.pe\/noticiero\/#\/schema\/person\/fc1e5d578f4b62ba1cf7ac2bba1170a0","name":"Redacci\u00f3n Aeronoticias","url":"https:\/\/aeronoticias.com.pe\/noticiero\/author\/piloto\/"}]}},"_links":{"self":[{"href":"https:\/\/aeronoticias.com.pe\/noticiero\/wp-json\/wp\/v2\/posts\/59847","targetHints":{"allow":["GET"]}}],"collection":[{"href":"https:\/\/aeronoticias.com.pe\/noticiero\/wp-json\/wp\/v2\/posts"}],"about":[{"href":"https:\/\/aeronoticias.com.pe\/noticiero\/wp-json\/wp\/v2\/types\/post"}],"author":[{"embeddable":true,"href":"https:\/\/aeronoticias.com.pe\/noticiero\/wp-json\/wp\/v2\/users\/1"}],"replies":[{"embeddable":true,"href":"https:\/\/aeronoticias.com.pe\/noticiero\/wp-json\/wp\/v2\/comments?post=59847"}],"version-history":[{"count":0,"href":"https:\/\/aeronoticias.com.pe\/noticiero\/wp-json\/wp\/v2\/posts\/59847\/revisions"}],"wp:attachment":[{"href":"https:\/\/aeronoticias.com.pe\/noticiero\/wp-json\/wp\/v2\/media?parent=59847"}],"wp:term":[{"taxonomy":"category","embeddable":true,"href":"https:\/\/aeronoticias.com.pe\/noticiero\/wp-json\/wp\/v2\/categories?post=59847"},{"taxonomy":"post_tag","embeddable":true,"href":"https:\/\/aeronoticias.com.pe\/noticiero\/wp-json\/wp\/v2\/tags?post=59847"}],"curies":[{"name":"wp","href":"https:\/\/api.w.org\/{rel}","templated":true}]}}