{"id":59848,"date":"2020-05-15T02:37:16","date_gmt":"2020-05-15T02:37:16","guid":{"rendered":"http:\/\/desarrollo.mcvicious.com\/aero2020\/2020\/05\/15\/iata-aerolineas-latinoamericanas-perderan-18-mil-millones-por-coronavirus\/"},"modified":"2020-09-24T22:31:01","modified_gmt":"2020-09-24T22:31:01","slug":"iata-aerolineas-latinoamericanas-perderan-18-mil-millones-por-coronavirus","status":"publish","type":"post","link":"https:\/\/aeronoticias.com.pe\/noticiero\/transporte-aereo\/internacional\/iata-aerolineas-latinoamericanas-perderan-18-mil-millones-por-coronavirus\/","title":{"rendered":"IATA: Aerol\u00edneas latinoamericanas perder\u00e1n $18 mil millones por coronavirus"},"content":{"rendered":"\n<p>La Asociaci\u00f3n Internacional de Transporte A\u00e9reo (IATA) dijo este jueves que est\u00e1 trabajando con los principales pa\u00edses de Latinoam\u00e9rica para trazar planes para la reapertura del sector y cifr\u00f3 en 18,000 millones de d\u00f3lares las p\u00e9rdidas que el covid-19 supondr\u00e1 para las aerol\u00edneas de la regi\u00f3n en el primer semestre del a\u00f1o.<\/p>\n\n\n\n<p><span style=\"font-size: 12.16px;\">El vicepresidente de la organizaci\u00f3n para las Am\u00e9ricas, Peter Cerd\u00e1, tambi\u00e9n se\u00f1al\u00f3 hoy durante una conferencia telef\u00f3nica con medios de comunicaci\u00f3n que prev\u00e9 que el sector a\u00e9reo se recuperar\u00e1 dos a\u00f1os m\u00e1s tarde que el producto interior bruto (PIB) y que hasta el a\u00f1o 2023 no se volver\u00e1 a los niveles de 2019.<\/span><\/p>\n\n\n\n<!--more-->\n\n\n\n<p><span style=\"font-size: 12.16px;\">Cerd\u00e1 indic\u00f3 que IATA est\u00e1 recomendando que el uso de mascarillas en los aviones sea obligatorio y que las aerol\u00edneas no sean las que proporcionen la protecci\u00f3n facial sino que sean los pasajeros quienes tengan que llegar al aeropuerto con ellas.<\/span><\/p>\n\n\n\n<p><span style=\"font-size: 12.16px;\">La IATA tambi\u00e9n est\u00e1 considerando en el futuro la utilizaci\u00f3n del pasaporte inmunol\u00f3gico, una vez est\u00e9 comprobada cient\u00edficamente su utilidad.<\/span><\/p>\n\n\n\n<p><span style=\"font-size: 12.16px;\">Pero a corto plazo, la organizaci\u00f3n que agrupa a las l\u00edneas a\u00e9reas indic\u00f3 que el bloqueo del asiento central no s\u00f3lo no reduce la posibilidad de contagio en el avi\u00f3n sino que har\u00e1 imposible la rentabilidad de los vuelos por lo que provocar\u00e1 el cierre de muchas compa\u00f1\u00edas.<\/span><\/p>\n\n\n\n<p><span style=\"font-size: 12.16px;\">Seg\u00fan Cerd\u00e1, la mayor\u00eda de las aerol\u00edneas del mundo, incluidas las de Latinoam\u00e9rica, s\u00f3lo cuentan con liquidez para \u00abdos o tres meses, m\u00e1ximo\u00bb por lo que \u00abya estamos llegando a niveles cr\u00edticos\u00bb.<\/span><\/p>\n\n\n\n<p><span style=\"font-size: 12.16px;\">\u00abSi la crisis se sigue extendiendo, si el cierre de fronteras se mantiene m\u00e1s all\u00e1 de junio e incluso si se implementan medidas de cuarentena o como el bloqueo del asiento central esas cifras van a subir inmediatamente, y el riesgo de m\u00e1s l\u00edneas a\u00e9reas que se encuentren en una situaci\u00f3n de mantener sus operaciones se va a incrementar de manera muy alta\u00bb, explic\u00f3.<\/span><\/p>\n\n\n\n<p><span style=\"font-size: 12.16px;\">Con respecto a las conversaciones que la IATA est\u00e1 manteniendo con los gobiernos de Latinoam\u00e9rica y el Caribe para lograr ayudas al sector y la planificaci\u00f3n de la reapertura del espacio a\u00e9reo, Cerd\u00e1 los calific\u00f3 en general de positivos.<\/span><\/p>\n\n\n\n<p><span style=\"font-size: 12.16px;\">Con Argentina, Cerd\u00e1 dijo que IATA mantuvo la semana pasada una reuni\u00f3n \u00abmuy productiva\u00bb con las autoridades del pa\u00eds que se centr\u00f3 en la decisi\u00f3n del pa\u00eds de cerrar el espacio a\u00e9reo del pa\u00eds hasta el 1 de septiembre.<\/span><\/p>\n\n\n\n<p><span style=\"font-size: 12.16px;\">\u00abVamos a seguir manteniendo reuniones regulares\u00bb dijo Cerd\u00e1 para acordar \u00abqu\u00e9 medidas se pueden tomar para intentar adelantar esa fecha\u00bb a principios de julio. Para ello, IATA establecer\u00e1 una mesa de trabajo con la Administraci\u00f3n Nacional de Aviaci\u00f3n Civil (ANAC) de Argentina.<\/span><\/p>\n\n\n\n<p><span style=\"font-size: 12.16px;\">Sobre Chile, Cerd\u00e1 dijo que IATA se reuni\u00f3 con el Gobierno del pa\u00eds para preparar la reactivaci\u00f3n del sector y que las autoridades chilenas \u00abest\u00e1n muy abiertas a las sugerencias del sector\u00bb adem\u00e1s de que \u00abes uno de los pocos pa\u00edses en los que Gobierno y oposici\u00f3n est\u00e1n trabajando de forma conjunta\u00bb para la reactivaci\u00f3n a\u00e9rea.<\/span><\/p>\n\n\n\n<p><span style=\"font-size: 12.16px;\">Con respecto a Colombia, Cerd\u00e1 asegur\u00f3 que es \u00abuno de los pa\u00edses que asumi\u00f3 el liderazgo sobre la gravedad del impacto en el sector a\u00e9reo\u00bb y que Bogot\u00e1 esta trabajando con IATA para la reactivaci\u00f3n del espacio \u00e1ereo. Pero a\u00f1adi\u00f3 que IATA est\u00e1 preocupada por la posibilidad de que se regule el bloqueo del asiento intermedio.<\/span><\/p>\n\n\n\n<p><span style=\"font-size: 12.16px;\">Cerd\u00e1 tambi\u00e9n destac\u00f3 la confianza de IATA en que Avianca saldr\u00e1 \u00abm\u00e1s fuerte, eficaz y l\u00edder del transporte a\u00e9reo de la regi\u00f3n\u00bb tras declararse en bancarrota en Estados Unidos para poder reorganizar sus operaciones.<\/span><\/p>\n\n\n\n<p><span style=\"font-size: 12.16px;\">El ejecutivo de IATA se\u00f1al\u00f3 que otras compa\u00f1\u00edas a\u00e9reas han utilizado el mismo proceso para su reestructuraci\u00f3n pero que la decisi\u00f3n tambi\u00e9n refleja \u00abla grave situaci\u00f3n del sector\u00bb.<\/span><\/p>\n\n\n\n<p><span style=\"font-size: 12.16px;\">Con respecto a M\u00e9xico, IATA espera que el pa\u00eds comunique pr\u00f3ximamente medidas para ayudar al sector y que la comunicaci\u00f3n con el Gobierno mexicano ha sido \u00abregular\u00bb desde el inicio de la crisis.<\/span><\/p>\n\n\n\n<p><span style=\"font-size: 12.16px;\">La IATA tambi\u00e9n est\u00e1 manteniendo reuniones con las autoridades de Per\u00fa, Ecuador y Panam\u00e1, entre otros pa\u00edses, para avanzar en ayudas y planes de reactivaci\u00f3n.<\/span><\/p>\n\n\n\n<p><span style=\"font-size: 12.16px;\">Fuente: Andina \/ EFE<\/span><\/p>\n","protected":false},"excerpt":{"rendered":"<p>La Asociaci\u00f3n Internacional de Transporte A\u00e9reo (IATA) dijo este jueves que est\u00e1 trabajando con los principales pa\u00edses de Latinoam\u00e9rica para trazar planes para la reapertura del sector y cifr\u00f3 en 18,000 millones de d\u00f3lares las p\u00e9rdidas que el covid-19 supondr\u00e1 para las aerol\u00edneas de la regi\u00f3n en el primer semestre del a\u00f1o. El vicepresidente de [&hellip;]<\/p>\n","protected":false},"author":1,"featured_media":63092,"comment_status":"open","ping_status":"open","sticky":false,"template":"","format":"standard","meta":{"tdm_status":"","tdm_grid_status":"","footnotes":""},"categories":[32,11],"tags":[374,163,110,296],"class_list":{"0":"post-59848","1":"post","2":"type-post","3":"status-publish","4":"format-standard","5":"has-post-thumbnail","7":"category-internacional","8":"category-transporte-aereo","9":"tag-asociacion-internacional-de-transporte-aereo","10":"tag-coronavirus","11":"tag-covid-19","12":"tag-iata"},"yoast_head":"<!-- This site is optimized with the Yoast SEO plugin v25.1 - https:\/\/yoast.com\/wordpress\/plugins\/seo\/ -->\n<title>IATA: Aerol\u00edneas latinoamericanas perder\u00e1n $18 mil millones por coronavirus<\/title>\n<meta name=\"description\" content=\"La Asociaci\u00f3n Internacional de Transporte A\u00e9reo (IATA) dijo este jueves que est\u00e1 trabajando con los principales pa\u00edses de Latinoam\u00e9rica para trazar planes para la reapertura del sector\" \/>\n<meta name=\"robots\" content=\"index, follow, max-snippet:-1, max-image-preview:large, max-video-preview:-1\" \/>\n<link rel=\"canonical\" href=\"https:\/\/aeronoticias.com.pe\/noticiero\/transporte-aereo\/internacional\/iata-aerolineas-latinoamericanas-perderan-18-mil-millones-por-coronavirus\/\" \/>\n<meta property=\"og:locale\" content=\"es_ES\" \/>\n<meta property=\"og:type\" content=\"article\" \/>\n<meta property=\"og:title\" content=\"IATA: Aerol\u00edneas latinoamericanas perder\u00e1n $18 mil millones por coronavirus\" \/>\n<meta property=\"og:description\" content=\"La Asociaci\u00f3n Internacional de Transporte A\u00e9reo (IATA) dijo este jueves que est\u00e1 trabajando con los principales pa\u00edses de Latinoam\u00e9rica para trazar planes para la reapertura del sector\" \/>\n<meta property=\"og:url\" content=\"https:\/\/aeronoticias.com.pe\/noticiero\/transporte-aereo\/internacional\/iata-aerolineas-latinoamericanas-perderan-18-mil-millones-por-coronavirus\/\" \/>\n<meta property=\"og:site_name\" content=\"Aeronoticias.com.pe\" \/>\n<meta property=\"article:publisher\" content=\"https:\/\/www.facebook.com\/Aeronoticias.com.pe\/\" \/>\n<meta property=\"article:published_time\" content=\"2020-05-15T02:37:16+00:00\" \/>\n<meta property=\"article:modified_time\" content=\"2020-09-24T22:31:01+00:00\" \/>\n<meta property=\"og:image\" content=\"https:\/\/aeronoticias.com.pe\/noticiero\/wp-content\/uploads\/2020\/05\/iata.jpg\" \/>\n\t<meta property=\"og:image:width\" content=\"580\" \/>\n\t<meta property=\"og:image:height\" content=\"262\" \/>\n\t<meta property=\"og:image:type\" content=\"image\/jpeg\" \/>\n<meta name=\"author\" content=\"Redacci\u00f3n Aeronoticias\" \/>\n<meta name=\"twitter:card\" content=\"summary_large_image\" \/>\n<meta name=\"twitter:creator\" content=\"@aeronoticias\" \/>\n<meta name=\"twitter:site\" content=\"@aeronoticias\" \/>\n<meta name=\"twitter:label1\" content=\"Escrito por\" \/>\n\t<meta name=\"twitter:data1\" content=\"Redacci\u00f3n Aeronoticias\" \/>\n\t<meta name=\"twitter:label2\" content=\"Tiempo de lectura\" \/>\n\t<meta name=\"twitter:data2\" content=\"4 minutos\" \/>\n<script type=\"application\/ld+json\" class=\"yoast-schema-graph\">{\"@context\":\"https:\/\/schema.org\",\"@graph\":[{\"@type\":\"WebPage\",\"@id\":\"https:\/\/aeronoticias.com.pe\/noticiero\/transporte-aereo\/internacional\/iata-aerolineas-latinoamericanas-perderan-18-mil-millones-por-coronavirus\/\",\"url\":\"https:\/\/aeronoticias.com.pe\/noticiero\/transporte-aereo\/internacional\/iata-aerolineas-latinoamericanas-perderan-18-mil-millones-por-coronavirus\/\",\"name\":\"IATA: Aerol\u00edneas latinoamericanas perder\u00e1n $18 mil millones por coronavirus\",\"isPartOf\":{\"@id\":\"https:\/\/aeronoticias.com.pe\/noticiero\/#website\"},\"primaryImageOfPage\":{\"@id\":\"https:\/\/aeronoticias.com.pe\/noticiero\/transporte-aereo\/internacional\/iata-aerolineas-latinoamericanas-perderan-18-mil-millones-por-coronavirus\/#primaryimage\"},\"image\":{\"@id\":\"https:\/\/aeronoticias.com.pe\/noticiero\/transporte-aereo\/internacional\/iata-aerolineas-latinoamericanas-perderan-18-mil-millones-por-coronavirus\/#primaryimage\"},\"thumbnailUrl\":\"https:\/\/aeronoticias.com.pe\/noticiero\/wp-content\/uploads\/2020\/05\/iata.jpg\",\"datePublished\":\"2020-05-15T02:37:16+00:00\",\"dateModified\":\"2020-09-24T22:31:01+00:00\",\"author\":{\"@id\":\"https:\/\/aeronoticias.com.pe\/noticiero\/#\/schema\/person\/fc1e5d578f4b62ba1cf7ac2bba1170a0\"},\"description\":\"La Asociaci\u00f3n Internacional de Transporte A\u00e9reo (IATA) dijo este jueves que est\u00e1 trabajando con los principales pa\u00edses de Latinoam\u00e9rica para trazar planes para la reapertura del sector\",\"breadcrumb\":{\"@id\":\"https:\/\/aeronoticias.com.pe\/noticiero\/transporte-aereo\/internacional\/iata-aerolineas-latinoamericanas-perderan-18-mil-millones-por-coronavirus\/#breadcrumb\"},\"inLanguage\":\"es\",\"potentialAction\":[{\"@type\":\"ReadAction\",\"target\":[\"https:\/\/aeronoticias.com.pe\/noticiero\/transporte-aereo\/internacional\/iata-aerolineas-latinoamericanas-perderan-18-mil-millones-por-coronavirus\/\"]}]},{\"@type\":\"ImageObject\",\"inLanguage\":\"es\",\"@id\":\"https:\/\/aeronoticias.com.pe\/noticiero\/transporte-aereo\/internacional\/iata-aerolineas-latinoamericanas-perderan-18-mil-millones-por-coronavirus\/#primaryimage\",\"url\":\"https:\/\/aeronoticias.com.pe\/noticiero\/wp-content\/uploads\/2020\/05\/iata.jpg\",\"contentUrl\":\"https:\/\/aeronoticias.com.pe\/noticiero\/wp-content\/uploads\/2020\/05\/iata.jpg\",\"width\":580,\"height\":262},{\"@type\":\"BreadcrumbList\",\"@id\":\"https:\/\/aeronoticias.com.pe\/noticiero\/transporte-aereo\/internacional\/iata-aerolineas-latinoamericanas-perderan-18-mil-millones-por-coronavirus\/#breadcrumb\",\"itemListElement\":[{\"@type\":\"ListItem\",\"position\":1,\"name\":\"Portada\",\"item\":\"https:\/\/aeronoticias.com.pe\/noticiero\/\"},{\"@type\":\"ListItem\",\"position\":2,\"name\":\"IATA: Aerol\u00edneas latinoamericanas perder\u00e1n $18 mil millones por coronavirus\"}]},{\"@type\":\"WebSite\",\"@id\":\"https:\/\/aeronoticias.com.pe\/noticiero\/#website\",\"url\":\"https:\/\/aeronoticias.com.pe\/noticiero\/\",\"name\":\"Aeronoticias.com.pe\",\"description\":\"Noticias de tranporte aereo, turismo, hoteles, gastronomia, actualidad, internacional\",\"potentialAction\":[{\"@type\":\"SearchAction\",\"target\":{\"@type\":\"EntryPoint\",\"urlTemplate\":\"https:\/\/aeronoticias.com.pe\/noticiero\/?s={search_term_string}\"},\"query-input\":{\"@type\":\"PropertyValueSpecification\",\"valueRequired\":true,\"valueName\":\"search_term_string\"}}],\"inLanguage\":\"es\"},{\"@type\":\"Person\",\"@id\":\"https:\/\/aeronoticias.com.pe\/noticiero\/#\/schema\/person\/fc1e5d578f4b62ba1cf7ac2bba1170a0\",\"name\":\"Redacci\u00f3n Aeronoticias\",\"url\":\"https:\/\/aeronoticias.com.pe\/noticiero\/author\/piloto\/\"}]}<\/script>\n<!-- \/ Yoast SEO plugin. -->","yoast_head_json":{"title":"IATA: Aerol\u00edneas latinoamericanas perder\u00e1n $18 mil millones por coronavirus","description":"La Asociaci\u00f3n Internacional de Transporte A\u00e9reo (IATA) dijo este jueves que est\u00e1 trabajando con los principales pa\u00edses de Latinoam\u00e9rica para trazar planes para la reapertura del sector","robots":{"index":"index","follow":"follow","max-snippet":"max-snippet:-1","max-image-preview":"max-image-preview:large","max-video-preview":"max-video-preview:-1"},"canonical":"https:\/\/aeronoticias.com.pe\/noticiero\/transporte-aereo\/internacional\/iata-aerolineas-latinoamericanas-perderan-18-mil-millones-por-coronavirus\/","og_locale":"es_ES","og_type":"article","og_title":"IATA: Aerol\u00edneas latinoamericanas perder\u00e1n $18 mil millones por coronavirus","og_description":"La Asociaci\u00f3n Internacional de Transporte A\u00e9reo (IATA) dijo este jueves que est\u00e1 trabajando con los principales pa\u00edses de Latinoam\u00e9rica para trazar planes para la reapertura del sector","og_url":"https:\/\/aeronoticias.com.pe\/noticiero\/transporte-aereo\/internacional\/iata-aerolineas-latinoamericanas-perderan-18-mil-millones-por-coronavirus\/","og_site_name":"Aeronoticias.com.pe","article_publisher":"https:\/\/www.facebook.com\/Aeronoticias.com.pe\/","article_published_time":"2020-05-15T02:37:16+00:00","article_modified_time":"2020-09-24T22:31:01+00:00","og_image":[{"width":580,"height":262,"url":"https:\/\/aeronoticias.com.pe\/noticiero\/wp-content\/uploads\/2020\/05\/iata.jpg","type":"image\/jpeg"}],"author":"Redacci\u00f3n Aeronoticias","twitter_card":"summary_large_image","twitter_creator":"@aeronoticias","twitter_site":"@aeronoticias","twitter_misc":{"Escrito por":"Redacci\u00f3n Aeronoticias","Tiempo de lectura":"4 minutos"},"schema":{"@context":"https:\/\/schema.org","@graph":[{"@type":"WebPage","@id":"https:\/\/aeronoticias.com.pe\/noticiero\/transporte-aereo\/internacional\/iata-aerolineas-latinoamericanas-perderan-18-mil-millones-por-coronavirus\/","url":"https:\/\/aeronoticias.com.pe\/noticiero\/transporte-aereo\/internacional\/iata-aerolineas-latinoamericanas-perderan-18-mil-millones-por-coronavirus\/","name":"IATA: Aerol\u00edneas latinoamericanas perder\u00e1n $18 mil millones por coronavirus","isPartOf":{"@id":"https:\/\/aeronoticias.com.pe\/noticiero\/#website"},"primaryImageOfPage":{"@id":"https:\/\/aeronoticias.com.pe\/noticiero\/transporte-aereo\/internacional\/iata-aerolineas-latinoamericanas-perderan-18-mil-millones-por-coronavirus\/#primaryimage"},"image":{"@id":"https:\/\/aeronoticias.com.pe\/noticiero\/transporte-aereo\/internacional\/iata-aerolineas-latinoamericanas-perderan-18-mil-millones-por-coronavirus\/#primaryimage"},"thumbnailUrl":"https:\/\/aeronoticias.com.pe\/noticiero\/wp-content\/uploads\/2020\/05\/iata.jpg","datePublished":"2020-05-15T02:37:16+00:00","dateModified":"2020-09-24T22:31:01+00:00","author":{"@id":"https:\/\/aeronoticias.com.pe\/noticiero\/#\/schema\/person\/fc1e5d578f4b62ba1cf7ac2bba1170a0"},"description":"La Asociaci\u00f3n Internacional de Transporte A\u00e9reo (IATA) dijo este jueves que est\u00e1 trabajando con los principales pa\u00edses de Latinoam\u00e9rica para trazar planes para la reapertura del sector","breadcrumb":{"@id":"https:\/\/aeronoticias.com.pe\/noticiero\/transporte-aereo\/internacional\/iata-aerolineas-latinoamericanas-perderan-18-mil-millones-por-coronavirus\/#breadcrumb"},"inLanguage":"es","potentialAction":[{"@type":"ReadAction","target":["https:\/\/aeronoticias.com.pe\/noticiero\/transporte-aereo\/internacional\/iata-aerolineas-latinoamericanas-perderan-18-mil-millones-por-coronavirus\/"]}]},{"@type":"ImageObject","inLanguage":"es","@id":"https:\/\/aeronoticias.com.pe\/noticiero\/transporte-aereo\/internacional\/iata-aerolineas-latinoamericanas-perderan-18-mil-millones-por-coronavirus\/#primaryimage","url":"https:\/\/aeronoticias.com.pe\/noticiero\/wp-content\/uploads\/2020\/05\/iata.jpg","contentUrl":"https:\/\/aeronoticias.com.pe\/noticiero\/wp-content\/uploads\/2020\/05\/iata.jpg","width":580,"height":262},{"@type":"BreadcrumbList","@id":"https:\/\/aeronoticias.com.pe\/noticiero\/transporte-aereo\/internacional\/iata-aerolineas-latinoamericanas-perderan-18-mil-millones-por-coronavirus\/#breadcrumb","itemListElement":[{"@type":"ListItem","position":1,"name":"Portada","item":"https:\/\/aeronoticias.com.pe\/noticiero\/"},{"@type":"ListItem","position":2,"name":"IATA: Aerol\u00edneas latinoamericanas perder\u00e1n $18 mil millones por coronavirus"}]},{"@type":"WebSite","@id":"https:\/\/aeronoticias.com.pe\/noticiero\/#website","url":"https:\/\/aeronoticias.com.pe\/noticiero\/","name":"Aeronoticias.com.pe","description":"Noticias de tranporte aereo, turismo, hoteles, gastronomia, actualidad, internacional","potentialAction":[{"@type":"SearchAction","target":{"@type":"EntryPoint","urlTemplate":"https:\/\/aeronoticias.com.pe\/noticiero\/?s={search_term_string}"},"query-input":{"@type":"PropertyValueSpecification","valueRequired":true,"valueName":"search_term_string"}}],"inLanguage":"es"},{"@type":"Person","@id":"https:\/\/aeronoticias.com.pe\/noticiero\/#\/schema\/person\/fc1e5d578f4b62ba1cf7ac2bba1170a0","name":"Redacci\u00f3n Aeronoticias","url":"https:\/\/aeronoticias.com.pe\/noticiero\/author\/piloto\/"}]}},"_links":{"self":[{"href":"https:\/\/aeronoticias.com.pe\/noticiero\/wp-json\/wp\/v2\/posts\/59848","targetHints":{"allow":["GET"]}}],"collection":[{"href":"https:\/\/aeronoticias.com.pe\/noticiero\/wp-json\/wp\/v2\/posts"}],"about":[{"href":"https:\/\/aeronoticias.com.pe\/noticiero\/wp-json\/wp\/v2\/types\/post"}],"author":[{"embeddable":true,"href":"https:\/\/aeronoticias.com.pe\/noticiero\/wp-json\/wp\/v2\/users\/1"}],"replies":[{"embeddable":true,"href":"https:\/\/aeronoticias.com.pe\/noticiero\/wp-json\/wp\/v2\/comments?post=59848"}],"version-history":[{"count":0,"href":"https:\/\/aeronoticias.com.pe\/noticiero\/wp-json\/wp\/v2\/posts\/59848\/revisions"}],"wp:featuredmedia":[{"embeddable":true,"href":"https:\/\/aeronoticias.com.pe\/noticiero\/wp-json\/wp\/v2\/media\/63092"}],"wp:attachment":[{"href":"https:\/\/aeronoticias.com.pe\/noticiero\/wp-json\/wp\/v2\/media?parent=59848"}],"wp:term":[{"taxonomy":"category","embeddable":true,"href":"https:\/\/aeronoticias.com.pe\/noticiero\/wp-json\/wp\/v2\/categories?post=59848"},{"taxonomy":"post_tag","embeddable":true,"href":"https:\/\/aeronoticias.com.pe\/noticiero\/wp-json\/wp\/v2\/tags?post=59848"}],"curies":[{"name":"wp","href":"https:\/\/api.w.org\/{rel}","templated":true}]}}