{"id":59877,"date":"2020-05-19T19:05:16","date_gmt":"2020-05-19T19:05:16","guid":{"rendered":"http:\/\/desarrollo.mcvicious.com\/aero2020\/2020\/05\/19\/un-hombre-secuestrado-de-nino-hace-32-anos-vuelve-a-reunirse-con-su-familia\/"},"modified":"2020-05-19T19:05:16","modified_gmt":"2020-05-19T19:05:16","slug":"un-hombre-secuestrado-de-nino-hace-32-anos-vuelve-a-reunirse-con-su-familia","status":"publish","type":"post","link":"https:\/\/aeronoticias.com.pe\/noticiero\/mundo\/mundo-mundo-2\/un-hombre-secuestrado-de-nino-hace-32-anos-vuelve-a-reunirse-con-su-familia\/","title":{"rendered":"Un hombre secuestrado de ni\u00f1o hace 32 a\u00f1os vuelve a reunirse con su familia"},"content":{"rendered":"<p style=\"text-align: justify;\"><strong>(Aeronoticias).- <\/strong>Un hombre que fue secuestrado cuando era un ni\u00f1o hace 32 a\u00f1os finalmente se reuni\u00f3 con su familia biol\u00f3gica este lunes, con la ayuda de la tecnolog\u00eda de reconocimiento facial. Mao Yin fue arrebatado de sus padres en 1988 cuando ten\u00eda dos a\u00f1os cuando estaba afuera de un hotel en la ciudad china de Xi\u2019an, en la provincia de Shaanxi. Luego fue vendido a una pareja sin hijos en la vecina provincia de Sichuan, seg\u00fan el canal de televisi\u00f3n estatal chino CCTV.<\/p>\n<p style=\"text-align: justify;\">Las autoridades dijeron que todav\u00eda estaban investigando el secuestro inicial y no revelaron m\u00e1s informaci\u00f3n sobre los padres adoptivos de Mao. Mao fue criado por sus padres adoptivos como Gu Ningning, sin saber que sus padres biol\u00f3gicos lo hab\u00edan estado buscando durante m\u00e1s de tres d\u00e9cadas, seg\u00fan el informe. A fines de abril, la polic\u00eda de Xian recibi\u00f3 una pista de que un hombre de la provincia de Sichuan hab\u00eda comprado un ni\u00f1o de Shaanxi a fines de la d\u00e9cada de 1980, inform\u00f3 la agencia estatal de noticias Xinhua.<\/p>\n<p style=\"text-align: justify;\">La polic\u00eda us\u00f3 tecnolog\u00eda de reconocimiento facial para analizar una foto antigua de Mao cuando era ni\u00f1o y cre\u00f3 una imagen simulada de \u00e9l como adulto, que luego se compar\u00f3 con fotos en la base de datos nacional, seg\u00fan CCTV. No dieron detalles sobre la base de datos o el proceso de c\u00f3mo se compararon las fotos.<\/p>\n<p style=\"text-align: justify;\">Despu\u00e9s de una serie de investigaciones y comparaciones, la polic\u00eda localiz\u00f3 a un hombre en la ciudad de Mianyang que se parec\u00eda a la imagen de Mao. M\u00e1s tarde se confirm\u00f3 que era el hijo desaparecido mediante una prueba de ADN, inform\u00f3 Xinhua. El lunes, Mao, de 34 a\u00f1os, se reuni\u00f3 con sus padres biol\u00f3gicos en una conferencia de prensa celebrada por la polic\u00eda de Xi\u2019an.<\/p>\n<p style=\"text-align: justify;\">Al salir de una puerta lateral de la sala de conferencias, Mao llam\u00f3 a su madre y corri\u00f3 hacia ella. La familia de tres se ech\u00f3 a llorar en un largo abrazo, mostr\u00f3 la transmisi\u00f3n en vivo de la conferencia de prensa transmitida en vivo por CCTV. \u201cNo quiero que me deje m\u00e1s. No dejar\u00e9 que me deje m\u00e1s\u201d, dijo su madre, Li Jingzhi, mientras sosten\u00eda con fuerza la mano de su hijo. Mao, que ahora dirige un negocio de decoraci\u00f3n del hogar en Sichuan, dijo que se mudar\u00eda a Xi\u2019an para vivir con sus padres biol\u00f3gicos, seg\u00fan CCTV.<\/p>\n<p style=\"text-align: justify;\">Despu\u00e9s de la desaparici\u00f3n de Mao, Li renunci\u00f3 a su trabajo y se dedic\u00f3 a la b\u00fasqueda de su hijo. Envi\u00f3 m\u00e1s de 100.000 volantes y particip\u00f3 en numerosos programas de televisi\u00f3n nacionales. Tambi\u00e9n se hizo voluntaria, reuni\u00f3 informaci\u00f3n sobre otros ni\u00f1os desaparecidos y ayud\u00f3 a 29 de ellos a reunirse con sus familias.<\/p>\n<p style=\"text-align: justify;\">Seg\u00fan CCTV, Mao hab\u00eda visto a Li hablando sobre su hijo desaparecido en televisi\u00f3n antes, y su persistencia lo conmovi\u00f3, pero no se dio cuenta de que \u00e9l era el chico que ella hab\u00eda pasado d\u00e9cadas buscando. No hay un recuento oficial sobre cu\u00e1ntos ni\u00f1os son secuestrados en China cada a\u00f1o. En el sitio web \u201cBaby Come Home\u201d, una plataforma ampliamente utilizada para que los padres chinos publiquen avisos de ni\u00f1os desaparecidos, m\u00e1s de 51.000 familias registradas est\u00e1n buscando a sus hijos.<\/p>\n<p style=\"text-align: justify;\">Seg\u00fan Xinhua, la polic\u00eda encontr\u00f3 y reuni\u00f3 a m\u00e1s de 6.300 ni\u00f1os secuestrados con sus familias desde que el Ministerio de Seguridad P\u00fablica cre\u00f3 una base de datos de ADN a nivel nacional en 2009 para este prop\u00f3sito.<\/p>\n<p style=\"text-align: justify;\">\u00a0<\/p>\n<p style=\"text-align: justify;\">Fuente: CNN<\/p>\n<p style=\"text-align: justify;\">\u00a0<\/p>\n<p style=\"text-align: justify;\"><img decoding=\"async\" src=\"images\/stories\/china_hombre.png\" border=\"0\" \/><\/p>\n","protected":false},"excerpt":{"rendered":"<p>(Aeronoticias).- Un hombre que fue secuestrado cuando era un ni\u00f1o hace 32 a\u00f1os finalmente se reuni\u00f3 con su familia biol\u00f3gica este lunes, con la ayuda de la tecnolog\u00eda de reconocimiento facial. Mao Yin fue arrebatado de sus padres en 1988 cuando ten\u00eda dos a\u00f1os cuando estaba afuera de un hotel en la ciudad china de [&hellip;]<\/p>\n","protected":false},"author":1,"featured_media":0,"comment_status":"open","ping_status":"open","sticky":false,"template":"","format":"standard","meta":{"tdm_status":"","tdm_grid_status":"","footnotes":""},"categories":[65],"tags":[],"class_list":{"0":"post-59877","1":"post","2":"type-post","3":"status-publish","4":"format-standard","6":"category-mundo-mundo-2"},"yoast_head":"<!-- This site is optimized with the Yoast SEO plugin v25.1 - https:\/\/yoast.com\/wordpress\/plugins\/seo\/ -->\n<title>Un hombre secuestrado de ni\u00f1o hace 32 a\u00f1os vuelve a reunirse con su familia<\/title>\n<meta name=\"description\" content=\"Portal de noticias del Per\u00fa sobre el transporte a\u00e9reo, aviaci\u00f3n, turismo, hoteleria, actualidad.\" \/>\n<meta name=\"robots\" content=\"index, follow, max-snippet:-1, max-image-preview:large, max-video-preview:-1\" \/>\n<link rel=\"canonical\" href=\"https:\/\/aeronoticias.com.pe\/noticiero\/mundo\/mundo-mundo-2\/un-hombre-secuestrado-de-nino-hace-32-anos-vuelve-a-reunirse-con-su-familia\/\" \/>\n<meta property=\"og:locale\" content=\"es_ES\" \/>\n<meta property=\"og:type\" content=\"article\" \/>\n<meta property=\"og:title\" content=\"Un hombre secuestrado de ni\u00f1o hace 32 a\u00f1os vuelve a reunirse con su familia\" \/>\n<meta property=\"og:description\" content=\"Portal de noticias del Per\u00fa sobre el transporte a\u00e9reo, aviaci\u00f3n, turismo, hoteleria, actualidad.\" \/>\n<meta property=\"og:url\" content=\"https:\/\/aeronoticias.com.pe\/noticiero\/mundo\/mundo-mundo-2\/un-hombre-secuestrado-de-nino-hace-32-anos-vuelve-a-reunirse-con-su-familia\/\" \/>\n<meta property=\"og:site_name\" content=\"Aeronoticias.com.pe\" \/>\n<meta property=\"article:publisher\" content=\"https:\/\/www.facebook.com\/Aeronoticias.com.pe\/\" \/>\n<meta property=\"article:published_time\" content=\"2020-05-19T19:05:16+00:00\" \/>\n<meta name=\"author\" content=\"Redacci\u00f3n Aeronoticias\" \/>\n<meta name=\"twitter:card\" content=\"summary_large_image\" \/>\n<meta name=\"twitter:creator\" content=\"@aeronoticias\" \/>\n<meta name=\"twitter:site\" content=\"@aeronoticias\" \/>\n<meta name=\"twitter:label1\" content=\"Escrito por\" \/>\n\t<meta name=\"twitter:data1\" content=\"Redacci\u00f3n Aeronoticias\" \/>\n\t<meta name=\"twitter:label2\" content=\"Tiempo de lectura\" \/>\n\t<meta name=\"twitter:data2\" content=\"3 minutos\" \/>\n<script type=\"application\/ld+json\" class=\"yoast-schema-graph\">{\"@context\":\"https:\/\/schema.org\",\"@graph\":[{\"@type\":\"WebPage\",\"@id\":\"https:\/\/aeronoticias.com.pe\/noticiero\/mundo\/mundo-mundo-2\/un-hombre-secuestrado-de-nino-hace-32-anos-vuelve-a-reunirse-con-su-familia\/\",\"url\":\"https:\/\/aeronoticias.com.pe\/noticiero\/mundo\/mundo-mundo-2\/un-hombre-secuestrado-de-nino-hace-32-anos-vuelve-a-reunirse-con-su-familia\/\",\"name\":\"Un hombre secuestrado de ni\u00f1o hace 32 a\u00f1os vuelve a reunirse con su familia\",\"isPartOf\":{\"@id\":\"https:\/\/aeronoticias.com.pe\/noticiero\/#website\"},\"datePublished\":\"2020-05-19T19:05:16+00:00\",\"author\":{\"@id\":\"https:\/\/aeronoticias.com.pe\/noticiero\/#\/schema\/person\/fc1e5d578f4b62ba1cf7ac2bba1170a0\"},\"description\":\"Portal de noticias del Per\u00fa sobre el transporte a\u00e9reo, aviaci\u00f3n, turismo, hoteleria, actualidad.\",\"breadcrumb\":{\"@id\":\"https:\/\/aeronoticias.com.pe\/noticiero\/mundo\/mundo-mundo-2\/un-hombre-secuestrado-de-nino-hace-32-anos-vuelve-a-reunirse-con-su-familia\/#breadcrumb\"},\"inLanguage\":\"es\",\"potentialAction\":[{\"@type\":\"ReadAction\",\"target\":[\"https:\/\/aeronoticias.com.pe\/noticiero\/mundo\/mundo-mundo-2\/un-hombre-secuestrado-de-nino-hace-32-anos-vuelve-a-reunirse-con-su-familia\/\"]}]},{\"@type\":\"BreadcrumbList\",\"@id\":\"https:\/\/aeronoticias.com.pe\/noticiero\/mundo\/mundo-mundo-2\/un-hombre-secuestrado-de-nino-hace-32-anos-vuelve-a-reunirse-con-su-familia\/#breadcrumb\",\"itemListElement\":[{\"@type\":\"ListItem\",\"position\":1,\"name\":\"Portada\",\"item\":\"https:\/\/aeronoticias.com.pe\/noticiero\/\"},{\"@type\":\"ListItem\",\"position\":2,\"name\":\"Un hombre secuestrado de ni\u00f1o hace 32 a\u00f1os vuelve a reunirse con su familia\"}]},{\"@type\":\"WebSite\",\"@id\":\"https:\/\/aeronoticias.com.pe\/noticiero\/#website\",\"url\":\"https:\/\/aeronoticias.com.pe\/noticiero\/\",\"name\":\"Aeronoticias.com.pe\",\"description\":\"Noticias de tranporte aereo, turismo, hoteles, gastronomia, actualidad, internacional\",\"potentialAction\":[{\"@type\":\"SearchAction\",\"target\":{\"@type\":\"EntryPoint\",\"urlTemplate\":\"https:\/\/aeronoticias.com.pe\/noticiero\/?s={search_term_string}\"},\"query-input\":{\"@type\":\"PropertyValueSpecification\",\"valueRequired\":true,\"valueName\":\"search_term_string\"}}],\"inLanguage\":\"es\"},{\"@type\":\"Person\",\"@id\":\"https:\/\/aeronoticias.com.pe\/noticiero\/#\/schema\/person\/fc1e5d578f4b62ba1cf7ac2bba1170a0\",\"name\":\"Redacci\u00f3n Aeronoticias\",\"url\":\"https:\/\/aeronoticias.com.pe\/noticiero\/author\/piloto\/\"}]}<\/script>\n<!-- \/ Yoast SEO plugin. -->","yoast_head_json":{"title":"Un hombre secuestrado de ni\u00f1o hace 32 a\u00f1os vuelve a reunirse con su familia","description":"Portal de noticias del Per\u00fa sobre el transporte a\u00e9reo, aviaci\u00f3n, turismo, hoteleria, actualidad.","robots":{"index":"index","follow":"follow","max-snippet":"max-snippet:-1","max-image-preview":"max-image-preview:large","max-video-preview":"max-video-preview:-1"},"canonical":"https:\/\/aeronoticias.com.pe\/noticiero\/mundo\/mundo-mundo-2\/un-hombre-secuestrado-de-nino-hace-32-anos-vuelve-a-reunirse-con-su-familia\/","og_locale":"es_ES","og_type":"article","og_title":"Un hombre secuestrado de ni\u00f1o hace 32 a\u00f1os vuelve a reunirse con su familia","og_description":"Portal de noticias del Per\u00fa sobre el transporte a\u00e9reo, aviaci\u00f3n, turismo, hoteleria, actualidad.","og_url":"https:\/\/aeronoticias.com.pe\/noticiero\/mundo\/mundo-mundo-2\/un-hombre-secuestrado-de-nino-hace-32-anos-vuelve-a-reunirse-con-su-familia\/","og_site_name":"Aeronoticias.com.pe","article_publisher":"https:\/\/www.facebook.com\/Aeronoticias.com.pe\/","article_published_time":"2020-05-19T19:05:16+00:00","author":"Redacci\u00f3n Aeronoticias","twitter_card":"summary_large_image","twitter_creator":"@aeronoticias","twitter_site":"@aeronoticias","twitter_misc":{"Escrito por":"Redacci\u00f3n Aeronoticias","Tiempo de lectura":"3 minutos"},"schema":{"@context":"https:\/\/schema.org","@graph":[{"@type":"WebPage","@id":"https:\/\/aeronoticias.com.pe\/noticiero\/mundo\/mundo-mundo-2\/un-hombre-secuestrado-de-nino-hace-32-anos-vuelve-a-reunirse-con-su-familia\/","url":"https:\/\/aeronoticias.com.pe\/noticiero\/mundo\/mundo-mundo-2\/un-hombre-secuestrado-de-nino-hace-32-anos-vuelve-a-reunirse-con-su-familia\/","name":"Un hombre secuestrado de ni\u00f1o hace 32 a\u00f1os vuelve a reunirse con su familia","isPartOf":{"@id":"https:\/\/aeronoticias.com.pe\/noticiero\/#website"},"datePublished":"2020-05-19T19:05:16+00:00","author":{"@id":"https:\/\/aeronoticias.com.pe\/noticiero\/#\/schema\/person\/fc1e5d578f4b62ba1cf7ac2bba1170a0"},"description":"Portal de noticias del Per\u00fa sobre el transporte a\u00e9reo, aviaci\u00f3n, turismo, hoteleria, actualidad.","breadcrumb":{"@id":"https:\/\/aeronoticias.com.pe\/noticiero\/mundo\/mundo-mundo-2\/un-hombre-secuestrado-de-nino-hace-32-anos-vuelve-a-reunirse-con-su-familia\/#breadcrumb"},"inLanguage":"es","potentialAction":[{"@type":"ReadAction","target":["https:\/\/aeronoticias.com.pe\/noticiero\/mundo\/mundo-mundo-2\/un-hombre-secuestrado-de-nino-hace-32-anos-vuelve-a-reunirse-con-su-familia\/"]}]},{"@type":"BreadcrumbList","@id":"https:\/\/aeronoticias.com.pe\/noticiero\/mundo\/mundo-mundo-2\/un-hombre-secuestrado-de-nino-hace-32-anos-vuelve-a-reunirse-con-su-familia\/#breadcrumb","itemListElement":[{"@type":"ListItem","position":1,"name":"Portada","item":"https:\/\/aeronoticias.com.pe\/noticiero\/"},{"@type":"ListItem","position":2,"name":"Un hombre secuestrado de ni\u00f1o hace 32 a\u00f1os vuelve a reunirse con su familia"}]},{"@type":"WebSite","@id":"https:\/\/aeronoticias.com.pe\/noticiero\/#website","url":"https:\/\/aeronoticias.com.pe\/noticiero\/","name":"Aeronoticias.com.pe","description":"Noticias de tranporte aereo, turismo, hoteles, gastronomia, actualidad, internacional","potentialAction":[{"@type":"SearchAction","target":{"@type":"EntryPoint","urlTemplate":"https:\/\/aeronoticias.com.pe\/noticiero\/?s={search_term_string}"},"query-input":{"@type":"PropertyValueSpecification","valueRequired":true,"valueName":"search_term_string"}}],"inLanguage":"es"},{"@type":"Person","@id":"https:\/\/aeronoticias.com.pe\/noticiero\/#\/schema\/person\/fc1e5d578f4b62ba1cf7ac2bba1170a0","name":"Redacci\u00f3n Aeronoticias","url":"https:\/\/aeronoticias.com.pe\/noticiero\/author\/piloto\/"}]}},"_links":{"self":[{"href":"https:\/\/aeronoticias.com.pe\/noticiero\/wp-json\/wp\/v2\/posts\/59877","targetHints":{"allow":["GET"]}}],"collection":[{"href":"https:\/\/aeronoticias.com.pe\/noticiero\/wp-json\/wp\/v2\/posts"}],"about":[{"href":"https:\/\/aeronoticias.com.pe\/noticiero\/wp-json\/wp\/v2\/types\/post"}],"author":[{"embeddable":true,"href":"https:\/\/aeronoticias.com.pe\/noticiero\/wp-json\/wp\/v2\/users\/1"}],"replies":[{"embeddable":true,"href":"https:\/\/aeronoticias.com.pe\/noticiero\/wp-json\/wp\/v2\/comments?post=59877"}],"version-history":[{"count":0,"href":"https:\/\/aeronoticias.com.pe\/noticiero\/wp-json\/wp\/v2\/posts\/59877\/revisions"}],"wp:attachment":[{"href":"https:\/\/aeronoticias.com.pe\/noticiero\/wp-json\/wp\/v2\/media?parent=59877"}],"wp:term":[{"taxonomy":"category","embeddable":true,"href":"https:\/\/aeronoticias.com.pe\/noticiero\/wp-json\/wp\/v2\/categories?post=59877"},{"taxonomy":"post_tag","embeddable":true,"href":"https:\/\/aeronoticias.com.pe\/noticiero\/wp-json\/wp\/v2\/tags?post=59877"}],"curies":[{"name":"wp","href":"https:\/\/api.w.org\/{rel}","templated":true}]}}