{"id":59878,"date":"2020-05-19T19:17:52","date_gmt":"2020-05-19T19:17:52","guid":{"rendered":"http:\/\/desarrollo.mcvicious.com\/aero2020\/2020\/05\/19\/respiradores-y-mascarillas-con-valvulas-no-protegen-a-los-demas\/"},"modified":"2020-05-19T19:17:52","modified_gmt":"2020-05-19T19:17:52","slug":"respiradores-y-mascarillas-con-valvulas-no-protegen-a-los-demas","status":"publish","type":"post","link":"https:\/\/aeronoticias.com.pe\/noticiero\/nacionales\/respiradores-y-mascarillas-con-valvulas-no-protegen-a-los-demas\/","title":{"rendered":"Respiradores y mascarillas con v\u00e1lvulas no protegen a los dem\u00e1s"},"content":{"rendered":"<p style=\"text-align: justify;\"><strong>(Aderonoticias).- <\/strong>Un polic\u00eda que prestaba servicio en el distrito de Jes\u00fas Mar\u00eda, en una zona llena de mercados, farmacias y bancos, usaba un respirador con filtros, de esos que dan la impresi\u00f3n de ser m\u00e1s seguros que las mascarillas comunes y corrientes, y que muchos agentes est\u00e1n usando.<\/p>\n<p style=\"text-align: justify;\">\u2013\u00bfSon m\u00e1s seguros contra el COVID-19? \u2013 le pregunt\u00e9.<\/p>\n<p style=\"text-align: justify;\">\u2013S\u00ed, porque tienen filtros y se cambian cada cierto tiempo\u2013 respondi\u00f3.<\/p>\n<p style=\"text-align: justify;\">\u2013\u00bfLo compr\u00f3 usted?<\/p>\n<p style=\"text-align: justify;\">\u2013Me lo dio mi unidad, la Dinoes\u2013 dijo.<\/p>\n<p style=\"text-align: justify;\">Estos respiradores reutilizables de media cara tienen, como dijo el polic\u00eda, un sistema de filtros que reduce el riesgo de inhalar gases y part\u00edculas peligrosas del aire incluyendo agentes infecciosos como el SARS-CoV-2. Si se usan los filtros correctos, este aparato puede ser una barrera efectiva contra la pandemia.<\/p>\n<p style=\"text-align: justify;\">Tienen, adem\u00e1s, un mecanismo llamado v\u00e1lvula de exhalaci\u00f3n. Es como una peque\u00f1a membrana que se abre internamente para expulsar el aire sin filtrar. Seg\u00fan explican los fabricantes en sus manuales y videos instructivos, esto hace m\u00e1s confortable la respiraci\u00f3n.<\/p>\n<p style=\"text-align: justify;\">Algunas mascarillas tipo N95 y similares tambi\u00e9n vienen con v\u00e1lvulas de exhalaci\u00f3n. Son f\u00e1ciles de ver, pues est\u00e1n en la parte frontal o lateral como una peque\u00f1a tapa redonda o rectangular, de color blanco o amarillo, a veces con una especie de rendijas. \u00a0Cumplen la misma funci\u00f3n que en los respiradores, es decir, facilitar que el aire exhalado salga.<\/p>\n<p style=\"text-align: justify;\">En una serie de documentos y art\u00edculos revisados esta semana por El Comercio, se afirma que tanto los respiradores como las mascarillas con estas v\u00e1lvulas pueden proteger del virus a los que se las ponen. Sin embargo, se aconseja que un infectado con el nuevo coronavirus no las use porque podr\u00eda poner en peligro a personas de su entorno.<\/p>\n<p style=\"text-align: justify;\">Esta advertencia ya la han hecho organismos internacionales de salud como el Centro de Prevenci\u00f3n de Enfermedades (CDC) de los Estados Unidos de Norteam\u00e9rica y algunos fabricantes que en este reportaje detallaremos. En el Per\u00fa no se ha dicho mucho al respecto y m\u00e1s bien estas mascarillas y respiradores se usan cada vez m\u00e1s entre polic\u00edas, soldados y la poblaci\u00f3n. Ni las autoridades se han salvado.<\/p>\n<p style=\"text-align: justify;\">El pasado 4 de mayo, el alcalde de Lima, Jorge Mu\u00f1oz, acudi\u00f3 a recibir una donaci\u00f3n para los albergues de la ciudad. Us\u00f3 una mascarilla con v\u00e1lvula de exhalaci\u00f3n de la marca Steelpro Safety N95. La Municipalidad de Lima contest\u00f3 que estos protectores dados al alcalde corresponden a un lote de 1.500 mascarillas compradas el 2019 por la Subgerencia de Defensa Civil a un precio unitario de S\/4. La proveedora fue Annigoods and Service S.A.C.<\/p>\n<p style=\"text-align: justify;\">\u00a0<\/p>\n<p style=\"text-align: justify;\">Fuente: El Comercio<\/p>\n<p style=\"text-align: justify;\"><img decoding=\"async\" src=\"images\/stories\/mascarillan95.png\" border=\"0\" \/><\/p>\n<p style=\"text-align: justify;\">\u00a0<\/p>\n","protected":false},"excerpt":{"rendered":"<p>(Aderonoticias).- Un polic\u00eda que prestaba servicio en el distrito de Jes\u00fas Mar\u00eda, en una zona llena de mercados, farmacias y bancos, usaba un respirador con filtros, de esos que dan la impresi\u00f3n de ser m\u00e1s seguros que las mascarillas comunes y corrientes, y que muchos agentes est\u00e1n usando. \u2013\u00bfSon m\u00e1s seguros contra el COVID-19? \u2013 [&hellip;]<\/p>\n","protected":false},"author":1,"featured_media":0,"comment_status":"open","ping_status":"open","sticky":false,"template":"","format":"standard","meta":{"tdm_status":"","tdm_grid_status":"","footnotes":""},"categories":[38],"tags":[],"class_list":{"0":"post-59878","1":"post","2":"type-post","3":"status-publish","4":"format-standard","6":"category-nacionales"},"yoast_head":"<!-- This site is optimized with the Yoast SEO plugin v25.1 - https:\/\/yoast.com\/wordpress\/plugins\/seo\/ -->\n<title>Respiradores y mascarillas con v\u00e1lvulas no protegen a los dem\u00e1s<\/title>\n<meta name=\"description\" content=\"Portal de noticias del Per\u00fa sobre el transporte a\u00e9reo, aviaci\u00f3n, turismo, hoteleria, actualidad.\" \/>\n<meta name=\"robots\" content=\"index, follow, max-snippet:-1, max-image-preview:large, max-video-preview:-1\" \/>\n<link rel=\"canonical\" href=\"https:\/\/aeronoticias.com.pe\/noticiero\/nacionales\/respiradores-y-mascarillas-con-valvulas-no-protegen-a-los-demas\/\" \/>\n<meta property=\"og:locale\" content=\"es_ES\" \/>\n<meta property=\"og:type\" content=\"article\" \/>\n<meta property=\"og:title\" content=\"Respiradores y mascarillas con v\u00e1lvulas no protegen a los dem\u00e1s\" \/>\n<meta property=\"og:description\" content=\"Portal de noticias del Per\u00fa sobre el transporte a\u00e9reo, aviaci\u00f3n, turismo, hoteleria, actualidad.\" \/>\n<meta property=\"og:url\" content=\"https:\/\/aeronoticias.com.pe\/noticiero\/nacionales\/respiradores-y-mascarillas-con-valvulas-no-protegen-a-los-demas\/\" \/>\n<meta property=\"og:site_name\" content=\"Aeronoticias.com.pe\" \/>\n<meta property=\"article:publisher\" content=\"https:\/\/www.facebook.com\/Aeronoticias.com.pe\/\" \/>\n<meta property=\"article:published_time\" content=\"2020-05-19T19:17:52+00:00\" \/>\n<meta name=\"author\" content=\"Redacci\u00f3n Aeronoticias\" \/>\n<meta name=\"twitter:card\" content=\"summary_large_image\" \/>\n<meta name=\"twitter:creator\" content=\"@aeronoticias\" \/>\n<meta name=\"twitter:site\" content=\"@aeronoticias\" \/>\n<meta name=\"twitter:label1\" content=\"Escrito por\" \/>\n\t<meta name=\"twitter:data1\" content=\"Redacci\u00f3n Aeronoticias\" \/>\n\t<meta name=\"twitter:label2\" content=\"Tiempo de lectura\" \/>\n\t<meta name=\"twitter:data2\" content=\"2 minutos\" \/>\n<script type=\"application\/ld+json\" class=\"yoast-schema-graph\">{\"@context\":\"https:\/\/schema.org\",\"@graph\":[{\"@type\":\"WebPage\",\"@id\":\"https:\/\/aeronoticias.com.pe\/noticiero\/nacionales\/respiradores-y-mascarillas-con-valvulas-no-protegen-a-los-demas\/\",\"url\":\"https:\/\/aeronoticias.com.pe\/noticiero\/nacionales\/respiradores-y-mascarillas-con-valvulas-no-protegen-a-los-demas\/\",\"name\":\"Respiradores y mascarillas con v\u00e1lvulas no protegen a los dem\u00e1s\",\"isPartOf\":{\"@id\":\"https:\/\/aeronoticias.com.pe\/noticiero\/#website\"},\"datePublished\":\"2020-05-19T19:17:52+00:00\",\"author\":{\"@id\":\"https:\/\/aeronoticias.com.pe\/noticiero\/#\/schema\/person\/fc1e5d578f4b62ba1cf7ac2bba1170a0\"},\"description\":\"Portal de noticias del Per\u00fa sobre el transporte a\u00e9reo, aviaci\u00f3n, turismo, hoteleria, actualidad.\",\"breadcrumb\":{\"@id\":\"https:\/\/aeronoticias.com.pe\/noticiero\/nacionales\/respiradores-y-mascarillas-con-valvulas-no-protegen-a-los-demas\/#breadcrumb\"},\"inLanguage\":\"es\",\"potentialAction\":[{\"@type\":\"ReadAction\",\"target\":[\"https:\/\/aeronoticias.com.pe\/noticiero\/nacionales\/respiradores-y-mascarillas-con-valvulas-no-protegen-a-los-demas\/\"]}]},{\"@type\":\"BreadcrumbList\",\"@id\":\"https:\/\/aeronoticias.com.pe\/noticiero\/nacionales\/respiradores-y-mascarillas-con-valvulas-no-protegen-a-los-demas\/#breadcrumb\",\"itemListElement\":[{\"@type\":\"ListItem\",\"position\":1,\"name\":\"Portada\",\"item\":\"https:\/\/aeronoticias.com.pe\/noticiero\/\"},{\"@type\":\"ListItem\",\"position\":2,\"name\":\"Respiradores y mascarillas con v\u00e1lvulas no protegen a los dem\u00e1s\"}]},{\"@type\":\"WebSite\",\"@id\":\"https:\/\/aeronoticias.com.pe\/noticiero\/#website\",\"url\":\"https:\/\/aeronoticias.com.pe\/noticiero\/\",\"name\":\"Aeronoticias.com.pe\",\"description\":\"Noticias de tranporte aereo, turismo, hoteles, gastronomia, actualidad, internacional\",\"potentialAction\":[{\"@type\":\"SearchAction\",\"target\":{\"@type\":\"EntryPoint\",\"urlTemplate\":\"https:\/\/aeronoticias.com.pe\/noticiero\/?s={search_term_string}\"},\"query-input\":{\"@type\":\"PropertyValueSpecification\",\"valueRequired\":true,\"valueName\":\"search_term_string\"}}],\"inLanguage\":\"es\"},{\"@type\":\"Person\",\"@id\":\"https:\/\/aeronoticias.com.pe\/noticiero\/#\/schema\/person\/fc1e5d578f4b62ba1cf7ac2bba1170a0\",\"name\":\"Redacci\u00f3n Aeronoticias\",\"url\":\"https:\/\/aeronoticias.com.pe\/noticiero\/author\/piloto\/\"}]}<\/script>\n<!-- \/ Yoast SEO plugin. -->","yoast_head_json":{"title":"Respiradores y mascarillas con v\u00e1lvulas no protegen a los dem\u00e1s","description":"Portal de noticias del Per\u00fa sobre el transporte a\u00e9reo, aviaci\u00f3n, turismo, hoteleria, actualidad.","robots":{"index":"index","follow":"follow","max-snippet":"max-snippet:-1","max-image-preview":"max-image-preview:large","max-video-preview":"max-video-preview:-1"},"canonical":"https:\/\/aeronoticias.com.pe\/noticiero\/nacionales\/respiradores-y-mascarillas-con-valvulas-no-protegen-a-los-demas\/","og_locale":"es_ES","og_type":"article","og_title":"Respiradores y mascarillas con v\u00e1lvulas no protegen a los dem\u00e1s","og_description":"Portal de noticias del Per\u00fa sobre el transporte a\u00e9reo, aviaci\u00f3n, turismo, hoteleria, actualidad.","og_url":"https:\/\/aeronoticias.com.pe\/noticiero\/nacionales\/respiradores-y-mascarillas-con-valvulas-no-protegen-a-los-demas\/","og_site_name":"Aeronoticias.com.pe","article_publisher":"https:\/\/www.facebook.com\/Aeronoticias.com.pe\/","article_published_time":"2020-05-19T19:17:52+00:00","author":"Redacci\u00f3n Aeronoticias","twitter_card":"summary_large_image","twitter_creator":"@aeronoticias","twitter_site":"@aeronoticias","twitter_misc":{"Escrito por":"Redacci\u00f3n Aeronoticias","Tiempo de lectura":"2 minutos"},"schema":{"@context":"https:\/\/schema.org","@graph":[{"@type":"WebPage","@id":"https:\/\/aeronoticias.com.pe\/noticiero\/nacionales\/respiradores-y-mascarillas-con-valvulas-no-protegen-a-los-demas\/","url":"https:\/\/aeronoticias.com.pe\/noticiero\/nacionales\/respiradores-y-mascarillas-con-valvulas-no-protegen-a-los-demas\/","name":"Respiradores y mascarillas con v\u00e1lvulas no protegen a los dem\u00e1s","isPartOf":{"@id":"https:\/\/aeronoticias.com.pe\/noticiero\/#website"},"datePublished":"2020-05-19T19:17:52+00:00","author":{"@id":"https:\/\/aeronoticias.com.pe\/noticiero\/#\/schema\/person\/fc1e5d578f4b62ba1cf7ac2bba1170a0"},"description":"Portal de noticias del Per\u00fa sobre el transporte a\u00e9reo, aviaci\u00f3n, turismo, hoteleria, actualidad.","breadcrumb":{"@id":"https:\/\/aeronoticias.com.pe\/noticiero\/nacionales\/respiradores-y-mascarillas-con-valvulas-no-protegen-a-los-demas\/#breadcrumb"},"inLanguage":"es","potentialAction":[{"@type":"ReadAction","target":["https:\/\/aeronoticias.com.pe\/noticiero\/nacionales\/respiradores-y-mascarillas-con-valvulas-no-protegen-a-los-demas\/"]}]},{"@type":"BreadcrumbList","@id":"https:\/\/aeronoticias.com.pe\/noticiero\/nacionales\/respiradores-y-mascarillas-con-valvulas-no-protegen-a-los-demas\/#breadcrumb","itemListElement":[{"@type":"ListItem","position":1,"name":"Portada","item":"https:\/\/aeronoticias.com.pe\/noticiero\/"},{"@type":"ListItem","position":2,"name":"Respiradores y mascarillas con v\u00e1lvulas no protegen a los dem\u00e1s"}]},{"@type":"WebSite","@id":"https:\/\/aeronoticias.com.pe\/noticiero\/#website","url":"https:\/\/aeronoticias.com.pe\/noticiero\/","name":"Aeronoticias.com.pe","description":"Noticias de tranporte aereo, turismo, hoteles, gastronomia, actualidad, internacional","potentialAction":[{"@type":"SearchAction","target":{"@type":"EntryPoint","urlTemplate":"https:\/\/aeronoticias.com.pe\/noticiero\/?s={search_term_string}"},"query-input":{"@type":"PropertyValueSpecification","valueRequired":true,"valueName":"search_term_string"}}],"inLanguage":"es"},{"@type":"Person","@id":"https:\/\/aeronoticias.com.pe\/noticiero\/#\/schema\/person\/fc1e5d578f4b62ba1cf7ac2bba1170a0","name":"Redacci\u00f3n Aeronoticias","url":"https:\/\/aeronoticias.com.pe\/noticiero\/author\/piloto\/"}]}},"_links":{"self":[{"href":"https:\/\/aeronoticias.com.pe\/noticiero\/wp-json\/wp\/v2\/posts\/59878","targetHints":{"allow":["GET"]}}],"collection":[{"href":"https:\/\/aeronoticias.com.pe\/noticiero\/wp-json\/wp\/v2\/posts"}],"about":[{"href":"https:\/\/aeronoticias.com.pe\/noticiero\/wp-json\/wp\/v2\/types\/post"}],"author":[{"embeddable":true,"href":"https:\/\/aeronoticias.com.pe\/noticiero\/wp-json\/wp\/v2\/users\/1"}],"replies":[{"embeddable":true,"href":"https:\/\/aeronoticias.com.pe\/noticiero\/wp-json\/wp\/v2\/comments?post=59878"}],"version-history":[{"count":0,"href":"https:\/\/aeronoticias.com.pe\/noticiero\/wp-json\/wp\/v2\/posts\/59878\/revisions"}],"wp:attachment":[{"href":"https:\/\/aeronoticias.com.pe\/noticiero\/wp-json\/wp\/v2\/media?parent=59878"}],"wp:term":[{"taxonomy":"category","embeddable":true,"href":"https:\/\/aeronoticias.com.pe\/noticiero\/wp-json\/wp\/v2\/categories?post=59878"},{"taxonomy":"post_tag","embeddable":true,"href":"https:\/\/aeronoticias.com.pe\/noticiero\/wp-json\/wp\/v2\/tags?post=59878"}],"curies":[{"name":"wp","href":"https:\/\/api.w.org\/{rel}","templated":true}]}}