{"id":59879,"date":"2020-05-19T19:22:04","date_gmt":"2020-05-19T19:22:04","guid":{"rendered":"http:\/\/desarrollo.mcvicious.com\/aero2020\/2020\/05\/19\/bono-universal-familiar-midis-anuncia-que-plataforma-sera-publicada-manana-y-estara-abierta-por-10-dias\/"},"modified":"2020-05-19T19:22:04","modified_gmt":"2020-05-19T19:22:04","slug":"bono-universal-familiar-midis-anuncia-que-plataforma-sera-publicada-manana-y-estara-abierta-por-10-dias","status":"publish","type":"post","link":"https:\/\/aeronoticias.com.pe\/noticiero\/economia\/bono-universal-familiar-midis-anuncia-que-plataforma-sera-publicada-manana-y-estara-abierta-por-10-dias\/","title":{"rendered":"Bono Universal Familiar: Midis anuncia que plataforma ser\u00e1 publicada ma\u00f1ana y estar\u00e1 abierta por 10 d\u00edas"},"content":{"rendered":"<p style=\"text-align: justify;\"><strong>(Aeronoticias).- <\/strong>La titular del Ministerio de Desarrollo e Inclusi\u00f3n Social (Midis), Ariela Luna, inform\u00f3 que desde ma\u00f1ana 20 de mayo iniciar\u00e1 el pago de el Bono Universal Familiar, para lo cual se publicar\u00e1 la plataforma para saber si accede a este subsidio de S\/760 en la misma fecha. Es decir, el link del bono universal todav\u00eda no es p\u00fablico.<\/p>\n<p style=\"text-align: justify;\">Esta plataforma, agreg\u00f3, servir\u00e1 para que los hogares que no se hayan visto beneficiados por alg\u00fan bono del Estado puedan inscribirse al pago del Bono Familiar Universal.<\/p>\n<p style=\"text-align: justify;\">\u201cCuando empezamos con el Bono Universal dije que el padr\u00f3n general de hogares no conten\u00eda a todos los hogares peruanos y que ten\u00edamos que ir hacia un padr\u00f3n mucho m\u00e1s grande. Hoy ese registro nacional de hogares ya existe, y se va a completar con la plataforma que se va a publicar ma\u00f1ana para que hogares que no est\u00e9n en ning\u00fan bono se puedan inscribir\u201d, indic\u00f3 Luna durante su presentaci\u00f3n en la Comisi\u00f3n de Presupuesto y Cuenta General de la Rep\u00fablica del Congreso.<\/p>\n<p style=\"text-align: justify;\">Asimismo, recalc\u00f3 que la inscripci\u00f3n a esta plataforma no significa que estos tengan acceso directo al bono para afrontar al COVID-19, pues se revisar\u00e1 que cumplan con los requisitos fijados previamente.<\/p>\n<p style=\"text-align: justify;\">\u201cLa inscripci\u00f3n no significa que acceda directamente al bono, porque hay un criterio [de selecci\u00f3n]\u201d, indic\u00f3. En ese sentido, acceder\u00e1n los hogares que no reciben ingresos permanente (ning\u00fan miembro de la familia est\u00e1 en planilla).<\/p>\n<p style=\"text-align: justify;\">En esa l\u00ednea, la ministra dijo que la plataforma estar\u00e1 disponible para que las personas que no han recibidio ning\u00fan bono se inscriban solo durante 10 d\u00edas.<\/p>\n<p style=\"text-align: justify;\">\u201cSon 10 d\u00edas que va a estar la plataforma abierta. Es para las personas que no est\u00e1n en los otros bonos puedan inscribirse\u201d, precis\u00f3.<\/p>\n<p style=\"text-align: justify;\">Fuente: El Comercio<\/p>\n<p style=\"text-align: justify;\">\u00a0<\/p>\n<p><img decoding=\"async\" src=\"images\/stories\/bono.png\" border=\"0\" \/><\/p>\n","protected":false},"excerpt":{"rendered":"<p>(Aeronoticias).- La titular del Ministerio de Desarrollo e Inclusi\u00f3n Social (Midis), Ariela Luna, inform\u00f3 que desde ma\u00f1ana 20 de mayo iniciar\u00e1 el pago de el Bono Universal Familiar, para lo cual se publicar\u00e1 la plataforma para saber si accede a este subsidio de S\/760 en la misma fecha. Es decir, el link del bono universal [&hellip;]<\/p>\n","protected":false},"author":1,"featured_media":0,"comment_status":"open","ping_status":"open","sticky":false,"template":"","format":"standard","meta":{"tdm_status":"","tdm_grid_status":"","footnotes":""},"categories":[33],"tags":[],"class_list":{"0":"post-59879","1":"post","2":"type-post","3":"status-publish","4":"format-standard","6":"category-economia"},"yoast_head":"<!-- This site is optimized with the Yoast SEO plugin v25.1 - https:\/\/yoast.com\/wordpress\/plugins\/seo\/ -->\n<title>Bono Universal Familiar: Midis anuncia que plataforma ser\u00e1 publicada ma\u00f1ana y estar\u00e1 abierta por 10 d\u00edas<\/title>\n<meta name=\"description\" content=\"Portal de noticias del Per\u00fa sobre el transporte a\u00e9reo, aviaci\u00f3n, turismo, hoteleria, actualidad.\" \/>\n<meta name=\"robots\" content=\"index, follow, max-snippet:-1, max-image-preview:large, max-video-preview:-1\" \/>\n<link rel=\"canonical\" href=\"https:\/\/aeronoticias.com.pe\/noticiero\/economia\/bono-universal-familiar-midis-anuncia-que-plataforma-sera-publicada-manana-y-estara-abierta-por-10-dias\/\" \/>\n<meta property=\"og:locale\" content=\"es_ES\" \/>\n<meta property=\"og:type\" content=\"article\" \/>\n<meta property=\"og:title\" content=\"Bono Universal Familiar: Midis anuncia que plataforma ser\u00e1 publicada ma\u00f1ana y estar\u00e1 abierta por 10 d\u00edas\" \/>\n<meta property=\"og:description\" content=\"Portal de noticias del Per\u00fa sobre el transporte a\u00e9reo, aviaci\u00f3n, turismo, hoteleria, actualidad.\" \/>\n<meta property=\"og:url\" content=\"https:\/\/aeronoticias.com.pe\/noticiero\/economia\/bono-universal-familiar-midis-anuncia-que-plataforma-sera-publicada-manana-y-estara-abierta-por-10-dias\/\" \/>\n<meta property=\"og:site_name\" content=\"Aeronoticias.com.pe\" \/>\n<meta property=\"article:publisher\" content=\"https:\/\/www.facebook.com\/Aeronoticias.com.pe\/\" \/>\n<meta property=\"article:published_time\" content=\"2020-05-19T19:22:04+00:00\" \/>\n<meta name=\"author\" content=\"Redacci\u00f3n Aeronoticias\" \/>\n<meta name=\"twitter:card\" content=\"summary_large_image\" \/>\n<meta name=\"twitter:creator\" content=\"@aeronoticias\" \/>\n<meta name=\"twitter:site\" content=\"@aeronoticias\" \/>\n<meta name=\"twitter:label1\" content=\"Escrito por\" \/>\n\t<meta name=\"twitter:data1\" content=\"Redacci\u00f3n Aeronoticias\" \/>\n\t<meta name=\"twitter:label2\" content=\"Tiempo de lectura\" \/>\n\t<meta name=\"twitter:data2\" content=\"2 minutos\" \/>\n<script type=\"application\/ld+json\" class=\"yoast-schema-graph\">{\"@context\":\"https:\/\/schema.org\",\"@graph\":[{\"@type\":\"WebPage\",\"@id\":\"https:\/\/aeronoticias.com.pe\/noticiero\/economia\/bono-universal-familiar-midis-anuncia-que-plataforma-sera-publicada-manana-y-estara-abierta-por-10-dias\/\",\"url\":\"https:\/\/aeronoticias.com.pe\/noticiero\/economia\/bono-universal-familiar-midis-anuncia-que-plataforma-sera-publicada-manana-y-estara-abierta-por-10-dias\/\",\"name\":\"Bono Universal Familiar: Midis anuncia que plataforma ser\u00e1 publicada ma\u00f1ana y estar\u00e1 abierta por 10 d\u00edas\",\"isPartOf\":{\"@id\":\"https:\/\/aeronoticias.com.pe\/noticiero\/#website\"},\"datePublished\":\"2020-05-19T19:22:04+00:00\",\"author\":{\"@id\":\"https:\/\/aeronoticias.com.pe\/noticiero\/#\/schema\/person\/fc1e5d578f4b62ba1cf7ac2bba1170a0\"},\"description\":\"Portal de noticias del Per\u00fa sobre el transporte a\u00e9reo, aviaci\u00f3n, turismo, hoteleria, actualidad.\",\"breadcrumb\":{\"@id\":\"https:\/\/aeronoticias.com.pe\/noticiero\/economia\/bono-universal-familiar-midis-anuncia-que-plataforma-sera-publicada-manana-y-estara-abierta-por-10-dias\/#breadcrumb\"},\"inLanguage\":\"es\",\"potentialAction\":[{\"@type\":\"ReadAction\",\"target\":[\"https:\/\/aeronoticias.com.pe\/noticiero\/economia\/bono-universal-familiar-midis-anuncia-que-plataforma-sera-publicada-manana-y-estara-abierta-por-10-dias\/\"]}]},{\"@type\":\"BreadcrumbList\",\"@id\":\"https:\/\/aeronoticias.com.pe\/noticiero\/economia\/bono-universal-familiar-midis-anuncia-que-plataforma-sera-publicada-manana-y-estara-abierta-por-10-dias\/#breadcrumb\",\"itemListElement\":[{\"@type\":\"ListItem\",\"position\":1,\"name\":\"Portada\",\"item\":\"https:\/\/aeronoticias.com.pe\/noticiero\/\"},{\"@type\":\"ListItem\",\"position\":2,\"name\":\"Bono Universal Familiar: Midis anuncia que plataforma ser\u00e1 publicada ma\u00f1ana y estar\u00e1 abierta por 10 d\u00edas\"}]},{\"@type\":\"WebSite\",\"@id\":\"https:\/\/aeronoticias.com.pe\/noticiero\/#website\",\"url\":\"https:\/\/aeronoticias.com.pe\/noticiero\/\",\"name\":\"Aeronoticias.com.pe\",\"description\":\"Noticias de tranporte aereo, turismo, hoteles, gastronomia, actualidad, internacional\",\"potentialAction\":[{\"@type\":\"SearchAction\",\"target\":{\"@type\":\"EntryPoint\",\"urlTemplate\":\"https:\/\/aeronoticias.com.pe\/noticiero\/?s={search_term_string}\"},\"query-input\":{\"@type\":\"PropertyValueSpecification\",\"valueRequired\":true,\"valueName\":\"search_term_string\"}}],\"inLanguage\":\"es\"},{\"@type\":\"Person\",\"@id\":\"https:\/\/aeronoticias.com.pe\/noticiero\/#\/schema\/person\/fc1e5d578f4b62ba1cf7ac2bba1170a0\",\"name\":\"Redacci\u00f3n Aeronoticias\",\"url\":\"https:\/\/aeronoticias.com.pe\/noticiero\/author\/piloto\/\"}]}<\/script>\n<!-- \/ Yoast SEO plugin. -->","yoast_head_json":{"title":"Bono Universal Familiar: Midis anuncia que plataforma ser\u00e1 publicada ma\u00f1ana y estar\u00e1 abierta por 10 d\u00edas","description":"Portal de noticias del Per\u00fa sobre el transporte a\u00e9reo, aviaci\u00f3n, turismo, hoteleria, actualidad.","robots":{"index":"index","follow":"follow","max-snippet":"max-snippet:-1","max-image-preview":"max-image-preview:large","max-video-preview":"max-video-preview:-1"},"canonical":"https:\/\/aeronoticias.com.pe\/noticiero\/economia\/bono-universal-familiar-midis-anuncia-que-plataforma-sera-publicada-manana-y-estara-abierta-por-10-dias\/","og_locale":"es_ES","og_type":"article","og_title":"Bono Universal Familiar: Midis anuncia que plataforma ser\u00e1 publicada ma\u00f1ana y estar\u00e1 abierta por 10 d\u00edas","og_description":"Portal de noticias del Per\u00fa sobre el transporte a\u00e9reo, aviaci\u00f3n, turismo, hoteleria, actualidad.","og_url":"https:\/\/aeronoticias.com.pe\/noticiero\/economia\/bono-universal-familiar-midis-anuncia-que-plataforma-sera-publicada-manana-y-estara-abierta-por-10-dias\/","og_site_name":"Aeronoticias.com.pe","article_publisher":"https:\/\/www.facebook.com\/Aeronoticias.com.pe\/","article_published_time":"2020-05-19T19:22:04+00:00","author":"Redacci\u00f3n Aeronoticias","twitter_card":"summary_large_image","twitter_creator":"@aeronoticias","twitter_site":"@aeronoticias","twitter_misc":{"Escrito por":"Redacci\u00f3n Aeronoticias","Tiempo de lectura":"2 minutos"},"schema":{"@context":"https:\/\/schema.org","@graph":[{"@type":"WebPage","@id":"https:\/\/aeronoticias.com.pe\/noticiero\/economia\/bono-universal-familiar-midis-anuncia-que-plataforma-sera-publicada-manana-y-estara-abierta-por-10-dias\/","url":"https:\/\/aeronoticias.com.pe\/noticiero\/economia\/bono-universal-familiar-midis-anuncia-que-plataforma-sera-publicada-manana-y-estara-abierta-por-10-dias\/","name":"Bono Universal Familiar: Midis anuncia que plataforma ser\u00e1 publicada ma\u00f1ana y estar\u00e1 abierta por 10 d\u00edas","isPartOf":{"@id":"https:\/\/aeronoticias.com.pe\/noticiero\/#website"},"datePublished":"2020-05-19T19:22:04+00:00","author":{"@id":"https:\/\/aeronoticias.com.pe\/noticiero\/#\/schema\/person\/fc1e5d578f4b62ba1cf7ac2bba1170a0"},"description":"Portal de noticias del Per\u00fa sobre el transporte a\u00e9reo, aviaci\u00f3n, turismo, hoteleria, actualidad.","breadcrumb":{"@id":"https:\/\/aeronoticias.com.pe\/noticiero\/economia\/bono-universal-familiar-midis-anuncia-que-plataforma-sera-publicada-manana-y-estara-abierta-por-10-dias\/#breadcrumb"},"inLanguage":"es","potentialAction":[{"@type":"ReadAction","target":["https:\/\/aeronoticias.com.pe\/noticiero\/economia\/bono-universal-familiar-midis-anuncia-que-plataforma-sera-publicada-manana-y-estara-abierta-por-10-dias\/"]}]},{"@type":"BreadcrumbList","@id":"https:\/\/aeronoticias.com.pe\/noticiero\/economia\/bono-universal-familiar-midis-anuncia-que-plataforma-sera-publicada-manana-y-estara-abierta-por-10-dias\/#breadcrumb","itemListElement":[{"@type":"ListItem","position":1,"name":"Portada","item":"https:\/\/aeronoticias.com.pe\/noticiero\/"},{"@type":"ListItem","position":2,"name":"Bono Universal Familiar: Midis anuncia que plataforma ser\u00e1 publicada ma\u00f1ana y estar\u00e1 abierta por 10 d\u00edas"}]},{"@type":"WebSite","@id":"https:\/\/aeronoticias.com.pe\/noticiero\/#website","url":"https:\/\/aeronoticias.com.pe\/noticiero\/","name":"Aeronoticias.com.pe","description":"Noticias de tranporte aereo, turismo, hoteles, gastronomia, actualidad, internacional","potentialAction":[{"@type":"SearchAction","target":{"@type":"EntryPoint","urlTemplate":"https:\/\/aeronoticias.com.pe\/noticiero\/?s={search_term_string}"},"query-input":{"@type":"PropertyValueSpecification","valueRequired":true,"valueName":"search_term_string"}}],"inLanguage":"es"},{"@type":"Person","@id":"https:\/\/aeronoticias.com.pe\/noticiero\/#\/schema\/person\/fc1e5d578f4b62ba1cf7ac2bba1170a0","name":"Redacci\u00f3n Aeronoticias","url":"https:\/\/aeronoticias.com.pe\/noticiero\/author\/piloto\/"}]}},"_links":{"self":[{"href":"https:\/\/aeronoticias.com.pe\/noticiero\/wp-json\/wp\/v2\/posts\/59879","targetHints":{"allow":["GET"]}}],"collection":[{"href":"https:\/\/aeronoticias.com.pe\/noticiero\/wp-json\/wp\/v2\/posts"}],"about":[{"href":"https:\/\/aeronoticias.com.pe\/noticiero\/wp-json\/wp\/v2\/types\/post"}],"author":[{"embeddable":true,"href":"https:\/\/aeronoticias.com.pe\/noticiero\/wp-json\/wp\/v2\/users\/1"}],"replies":[{"embeddable":true,"href":"https:\/\/aeronoticias.com.pe\/noticiero\/wp-json\/wp\/v2\/comments?post=59879"}],"version-history":[{"count":0,"href":"https:\/\/aeronoticias.com.pe\/noticiero\/wp-json\/wp\/v2\/posts\/59879\/revisions"}],"wp:attachment":[{"href":"https:\/\/aeronoticias.com.pe\/noticiero\/wp-json\/wp\/v2\/media?parent=59879"}],"wp:term":[{"taxonomy":"category","embeddable":true,"href":"https:\/\/aeronoticias.com.pe\/noticiero\/wp-json\/wp\/v2\/categories?post=59879"},{"taxonomy":"post_tag","embeddable":true,"href":"https:\/\/aeronoticias.com.pe\/noticiero\/wp-json\/wp\/v2\/tags?post=59879"}],"curies":[{"name":"wp","href":"https:\/\/api.w.org\/{rel}","templated":true}]}}