{"id":59880,"date":"2020-05-19T19:30:48","date_gmt":"2020-05-19T19:30:48","guid":{"rendered":"http:\/\/desarrollo.mcvicious.com\/aero2020\/2020\/05\/19\/instagram-apunta-al-bienestar-en-cuarentena-por-covid-19-con-nueva-funcion\/"},"modified":"2020-05-19T19:30:48","modified_gmt":"2020-05-19T19:30:48","slug":"instagram-apunta-al-bienestar-en-cuarentena-por-covid-19-con-nueva-funcion","status":"publish","type":"post","link":"https:\/\/aeronoticias.com.pe\/noticiero\/27\/instagram-apunta-al-bienestar-en-cuarentena-por-covid-19-con-nueva-funcion\/","title":{"rendered":"Instagram apunta al bienestar en cuarentena por COVID-19 con nueva funci\u00f3n"},"content":{"rendered":"<p style=\"text-align: justify;\"><strong>(Aeronoticias).- <\/strong>En esta cuarentena preventiva, parte de las recomendaciones es reducir el nivel de ansiedad que el confinamiento genera. Instagram ha decidido aportar en esa b\u00fasqueda de la calma en medio de la pandemia y ha propuesto una nueva secci\u00f3n de \u201cGu\u00edas\u201d y consejos, en donde creadores de contenido, figuras p\u00fablicas y organizaciones puedan desarrollar contenido asociado a bienestar.<\/p>\n<p style=\"text-align: justify;\">A diferencia de contenido subido por los usuarios, esta secci\u00f3n cuenta con un proceso de curaci\u00f3n desde Instagram, en colaboraci\u00f3n con socios estrat\u00e9gicos que compartir\u00e1n informaci\u00f3n valiosa acerca de c\u00f3mo enfrentar estas situaciones a nivel emocional.<\/p>\n<p style=\"text-align: justify;\">Entre los socios mencionados por Instagram destacan la Fundaci\u00f3n Estadounidense para la Prevenci\u00f3n del Suicidio, el Comit\u00e9 de Justicia Asi\u00e1tico-Americano, el Boys and Girls Club of America, la Fundaci\u00f3n Hispanic Heritage, la NAACP, la Asociaci\u00f3n Nacional de Trastornos de la Alimentaci\u00f3n, Unicef y WE.<\/p>\n<p style=\"text-align: justify;\">Para el resto del mundo, e-Enfance (Francia), Headspace (Australia), Heads Together (Reino Unido), Kilcksafe (Alemania), The Live Love Laugh Foundation (India), SudahDong (Indonesia) y Vita Alere (Brasil) son las entidades incluidas en este proceso<\/p>\n<p style=\"text-align: justify;\">Las gu\u00edas cuentan con un desglose bastante amplio y cuentan con un dise\u00f1o distinto al de publicaciones tradicionales, para que los usuarios puedan distinguir la informaci\u00f3n curada de Instagram frente a fuentes que podr\u00edan tergiversar la data que aparece en la aplicaci\u00f3n.<\/p>\n<p style=\"text-align: justify;\">Fuente: RPP<\/p>\n<p style=\"text-align: justify;\"><img decoding=\"async\" src=\"images\/stories\/ig.png\" border=\"0\" \/><\/p>\n","protected":false},"excerpt":{"rendered":"<p>(Aeronoticias).- En esta cuarentena preventiva, parte de las recomendaciones es reducir el nivel de ansiedad que el confinamiento genera. Instagram ha decidido aportar en esa b\u00fasqueda de la calma en medio de la pandemia y ha propuesto una nueva secci\u00f3n de \u201cGu\u00edas\u201d y consejos, en donde creadores de contenido, figuras p\u00fablicas y organizaciones puedan desarrollar [&hellip;]<\/p>\n","protected":false},"author":1,"featured_media":0,"comment_status":"open","ping_status":"open","sticky":false,"template":"","format":"standard","meta":{"tdm_status":"","tdm_grid_status":"","footnotes":""},"categories":[35],"tags":[],"class_list":{"0":"post-59880","1":"post","2":"type-post","3":"status-publish","4":"format-standard","6":"category-35"},"yoast_head":"<!-- This site is optimized with the Yoast SEO plugin v25.1 - https:\/\/yoast.com\/wordpress\/plugins\/seo\/ -->\n<title>Instagram apunta al bienestar en cuarentena por COVID-19 con nueva funci\u00f3n<\/title>\n<meta name=\"description\" content=\"Portal de noticias del Per\u00fa sobre el transporte a\u00e9reo, aviaci\u00f3n, turismo, hoteleria, actualidad.\" \/>\n<meta name=\"robots\" content=\"index, follow, max-snippet:-1, max-image-preview:large, max-video-preview:-1\" \/>\n<link rel=\"canonical\" href=\"https:\/\/aeronoticias.com.pe\/noticiero\/27\/instagram-apunta-al-bienestar-en-cuarentena-por-covid-19-con-nueva-funcion\/\" \/>\n<meta property=\"og:locale\" content=\"es_ES\" \/>\n<meta property=\"og:type\" content=\"article\" \/>\n<meta property=\"og:title\" content=\"Instagram apunta al bienestar en cuarentena por COVID-19 con nueva funci\u00f3n\" \/>\n<meta property=\"og:description\" content=\"Portal de noticias del Per\u00fa sobre el transporte a\u00e9reo, aviaci\u00f3n, turismo, hoteleria, actualidad.\" \/>\n<meta property=\"og:url\" content=\"https:\/\/aeronoticias.com.pe\/noticiero\/27\/instagram-apunta-al-bienestar-en-cuarentena-por-covid-19-con-nueva-funcion\/\" \/>\n<meta property=\"og:site_name\" content=\"Aeronoticias.com.pe\" \/>\n<meta property=\"article:publisher\" content=\"https:\/\/www.facebook.com\/Aeronoticias.com.pe\/\" \/>\n<meta property=\"article:published_time\" content=\"2020-05-19T19:30:48+00:00\" \/>\n<meta name=\"author\" content=\"Redacci\u00f3n Aeronoticias\" \/>\n<meta name=\"twitter:card\" content=\"summary_large_image\" \/>\n<meta name=\"twitter:creator\" content=\"@aeronoticias\" \/>\n<meta name=\"twitter:site\" content=\"@aeronoticias\" \/>\n<meta name=\"twitter:label1\" content=\"Escrito por\" \/>\n\t<meta name=\"twitter:data1\" content=\"Redacci\u00f3n Aeronoticias\" \/>\n\t<meta name=\"twitter:label2\" content=\"Tiempo de lectura\" \/>\n\t<meta name=\"twitter:data2\" content=\"1 minuto\" \/>\n<script type=\"application\/ld+json\" class=\"yoast-schema-graph\">{\"@context\":\"https:\/\/schema.org\",\"@graph\":[{\"@type\":\"WebPage\",\"@id\":\"https:\/\/aeronoticias.com.pe\/noticiero\/27\/instagram-apunta-al-bienestar-en-cuarentena-por-covid-19-con-nueva-funcion\/\",\"url\":\"https:\/\/aeronoticias.com.pe\/noticiero\/27\/instagram-apunta-al-bienestar-en-cuarentena-por-covid-19-con-nueva-funcion\/\",\"name\":\"Instagram apunta al bienestar en cuarentena por COVID-19 con nueva funci\u00f3n\",\"isPartOf\":{\"@id\":\"https:\/\/aeronoticias.com.pe\/noticiero\/#website\"},\"datePublished\":\"2020-05-19T19:30:48+00:00\",\"author\":{\"@id\":\"https:\/\/aeronoticias.com.pe\/noticiero\/#\/schema\/person\/fc1e5d578f4b62ba1cf7ac2bba1170a0\"},\"description\":\"Portal de noticias del Per\u00fa sobre el transporte a\u00e9reo, aviaci\u00f3n, turismo, hoteleria, actualidad.\",\"breadcrumb\":{\"@id\":\"https:\/\/aeronoticias.com.pe\/noticiero\/27\/instagram-apunta-al-bienestar-en-cuarentena-por-covid-19-con-nueva-funcion\/#breadcrumb\"},\"inLanguage\":\"es\",\"potentialAction\":[{\"@type\":\"ReadAction\",\"target\":[\"https:\/\/aeronoticias.com.pe\/noticiero\/27\/instagram-apunta-al-bienestar-en-cuarentena-por-covid-19-con-nueva-funcion\/\"]}]},{\"@type\":\"BreadcrumbList\",\"@id\":\"https:\/\/aeronoticias.com.pe\/noticiero\/27\/instagram-apunta-al-bienestar-en-cuarentena-por-covid-19-con-nueva-funcion\/#breadcrumb\",\"itemListElement\":[{\"@type\":\"ListItem\",\"position\":1,\"name\":\"Portada\",\"item\":\"https:\/\/aeronoticias.com.pe\/noticiero\/\"},{\"@type\":\"ListItem\",\"position\":2,\"name\":\"Instagram apunta al bienestar en cuarentena por COVID-19 con nueva funci\u00f3n\"}]},{\"@type\":\"WebSite\",\"@id\":\"https:\/\/aeronoticias.com.pe\/noticiero\/#website\",\"url\":\"https:\/\/aeronoticias.com.pe\/noticiero\/\",\"name\":\"Aeronoticias.com.pe\",\"description\":\"Noticias de tranporte aereo, turismo, hoteles, gastronomia, actualidad, internacional\",\"potentialAction\":[{\"@type\":\"SearchAction\",\"target\":{\"@type\":\"EntryPoint\",\"urlTemplate\":\"https:\/\/aeronoticias.com.pe\/noticiero\/?s={search_term_string}\"},\"query-input\":{\"@type\":\"PropertyValueSpecification\",\"valueRequired\":true,\"valueName\":\"search_term_string\"}}],\"inLanguage\":\"es\"},{\"@type\":\"Person\",\"@id\":\"https:\/\/aeronoticias.com.pe\/noticiero\/#\/schema\/person\/fc1e5d578f4b62ba1cf7ac2bba1170a0\",\"name\":\"Redacci\u00f3n Aeronoticias\",\"url\":\"https:\/\/aeronoticias.com.pe\/noticiero\/author\/piloto\/\"}]}<\/script>\n<!-- \/ Yoast SEO plugin. -->","yoast_head_json":{"title":"Instagram apunta al bienestar en cuarentena por COVID-19 con nueva funci\u00f3n","description":"Portal de noticias del Per\u00fa sobre el transporte a\u00e9reo, aviaci\u00f3n, turismo, hoteleria, actualidad.","robots":{"index":"index","follow":"follow","max-snippet":"max-snippet:-1","max-image-preview":"max-image-preview:large","max-video-preview":"max-video-preview:-1"},"canonical":"https:\/\/aeronoticias.com.pe\/noticiero\/27\/instagram-apunta-al-bienestar-en-cuarentena-por-covid-19-con-nueva-funcion\/","og_locale":"es_ES","og_type":"article","og_title":"Instagram apunta al bienestar en cuarentena por COVID-19 con nueva funci\u00f3n","og_description":"Portal de noticias del Per\u00fa sobre el transporte a\u00e9reo, aviaci\u00f3n, turismo, hoteleria, actualidad.","og_url":"https:\/\/aeronoticias.com.pe\/noticiero\/27\/instagram-apunta-al-bienestar-en-cuarentena-por-covid-19-con-nueva-funcion\/","og_site_name":"Aeronoticias.com.pe","article_publisher":"https:\/\/www.facebook.com\/Aeronoticias.com.pe\/","article_published_time":"2020-05-19T19:30:48+00:00","author":"Redacci\u00f3n Aeronoticias","twitter_card":"summary_large_image","twitter_creator":"@aeronoticias","twitter_site":"@aeronoticias","twitter_misc":{"Escrito por":"Redacci\u00f3n Aeronoticias","Tiempo de lectura":"1 minuto"},"schema":{"@context":"https:\/\/schema.org","@graph":[{"@type":"WebPage","@id":"https:\/\/aeronoticias.com.pe\/noticiero\/27\/instagram-apunta-al-bienestar-en-cuarentena-por-covid-19-con-nueva-funcion\/","url":"https:\/\/aeronoticias.com.pe\/noticiero\/27\/instagram-apunta-al-bienestar-en-cuarentena-por-covid-19-con-nueva-funcion\/","name":"Instagram apunta al bienestar en cuarentena por COVID-19 con nueva funci\u00f3n","isPartOf":{"@id":"https:\/\/aeronoticias.com.pe\/noticiero\/#website"},"datePublished":"2020-05-19T19:30:48+00:00","author":{"@id":"https:\/\/aeronoticias.com.pe\/noticiero\/#\/schema\/person\/fc1e5d578f4b62ba1cf7ac2bba1170a0"},"description":"Portal de noticias del Per\u00fa sobre el transporte a\u00e9reo, aviaci\u00f3n, turismo, hoteleria, actualidad.","breadcrumb":{"@id":"https:\/\/aeronoticias.com.pe\/noticiero\/27\/instagram-apunta-al-bienestar-en-cuarentena-por-covid-19-con-nueva-funcion\/#breadcrumb"},"inLanguage":"es","potentialAction":[{"@type":"ReadAction","target":["https:\/\/aeronoticias.com.pe\/noticiero\/27\/instagram-apunta-al-bienestar-en-cuarentena-por-covid-19-con-nueva-funcion\/"]}]},{"@type":"BreadcrumbList","@id":"https:\/\/aeronoticias.com.pe\/noticiero\/27\/instagram-apunta-al-bienestar-en-cuarentena-por-covid-19-con-nueva-funcion\/#breadcrumb","itemListElement":[{"@type":"ListItem","position":1,"name":"Portada","item":"https:\/\/aeronoticias.com.pe\/noticiero\/"},{"@type":"ListItem","position":2,"name":"Instagram apunta al bienestar en cuarentena por COVID-19 con nueva funci\u00f3n"}]},{"@type":"WebSite","@id":"https:\/\/aeronoticias.com.pe\/noticiero\/#website","url":"https:\/\/aeronoticias.com.pe\/noticiero\/","name":"Aeronoticias.com.pe","description":"Noticias de tranporte aereo, turismo, hoteles, gastronomia, actualidad, internacional","potentialAction":[{"@type":"SearchAction","target":{"@type":"EntryPoint","urlTemplate":"https:\/\/aeronoticias.com.pe\/noticiero\/?s={search_term_string}"},"query-input":{"@type":"PropertyValueSpecification","valueRequired":true,"valueName":"search_term_string"}}],"inLanguage":"es"},{"@type":"Person","@id":"https:\/\/aeronoticias.com.pe\/noticiero\/#\/schema\/person\/fc1e5d578f4b62ba1cf7ac2bba1170a0","name":"Redacci\u00f3n Aeronoticias","url":"https:\/\/aeronoticias.com.pe\/noticiero\/author\/piloto\/"}]}},"_links":{"self":[{"href":"https:\/\/aeronoticias.com.pe\/noticiero\/wp-json\/wp\/v2\/posts\/59880","targetHints":{"allow":["GET"]}}],"collection":[{"href":"https:\/\/aeronoticias.com.pe\/noticiero\/wp-json\/wp\/v2\/posts"}],"about":[{"href":"https:\/\/aeronoticias.com.pe\/noticiero\/wp-json\/wp\/v2\/types\/post"}],"author":[{"embeddable":true,"href":"https:\/\/aeronoticias.com.pe\/noticiero\/wp-json\/wp\/v2\/users\/1"}],"replies":[{"embeddable":true,"href":"https:\/\/aeronoticias.com.pe\/noticiero\/wp-json\/wp\/v2\/comments?post=59880"}],"version-history":[{"count":0,"href":"https:\/\/aeronoticias.com.pe\/noticiero\/wp-json\/wp\/v2\/posts\/59880\/revisions"}],"wp:attachment":[{"href":"https:\/\/aeronoticias.com.pe\/noticiero\/wp-json\/wp\/v2\/media?parent=59880"}],"wp:term":[{"taxonomy":"category","embeddable":true,"href":"https:\/\/aeronoticias.com.pe\/noticiero\/wp-json\/wp\/v2\/categories?post=59880"},{"taxonomy":"post_tag","embeddable":true,"href":"https:\/\/aeronoticias.com.pe\/noticiero\/wp-json\/wp\/v2\/tags?post=59880"}],"curies":[{"name":"wp","href":"https:\/\/api.w.org\/{rel}","templated":true}]}}