{"id":59882,"date":"2020-05-20T17:03:27","date_gmt":"2020-05-20T17:03:27","guid":{"rendered":"http:\/\/desarrollo.mcvicious.com\/aero2020\/2020\/05\/20\/rescatan-en-mexico-a-14-trabajadores-de-la-salud-secuestrados\/"},"modified":"2020-05-20T17:03:27","modified_gmt":"2020-05-20T17:03:27","slug":"rescatan-en-mexico-a-14-trabajadores-de-la-salud-secuestrados","status":"publish","type":"post","link":"https:\/\/aeronoticias.com.pe\/noticiero\/mundo\/mundo-mundo-2\/rescatan-en-mexico-a-14-trabajadores-de-la-salud-secuestrados\/","title":{"rendered":"Rescatan en M\u00e9xico a 14 trabajadores de la salud secuestrados"},"content":{"rendered":"<p style=\"text-align: justify;\"><strong>(Aeronoticias).- <\/strong>La Fiscal\u00eda General de la Ciudad de M\u00e9xico inform\u00f3 este mi\u00e9rcoles que fueron rescatados a 14 trabajadores de la salud que se encontraban privados de su libertad.<\/p>\n<p style=\"text-align: justify;\">La fiscal\u00eda dijo que los trabajadores de la salud se encontraban en hoteles ubicados en las inmediaciones del barrio de Tacubaya, en la capital mexicana.<\/p>\n<p style=\"text-align: justify;\">En un comunicado, la fiscal\u00eda explic\u00f3 que familiares de los trabajadores de salud eran extorsionados telef\u00f3nicamente.<\/p>\n<p style=\"text-align: justify;\">Exig\u00edan la entrega de dinero a cambio de no hacer da\u00f1o a los trabajadores.<\/p>\n<p style=\"text-align: justify;\">CNN se ha estado intentado comunicar con la fiscal\u00eda de Ciudad de M\u00e9xico para obtener m\u00e1s informaci\u00f3n al respecto de esta informaci\u00f3n pero no ha logrado conseguir una respuesta.<\/p>\n<p style=\"text-align: justify;\">Fuente: CNN<\/p>\n<p style=\"text-align: justify;\"><img decoding=\"async\" src=\"images\/stories\/rescatan-a-14-mdicos-secuestrados-en-la-ciudad-de-mxico-.jpg\" border=\"0\" \/><\/p>\n","protected":false},"excerpt":{"rendered":"<p>(Aeronoticias).- La Fiscal\u00eda General de la Ciudad de M\u00e9xico inform\u00f3 este mi\u00e9rcoles que fueron rescatados a 14 trabajadores de la salud que se encontraban privados de su libertad. La fiscal\u00eda dijo que los trabajadores de la salud se encontraban en hoteles ubicados en las inmediaciones del barrio de Tacubaya, en la capital mexicana. En un [&hellip;]<\/p>\n","protected":false},"author":1,"featured_media":0,"comment_status":"open","ping_status":"open","sticky":false,"template":"","format":"standard","meta":{"tdm_status":"","tdm_grid_status":"","footnotes":""},"categories":[65],"tags":[],"class_list":{"0":"post-59882","1":"post","2":"type-post","3":"status-publish","4":"format-standard","6":"category-mundo-mundo-2"},"yoast_head":"<!-- This site is optimized with the Yoast SEO plugin v25.1 - https:\/\/yoast.com\/wordpress\/plugins\/seo\/ -->\n<title>Rescatan en M\u00e9xico a 14 trabajadores de la salud secuestrados<\/title>\n<meta name=\"description\" content=\"Portal de noticias del Per\u00fa sobre el transporte a\u00e9reo, aviaci\u00f3n, turismo, hoteleria, actualidad.\" \/>\n<meta name=\"robots\" content=\"index, follow, max-snippet:-1, max-image-preview:large, max-video-preview:-1\" \/>\n<link rel=\"canonical\" href=\"https:\/\/aeronoticias.com.pe\/noticiero\/mundo\/mundo-mundo-2\/rescatan-en-mexico-a-14-trabajadores-de-la-salud-secuestrados\/\" \/>\n<meta property=\"og:locale\" content=\"es_ES\" \/>\n<meta property=\"og:type\" content=\"article\" \/>\n<meta property=\"og:title\" content=\"Rescatan en M\u00e9xico a 14 trabajadores de la salud secuestrados\" \/>\n<meta property=\"og:description\" content=\"Portal de noticias del Per\u00fa sobre el transporte a\u00e9reo, aviaci\u00f3n, turismo, hoteleria, actualidad.\" \/>\n<meta property=\"og:url\" content=\"https:\/\/aeronoticias.com.pe\/noticiero\/mundo\/mundo-mundo-2\/rescatan-en-mexico-a-14-trabajadores-de-la-salud-secuestrados\/\" \/>\n<meta property=\"og:site_name\" content=\"Aeronoticias.com.pe\" \/>\n<meta property=\"article:publisher\" content=\"https:\/\/www.facebook.com\/Aeronoticias.com.pe\/\" \/>\n<meta property=\"article:published_time\" content=\"2020-05-20T17:03:27+00:00\" \/>\n<meta name=\"author\" content=\"Redacci\u00f3n Aeronoticias\" \/>\n<meta name=\"twitter:card\" content=\"summary_large_image\" \/>\n<meta name=\"twitter:creator\" content=\"@aeronoticias\" \/>\n<meta name=\"twitter:site\" content=\"@aeronoticias\" \/>\n<meta name=\"twitter:label1\" content=\"Escrito por\" \/>\n\t<meta name=\"twitter:data1\" content=\"Redacci\u00f3n Aeronoticias\" \/>\n\t<meta name=\"twitter:label2\" content=\"Tiempo de lectura\" \/>\n\t<meta name=\"twitter:data2\" content=\"1 minuto\" \/>\n<script type=\"application\/ld+json\" class=\"yoast-schema-graph\">{\"@context\":\"https:\/\/schema.org\",\"@graph\":[{\"@type\":\"WebPage\",\"@id\":\"https:\/\/aeronoticias.com.pe\/noticiero\/mundo\/mundo-mundo-2\/rescatan-en-mexico-a-14-trabajadores-de-la-salud-secuestrados\/\",\"url\":\"https:\/\/aeronoticias.com.pe\/noticiero\/mundo\/mundo-mundo-2\/rescatan-en-mexico-a-14-trabajadores-de-la-salud-secuestrados\/\",\"name\":\"Rescatan en M\u00e9xico a 14 trabajadores de la salud secuestrados\",\"isPartOf\":{\"@id\":\"https:\/\/aeronoticias.com.pe\/noticiero\/#website\"},\"datePublished\":\"2020-05-20T17:03:27+00:00\",\"author\":{\"@id\":\"https:\/\/aeronoticias.com.pe\/noticiero\/#\/schema\/person\/fc1e5d578f4b62ba1cf7ac2bba1170a0\"},\"description\":\"Portal de noticias del Per\u00fa sobre el transporte a\u00e9reo, aviaci\u00f3n, turismo, hoteleria, actualidad.\",\"breadcrumb\":{\"@id\":\"https:\/\/aeronoticias.com.pe\/noticiero\/mundo\/mundo-mundo-2\/rescatan-en-mexico-a-14-trabajadores-de-la-salud-secuestrados\/#breadcrumb\"},\"inLanguage\":\"es\",\"potentialAction\":[{\"@type\":\"ReadAction\",\"target\":[\"https:\/\/aeronoticias.com.pe\/noticiero\/mundo\/mundo-mundo-2\/rescatan-en-mexico-a-14-trabajadores-de-la-salud-secuestrados\/\"]}]},{\"@type\":\"BreadcrumbList\",\"@id\":\"https:\/\/aeronoticias.com.pe\/noticiero\/mundo\/mundo-mundo-2\/rescatan-en-mexico-a-14-trabajadores-de-la-salud-secuestrados\/#breadcrumb\",\"itemListElement\":[{\"@type\":\"ListItem\",\"position\":1,\"name\":\"Portada\",\"item\":\"https:\/\/aeronoticias.com.pe\/noticiero\/\"},{\"@type\":\"ListItem\",\"position\":2,\"name\":\"Rescatan en M\u00e9xico a 14 trabajadores de la salud secuestrados\"}]},{\"@type\":\"WebSite\",\"@id\":\"https:\/\/aeronoticias.com.pe\/noticiero\/#website\",\"url\":\"https:\/\/aeronoticias.com.pe\/noticiero\/\",\"name\":\"Aeronoticias.com.pe\",\"description\":\"Noticias de tranporte aereo, turismo, hoteles, gastronomia, actualidad, internacional\",\"potentialAction\":[{\"@type\":\"SearchAction\",\"target\":{\"@type\":\"EntryPoint\",\"urlTemplate\":\"https:\/\/aeronoticias.com.pe\/noticiero\/?s={search_term_string}\"},\"query-input\":{\"@type\":\"PropertyValueSpecification\",\"valueRequired\":true,\"valueName\":\"search_term_string\"}}],\"inLanguage\":\"es\"},{\"@type\":\"Person\",\"@id\":\"https:\/\/aeronoticias.com.pe\/noticiero\/#\/schema\/person\/fc1e5d578f4b62ba1cf7ac2bba1170a0\",\"name\":\"Redacci\u00f3n Aeronoticias\",\"url\":\"https:\/\/aeronoticias.com.pe\/noticiero\/author\/piloto\/\"}]}<\/script>\n<!-- \/ Yoast SEO plugin. -->","yoast_head_json":{"title":"Rescatan en M\u00e9xico a 14 trabajadores de la salud secuestrados","description":"Portal de noticias del Per\u00fa sobre el transporte a\u00e9reo, aviaci\u00f3n, turismo, hoteleria, actualidad.","robots":{"index":"index","follow":"follow","max-snippet":"max-snippet:-1","max-image-preview":"max-image-preview:large","max-video-preview":"max-video-preview:-1"},"canonical":"https:\/\/aeronoticias.com.pe\/noticiero\/mundo\/mundo-mundo-2\/rescatan-en-mexico-a-14-trabajadores-de-la-salud-secuestrados\/","og_locale":"es_ES","og_type":"article","og_title":"Rescatan en M\u00e9xico a 14 trabajadores de la salud secuestrados","og_description":"Portal de noticias del Per\u00fa sobre el transporte a\u00e9reo, aviaci\u00f3n, turismo, hoteleria, actualidad.","og_url":"https:\/\/aeronoticias.com.pe\/noticiero\/mundo\/mundo-mundo-2\/rescatan-en-mexico-a-14-trabajadores-de-la-salud-secuestrados\/","og_site_name":"Aeronoticias.com.pe","article_publisher":"https:\/\/www.facebook.com\/Aeronoticias.com.pe\/","article_published_time":"2020-05-20T17:03:27+00:00","author":"Redacci\u00f3n Aeronoticias","twitter_card":"summary_large_image","twitter_creator":"@aeronoticias","twitter_site":"@aeronoticias","twitter_misc":{"Escrito por":"Redacci\u00f3n Aeronoticias","Tiempo de lectura":"1 minuto"},"schema":{"@context":"https:\/\/schema.org","@graph":[{"@type":"WebPage","@id":"https:\/\/aeronoticias.com.pe\/noticiero\/mundo\/mundo-mundo-2\/rescatan-en-mexico-a-14-trabajadores-de-la-salud-secuestrados\/","url":"https:\/\/aeronoticias.com.pe\/noticiero\/mundo\/mundo-mundo-2\/rescatan-en-mexico-a-14-trabajadores-de-la-salud-secuestrados\/","name":"Rescatan en M\u00e9xico a 14 trabajadores de la salud secuestrados","isPartOf":{"@id":"https:\/\/aeronoticias.com.pe\/noticiero\/#website"},"datePublished":"2020-05-20T17:03:27+00:00","author":{"@id":"https:\/\/aeronoticias.com.pe\/noticiero\/#\/schema\/person\/fc1e5d578f4b62ba1cf7ac2bba1170a0"},"description":"Portal de noticias del Per\u00fa sobre el transporte a\u00e9reo, aviaci\u00f3n, turismo, hoteleria, actualidad.","breadcrumb":{"@id":"https:\/\/aeronoticias.com.pe\/noticiero\/mundo\/mundo-mundo-2\/rescatan-en-mexico-a-14-trabajadores-de-la-salud-secuestrados\/#breadcrumb"},"inLanguage":"es","potentialAction":[{"@type":"ReadAction","target":["https:\/\/aeronoticias.com.pe\/noticiero\/mundo\/mundo-mundo-2\/rescatan-en-mexico-a-14-trabajadores-de-la-salud-secuestrados\/"]}]},{"@type":"BreadcrumbList","@id":"https:\/\/aeronoticias.com.pe\/noticiero\/mundo\/mundo-mundo-2\/rescatan-en-mexico-a-14-trabajadores-de-la-salud-secuestrados\/#breadcrumb","itemListElement":[{"@type":"ListItem","position":1,"name":"Portada","item":"https:\/\/aeronoticias.com.pe\/noticiero\/"},{"@type":"ListItem","position":2,"name":"Rescatan en M\u00e9xico a 14 trabajadores de la salud secuestrados"}]},{"@type":"WebSite","@id":"https:\/\/aeronoticias.com.pe\/noticiero\/#website","url":"https:\/\/aeronoticias.com.pe\/noticiero\/","name":"Aeronoticias.com.pe","description":"Noticias de tranporte aereo, turismo, hoteles, gastronomia, actualidad, internacional","potentialAction":[{"@type":"SearchAction","target":{"@type":"EntryPoint","urlTemplate":"https:\/\/aeronoticias.com.pe\/noticiero\/?s={search_term_string}"},"query-input":{"@type":"PropertyValueSpecification","valueRequired":true,"valueName":"search_term_string"}}],"inLanguage":"es"},{"@type":"Person","@id":"https:\/\/aeronoticias.com.pe\/noticiero\/#\/schema\/person\/fc1e5d578f4b62ba1cf7ac2bba1170a0","name":"Redacci\u00f3n Aeronoticias","url":"https:\/\/aeronoticias.com.pe\/noticiero\/author\/piloto\/"}]}},"_links":{"self":[{"href":"https:\/\/aeronoticias.com.pe\/noticiero\/wp-json\/wp\/v2\/posts\/59882","targetHints":{"allow":["GET"]}}],"collection":[{"href":"https:\/\/aeronoticias.com.pe\/noticiero\/wp-json\/wp\/v2\/posts"}],"about":[{"href":"https:\/\/aeronoticias.com.pe\/noticiero\/wp-json\/wp\/v2\/types\/post"}],"author":[{"embeddable":true,"href":"https:\/\/aeronoticias.com.pe\/noticiero\/wp-json\/wp\/v2\/users\/1"}],"replies":[{"embeddable":true,"href":"https:\/\/aeronoticias.com.pe\/noticiero\/wp-json\/wp\/v2\/comments?post=59882"}],"version-history":[{"count":0,"href":"https:\/\/aeronoticias.com.pe\/noticiero\/wp-json\/wp\/v2\/posts\/59882\/revisions"}],"wp:attachment":[{"href":"https:\/\/aeronoticias.com.pe\/noticiero\/wp-json\/wp\/v2\/media?parent=59882"}],"wp:term":[{"taxonomy":"category","embeddable":true,"href":"https:\/\/aeronoticias.com.pe\/noticiero\/wp-json\/wp\/v2\/categories?post=59882"},{"taxonomy":"post_tag","embeddable":true,"href":"https:\/\/aeronoticias.com.pe\/noticiero\/wp-json\/wp\/v2\/tags?post=59882"}],"curies":[{"name":"wp","href":"https:\/\/api.w.org\/{rel}","templated":true}]}}