{"id":59883,"date":"2020-05-20T17:10:13","date_gmt":"2020-05-20T17:10:13","guid":{"rendered":"http:\/\/desarrollo.mcvicious.com\/aero2020\/2020\/05\/20\/la-ultima-vez-que-el-sol-estuvo-tan-poco-activo-en-la-tierra-ocurrio-la-edad-de-hielo\/"},"modified":"2020-05-20T17:10:13","modified_gmt":"2020-05-20T17:10:13","slug":"la-ultima-vez-que-el-sol-estuvo-tan-poco-activo-en-la-tierra-ocurrio-la-edad-de-hielo","status":"publish","type":"post","link":"https:\/\/aeronoticias.com.pe\/noticiero\/internacionales\/la-ultima-vez-que-el-sol-estuvo-tan-poco-activo-en-la-tierra-ocurrio-la-edad-de-hielo\/","title":{"rendered":"La \u00faltima vez que el Sol estuvo tan poco activo, en la Tierra ocurri\u00f3 la Edad de Hielo"},"content":{"rendered":"<p style=\"text-align: justify;\"><strong>(Aeronoticias).- <\/strong>En el centro de nuestro sistema solar, el Sol es una fuerza constante que mantiene a los planetas en \u00f3rbita, y proporciona a la Tierra la cantidad justa de luz y calor para que la vida sea posible e incluso rige nuestros horarios. Aunque estamos acostumbrados a que el sol salga y se ponga todos los d\u00edas, en realidad es incre\u00edblemente din\u00e1mico.<\/p>\n<p style=\"text-align: justify;\">Y, al igual que nosotros, tambi\u00e9n atraviesa por fases y cambios. Con el tiempo, esos cambios en nuestra estrella se han vuelto m\u00e1s predecibles. Actualmente, est\u00e1 pasando por una fase menos activa, llamada m\u00ednimo solar. El Sol experimenta intervalos regulares de 11 a\u00f1os, incluyendo picos energ\u00e9ticos de actividad, que est\u00e1n seguidos de puntos bajos.<\/p>\n<p style=\"text-align: justify;\">Durante su pico, el Sol exhibe m\u00e1s manchas solares y erupciones solares. Mientras que en un m\u00ednimo solar es mucho m\u00e1s silencioso, lo que significa menos manchas solares y energ\u00eda.<\/p>\n<p style=\"text-align: justify;\">Los cient\u00edficos de la NASA han indicado que actualmente estamos en un \u201cGran M\u00ednimo Solar\u201d. La \u00faltima vez que esto ocurri\u00f3 fue entre 1650 y 1715, durante lo que se conoce como la Peque\u00f1a Edad de Hielo en el Hemisferio Norte de la Tierra, \u201ccuando la combinaci\u00f3n del enfriamiento de aerosoles volc\u00e1nicos y la baja actividad solar produjo temperaturas superficiales menores\u201d, seg\u00fan el blog Cambio Clim\u00e1tico Global de la NASA.<\/p>\n<p style=\"text-align: justify;\">Pero este m\u00ednimo solar no provocar\u00e1 otra edad de hielo, aclararon los cient\u00edficos. Y eso probablemente se deba al cambio clim\u00e1tico.<\/p>\n<p style=\"text-align: justify;\">\u201cEl calentamiento causado por las emisiones de gases de efecto invernadero a ra\u00edz de los combustibles f\u00f3siles quemados por los humanos es seis veces mayor que el posible enfriamiento de d\u00e9cadas que causa un Gran M\u00ednimo Solar prolongado\u201d, escribieron. \u201cIncluso si un Gran M\u00ednimo Solar durara todo un siglo, las temperaturas globales continuar\u00edan calent\u00e1ndose. Esto debido a que, adem\u00e1s de las variaciones en la producci\u00f3n del Sol, hay otros factores que cambian las temperaturas globales en la Tierra, el m\u00e1s dominante de esos hoy en d\u00eda es el calentamiento proveniente de los gases de efecto invernadero inducidos por la actividad humana\u201d.<\/p>\n<p style=\"text-align: justify;\">Los cient\u00edficos sab\u00edan que este m\u00ednimo solar se acercaba porque es una caracter\u00edstica regular del ciclo del Sol. Las manchas solares alcanzaron su pico m\u00e1ximo en 2014, con puntos bajos a partir de 2019, seg\u00fan la NASA.<\/p>\n<p style=\"text-align: justify;\">El Sol tambi\u00e9n es responsable de lo que se conoce como clima espacial, pues env\u00eda part\u00edculas y rayos c\u00f3smicos a trav\u00e9s de nuestro sistema solar. Las manchas solares fuertemente magnetizadas liberan erupciones solares, que pueden enviar rayos X y radiaci\u00f3n ultravioleta hacia la Tierra.<\/p>\n<p style=\"text-align: justify;\">Incluso cuando el Sol est\u00e1 en silencio durante el m\u00ednimo solar, puede ser activo de otras maneras, como los agujeros coronales que se abren en la atm\u00f3sfera del Sol y env\u00edan corrientes ardientes de part\u00edculas energizadas que vuelan a trav\u00e9s del sistema solar en un viento solar r\u00e1pido.<\/p>\n<p style=\"text-align: justify;\">Al igual que las erupciones solares, estas corrientes de part\u00edculas durante un m\u00ednimo solar pueden afectar los sat\u00e9lites para comunicaci\u00f3n y GPS de los que dependemos. \u201cVemos estos agujeros durante todo el ciclo solar, pero en el m\u00ednimo solar pueden durar mucho tiempo, seis meses o m\u00e1s\u201d, explic\u00f3 Dean Pesnell, cient\u00edfico de proyecto del Observatorio de Din\u00e1mica Solar en el Centro de Vuelo Espacial Goddard de la NASA, en una publicaci\u00f3n de 2017 en el blog de la agencia.<\/p>\n<p style=\"text-align: justify;\">Las part\u00edculas energ\u00e9ticamente m\u00e1s altas, llamadas rayos c\u00f3smicos gal\u00e1cticos, pueden alcanzar la Tierra, espec\u00edficamente la atm\u00f3sfera superior, durante un m\u00ednimo solar. Estos rayos son creados por explosiones en nuestra galaxia, la V\u00eda L\u00e1ctea, como las supernovas. \u201cDurante el m\u00ednimo solar, el campo magn\u00e9tico del Sol se debilita y proporciona menos protecci\u00f3n contra estos rayos c\u00f3smicos\u201d, se\u00f1al\u00f3 Pesnell. \u201cEsto puede representar una mayor amenaza para los astronautas que viajan por el espacio\u201d.<\/p>\n<p style=\"text-align: justify;\">Esta semana, la cuenta de NASA Sun &amp; Space comparti\u00f3 un mensaje en Twitter en medio de preocupaciones sobre el m\u00ednimo solar. \u201cEl Sol atraviesa ciclos regulares de actividad alta y baja. Este ciclo afecta la frecuencia de los eventos del clima espacial, pero no tiene una gran consecuencia en el clima de la Tierra, incluso un m\u00ednimo prolongado no tendr\u00eda un efecto significativo en la temperatura global\u201d.<\/p>\n<p style=\"text-align: justify;\">Este m\u00ednimo solar termina el ciclo 24. Las primeras predicciones estimaron que el pico del ciclo solar 25 ocurrir\u00e1 en julio de 2025, seg\u00fan la Administraci\u00f3n Nacional Oce\u00e1nica y Atmosf\u00e9rica (NOAA, por sus siglas en ingl\u00e9s).<\/p>\n<p style=\"text-align: justify;\">El pron\u00f3stico del ciclo solar est\u00e1 basado en un panel internacional que presiden la NOAA y la NASA. Y concuerdan en que el ciclo solar 25 ser\u00e1 similar al 24.<\/p>\n<p style=\"text-align: justify;\">Fuente: CNN<\/p>\n<p style=\"text-align: justify;\"><img decoding=\"async\" src=\"images\/stories\/sol.jpg\" border=\"0\" \/><\/p>\n","protected":false},"excerpt":{"rendered":"<p>(Aeronoticias).- En el centro de nuestro sistema solar, el Sol es una fuerza constante que mantiene a los planetas en \u00f3rbita, y proporciona a la Tierra la cantidad justa de luz y calor para que la vida sea posible e incluso rige nuestros horarios. Aunque estamos acostumbrados a que el sol salga y se ponga [&hellip;]<\/p>\n","protected":false},"author":1,"featured_media":0,"comment_status":"open","ping_status":"open","sticky":false,"template":"","format":"standard","meta":{"tdm_status":"","tdm_grid_status":"","footnotes":""},"categories":[34],"tags":[],"class_list":{"0":"post-59883","1":"post","2":"type-post","3":"status-publish","4":"format-standard","6":"category-internacionales"},"yoast_head":"<!-- This site is optimized with the Yoast SEO plugin v25.1 - https:\/\/yoast.com\/wordpress\/plugins\/seo\/ -->\n<title>La \u00faltima vez que el Sol estuvo tan poco activo, en la Tierra ocurri\u00f3 la Edad de Hielo<\/title>\n<meta name=\"description\" content=\"Portal de noticias del Per\u00fa sobre el transporte a\u00e9reo, aviaci\u00f3n, turismo, hoteleria, actualidad.\" \/>\n<meta name=\"robots\" content=\"index, follow, max-snippet:-1, max-image-preview:large, max-video-preview:-1\" \/>\n<link rel=\"canonical\" href=\"https:\/\/aeronoticias.com.pe\/noticiero\/internacionales\/la-ultima-vez-que-el-sol-estuvo-tan-poco-activo-en-la-tierra-ocurrio-la-edad-de-hielo\/\" \/>\n<meta property=\"og:locale\" content=\"es_ES\" \/>\n<meta property=\"og:type\" content=\"article\" \/>\n<meta property=\"og:title\" content=\"La \u00faltima vez que el Sol estuvo tan poco activo, en la Tierra ocurri\u00f3 la Edad de Hielo\" \/>\n<meta property=\"og:description\" content=\"Portal de noticias del Per\u00fa sobre el transporte a\u00e9reo, aviaci\u00f3n, turismo, hoteleria, actualidad.\" \/>\n<meta property=\"og:url\" content=\"https:\/\/aeronoticias.com.pe\/noticiero\/internacionales\/la-ultima-vez-que-el-sol-estuvo-tan-poco-activo-en-la-tierra-ocurrio-la-edad-de-hielo\/\" \/>\n<meta property=\"og:site_name\" content=\"Aeronoticias.com.pe\" \/>\n<meta property=\"article:publisher\" content=\"https:\/\/www.facebook.com\/Aeronoticias.com.pe\/\" \/>\n<meta property=\"article:published_time\" content=\"2020-05-20T17:10:13+00:00\" \/>\n<meta name=\"author\" content=\"Redacci\u00f3n Aeronoticias\" \/>\n<meta name=\"twitter:card\" content=\"summary_large_image\" \/>\n<meta name=\"twitter:creator\" content=\"@aeronoticias\" \/>\n<meta name=\"twitter:site\" content=\"@aeronoticias\" \/>\n<meta name=\"twitter:label1\" content=\"Escrito por\" \/>\n\t<meta name=\"twitter:data1\" content=\"Redacci\u00f3n Aeronoticias\" \/>\n\t<meta name=\"twitter:label2\" content=\"Tiempo de lectura\" \/>\n\t<meta name=\"twitter:data2\" content=\"4 minutos\" \/>\n<script type=\"application\/ld+json\" class=\"yoast-schema-graph\">{\"@context\":\"https:\/\/schema.org\",\"@graph\":[{\"@type\":\"WebPage\",\"@id\":\"https:\/\/aeronoticias.com.pe\/noticiero\/internacionales\/la-ultima-vez-que-el-sol-estuvo-tan-poco-activo-en-la-tierra-ocurrio-la-edad-de-hielo\/\",\"url\":\"https:\/\/aeronoticias.com.pe\/noticiero\/internacionales\/la-ultima-vez-que-el-sol-estuvo-tan-poco-activo-en-la-tierra-ocurrio-la-edad-de-hielo\/\",\"name\":\"La \u00faltima vez que el Sol estuvo tan poco activo, en la Tierra ocurri\u00f3 la Edad de Hielo\",\"isPartOf\":{\"@id\":\"https:\/\/aeronoticias.com.pe\/noticiero\/#website\"},\"datePublished\":\"2020-05-20T17:10:13+00:00\",\"author\":{\"@id\":\"https:\/\/aeronoticias.com.pe\/noticiero\/#\/schema\/person\/fc1e5d578f4b62ba1cf7ac2bba1170a0\"},\"description\":\"Portal de noticias del Per\u00fa sobre el transporte a\u00e9reo, aviaci\u00f3n, turismo, hoteleria, actualidad.\",\"breadcrumb\":{\"@id\":\"https:\/\/aeronoticias.com.pe\/noticiero\/internacionales\/la-ultima-vez-que-el-sol-estuvo-tan-poco-activo-en-la-tierra-ocurrio-la-edad-de-hielo\/#breadcrumb\"},\"inLanguage\":\"es\",\"potentialAction\":[{\"@type\":\"ReadAction\",\"target\":[\"https:\/\/aeronoticias.com.pe\/noticiero\/internacionales\/la-ultima-vez-que-el-sol-estuvo-tan-poco-activo-en-la-tierra-ocurrio-la-edad-de-hielo\/\"]}]},{\"@type\":\"BreadcrumbList\",\"@id\":\"https:\/\/aeronoticias.com.pe\/noticiero\/internacionales\/la-ultima-vez-que-el-sol-estuvo-tan-poco-activo-en-la-tierra-ocurrio-la-edad-de-hielo\/#breadcrumb\",\"itemListElement\":[{\"@type\":\"ListItem\",\"position\":1,\"name\":\"Portada\",\"item\":\"https:\/\/aeronoticias.com.pe\/noticiero\/\"},{\"@type\":\"ListItem\",\"position\":2,\"name\":\"La \u00faltima vez que el Sol estuvo tan poco activo, en la Tierra ocurri\u00f3 la Edad de Hielo\"}]},{\"@type\":\"WebSite\",\"@id\":\"https:\/\/aeronoticias.com.pe\/noticiero\/#website\",\"url\":\"https:\/\/aeronoticias.com.pe\/noticiero\/\",\"name\":\"Aeronoticias.com.pe\",\"description\":\"Noticias de tranporte aereo, turismo, hoteles, gastronomia, actualidad, internacional\",\"potentialAction\":[{\"@type\":\"SearchAction\",\"target\":{\"@type\":\"EntryPoint\",\"urlTemplate\":\"https:\/\/aeronoticias.com.pe\/noticiero\/?s={search_term_string}\"},\"query-input\":{\"@type\":\"PropertyValueSpecification\",\"valueRequired\":true,\"valueName\":\"search_term_string\"}}],\"inLanguage\":\"es\"},{\"@type\":\"Person\",\"@id\":\"https:\/\/aeronoticias.com.pe\/noticiero\/#\/schema\/person\/fc1e5d578f4b62ba1cf7ac2bba1170a0\",\"name\":\"Redacci\u00f3n Aeronoticias\",\"url\":\"https:\/\/aeronoticias.com.pe\/noticiero\/author\/piloto\/\"}]}<\/script>\n<!-- \/ Yoast SEO plugin. -->","yoast_head_json":{"title":"La \u00faltima vez que el Sol estuvo tan poco activo, en la Tierra ocurri\u00f3 la Edad de Hielo","description":"Portal de noticias del Per\u00fa sobre el transporte a\u00e9reo, aviaci\u00f3n, turismo, hoteleria, actualidad.","robots":{"index":"index","follow":"follow","max-snippet":"max-snippet:-1","max-image-preview":"max-image-preview:large","max-video-preview":"max-video-preview:-1"},"canonical":"https:\/\/aeronoticias.com.pe\/noticiero\/internacionales\/la-ultima-vez-que-el-sol-estuvo-tan-poco-activo-en-la-tierra-ocurrio-la-edad-de-hielo\/","og_locale":"es_ES","og_type":"article","og_title":"La \u00faltima vez que el Sol estuvo tan poco activo, en la Tierra ocurri\u00f3 la Edad de Hielo","og_description":"Portal de noticias del Per\u00fa sobre el transporte a\u00e9reo, aviaci\u00f3n, turismo, hoteleria, actualidad.","og_url":"https:\/\/aeronoticias.com.pe\/noticiero\/internacionales\/la-ultima-vez-que-el-sol-estuvo-tan-poco-activo-en-la-tierra-ocurrio-la-edad-de-hielo\/","og_site_name":"Aeronoticias.com.pe","article_publisher":"https:\/\/www.facebook.com\/Aeronoticias.com.pe\/","article_published_time":"2020-05-20T17:10:13+00:00","author":"Redacci\u00f3n Aeronoticias","twitter_card":"summary_large_image","twitter_creator":"@aeronoticias","twitter_site":"@aeronoticias","twitter_misc":{"Escrito por":"Redacci\u00f3n Aeronoticias","Tiempo de lectura":"4 minutos"},"schema":{"@context":"https:\/\/schema.org","@graph":[{"@type":"WebPage","@id":"https:\/\/aeronoticias.com.pe\/noticiero\/internacionales\/la-ultima-vez-que-el-sol-estuvo-tan-poco-activo-en-la-tierra-ocurrio-la-edad-de-hielo\/","url":"https:\/\/aeronoticias.com.pe\/noticiero\/internacionales\/la-ultima-vez-que-el-sol-estuvo-tan-poco-activo-en-la-tierra-ocurrio-la-edad-de-hielo\/","name":"La \u00faltima vez que el Sol estuvo tan poco activo, en la Tierra ocurri\u00f3 la Edad de Hielo","isPartOf":{"@id":"https:\/\/aeronoticias.com.pe\/noticiero\/#website"},"datePublished":"2020-05-20T17:10:13+00:00","author":{"@id":"https:\/\/aeronoticias.com.pe\/noticiero\/#\/schema\/person\/fc1e5d578f4b62ba1cf7ac2bba1170a0"},"description":"Portal de noticias del Per\u00fa sobre el transporte a\u00e9reo, aviaci\u00f3n, turismo, hoteleria, actualidad.","breadcrumb":{"@id":"https:\/\/aeronoticias.com.pe\/noticiero\/internacionales\/la-ultima-vez-que-el-sol-estuvo-tan-poco-activo-en-la-tierra-ocurrio-la-edad-de-hielo\/#breadcrumb"},"inLanguage":"es","potentialAction":[{"@type":"ReadAction","target":["https:\/\/aeronoticias.com.pe\/noticiero\/internacionales\/la-ultima-vez-que-el-sol-estuvo-tan-poco-activo-en-la-tierra-ocurrio-la-edad-de-hielo\/"]}]},{"@type":"BreadcrumbList","@id":"https:\/\/aeronoticias.com.pe\/noticiero\/internacionales\/la-ultima-vez-que-el-sol-estuvo-tan-poco-activo-en-la-tierra-ocurrio-la-edad-de-hielo\/#breadcrumb","itemListElement":[{"@type":"ListItem","position":1,"name":"Portada","item":"https:\/\/aeronoticias.com.pe\/noticiero\/"},{"@type":"ListItem","position":2,"name":"La \u00faltima vez que el Sol estuvo tan poco activo, en la Tierra ocurri\u00f3 la Edad de Hielo"}]},{"@type":"WebSite","@id":"https:\/\/aeronoticias.com.pe\/noticiero\/#website","url":"https:\/\/aeronoticias.com.pe\/noticiero\/","name":"Aeronoticias.com.pe","description":"Noticias de tranporte aereo, turismo, hoteles, gastronomia, actualidad, internacional","potentialAction":[{"@type":"SearchAction","target":{"@type":"EntryPoint","urlTemplate":"https:\/\/aeronoticias.com.pe\/noticiero\/?s={search_term_string}"},"query-input":{"@type":"PropertyValueSpecification","valueRequired":true,"valueName":"search_term_string"}}],"inLanguage":"es"},{"@type":"Person","@id":"https:\/\/aeronoticias.com.pe\/noticiero\/#\/schema\/person\/fc1e5d578f4b62ba1cf7ac2bba1170a0","name":"Redacci\u00f3n Aeronoticias","url":"https:\/\/aeronoticias.com.pe\/noticiero\/author\/piloto\/"}]}},"_links":{"self":[{"href":"https:\/\/aeronoticias.com.pe\/noticiero\/wp-json\/wp\/v2\/posts\/59883","targetHints":{"allow":["GET"]}}],"collection":[{"href":"https:\/\/aeronoticias.com.pe\/noticiero\/wp-json\/wp\/v2\/posts"}],"about":[{"href":"https:\/\/aeronoticias.com.pe\/noticiero\/wp-json\/wp\/v2\/types\/post"}],"author":[{"embeddable":true,"href":"https:\/\/aeronoticias.com.pe\/noticiero\/wp-json\/wp\/v2\/users\/1"}],"replies":[{"embeddable":true,"href":"https:\/\/aeronoticias.com.pe\/noticiero\/wp-json\/wp\/v2\/comments?post=59883"}],"version-history":[{"count":0,"href":"https:\/\/aeronoticias.com.pe\/noticiero\/wp-json\/wp\/v2\/posts\/59883\/revisions"}],"wp:attachment":[{"href":"https:\/\/aeronoticias.com.pe\/noticiero\/wp-json\/wp\/v2\/media?parent=59883"}],"wp:term":[{"taxonomy":"category","embeddable":true,"href":"https:\/\/aeronoticias.com.pe\/noticiero\/wp-json\/wp\/v2\/categories?post=59883"},{"taxonomy":"post_tag","embeddable":true,"href":"https:\/\/aeronoticias.com.pe\/noticiero\/wp-json\/wp\/v2\/tags?post=59883"}],"curies":[{"name":"wp","href":"https:\/\/api.w.org\/{rel}","templated":true}]}}