{"id":59884,"date":"2020-05-20T17:15:40","date_gmt":"2020-05-20T17:15:40","guid":{"rendered":"http:\/\/desarrollo.mcvicious.com\/aero2020\/2020\/05\/20\/inicio-pago-del-bono-familiar-universal-iquienes-estan-en-el-primer-padron-de-beneficiarios\/"},"modified":"2020-05-20T17:15:40","modified_gmt":"2020-05-20T17:15:40","slug":"inicio-pago-del-bono-familiar-universal-iquienes-estan-en-el-primer-padron-de-beneficiarios","status":"publish","type":"post","link":"https:\/\/aeronoticias.com.pe\/noticiero\/economia\/inicio-pago-del-bono-familiar-universal-iquienes-estan-en-el-primer-padron-de-beneficiarios\/","title":{"rendered":"Inici\u00f3 pago del Bono Familiar Universal: \u00bfqui\u00e9nes est\u00e1n en el primer padr\u00f3n de beneficiarios?"},"content":{"rendered":"<p style=\"text-align: justify;\"><strong>(Aeronoticias).- <\/strong>Este mi\u00e9rcoles 20 de mayo se habilit\u00f3 la plataforma para conocer si es beneficiario del Bono Familiar Universal de S\/760. Tambi\u00e9n inici\u00f3 el pago del subsidio a aquellos que hayan sido identificados por el Ministerio de Desarrollo e Inclusi\u00f3n Social (Midis) o el Ministerio de Trabajo y Promoci\u00f3n del Empleo (MTPE)<\/p>\n<p style=\"text-align: justify;\">Como se recuerda, el MTPE aprob\u00f3 la semana pasada el padr\u00f3n del primer grupo de hogares beneficiario. Este padr\u00f3n comprende a los beneficiarios que no han registrado el cobro de ning\u00fan bono del Estado previamente.<\/p>\n<p style=\"text-align: justify;\">La Resoluci\u00f3n Ministerial N\u00ba 087-2020-TR, precisa que en este primer grupo de beneficiarios urbanos se incluyen 594.763 hogares. Adem\u00e1s, detalla que los beneficiarios del \u00e1mbito rural son atendidos por el Ministerio de Desarrollo e Inclusi\u00f3n Social (Midis). As\u00ed, de los 1\u2032596.944 hogares elegibles que reporta el Reniec, 611.893 hogares corresponden al \u00e1mbito urbano. \u201cDe estos hogares elegibles del \u00e1mbito urbano, 17.130 son hogares usuarios de Programas Sociales, por lo cual su atenci\u00f3n se encuentra a cargo del Midis\u201d, detalla la norma.<\/p>\n<p style=\"text-align: justify;\">En consecuencia, el total de hogares que conformar\u00e1n el padr\u00f3n del primer grupo de hogares beneficiarios del subsidio monetario en el \u00e1mbito urbano y cuyo otorgamiento se encuentra a cargo del MTPE asciende a 594.763 hogares.<\/p>\n<p style=\"text-align: justify;\">A fin de mitigar los impactos negativos en los ingresos que se vienen generando a causa del estado de emergencia por la pandemia del COVID-19, los hogares beneficiados por el nuevo subsidio ser\u00e1n aquellos que han sido atendidos a trav\u00e9s de ninguno de los bonos anteriores que han sido otorgados.<\/p>\n<p style=\"text-align: justify;\">\u00bfQui\u00e9nes podr\u00e1n acceder al Bono Familiar Universal?<\/p>\n<p style=\"text-align: justify;\">Hogares en condici\u00f3n de pobreza y pobreza extrema de acuerdo al Sistema de Focalizaci\u00f3n de Hogares (SISFOH)<\/p>\n<p style=\"text-align: justify;\">Hogares beneficiarios del Programa Nacional de Apoyo Directo a los m\u00e1s Pobres \u2013 JUNTOS<\/p>\n<p style=\"text-align: justify;\">Hogares con alg\u00fan integrante que sea beneficiario del Programa Nacional de Asistencia Solidaria \u201cPensi\u00f3n 65\u201d<\/p>\n<p style=\"text-align: justify;\">Hogares con alg\u00fan integrante que sea beneficiario del Programa Nacional de Entrega de la Pensi\u00f3n no Contributiva a Personas con Discapacidad Severa en Situaci\u00f3n de Pobreza \u2013 CONTIGO a cargo del Ministerio de Desarrollo e Inclusi\u00f3n Social (MIDIS)<\/p>\n<p style=\"text-align: justify;\">Hogares no comprendidos en el SISFOH o JUNTOS, cuyos integrantes no se encuentren registrados en el Aplicativo de Registro Centralizado de Planillas y de Datos del Sector P\u00fablico (AIRHSP), o en la planilla privada, exceptu\u00e1ndose a los pensionistas y a la modalidad formativa.<\/p>\n<p style=\"text-align: justify;\">Fuente: El Comercio<\/p>\n<p style=\"text-align: justify;\"><img decoding=\"async\" src=\"images\/stories\/bono universal.png\" border=\"0\" \/><\/p>\n","protected":false},"excerpt":{"rendered":"<p>(Aeronoticias).- Este mi\u00e9rcoles 20 de mayo se habilit\u00f3 la plataforma para conocer si es beneficiario del Bono Familiar Universal de S\/760. Tambi\u00e9n inici\u00f3 el pago del subsidio a aquellos que hayan sido identificados por el Ministerio de Desarrollo e Inclusi\u00f3n Social (Midis) o el Ministerio de Trabajo y Promoci\u00f3n del Empleo (MTPE) Como se recuerda, [&hellip;]<\/p>\n","protected":false},"author":1,"featured_media":0,"comment_status":"open","ping_status":"open","sticky":false,"template":"","format":"standard","meta":{"tdm_status":"","tdm_grid_status":"","footnotes":""},"categories":[33],"tags":[],"class_list":{"0":"post-59884","1":"post","2":"type-post","3":"status-publish","4":"format-standard","6":"category-economia"},"yoast_head":"<!-- This site is optimized with the Yoast SEO plugin v25.1 - https:\/\/yoast.com\/wordpress\/plugins\/seo\/ -->\n<title>Inici\u00f3 pago del Bono Familiar Universal: \u00bfqui\u00e9nes est\u00e1n en el primer padr\u00f3n de beneficiarios?<\/title>\n<meta name=\"description\" content=\"Portal de noticias del Per\u00fa sobre el transporte a\u00e9reo, aviaci\u00f3n, turismo, hoteleria, actualidad.\" \/>\n<meta name=\"robots\" content=\"index, follow, max-snippet:-1, max-image-preview:large, max-video-preview:-1\" \/>\n<link rel=\"canonical\" href=\"https:\/\/aeronoticias.com.pe\/noticiero\/economia\/inicio-pago-del-bono-familiar-universal-iquienes-estan-en-el-primer-padron-de-beneficiarios\/\" \/>\n<meta property=\"og:locale\" content=\"es_ES\" \/>\n<meta property=\"og:type\" content=\"article\" \/>\n<meta property=\"og:title\" content=\"Inici\u00f3 pago del Bono Familiar Universal: \u00bfqui\u00e9nes est\u00e1n en el primer padr\u00f3n de beneficiarios?\" \/>\n<meta property=\"og:description\" content=\"Portal de noticias del Per\u00fa sobre el transporte a\u00e9reo, aviaci\u00f3n, turismo, hoteleria, actualidad.\" \/>\n<meta property=\"og:url\" content=\"https:\/\/aeronoticias.com.pe\/noticiero\/economia\/inicio-pago-del-bono-familiar-universal-iquienes-estan-en-el-primer-padron-de-beneficiarios\/\" \/>\n<meta property=\"og:site_name\" content=\"Aeronoticias.com.pe\" \/>\n<meta property=\"article:publisher\" content=\"https:\/\/www.facebook.com\/Aeronoticias.com.pe\/\" \/>\n<meta property=\"article:published_time\" content=\"2020-05-20T17:15:40+00:00\" \/>\n<meta name=\"author\" content=\"Redacci\u00f3n Aeronoticias\" \/>\n<meta name=\"twitter:card\" content=\"summary_large_image\" \/>\n<meta name=\"twitter:creator\" content=\"@aeronoticias\" \/>\n<meta name=\"twitter:site\" content=\"@aeronoticias\" \/>\n<meta name=\"twitter:label1\" content=\"Escrito por\" \/>\n\t<meta name=\"twitter:data1\" content=\"Redacci\u00f3n Aeronoticias\" \/>\n\t<meta name=\"twitter:label2\" content=\"Tiempo de lectura\" \/>\n\t<meta name=\"twitter:data2\" content=\"2 minutos\" \/>\n<script type=\"application\/ld+json\" class=\"yoast-schema-graph\">{\"@context\":\"https:\/\/schema.org\",\"@graph\":[{\"@type\":\"WebPage\",\"@id\":\"https:\/\/aeronoticias.com.pe\/noticiero\/economia\/inicio-pago-del-bono-familiar-universal-iquienes-estan-en-el-primer-padron-de-beneficiarios\/\",\"url\":\"https:\/\/aeronoticias.com.pe\/noticiero\/economia\/inicio-pago-del-bono-familiar-universal-iquienes-estan-en-el-primer-padron-de-beneficiarios\/\",\"name\":\"Inici\u00f3 pago del Bono Familiar Universal: \u00bfqui\u00e9nes est\u00e1n en el primer padr\u00f3n de beneficiarios?\",\"isPartOf\":{\"@id\":\"https:\/\/aeronoticias.com.pe\/noticiero\/#website\"},\"datePublished\":\"2020-05-20T17:15:40+00:00\",\"author\":{\"@id\":\"https:\/\/aeronoticias.com.pe\/noticiero\/#\/schema\/person\/fc1e5d578f4b62ba1cf7ac2bba1170a0\"},\"description\":\"Portal de noticias del Per\u00fa sobre el transporte a\u00e9reo, aviaci\u00f3n, turismo, hoteleria, actualidad.\",\"breadcrumb\":{\"@id\":\"https:\/\/aeronoticias.com.pe\/noticiero\/economia\/inicio-pago-del-bono-familiar-universal-iquienes-estan-en-el-primer-padron-de-beneficiarios\/#breadcrumb\"},\"inLanguage\":\"es\",\"potentialAction\":[{\"@type\":\"ReadAction\",\"target\":[\"https:\/\/aeronoticias.com.pe\/noticiero\/economia\/inicio-pago-del-bono-familiar-universal-iquienes-estan-en-el-primer-padron-de-beneficiarios\/\"]}]},{\"@type\":\"BreadcrumbList\",\"@id\":\"https:\/\/aeronoticias.com.pe\/noticiero\/economia\/inicio-pago-del-bono-familiar-universal-iquienes-estan-en-el-primer-padron-de-beneficiarios\/#breadcrumb\",\"itemListElement\":[{\"@type\":\"ListItem\",\"position\":1,\"name\":\"Portada\",\"item\":\"https:\/\/aeronoticias.com.pe\/noticiero\/\"},{\"@type\":\"ListItem\",\"position\":2,\"name\":\"Inici\u00f3 pago del Bono Familiar Universal: \u00bfqui\u00e9nes est\u00e1n en el primer padr\u00f3n de beneficiarios?\"}]},{\"@type\":\"WebSite\",\"@id\":\"https:\/\/aeronoticias.com.pe\/noticiero\/#website\",\"url\":\"https:\/\/aeronoticias.com.pe\/noticiero\/\",\"name\":\"Aeronoticias.com.pe\",\"description\":\"Noticias de tranporte aereo, turismo, hoteles, gastronomia, actualidad, internacional\",\"potentialAction\":[{\"@type\":\"SearchAction\",\"target\":{\"@type\":\"EntryPoint\",\"urlTemplate\":\"https:\/\/aeronoticias.com.pe\/noticiero\/?s={search_term_string}\"},\"query-input\":{\"@type\":\"PropertyValueSpecification\",\"valueRequired\":true,\"valueName\":\"search_term_string\"}}],\"inLanguage\":\"es\"},{\"@type\":\"Person\",\"@id\":\"https:\/\/aeronoticias.com.pe\/noticiero\/#\/schema\/person\/fc1e5d578f4b62ba1cf7ac2bba1170a0\",\"name\":\"Redacci\u00f3n Aeronoticias\",\"url\":\"https:\/\/aeronoticias.com.pe\/noticiero\/author\/piloto\/\"}]}<\/script>\n<!-- \/ Yoast SEO plugin. -->","yoast_head_json":{"title":"Inici\u00f3 pago del Bono Familiar Universal: \u00bfqui\u00e9nes est\u00e1n en el primer padr\u00f3n de beneficiarios?","description":"Portal de noticias del Per\u00fa sobre el transporte a\u00e9reo, aviaci\u00f3n, turismo, hoteleria, actualidad.","robots":{"index":"index","follow":"follow","max-snippet":"max-snippet:-1","max-image-preview":"max-image-preview:large","max-video-preview":"max-video-preview:-1"},"canonical":"https:\/\/aeronoticias.com.pe\/noticiero\/economia\/inicio-pago-del-bono-familiar-universal-iquienes-estan-en-el-primer-padron-de-beneficiarios\/","og_locale":"es_ES","og_type":"article","og_title":"Inici\u00f3 pago del Bono Familiar Universal: \u00bfqui\u00e9nes est\u00e1n en el primer padr\u00f3n de beneficiarios?","og_description":"Portal de noticias del Per\u00fa sobre el transporte a\u00e9reo, aviaci\u00f3n, turismo, hoteleria, actualidad.","og_url":"https:\/\/aeronoticias.com.pe\/noticiero\/economia\/inicio-pago-del-bono-familiar-universal-iquienes-estan-en-el-primer-padron-de-beneficiarios\/","og_site_name":"Aeronoticias.com.pe","article_publisher":"https:\/\/www.facebook.com\/Aeronoticias.com.pe\/","article_published_time":"2020-05-20T17:15:40+00:00","author":"Redacci\u00f3n Aeronoticias","twitter_card":"summary_large_image","twitter_creator":"@aeronoticias","twitter_site":"@aeronoticias","twitter_misc":{"Escrito por":"Redacci\u00f3n Aeronoticias","Tiempo de lectura":"2 minutos"},"schema":{"@context":"https:\/\/schema.org","@graph":[{"@type":"WebPage","@id":"https:\/\/aeronoticias.com.pe\/noticiero\/economia\/inicio-pago-del-bono-familiar-universal-iquienes-estan-en-el-primer-padron-de-beneficiarios\/","url":"https:\/\/aeronoticias.com.pe\/noticiero\/economia\/inicio-pago-del-bono-familiar-universal-iquienes-estan-en-el-primer-padron-de-beneficiarios\/","name":"Inici\u00f3 pago del Bono Familiar Universal: \u00bfqui\u00e9nes est\u00e1n en el primer padr\u00f3n de beneficiarios?","isPartOf":{"@id":"https:\/\/aeronoticias.com.pe\/noticiero\/#website"},"datePublished":"2020-05-20T17:15:40+00:00","author":{"@id":"https:\/\/aeronoticias.com.pe\/noticiero\/#\/schema\/person\/fc1e5d578f4b62ba1cf7ac2bba1170a0"},"description":"Portal de noticias del Per\u00fa sobre el transporte a\u00e9reo, aviaci\u00f3n, turismo, hoteleria, actualidad.","breadcrumb":{"@id":"https:\/\/aeronoticias.com.pe\/noticiero\/economia\/inicio-pago-del-bono-familiar-universal-iquienes-estan-en-el-primer-padron-de-beneficiarios\/#breadcrumb"},"inLanguage":"es","potentialAction":[{"@type":"ReadAction","target":["https:\/\/aeronoticias.com.pe\/noticiero\/economia\/inicio-pago-del-bono-familiar-universal-iquienes-estan-en-el-primer-padron-de-beneficiarios\/"]}]},{"@type":"BreadcrumbList","@id":"https:\/\/aeronoticias.com.pe\/noticiero\/economia\/inicio-pago-del-bono-familiar-universal-iquienes-estan-en-el-primer-padron-de-beneficiarios\/#breadcrumb","itemListElement":[{"@type":"ListItem","position":1,"name":"Portada","item":"https:\/\/aeronoticias.com.pe\/noticiero\/"},{"@type":"ListItem","position":2,"name":"Inici\u00f3 pago del Bono Familiar Universal: \u00bfqui\u00e9nes est\u00e1n en el primer padr\u00f3n de beneficiarios?"}]},{"@type":"WebSite","@id":"https:\/\/aeronoticias.com.pe\/noticiero\/#website","url":"https:\/\/aeronoticias.com.pe\/noticiero\/","name":"Aeronoticias.com.pe","description":"Noticias de tranporte aereo, turismo, hoteles, gastronomia, actualidad, internacional","potentialAction":[{"@type":"SearchAction","target":{"@type":"EntryPoint","urlTemplate":"https:\/\/aeronoticias.com.pe\/noticiero\/?s={search_term_string}"},"query-input":{"@type":"PropertyValueSpecification","valueRequired":true,"valueName":"search_term_string"}}],"inLanguage":"es"},{"@type":"Person","@id":"https:\/\/aeronoticias.com.pe\/noticiero\/#\/schema\/person\/fc1e5d578f4b62ba1cf7ac2bba1170a0","name":"Redacci\u00f3n Aeronoticias","url":"https:\/\/aeronoticias.com.pe\/noticiero\/author\/piloto\/"}]}},"_links":{"self":[{"href":"https:\/\/aeronoticias.com.pe\/noticiero\/wp-json\/wp\/v2\/posts\/59884","targetHints":{"allow":["GET"]}}],"collection":[{"href":"https:\/\/aeronoticias.com.pe\/noticiero\/wp-json\/wp\/v2\/posts"}],"about":[{"href":"https:\/\/aeronoticias.com.pe\/noticiero\/wp-json\/wp\/v2\/types\/post"}],"author":[{"embeddable":true,"href":"https:\/\/aeronoticias.com.pe\/noticiero\/wp-json\/wp\/v2\/users\/1"}],"replies":[{"embeddable":true,"href":"https:\/\/aeronoticias.com.pe\/noticiero\/wp-json\/wp\/v2\/comments?post=59884"}],"version-history":[{"count":0,"href":"https:\/\/aeronoticias.com.pe\/noticiero\/wp-json\/wp\/v2\/posts\/59884\/revisions"}],"wp:attachment":[{"href":"https:\/\/aeronoticias.com.pe\/noticiero\/wp-json\/wp\/v2\/media?parent=59884"}],"wp:term":[{"taxonomy":"category","embeddable":true,"href":"https:\/\/aeronoticias.com.pe\/noticiero\/wp-json\/wp\/v2\/categories?post=59884"},{"taxonomy":"post_tag","embeddable":true,"href":"https:\/\/aeronoticias.com.pe\/noticiero\/wp-json\/wp\/v2\/tags?post=59884"}],"curies":[{"name":"wp","href":"https:\/\/api.w.org\/{rel}","templated":true}]}}