{"id":59891,"date":"2020-05-21T16:32:52","date_gmt":"2020-05-21T16:32:52","guid":{"rendered":"http:\/\/desarrollo.mcvicious.com\/aero2020\/2020\/05\/21\/alitalia-reanudara-sus-vuelos-a-eeuu-espana-y-el-sur-de-italia-a-partir-de-junio\/"},"modified":"2020-09-22T23:49:40","modified_gmt":"2020-09-22T23:49:40","slug":"alitalia-reanudara-sus-vuelos-a-eeuu-espana-y-el-sur-de-italia-a-partir-de-junio","status":"publish","type":"post","link":"https:\/\/aeronoticias.com.pe\/noticiero\/transporte-aereo\/internacional\/alitalia-reanudara-sus-vuelos-a-eeuu-espana-y-el-sur-de-italia-a-partir-de-junio\/","title":{"rendered":"Alitalia reanudar\u00e1 sus vuelos a EEUU, Espa\u00f1a y el sur de Italia a partir de junio"},"content":{"rendered":"\n<p>La aerol\u00ednea<strong> Alitalia<\/strong> anunci\u00f3 este mi\u00e9rcoles que aumentar\u00e1 sus vuelos en un 36% a partir de junio.<\/p>\n\n\n\n<p class=\"p1\">Desde el comienzo hace dos meses de la pandemia, Alitalia ha mantenido sus actividades para proporcionar \u201cun servicio p\u00fablico esencial\u201d, aunque en forma muy reducida.<\/p>\n\n\n\n<p class=\"p1\">En un comunicado la compa\u00f1\u00eda se\u00f1ala que \u201cvol\u00f3 en promedio m\u00e1s que las principales empresas europeas, y en particular que las de bajo costo\u201d.<\/p>\n\n\n\n<p class=\"p1\">El abril Alitalia realiz\u00f3 aproximadamente el 10% de sus vuelos en comparaci\u00f3n con abril de 2019, frente a un promedio del 6% para las grandes compa\u00f1\u00edas europeas y del 2% para las de bajo costo, seg\u00fan sus datos.<\/p>\n\n\n\n<p class=\"p1\">A partir del 2 de junio, Alitalia reanudar\u00e1 sus vuelos entre Roma y Nueva York, Madrid y Barcelona y entre Mil\u00e1n y el sur de Italia, lo que representa un aumento del 36% en los vuelos en comparaci\u00f3n con mayo.<\/p>\n\n\n\n<p class=\"p1\">Alitalia garantizar\u00e1 30 conexiones con 25 aeropuertos, incluido 10 en el exterior.<\/p>\n\n\n\n<p class=\"p1\">Para el tercer trimestre del a\u00f1o, Alitalia calcula que reanudar\u00e1 el 40% de sus actividades con respecto a las realizadas antes de la pandemia.<\/p>\n\n\n\n<p class=\"p1\">\u201cLa oferta de vuelos aumentar\u00e1 de acuerdo con la demanda, con una recuperaci\u00f3n de algunas rutas nacionales, y se beneficiar\u00e1 de la abolici\u00f3n progresiva por parte de algunos pa\u00edses de las restricciones impuestas a vuelos y pasajeros que provienen de Italia\u201d, explic\u00f3 la compa\u00f1\u00eda.<\/p>\n\n\n\n<p class=\"p1\">En todos los vuelos de Alitalia se reducir\u00e1 a casi a la mitad el n\u00famero de sillas para los pasajeros de manera de garantizar la distancia entre las personas como aconsejado por las autoridades debido al coronavirus.<\/p>\n\n\n\n<p class=\"p1\">El gobierno planea crear una nueva empresa p\u00fablica en junio para salvar a Alitalia, en la que inyectar\u00e1 al menos tres mil millones de euros, de manera de relanzar la aerol\u00ednea y aprovechar la crisis que golpea a sus competidores.<\/p>\n\n\n\n<p class=\"p1\">Debido al coronavirus, \u201ctodas las aerol\u00edneas registran grandes dificultades y si Alitalia resultaba un florero de cristal en medio de floreros de acero, hoy la situaci\u00f3n ha cambiado\u201d, estim\u00f3 el ministro de Desarrollo Econ\u00f3mico, Stefano Patuanelli.<\/p>\n\n\n\n<p class=\"p1\">Alitalia acumula p\u00e9rdidas desde hace a\u00f1os y fue colocada bajo tutela administrativa en 2017. Desde entonces, el gobierno ha buscado compradores, sin \u00e9xito.<\/p>\n\n\n\n<p class=\"p1\">Fuente: <span style=\"text-decoration: underline;\"><em><strong>AFP.<\/strong><\/em><\/span><\/p>\n","protected":false},"excerpt":{"rendered":"<p>La aerol\u00ednea Alitalia anunci\u00f3 este mi\u00e9rcoles que aumentar\u00e1 sus vuelos en un 36% a partir de junio. Desde el comienzo hace dos meses de la pandemia, Alitalia ha mantenido sus actividades para proporcionar \u201cun servicio p\u00fablico esencial\u201d, aunque en forma muy reducida. En un comunicado la compa\u00f1\u00eda se\u00f1ala que \u201cvol\u00f3 en promedio m\u00e1s que las [&hellip;]<\/p>\n","protected":false},"author":1,"featured_media":62952,"comment_status":"open","ping_status":"open","sticky":false,"template":"","format":"standard","meta":{"tdm_status":"","tdm_grid_status":"","footnotes":""},"categories":[32,11],"tags":[205],"class_list":{"0":"post-59891","1":"post","2":"type-post","3":"status-publish","4":"format-standard","5":"has-post-thumbnail","7":"category-internacional","8":"category-transporte-aereo","9":"tag-alitalia"},"yoast_head":"<!-- This site is optimized with the Yoast SEO plugin v25.1 - https:\/\/yoast.com\/wordpress\/plugins\/seo\/ -->\n<title>Alitalia reanudar\u00e1 sus vuelos a EEUU, Espa\u00f1a y el sur de Italia a partir de junio<\/title>\n<meta name=\"description\" content=\"La aerol\u00ednea Alitalia anunci\u00f3 este mi\u00e9rcoles que aumentar\u00e1 sus vuelos en un 36% a partir de junio.\" \/>\n<meta name=\"robots\" content=\"index, follow, max-snippet:-1, max-image-preview:large, max-video-preview:-1\" \/>\n<link rel=\"canonical\" href=\"https:\/\/aeronoticias.com.pe\/noticiero\/transporte-aereo\/internacional\/alitalia-reanudara-sus-vuelos-a-eeuu-espana-y-el-sur-de-italia-a-partir-de-junio\/\" \/>\n<meta property=\"og:locale\" content=\"es_ES\" \/>\n<meta property=\"og:type\" content=\"article\" \/>\n<meta property=\"og:title\" content=\"Alitalia reanudar\u00e1 sus vuelos a EEUU, Espa\u00f1a y el sur de Italia a partir de junio\" \/>\n<meta property=\"og:description\" content=\"La aerol\u00ednea Alitalia anunci\u00f3 este mi\u00e9rcoles que aumentar\u00e1 sus vuelos en un 36% a partir de junio.\" \/>\n<meta property=\"og:url\" content=\"https:\/\/aeronoticias.com.pe\/noticiero\/transporte-aereo\/internacional\/alitalia-reanudara-sus-vuelos-a-eeuu-espana-y-el-sur-de-italia-a-partir-de-junio\/\" \/>\n<meta property=\"og:site_name\" content=\"Aeronoticias.com.pe\" \/>\n<meta property=\"article:publisher\" content=\"https:\/\/www.facebook.com\/Aeronoticias.com.pe\/\" \/>\n<meta property=\"article:published_time\" content=\"2020-05-21T16:32:52+00:00\" \/>\n<meta property=\"article:modified_time\" content=\"2020-09-22T23:49:40+00:00\" \/>\n<meta property=\"og:image\" content=\"https:\/\/aeronoticias.com.pe\/noticiero\/wp-content\/uploads\/2020\/05\/Alitalia.jpg\" \/>\n\t<meta property=\"og:image:width\" content=\"1200\" \/>\n\t<meta property=\"og:image:height\" content=\"630\" \/>\n\t<meta property=\"og:image:type\" content=\"image\/jpeg\" \/>\n<meta name=\"author\" content=\"Redacci\u00f3n Aeronoticias\" \/>\n<meta name=\"twitter:card\" content=\"summary_large_image\" \/>\n<meta name=\"twitter:creator\" content=\"@aeronoticias\" \/>\n<meta name=\"twitter:site\" content=\"@aeronoticias\" \/>\n<meta name=\"twitter:label1\" content=\"Escrito por\" \/>\n\t<meta name=\"twitter:data1\" content=\"Redacci\u00f3n Aeronoticias\" \/>\n\t<meta name=\"twitter:label2\" content=\"Tiempo de lectura\" \/>\n\t<meta name=\"twitter:data2\" content=\"2 minutos\" \/>\n<script type=\"application\/ld+json\" class=\"yoast-schema-graph\">{\"@context\":\"https:\/\/schema.org\",\"@graph\":[{\"@type\":\"WebPage\",\"@id\":\"https:\/\/aeronoticias.com.pe\/noticiero\/transporte-aereo\/internacional\/alitalia-reanudara-sus-vuelos-a-eeuu-espana-y-el-sur-de-italia-a-partir-de-junio\/\",\"url\":\"https:\/\/aeronoticias.com.pe\/noticiero\/transporte-aereo\/internacional\/alitalia-reanudara-sus-vuelos-a-eeuu-espana-y-el-sur-de-italia-a-partir-de-junio\/\",\"name\":\"Alitalia reanudar\u00e1 sus vuelos a EEUU, Espa\u00f1a y el sur de Italia a partir de junio\",\"isPartOf\":{\"@id\":\"https:\/\/aeronoticias.com.pe\/noticiero\/#website\"},\"primaryImageOfPage\":{\"@id\":\"https:\/\/aeronoticias.com.pe\/noticiero\/transporte-aereo\/internacional\/alitalia-reanudara-sus-vuelos-a-eeuu-espana-y-el-sur-de-italia-a-partir-de-junio\/#primaryimage\"},\"image\":{\"@id\":\"https:\/\/aeronoticias.com.pe\/noticiero\/transporte-aereo\/internacional\/alitalia-reanudara-sus-vuelos-a-eeuu-espana-y-el-sur-de-italia-a-partir-de-junio\/#primaryimage\"},\"thumbnailUrl\":\"https:\/\/aeronoticias.com.pe\/noticiero\/wp-content\/uploads\/2020\/05\/Alitalia.jpg\",\"datePublished\":\"2020-05-21T16:32:52+00:00\",\"dateModified\":\"2020-09-22T23:49:40+00:00\",\"author\":{\"@id\":\"https:\/\/aeronoticias.com.pe\/noticiero\/#\/schema\/person\/fc1e5d578f4b62ba1cf7ac2bba1170a0\"},\"description\":\"La aerol\u00ednea Alitalia anunci\u00f3 este mi\u00e9rcoles que aumentar\u00e1 sus vuelos en un 36% a partir de junio.\",\"breadcrumb\":{\"@id\":\"https:\/\/aeronoticias.com.pe\/noticiero\/transporte-aereo\/internacional\/alitalia-reanudara-sus-vuelos-a-eeuu-espana-y-el-sur-de-italia-a-partir-de-junio\/#breadcrumb\"},\"inLanguage\":\"es\",\"potentialAction\":[{\"@type\":\"ReadAction\",\"target\":[\"https:\/\/aeronoticias.com.pe\/noticiero\/transporte-aereo\/internacional\/alitalia-reanudara-sus-vuelos-a-eeuu-espana-y-el-sur-de-italia-a-partir-de-junio\/\"]}]},{\"@type\":\"ImageObject\",\"inLanguage\":\"es\",\"@id\":\"https:\/\/aeronoticias.com.pe\/noticiero\/transporte-aereo\/internacional\/alitalia-reanudara-sus-vuelos-a-eeuu-espana-y-el-sur-de-italia-a-partir-de-junio\/#primaryimage\",\"url\":\"https:\/\/aeronoticias.com.pe\/noticiero\/wp-content\/uploads\/2020\/05\/Alitalia.jpg\",\"contentUrl\":\"https:\/\/aeronoticias.com.pe\/noticiero\/wp-content\/uploads\/2020\/05\/Alitalia.jpg\",\"width\":1200,\"height\":630},{\"@type\":\"BreadcrumbList\",\"@id\":\"https:\/\/aeronoticias.com.pe\/noticiero\/transporte-aereo\/internacional\/alitalia-reanudara-sus-vuelos-a-eeuu-espana-y-el-sur-de-italia-a-partir-de-junio\/#breadcrumb\",\"itemListElement\":[{\"@type\":\"ListItem\",\"position\":1,\"name\":\"Portada\",\"item\":\"https:\/\/aeronoticias.com.pe\/noticiero\/\"},{\"@type\":\"ListItem\",\"position\":2,\"name\":\"Alitalia reanudar\u00e1 sus vuelos a EEUU, Espa\u00f1a y el sur de Italia a partir de junio\"}]},{\"@type\":\"WebSite\",\"@id\":\"https:\/\/aeronoticias.com.pe\/noticiero\/#website\",\"url\":\"https:\/\/aeronoticias.com.pe\/noticiero\/\",\"name\":\"Aeronoticias.com.pe\",\"description\":\"Noticias de tranporte aereo, turismo, hoteles, gastronomia, actualidad, internacional\",\"potentialAction\":[{\"@type\":\"SearchAction\",\"target\":{\"@type\":\"EntryPoint\",\"urlTemplate\":\"https:\/\/aeronoticias.com.pe\/noticiero\/?s={search_term_string}\"},\"query-input\":{\"@type\":\"PropertyValueSpecification\",\"valueRequired\":true,\"valueName\":\"search_term_string\"}}],\"inLanguage\":\"es\"},{\"@type\":\"Person\",\"@id\":\"https:\/\/aeronoticias.com.pe\/noticiero\/#\/schema\/person\/fc1e5d578f4b62ba1cf7ac2bba1170a0\",\"name\":\"Redacci\u00f3n Aeronoticias\",\"url\":\"https:\/\/aeronoticias.com.pe\/noticiero\/author\/piloto\/\"}]}<\/script>\n<!-- \/ Yoast SEO plugin. -->","yoast_head_json":{"title":"Alitalia reanudar\u00e1 sus vuelos a EEUU, Espa\u00f1a y el sur de Italia a partir de junio","description":"La aerol\u00ednea Alitalia anunci\u00f3 este mi\u00e9rcoles que aumentar\u00e1 sus vuelos en un 36% a partir de junio.","robots":{"index":"index","follow":"follow","max-snippet":"max-snippet:-1","max-image-preview":"max-image-preview:large","max-video-preview":"max-video-preview:-1"},"canonical":"https:\/\/aeronoticias.com.pe\/noticiero\/transporte-aereo\/internacional\/alitalia-reanudara-sus-vuelos-a-eeuu-espana-y-el-sur-de-italia-a-partir-de-junio\/","og_locale":"es_ES","og_type":"article","og_title":"Alitalia reanudar\u00e1 sus vuelos a EEUU, Espa\u00f1a y el sur de Italia a partir de junio","og_description":"La aerol\u00ednea Alitalia anunci\u00f3 este mi\u00e9rcoles que aumentar\u00e1 sus vuelos en un 36% a partir de junio.","og_url":"https:\/\/aeronoticias.com.pe\/noticiero\/transporte-aereo\/internacional\/alitalia-reanudara-sus-vuelos-a-eeuu-espana-y-el-sur-de-italia-a-partir-de-junio\/","og_site_name":"Aeronoticias.com.pe","article_publisher":"https:\/\/www.facebook.com\/Aeronoticias.com.pe\/","article_published_time":"2020-05-21T16:32:52+00:00","article_modified_time":"2020-09-22T23:49:40+00:00","og_image":[{"width":1200,"height":630,"url":"https:\/\/aeronoticias.com.pe\/noticiero\/wp-content\/uploads\/2020\/05\/Alitalia.jpg","type":"image\/jpeg"}],"author":"Redacci\u00f3n Aeronoticias","twitter_card":"summary_large_image","twitter_creator":"@aeronoticias","twitter_site":"@aeronoticias","twitter_misc":{"Escrito por":"Redacci\u00f3n Aeronoticias","Tiempo de lectura":"2 minutos"},"schema":{"@context":"https:\/\/schema.org","@graph":[{"@type":"WebPage","@id":"https:\/\/aeronoticias.com.pe\/noticiero\/transporte-aereo\/internacional\/alitalia-reanudara-sus-vuelos-a-eeuu-espana-y-el-sur-de-italia-a-partir-de-junio\/","url":"https:\/\/aeronoticias.com.pe\/noticiero\/transporte-aereo\/internacional\/alitalia-reanudara-sus-vuelos-a-eeuu-espana-y-el-sur-de-italia-a-partir-de-junio\/","name":"Alitalia reanudar\u00e1 sus vuelos a EEUU, Espa\u00f1a y el sur de Italia a partir de junio","isPartOf":{"@id":"https:\/\/aeronoticias.com.pe\/noticiero\/#website"},"primaryImageOfPage":{"@id":"https:\/\/aeronoticias.com.pe\/noticiero\/transporte-aereo\/internacional\/alitalia-reanudara-sus-vuelos-a-eeuu-espana-y-el-sur-de-italia-a-partir-de-junio\/#primaryimage"},"image":{"@id":"https:\/\/aeronoticias.com.pe\/noticiero\/transporte-aereo\/internacional\/alitalia-reanudara-sus-vuelos-a-eeuu-espana-y-el-sur-de-italia-a-partir-de-junio\/#primaryimage"},"thumbnailUrl":"https:\/\/aeronoticias.com.pe\/noticiero\/wp-content\/uploads\/2020\/05\/Alitalia.jpg","datePublished":"2020-05-21T16:32:52+00:00","dateModified":"2020-09-22T23:49:40+00:00","author":{"@id":"https:\/\/aeronoticias.com.pe\/noticiero\/#\/schema\/person\/fc1e5d578f4b62ba1cf7ac2bba1170a0"},"description":"La aerol\u00ednea Alitalia anunci\u00f3 este mi\u00e9rcoles que aumentar\u00e1 sus vuelos en un 36% a partir de junio.","breadcrumb":{"@id":"https:\/\/aeronoticias.com.pe\/noticiero\/transporte-aereo\/internacional\/alitalia-reanudara-sus-vuelos-a-eeuu-espana-y-el-sur-de-italia-a-partir-de-junio\/#breadcrumb"},"inLanguage":"es","potentialAction":[{"@type":"ReadAction","target":["https:\/\/aeronoticias.com.pe\/noticiero\/transporte-aereo\/internacional\/alitalia-reanudara-sus-vuelos-a-eeuu-espana-y-el-sur-de-italia-a-partir-de-junio\/"]}]},{"@type":"ImageObject","inLanguage":"es","@id":"https:\/\/aeronoticias.com.pe\/noticiero\/transporte-aereo\/internacional\/alitalia-reanudara-sus-vuelos-a-eeuu-espana-y-el-sur-de-italia-a-partir-de-junio\/#primaryimage","url":"https:\/\/aeronoticias.com.pe\/noticiero\/wp-content\/uploads\/2020\/05\/Alitalia.jpg","contentUrl":"https:\/\/aeronoticias.com.pe\/noticiero\/wp-content\/uploads\/2020\/05\/Alitalia.jpg","width":1200,"height":630},{"@type":"BreadcrumbList","@id":"https:\/\/aeronoticias.com.pe\/noticiero\/transporte-aereo\/internacional\/alitalia-reanudara-sus-vuelos-a-eeuu-espana-y-el-sur-de-italia-a-partir-de-junio\/#breadcrumb","itemListElement":[{"@type":"ListItem","position":1,"name":"Portada","item":"https:\/\/aeronoticias.com.pe\/noticiero\/"},{"@type":"ListItem","position":2,"name":"Alitalia reanudar\u00e1 sus vuelos a EEUU, Espa\u00f1a y el sur de Italia a partir de junio"}]},{"@type":"WebSite","@id":"https:\/\/aeronoticias.com.pe\/noticiero\/#website","url":"https:\/\/aeronoticias.com.pe\/noticiero\/","name":"Aeronoticias.com.pe","description":"Noticias de tranporte aereo, turismo, hoteles, gastronomia, actualidad, internacional","potentialAction":[{"@type":"SearchAction","target":{"@type":"EntryPoint","urlTemplate":"https:\/\/aeronoticias.com.pe\/noticiero\/?s={search_term_string}"},"query-input":{"@type":"PropertyValueSpecification","valueRequired":true,"valueName":"search_term_string"}}],"inLanguage":"es"},{"@type":"Person","@id":"https:\/\/aeronoticias.com.pe\/noticiero\/#\/schema\/person\/fc1e5d578f4b62ba1cf7ac2bba1170a0","name":"Redacci\u00f3n Aeronoticias","url":"https:\/\/aeronoticias.com.pe\/noticiero\/author\/piloto\/"}]}},"_links":{"self":[{"href":"https:\/\/aeronoticias.com.pe\/noticiero\/wp-json\/wp\/v2\/posts\/59891","targetHints":{"allow":["GET"]}}],"collection":[{"href":"https:\/\/aeronoticias.com.pe\/noticiero\/wp-json\/wp\/v2\/posts"}],"about":[{"href":"https:\/\/aeronoticias.com.pe\/noticiero\/wp-json\/wp\/v2\/types\/post"}],"author":[{"embeddable":true,"href":"https:\/\/aeronoticias.com.pe\/noticiero\/wp-json\/wp\/v2\/users\/1"}],"replies":[{"embeddable":true,"href":"https:\/\/aeronoticias.com.pe\/noticiero\/wp-json\/wp\/v2\/comments?post=59891"}],"version-history":[{"count":0,"href":"https:\/\/aeronoticias.com.pe\/noticiero\/wp-json\/wp\/v2\/posts\/59891\/revisions"}],"wp:featuredmedia":[{"embeddable":true,"href":"https:\/\/aeronoticias.com.pe\/noticiero\/wp-json\/wp\/v2\/media\/62952"}],"wp:attachment":[{"href":"https:\/\/aeronoticias.com.pe\/noticiero\/wp-json\/wp\/v2\/media?parent=59891"}],"wp:term":[{"taxonomy":"category","embeddable":true,"href":"https:\/\/aeronoticias.com.pe\/noticiero\/wp-json\/wp\/v2\/categories?post=59891"},{"taxonomy":"post_tag","embeddable":true,"href":"https:\/\/aeronoticias.com.pe\/noticiero\/wp-json\/wp\/v2\/tags?post=59891"}],"curies":[{"name":"wp","href":"https:\/\/api.w.org\/{rel}","templated":true}]}}