{"id":59893,"date":"2020-05-21T22:26:45","date_gmt":"2020-05-21T22:26:45","guid":{"rendered":"http:\/\/desarrollo.mcvicious.com\/aero2020\/2020\/05\/21\/cena-del-reencuentro-56-anos-despues-de-la-escuela-j-j-paso-de-santa-fe-argentina\/"},"modified":"2020-09-11T15:55:24","modified_gmt":"2020-09-11T15:55:24","slug":"cena-del-reencuentro-56-anos-despues-de-la-escuela-j-j-paso-de-santa-fe-argentina","status":"publish","type":"post","link":"https:\/\/aeronoticias.com.pe\/noticiero\/institucionales\/cena-del-reencuentro-56-anos-despues-de-la-escuela-j-j-paso-de-santa-fe-argentina\/","title":{"rendered":"Cena del Reencuentro 56 a\u00f1os despu\u00e9s de la Escuela J J Paso de Santa Fe, Argentina"},"content":{"rendered":"<p><span style=\"font-size: 12.16px;\"><strong><em>Foto: De izq. a der. Domingo Dottavio, Alberto Gonz\u00e1lez, Juli\u00e1n Palacin, Ricardo Herrero y Alicia Cortez, compa\u00f1eros de escuela primaria J J Paso 1963, Santa Fe, Argentina.<\/em><\/strong><\/span><\/p>\n<p><strong style=\"font-size: 14px; color: #1c1e21; font-family: Helvetica, sans-serif; text-align: justify;\">(Aeronoticias)<\/strong><span style=\"font-size: 14px; color: #1c1e21; font-family: Helvetica, sans-serif; text-align: justify;\"> Dicen que la amistad que nace en la escuela primaria es la m\u00e1s perdurable y con motivo de los 100 a\u00f1os de fundaci\u00f3n de la Universidad Nacional de El Litoral (UNL) 1919-2019, uno de sus egresados como Abogado en 1976, <\/span><a href=\"https:\/\/es.wikipedia.org\/wiki\/Juli%C3%A1n_Palac%C3%ADn_Fern%C3%A1ndez\" target=\"_blank\" style=\"font-size: 14px; font-family: Helvetica, sans-serif; text-align: justify;\" rel=\"noopener noreferrer\">Juli\u00e1n Palacin Fern\u00e1ndez <\/a><span style=\"font-size: 14px; color: #1c1e21; font-family: Helvetica, sans-serif; text-align: justify;\">viaj\u00f3 desde Lima, Per\u00fa, a Santa Fe, Argentina, para dar una conferencia sobre la Conectividad A\u00e9rea del Aeropuerto de Sauce Viejo con los mercados y turismo del mundo <\/span><a href=\"https:\/\/es.scribd.com\/document\/434862753\/Conectividad-Aerea-Del-Aeropuerto-de-Sauce-Viejo-Con-Los-Mercados-y-Turismo-Del-Mundo\" target=\"_blank\" style=\"font-size: 14px; font-family: Helvetica, sans-serif; text-align: justify;\" rel=\"noopener noreferrer\">VER CONFERENCIA<\/a><span style=\"font-size: 14px; color: #1c1e21; font-family: Helvetica, sans-serif; text-align: justify;\">.<\/span><\/p>\n<p><span style=\"font-size: 14px; color: #1c1e21; font-family: Helvetica, sans-serif; text-align: justify;\">En su estad\u00eda en Santa Fe del 20 de noviembre al 2 de diciembre del 2019, el d\u00eda 22 de noviembre en el restaurante \u201cDon Garc\u00eda\u201d se llev\u00f3 a cabo la cena del reencuentro entre los compa\u00f1eros de la Escuela Juan Jos\u00e9 Paso de Santa Fe, Argentina, en donde Juli\u00e1n Palacin curs\u00f3 sus estudios primarios desde 1956 a 1963, fecha en que emigr\u00f3 a Per\u00fa, en donde luego estudi\u00f3 en el Colegio San Agust\u00edn de San Isidro en Lima desde 1964 hasta 1969, fecha en la que regres\u00f3 a Santa Fe y estudi\u00f3 Derecho en la Facultad de Ciencias Jur\u00eddicas y Sociales de la Universidad Nacional de El Litoral en donde egres\u00f3 con el t\u00edtulo de Abogado el 26 de noviembre de 1976.<\/span><\/p>\n<p class=\"MsoNormal\"><span style=\"font-family: Helvetica, sans-serif; color: #1c1e21;\"><span style=\"font-size: 14px;\">Pero, regresando a las ra\u00edces de quien es uno de los Juristas m\u00e1s importantes en Derecho A\u00e9reo de Iberoamerica en la actualidad <a href=\"https:\/\/es.wikipedia.org\/wiki\/Juli%C3%A1n_Palac%C3%ADn_Fern%C3%A1ndez\" target=\"_blank\" rel=\"noopener noreferrer\">VER WIKIPEDIA<\/a>, su presencia en Santa Fe, Argentina, origin\u00f3 esta cena del reencuentro con sus compa\u00f1eros de la Escuela primaria N\u00b0 9 Juan Jos\u00e9 Paso de Santa Fe, Argentina, que ilustramos en una foto del recuerdo de primero y quinto de primaria 1958 y 1963, turno tarde. <\/span><\/span><\/p>\n<p class=\"MsoNormal\"><span style=\"font-family: Helvetica, sans-serif; color: #1c1e21;\"><span style=\"font-size: 14px;\">De esta forma, luego de casi 56 a\u00f1os, los compa\u00f1eros de Juli\u00e1n Palacin de la J J Paso Domingo Dottavio, Alicia Cortez, Ricardo Herrero y Alberto Gonz\u00e1lez, le entregaron un recuerdo, un cuadro con fotos de la \u00e9poca.<\/span><\/span><\/p>\n<p class=\"MsoNormal\"><span style=\"font-family: Helvetica, sans-serif; color: #1c1e21;\"><span style=\"font-size: 14px;\">La amistad que nace entre compa\u00f1eros de esta generaci\u00f3n de la Escuela Juan Jos\u00e9 Paso N. 9 de Santa Fe, Argentina, es perdurable y durar\u00e1 seguramente hasta la eternidad.<\/span><\/span><\/p>\n<p class=\"MsoNormal\"><span style=\"font-family: Helvetica, sans-serif; color: #1c1e21;\"><span style=\"font-size: 14px;\"><img decoding=\"async\" src=\"images\/stories\/20\/05\/210520\/jjpasosantafe.jpg\" border=\"0\" \/><br \/><\/span><\/span><\/p>\n<p class=\"MsoNormal\"><span style=\"font-family: Helvetica, sans-serif; color: #1c1e21;\"><span style=\"font-size: 14px;\"><br \/><\/span><\/span><\/p>\n","protected":false},"excerpt":{"rendered":"<p>Foto: De izq. a der. Domingo Dottavio, Alberto Gonz\u00e1lez, Juli\u00e1n Palacin, Ricardo Herrero y Alicia Cortez, compa\u00f1eros de escuela primaria J J Paso 1963, Santa Fe, Argentina. (Aeronoticias) Dicen que la amistad que nace en la escuela primaria es la m\u00e1s perdurable y con motivo de los 100 a\u00f1os de fundaci\u00f3n de la Universidad Nacional [&hellip;]<\/p>\n","protected":false},"author":1,"featured_media":0,"comment_status":"open","ping_status":"open","sticky":false,"template":"","format":"standard","meta":{"tdm_status":"","tdm_grid_status":"","footnotes":""},"categories":[45,18],"tags":[],"class_list":{"0":"post-59893","1":"post","2":"type-post","3":"status-publish","4":"format-standard","6":"category-eventos","7":"category-institucionales"},"yoast_head":"<!-- This site is optimized with the Yoast SEO plugin v25.1 - https:\/\/yoast.com\/wordpress\/plugins\/seo\/ -->\n<title>Cena del Reencuentro 56 a\u00f1os despu\u00e9s de la Escuela J J Paso de Santa Fe, Argentina<\/title>\n<meta name=\"description\" content=\"Portal de noticias del Per\u00fa sobre el transporte a\u00e9reo, aviaci\u00f3n, turismo, hoteleria, actualidad.\" \/>\n<meta name=\"robots\" content=\"index, follow, max-snippet:-1, max-image-preview:large, max-video-preview:-1\" \/>\n<link rel=\"canonical\" href=\"https:\/\/aeronoticias.com.pe\/noticiero\/institucionales\/cena-del-reencuentro-56-anos-despues-de-la-escuela-j-j-paso-de-santa-fe-argentina\/\" \/>\n<meta property=\"og:locale\" content=\"es_ES\" \/>\n<meta property=\"og:type\" content=\"article\" \/>\n<meta property=\"og:title\" content=\"Cena del Reencuentro 56 a\u00f1os despu\u00e9s de la Escuela J J Paso de Santa Fe, Argentina\" \/>\n<meta property=\"og:description\" content=\"Portal de noticias del Per\u00fa sobre el transporte a\u00e9reo, aviaci\u00f3n, turismo, hoteleria, actualidad.\" \/>\n<meta property=\"og:url\" content=\"https:\/\/aeronoticias.com.pe\/noticiero\/institucionales\/cena-del-reencuentro-56-anos-despues-de-la-escuela-j-j-paso-de-santa-fe-argentina\/\" \/>\n<meta property=\"og:site_name\" content=\"Aeronoticias.com.pe\" \/>\n<meta property=\"article:publisher\" content=\"https:\/\/www.facebook.com\/Aeronoticias.com.pe\/\" \/>\n<meta property=\"article:published_time\" content=\"2020-05-21T22:26:45+00:00\" \/>\n<meta property=\"article:modified_time\" content=\"2020-09-11T15:55:24+00:00\" \/>\n<meta name=\"author\" content=\"Redacci\u00f3n Aeronoticias\" \/>\n<meta name=\"twitter:card\" content=\"summary_large_image\" \/>\n<meta name=\"twitter:creator\" content=\"@aeronoticias\" \/>\n<meta name=\"twitter:site\" content=\"@aeronoticias\" \/>\n<meta name=\"twitter:label1\" content=\"Escrito por\" \/>\n\t<meta name=\"twitter:data1\" content=\"Redacci\u00f3n Aeronoticias\" \/>\n\t<meta name=\"twitter:label2\" content=\"Tiempo de lectura\" \/>\n\t<meta name=\"twitter:data2\" content=\"2 minutos\" \/>\n<script type=\"application\/ld+json\" class=\"yoast-schema-graph\">{\"@context\":\"https:\/\/schema.org\",\"@graph\":[{\"@type\":\"WebPage\",\"@id\":\"https:\/\/aeronoticias.com.pe\/noticiero\/institucionales\/cena-del-reencuentro-56-anos-despues-de-la-escuela-j-j-paso-de-santa-fe-argentina\/\",\"url\":\"https:\/\/aeronoticias.com.pe\/noticiero\/institucionales\/cena-del-reencuentro-56-anos-despues-de-la-escuela-j-j-paso-de-santa-fe-argentina\/\",\"name\":\"Cena del Reencuentro 56 a\u00f1os despu\u00e9s de la Escuela J J Paso de Santa Fe, Argentina\",\"isPartOf\":{\"@id\":\"https:\/\/aeronoticias.com.pe\/noticiero\/#website\"},\"datePublished\":\"2020-05-21T22:26:45+00:00\",\"dateModified\":\"2020-09-11T15:55:24+00:00\",\"author\":{\"@id\":\"https:\/\/aeronoticias.com.pe\/noticiero\/#\/schema\/person\/fc1e5d578f4b62ba1cf7ac2bba1170a0\"},\"description\":\"Portal de noticias del Per\u00fa sobre el transporte a\u00e9reo, aviaci\u00f3n, turismo, hoteleria, actualidad.\",\"breadcrumb\":{\"@id\":\"https:\/\/aeronoticias.com.pe\/noticiero\/institucionales\/cena-del-reencuentro-56-anos-despues-de-la-escuela-j-j-paso-de-santa-fe-argentina\/#breadcrumb\"},\"inLanguage\":\"es\",\"potentialAction\":[{\"@type\":\"ReadAction\",\"target\":[\"https:\/\/aeronoticias.com.pe\/noticiero\/institucionales\/cena-del-reencuentro-56-anos-despues-de-la-escuela-j-j-paso-de-santa-fe-argentina\/\"]}]},{\"@type\":\"BreadcrumbList\",\"@id\":\"https:\/\/aeronoticias.com.pe\/noticiero\/institucionales\/cena-del-reencuentro-56-anos-despues-de-la-escuela-j-j-paso-de-santa-fe-argentina\/#breadcrumb\",\"itemListElement\":[{\"@type\":\"ListItem\",\"position\":1,\"name\":\"Portada\",\"item\":\"https:\/\/aeronoticias.com.pe\/noticiero\/\"},{\"@type\":\"ListItem\",\"position\":2,\"name\":\"Cena del Reencuentro 56 a\u00f1os despu\u00e9s de la Escuela J J Paso de Santa Fe, Argentina\"}]},{\"@type\":\"WebSite\",\"@id\":\"https:\/\/aeronoticias.com.pe\/noticiero\/#website\",\"url\":\"https:\/\/aeronoticias.com.pe\/noticiero\/\",\"name\":\"Aeronoticias.com.pe\",\"description\":\"Noticias de tranporte aereo, turismo, hoteles, gastronomia, actualidad, internacional\",\"potentialAction\":[{\"@type\":\"SearchAction\",\"target\":{\"@type\":\"EntryPoint\",\"urlTemplate\":\"https:\/\/aeronoticias.com.pe\/noticiero\/?s={search_term_string}\"},\"query-input\":{\"@type\":\"PropertyValueSpecification\",\"valueRequired\":true,\"valueName\":\"search_term_string\"}}],\"inLanguage\":\"es\"},{\"@type\":\"Person\",\"@id\":\"https:\/\/aeronoticias.com.pe\/noticiero\/#\/schema\/person\/fc1e5d578f4b62ba1cf7ac2bba1170a0\",\"name\":\"Redacci\u00f3n Aeronoticias\",\"url\":\"https:\/\/aeronoticias.com.pe\/noticiero\/author\/piloto\/\"}]}<\/script>\n<!-- \/ Yoast SEO plugin. -->","yoast_head_json":{"title":"Cena del Reencuentro 56 a\u00f1os despu\u00e9s de la Escuela J J Paso de Santa Fe, Argentina","description":"Portal de noticias del Per\u00fa sobre el transporte a\u00e9reo, aviaci\u00f3n, turismo, hoteleria, actualidad.","robots":{"index":"index","follow":"follow","max-snippet":"max-snippet:-1","max-image-preview":"max-image-preview:large","max-video-preview":"max-video-preview:-1"},"canonical":"https:\/\/aeronoticias.com.pe\/noticiero\/institucionales\/cena-del-reencuentro-56-anos-despues-de-la-escuela-j-j-paso-de-santa-fe-argentina\/","og_locale":"es_ES","og_type":"article","og_title":"Cena del Reencuentro 56 a\u00f1os despu\u00e9s de la Escuela J J Paso de Santa Fe, Argentina","og_description":"Portal de noticias del Per\u00fa sobre el transporte a\u00e9reo, aviaci\u00f3n, turismo, hoteleria, actualidad.","og_url":"https:\/\/aeronoticias.com.pe\/noticiero\/institucionales\/cena-del-reencuentro-56-anos-despues-de-la-escuela-j-j-paso-de-santa-fe-argentina\/","og_site_name":"Aeronoticias.com.pe","article_publisher":"https:\/\/www.facebook.com\/Aeronoticias.com.pe\/","article_published_time":"2020-05-21T22:26:45+00:00","article_modified_time":"2020-09-11T15:55:24+00:00","author":"Redacci\u00f3n Aeronoticias","twitter_card":"summary_large_image","twitter_creator":"@aeronoticias","twitter_site":"@aeronoticias","twitter_misc":{"Escrito por":"Redacci\u00f3n Aeronoticias","Tiempo de lectura":"2 minutos"},"schema":{"@context":"https:\/\/schema.org","@graph":[{"@type":"WebPage","@id":"https:\/\/aeronoticias.com.pe\/noticiero\/institucionales\/cena-del-reencuentro-56-anos-despues-de-la-escuela-j-j-paso-de-santa-fe-argentina\/","url":"https:\/\/aeronoticias.com.pe\/noticiero\/institucionales\/cena-del-reencuentro-56-anos-despues-de-la-escuela-j-j-paso-de-santa-fe-argentina\/","name":"Cena del Reencuentro 56 a\u00f1os despu\u00e9s de la Escuela J J Paso de Santa Fe, Argentina","isPartOf":{"@id":"https:\/\/aeronoticias.com.pe\/noticiero\/#website"},"datePublished":"2020-05-21T22:26:45+00:00","dateModified":"2020-09-11T15:55:24+00:00","author":{"@id":"https:\/\/aeronoticias.com.pe\/noticiero\/#\/schema\/person\/fc1e5d578f4b62ba1cf7ac2bba1170a0"},"description":"Portal de noticias del Per\u00fa sobre el transporte a\u00e9reo, aviaci\u00f3n, turismo, hoteleria, actualidad.","breadcrumb":{"@id":"https:\/\/aeronoticias.com.pe\/noticiero\/institucionales\/cena-del-reencuentro-56-anos-despues-de-la-escuela-j-j-paso-de-santa-fe-argentina\/#breadcrumb"},"inLanguage":"es","potentialAction":[{"@type":"ReadAction","target":["https:\/\/aeronoticias.com.pe\/noticiero\/institucionales\/cena-del-reencuentro-56-anos-despues-de-la-escuela-j-j-paso-de-santa-fe-argentina\/"]}]},{"@type":"BreadcrumbList","@id":"https:\/\/aeronoticias.com.pe\/noticiero\/institucionales\/cena-del-reencuentro-56-anos-despues-de-la-escuela-j-j-paso-de-santa-fe-argentina\/#breadcrumb","itemListElement":[{"@type":"ListItem","position":1,"name":"Portada","item":"https:\/\/aeronoticias.com.pe\/noticiero\/"},{"@type":"ListItem","position":2,"name":"Cena del Reencuentro 56 a\u00f1os despu\u00e9s de la Escuela J J Paso de Santa Fe, Argentina"}]},{"@type":"WebSite","@id":"https:\/\/aeronoticias.com.pe\/noticiero\/#website","url":"https:\/\/aeronoticias.com.pe\/noticiero\/","name":"Aeronoticias.com.pe","description":"Noticias de tranporte aereo, turismo, hoteles, gastronomia, actualidad, internacional","potentialAction":[{"@type":"SearchAction","target":{"@type":"EntryPoint","urlTemplate":"https:\/\/aeronoticias.com.pe\/noticiero\/?s={search_term_string}"},"query-input":{"@type":"PropertyValueSpecification","valueRequired":true,"valueName":"search_term_string"}}],"inLanguage":"es"},{"@type":"Person","@id":"https:\/\/aeronoticias.com.pe\/noticiero\/#\/schema\/person\/fc1e5d578f4b62ba1cf7ac2bba1170a0","name":"Redacci\u00f3n Aeronoticias","url":"https:\/\/aeronoticias.com.pe\/noticiero\/author\/piloto\/"}]}},"_links":{"self":[{"href":"https:\/\/aeronoticias.com.pe\/noticiero\/wp-json\/wp\/v2\/posts\/59893","targetHints":{"allow":["GET"]}}],"collection":[{"href":"https:\/\/aeronoticias.com.pe\/noticiero\/wp-json\/wp\/v2\/posts"}],"about":[{"href":"https:\/\/aeronoticias.com.pe\/noticiero\/wp-json\/wp\/v2\/types\/post"}],"author":[{"embeddable":true,"href":"https:\/\/aeronoticias.com.pe\/noticiero\/wp-json\/wp\/v2\/users\/1"}],"replies":[{"embeddable":true,"href":"https:\/\/aeronoticias.com.pe\/noticiero\/wp-json\/wp\/v2\/comments?post=59893"}],"version-history":[{"count":0,"href":"https:\/\/aeronoticias.com.pe\/noticiero\/wp-json\/wp\/v2\/posts\/59893\/revisions"}],"wp:attachment":[{"href":"https:\/\/aeronoticias.com.pe\/noticiero\/wp-json\/wp\/v2\/media?parent=59893"}],"wp:term":[{"taxonomy":"category","embeddable":true,"href":"https:\/\/aeronoticias.com.pe\/noticiero\/wp-json\/wp\/v2\/categories?post=59893"},{"taxonomy":"post_tag","embeddable":true,"href":"https:\/\/aeronoticias.com.pe\/noticiero\/wp-json\/wp\/v2\/tags?post=59893"}],"curies":[{"name":"wp","href":"https:\/\/api.w.org\/{rel}","templated":true}]}}