{"id":59894,"date":"2020-05-22T16:16:26","date_gmt":"2020-05-22T16:16:26","guid":{"rendered":"http:\/\/desarrollo.mcvicious.com\/aero2020\/2020\/05\/22\/julian-palacin-y-gloria-gonzalez-estuvieron-en-la-cena-de-los-100-anos-de-la-facultad-de-ciencias-juridicas-y-sociales-de-la-universidad-nacional-del-litoral\/"},"modified":"2020-05-22T16:16:26","modified_gmt":"2020-05-22T16:16:26","slug":"julian-palacin-y-gloria-gonzalez-estuvieron-en-la-cena-de-los-100-anos-de-la-facultad-de-ciencias-juridicas-y-sociales-de-la-universidad-nacional-del-litoral","status":"publish","type":"post","link":"https:\/\/aeronoticias.com.pe\/noticiero\/internacionales\/julian-palacin-y-gloria-gonzalez-estuvieron-en-la-cena-de-los-100-anos-de-la-facultad-de-ciencias-juridicas-y-sociales-de-la-universidad-nacional-del-litoral\/","title":{"rendered":"Juli\u00e1n Palacin y Gloria Gonzalez estuvieron en la Cena de los 100 a\u00f1os de la Facultad de Ciencias Jur\u00eddicas y Sociales de la Universidad Nacional del Litoral"},"content":{"rendered":"<p style=\"text-align: justify;\"><span style=\"font-size: 12.16px;\"><strong>(Aeronoticias) <\/strong>La prestigiosa Universidad Nacional del Litoral de Santa Fe, Argentina, una de las 50 m\u00e1s importantes del mundo y entre las mejores de ese pa\u00eds fue fundada en 1919 y el a\u00f1o pasado renov\u00f3 su compromiso social, pol\u00edtico y educativo de cara al Centenario de su nacimiento. Creada el 17 de octubre de 1919, con una marcada vocaci\u00f3n regional, mantiene los postulados de la Reforma Universitaria por los que fue creada: democr\u00e1tica, laica, estatal, organizada a partir de los principios de autonom\u00eda, cogobierno, libertad de c\u00e1tedra, extensi\u00f3n universitaria y acceso a la docencia a trav\u00e9s de concursos p\u00fablicos.<\/span><\/p>\n<p style=\"text-align: justify;\"><span style=\"font-size: 12.16px;\">La Facultad de Ciencias Jur\u00eddicas y Sociales de la Universidad Nacional del Litoral, presidida por su Decano Dr. Javier Aga en el 2019, llev\u00f3 a cabo los actos celebratorios del Centenario que culminaron en una cena realmente inolvidable, en donde hubo recuerdos, magia y el reencuentro con la amistad universitaria de otras \u00e9pocas que esa noche hizo so\u00f1ar a los egresados que al lado inclusive de algunos profesores de la \u00e9poca como\u00a0Jorge Mosset Iturraspe\u00a0<a href=\"https:\/\/www.fundacionkonex.org\/b2796-jorge-mosset-iturraspe, asistieron m\u00e1s de 600\" target=\"_blank\" rel=\"noopener noreferrer\">VER,<\/a> Alfredo Monteverde y otros, participaron y <\/span><span style=\"font-size: 12.16px;\">disfrutaron<a href=\"https:\/\/www.fundacionkonex.org\/b2796-jorge-mosset-iturraspe, asistieron m\u00e1s de 600\" target=\"_blank\" rel=\"noopener noreferrer\"> <\/a> de esta Cena inolvidable que se prolong\u00f3 hasta el amanecer, en momentos en que la lluvia le daba a este reencuentro un ambiente aun m\u00e1s m\u00e1gico.<\/span><\/p>\n<p style=\"text-align: justify;\"><span style=\"font-size: 12.16px;\">Desde Per\u00fa lleg\u00f3 para participar en los actos del Centenario de la UNL, Juli\u00e1n Palacin Fern\u00e1ndez, egresado como Abogado en 1976 <a href=\"https:\/\/es.wikipedia.org\/wiki\/Juli%C3%A1n_Palac%C3%ADn_Fern%C3%A1ndez\" target=\"_blank\" rel=\"noopener noreferrer\">VER WIKIPEDIA<\/a>, quien asisti\u00f3 en compa\u00f1\u00eda de la distinguida Abogada de Concordia Entre R\u00edos, Argentina, Gloria Gonzalez, egresada en 1978, ambos recorrieron la Facultad, la Universidad y la ciudad de Santa Fe de los esp\u00edritus y de la magia que volvi\u00f3 con estos recuerdos 50 a\u00f1os despu\u00e9s de esas \u00e9pocas universitarios que fueron tan felices.<\/span><\/p>\n<p style=\"text-align: justify;\"><span style=\"font-size: 12.16px;\">La magia de esa Cena qued\u00f3 en la memoria de todos los que participaron y los recuerdos de las \u00e9pocas estudiantiles de Santa Fe, Argentina, de todas las \u00e9pocas quedaron adem\u00e1s rememorados en una pel\u00edcula y en el Libro Derecho Viejo de Rogelio Alaniz.<\/span><\/p>\n<p style=\"text-align: justify;\"><span style=\"font-size: 12.16px;\"><a href=\"https:\/\/www.youtube.com\/watch?v=i3o7Ztczc0I&amp;feature=emb_title\" target=\"_blank\" rel=\"noopener noreferrer\">VER VIDEO UNL: Una comunidad. 100 a\u00f1os<\/a><\/span><\/p>\n<p style=\"text-align: justify;\"><span style=\"font-size: 12.16px;\"><img decoding=\"async\" src=\"images\/stories\/20\/05\/220520\/unlgloriagonzalez.jpg\" border=\"0\" \/><br \/><\/span><\/p>\n<p><span style=\"font-size: 12.16px;\"><br \/><\/span><\/p>\n<p>\u00a0<\/p>\n","protected":false},"excerpt":{"rendered":"<p>(Aeronoticias) La prestigiosa Universidad Nacional del Litoral de Santa Fe, Argentina, una de las 50 m\u00e1s importantes del mundo y entre las mejores de ese pa\u00eds fue fundada en 1919 y el a\u00f1o pasado renov\u00f3 su compromiso social, pol\u00edtico y educativo de cara al Centenario de su nacimiento. Creada el 17 de octubre de 1919, [&hellip;]<\/p>\n","protected":false},"author":1,"featured_media":0,"comment_status":"open","ping_status":"open","sticky":false,"template":"","format":"standard","meta":{"tdm_status":"","tdm_grid_status":"","footnotes":""},"categories":[34],"tags":[],"class_list":{"0":"post-59894","1":"post","2":"type-post","3":"status-publish","4":"format-standard","6":"category-internacionales"},"yoast_head":"<!-- This site is optimized with the Yoast SEO plugin v25.1 - https:\/\/yoast.com\/wordpress\/plugins\/seo\/ -->\n<title>Juli\u00e1n Palacin y Gloria Gonzalez estuvieron en la Cena de los 100 a\u00f1os de la Facultad de Ciencias Jur\u00eddicas y Sociales de la Universidad Nacional del Litoral<\/title>\n<meta name=\"description\" content=\"Portal de noticias del Per\u00fa sobre el transporte a\u00e9reo, aviaci\u00f3n, turismo, hoteleria, actualidad.\" \/>\n<meta name=\"robots\" content=\"index, follow, max-snippet:-1, max-image-preview:large, max-video-preview:-1\" \/>\n<link rel=\"canonical\" href=\"https:\/\/aeronoticias.com.pe\/noticiero\/internacionales\/julian-palacin-y-gloria-gonzalez-estuvieron-en-la-cena-de-los-100-anos-de-la-facultad-de-ciencias-juridicas-y-sociales-de-la-universidad-nacional-del-litoral\/\" \/>\n<meta property=\"og:locale\" content=\"es_ES\" \/>\n<meta property=\"og:type\" content=\"article\" \/>\n<meta property=\"og:title\" content=\"Juli\u00e1n Palacin y Gloria Gonzalez estuvieron en la Cena de los 100 a\u00f1os de la Facultad de Ciencias Jur\u00eddicas y Sociales de la Universidad Nacional del Litoral\" \/>\n<meta property=\"og:description\" content=\"Portal de noticias del Per\u00fa sobre el transporte a\u00e9reo, aviaci\u00f3n, turismo, hoteleria, actualidad.\" \/>\n<meta property=\"og:url\" content=\"https:\/\/aeronoticias.com.pe\/noticiero\/internacionales\/julian-palacin-y-gloria-gonzalez-estuvieron-en-la-cena-de-los-100-anos-de-la-facultad-de-ciencias-juridicas-y-sociales-de-la-universidad-nacional-del-litoral\/\" \/>\n<meta property=\"og:site_name\" content=\"Aeronoticias.com.pe\" \/>\n<meta property=\"article:publisher\" content=\"https:\/\/www.facebook.com\/Aeronoticias.com.pe\/\" \/>\n<meta property=\"article:published_time\" content=\"2020-05-22T16:16:26+00:00\" \/>\n<meta name=\"author\" content=\"Redacci\u00f3n Aeronoticias\" \/>\n<meta name=\"twitter:card\" content=\"summary_large_image\" \/>\n<meta name=\"twitter:creator\" content=\"@aeronoticias\" \/>\n<meta name=\"twitter:site\" content=\"@aeronoticias\" \/>\n<meta name=\"twitter:label1\" content=\"Escrito por\" \/>\n\t<meta name=\"twitter:data1\" content=\"Redacci\u00f3n Aeronoticias\" \/>\n\t<meta name=\"twitter:label2\" content=\"Tiempo de lectura\" \/>\n\t<meta name=\"twitter:data2\" content=\"2 minutos\" \/>\n<script type=\"application\/ld+json\" class=\"yoast-schema-graph\">{\"@context\":\"https:\/\/schema.org\",\"@graph\":[{\"@type\":\"WebPage\",\"@id\":\"https:\/\/aeronoticias.com.pe\/noticiero\/internacionales\/julian-palacin-y-gloria-gonzalez-estuvieron-en-la-cena-de-los-100-anos-de-la-facultad-de-ciencias-juridicas-y-sociales-de-la-universidad-nacional-del-litoral\/\",\"url\":\"https:\/\/aeronoticias.com.pe\/noticiero\/internacionales\/julian-palacin-y-gloria-gonzalez-estuvieron-en-la-cena-de-los-100-anos-de-la-facultad-de-ciencias-juridicas-y-sociales-de-la-universidad-nacional-del-litoral\/\",\"name\":\"Juli\u00e1n Palacin y Gloria Gonzalez estuvieron en la Cena de los 100 a\u00f1os de la Facultad de Ciencias Jur\u00eddicas y Sociales de la Universidad Nacional del Litoral\",\"isPartOf\":{\"@id\":\"https:\/\/aeronoticias.com.pe\/noticiero\/#website\"},\"datePublished\":\"2020-05-22T16:16:26+00:00\",\"author\":{\"@id\":\"https:\/\/aeronoticias.com.pe\/noticiero\/#\/schema\/person\/fc1e5d578f4b62ba1cf7ac2bba1170a0\"},\"description\":\"Portal de noticias del Per\u00fa sobre el transporte a\u00e9reo, aviaci\u00f3n, turismo, hoteleria, actualidad.\",\"breadcrumb\":{\"@id\":\"https:\/\/aeronoticias.com.pe\/noticiero\/internacionales\/julian-palacin-y-gloria-gonzalez-estuvieron-en-la-cena-de-los-100-anos-de-la-facultad-de-ciencias-juridicas-y-sociales-de-la-universidad-nacional-del-litoral\/#breadcrumb\"},\"inLanguage\":\"es\",\"potentialAction\":[{\"@type\":\"ReadAction\",\"target\":[\"https:\/\/aeronoticias.com.pe\/noticiero\/internacionales\/julian-palacin-y-gloria-gonzalez-estuvieron-en-la-cena-de-los-100-anos-de-la-facultad-de-ciencias-juridicas-y-sociales-de-la-universidad-nacional-del-litoral\/\"]}]},{\"@type\":\"BreadcrumbList\",\"@id\":\"https:\/\/aeronoticias.com.pe\/noticiero\/internacionales\/julian-palacin-y-gloria-gonzalez-estuvieron-en-la-cena-de-los-100-anos-de-la-facultad-de-ciencias-juridicas-y-sociales-de-la-universidad-nacional-del-litoral\/#breadcrumb\",\"itemListElement\":[{\"@type\":\"ListItem\",\"position\":1,\"name\":\"Portada\",\"item\":\"https:\/\/aeronoticias.com.pe\/noticiero\/\"},{\"@type\":\"ListItem\",\"position\":2,\"name\":\"Juli\u00e1n Palacin y Gloria Gonzalez estuvieron en la Cena de los 100 a\u00f1os de la Facultad de Ciencias Jur\u00eddicas y Sociales de la Universidad Nacional del Litoral\"}]},{\"@type\":\"WebSite\",\"@id\":\"https:\/\/aeronoticias.com.pe\/noticiero\/#website\",\"url\":\"https:\/\/aeronoticias.com.pe\/noticiero\/\",\"name\":\"Aeronoticias.com.pe\",\"description\":\"Noticias de tranporte aereo, turismo, hoteles, gastronomia, actualidad, internacional\",\"potentialAction\":[{\"@type\":\"SearchAction\",\"target\":{\"@type\":\"EntryPoint\",\"urlTemplate\":\"https:\/\/aeronoticias.com.pe\/noticiero\/?s={search_term_string}\"},\"query-input\":{\"@type\":\"PropertyValueSpecification\",\"valueRequired\":true,\"valueName\":\"search_term_string\"}}],\"inLanguage\":\"es\"},{\"@type\":\"Person\",\"@id\":\"https:\/\/aeronoticias.com.pe\/noticiero\/#\/schema\/person\/fc1e5d578f4b62ba1cf7ac2bba1170a0\",\"name\":\"Redacci\u00f3n Aeronoticias\",\"url\":\"https:\/\/aeronoticias.com.pe\/noticiero\/author\/piloto\/\"}]}<\/script>\n<!-- \/ Yoast SEO plugin. -->","yoast_head_json":{"title":"Juli\u00e1n Palacin y Gloria Gonzalez estuvieron en la Cena de los 100 a\u00f1os de la Facultad de Ciencias Jur\u00eddicas y Sociales de la Universidad Nacional del Litoral","description":"Portal de noticias del Per\u00fa sobre el transporte a\u00e9reo, aviaci\u00f3n, turismo, hoteleria, actualidad.","robots":{"index":"index","follow":"follow","max-snippet":"max-snippet:-1","max-image-preview":"max-image-preview:large","max-video-preview":"max-video-preview:-1"},"canonical":"https:\/\/aeronoticias.com.pe\/noticiero\/internacionales\/julian-palacin-y-gloria-gonzalez-estuvieron-en-la-cena-de-los-100-anos-de-la-facultad-de-ciencias-juridicas-y-sociales-de-la-universidad-nacional-del-litoral\/","og_locale":"es_ES","og_type":"article","og_title":"Juli\u00e1n Palacin y Gloria Gonzalez estuvieron en la Cena de los 100 a\u00f1os de la Facultad de Ciencias Jur\u00eddicas y Sociales de la Universidad Nacional del Litoral","og_description":"Portal de noticias del Per\u00fa sobre el transporte a\u00e9reo, aviaci\u00f3n, turismo, hoteleria, actualidad.","og_url":"https:\/\/aeronoticias.com.pe\/noticiero\/internacionales\/julian-palacin-y-gloria-gonzalez-estuvieron-en-la-cena-de-los-100-anos-de-la-facultad-de-ciencias-juridicas-y-sociales-de-la-universidad-nacional-del-litoral\/","og_site_name":"Aeronoticias.com.pe","article_publisher":"https:\/\/www.facebook.com\/Aeronoticias.com.pe\/","article_published_time":"2020-05-22T16:16:26+00:00","author":"Redacci\u00f3n Aeronoticias","twitter_card":"summary_large_image","twitter_creator":"@aeronoticias","twitter_site":"@aeronoticias","twitter_misc":{"Escrito por":"Redacci\u00f3n Aeronoticias","Tiempo de lectura":"2 minutos"},"schema":{"@context":"https:\/\/schema.org","@graph":[{"@type":"WebPage","@id":"https:\/\/aeronoticias.com.pe\/noticiero\/internacionales\/julian-palacin-y-gloria-gonzalez-estuvieron-en-la-cena-de-los-100-anos-de-la-facultad-de-ciencias-juridicas-y-sociales-de-la-universidad-nacional-del-litoral\/","url":"https:\/\/aeronoticias.com.pe\/noticiero\/internacionales\/julian-palacin-y-gloria-gonzalez-estuvieron-en-la-cena-de-los-100-anos-de-la-facultad-de-ciencias-juridicas-y-sociales-de-la-universidad-nacional-del-litoral\/","name":"Juli\u00e1n Palacin y Gloria Gonzalez estuvieron en la Cena de los 100 a\u00f1os de la Facultad de Ciencias Jur\u00eddicas y Sociales de la Universidad Nacional del Litoral","isPartOf":{"@id":"https:\/\/aeronoticias.com.pe\/noticiero\/#website"},"datePublished":"2020-05-22T16:16:26+00:00","author":{"@id":"https:\/\/aeronoticias.com.pe\/noticiero\/#\/schema\/person\/fc1e5d578f4b62ba1cf7ac2bba1170a0"},"description":"Portal de noticias del Per\u00fa sobre el transporte a\u00e9reo, aviaci\u00f3n, turismo, hoteleria, actualidad.","breadcrumb":{"@id":"https:\/\/aeronoticias.com.pe\/noticiero\/internacionales\/julian-palacin-y-gloria-gonzalez-estuvieron-en-la-cena-de-los-100-anos-de-la-facultad-de-ciencias-juridicas-y-sociales-de-la-universidad-nacional-del-litoral\/#breadcrumb"},"inLanguage":"es","potentialAction":[{"@type":"ReadAction","target":["https:\/\/aeronoticias.com.pe\/noticiero\/internacionales\/julian-palacin-y-gloria-gonzalez-estuvieron-en-la-cena-de-los-100-anos-de-la-facultad-de-ciencias-juridicas-y-sociales-de-la-universidad-nacional-del-litoral\/"]}]},{"@type":"BreadcrumbList","@id":"https:\/\/aeronoticias.com.pe\/noticiero\/internacionales\/julian-palacin-y-gloria-gonzalez-estuvieron-en-la-cena-de-los-100-anos-de-la-facultad-de-ciencias-juridicas-y-sociales-de-la-universidad-nacional-del-litoral\/#breadcrumb","itemListElement":[{"@type":"ListItem","position":1,"name":"Portada","item":"https:\/\/aeronoticias.com.pe\/noticiero\/"},{"@type":"ListItem","position":2,"name":"Juli\u00e1n Palacin y Gloria Gonzalez estuvieron en la Cena de los 100 a\u00f1os de la Facultad de Ciencias Jur\u00eddicas y Sociales de la Universidad Nacional del Litoral"}]},{"@type":"WebSite","@id":"https:\/\/aeronoticias.com.pe\/noticiero\/#website","url":"https:\/\/aeronoticias.com.pe\/noticiero\/","name":"Aeronoticias.com.pe","description":"Noticias de tranporte aereo, turismo, hoteles, gastronomia, actualidad, internacional","potentialAction":[{"@type":"SearchAction","target":{"@type":"EntryPoint","urlTemplate":"https:\/\/aeronoticias.com.pe\/noticiero\/?s={search_term_string}"},"query-input":{"@type":"PropertyValueSpecification","valueRequired":true,"valueName":"search_term_string"}}],"inLanguage":"es"},{"@type":"Person","@id":"https:\/\/aeronoticias.com.pe\/noticiero\/#\/schema\/person\/fc1e5d578f4b62ba1cf7ac2bba1170a0","name":"Redacci\u00f3n Aeronoticias","url":"https:\/\/aeronoticias.com.pe\/noticiero\/author\/piloto\/"}]}},"_links":{"self":[{"href":"https:\/\/aeronoticias.com.pe\/noticiero\/wp-json\/wp\/v2\/posts\/59894","targetHints":{"allow":["GET"]}}],"collection":[{"href":"https:\/\/aeronoticias.com.pe\/noticiero\/wp-json\/wp\/v2\/posts"}],"about":[{"href":"https:\/\/aeronoticias.com.pe\/noticiero\/wp-json\/wp\/v2\/types\/post"}],"author":[{"embeddable":true,"href":"https:\/\/aeronoticias.com.pe\/noticiero\/wp-json\/wp\/v2\/users\/1"}],"replies":[{"embeddable":true,"href":"https:\/\/aeronoticias.com.pe\/noticiero\/wp-json\/wp\/v2\/comments?post=59894"}],"version-history":[{"count":0,"href":"https:\/\/aeronoticias.com.pe\/noticiero\/wp-json\/wp\/v2\/posts\/59894\/revisions"}],"wp:attachment":[{"href":"https:\/\/aeronoticias.com.pe\/noticiero\/wp-json\/wp\/v2\/media?parent=59894"}],"wp:term":[{"taxonomy":"category","embeddable":true,"href":"https:\/\/aeronoticias.com.pe\/noticiero\/wp-json\/wp\/v2\/categories?post=59894"},{"taxonomy":"post_tag","embeddable":true,"href":"https:\/\/aeronoticias.com.pe\/noticiero\/wp-json\/wp\/v2\/tags?post=59894"}],"curies":[{"name":"wp","href":"https:\/\/api.w.org\/{rel}","templated":true}]}}