{"id":59897,"date":"2020-05-22T17:52:05","date_gmt":"2020-05-22T17:52:05","guid":{"rendered":"http:\/\/desarrollo.mcvicious.com\/aero2020\/2020\/05\/22\/se-estrella-avion-de-pakistan-airlines-con-mas-de-100-personas-a-bordo\/"},"modified":"2020-05-22T17:52:05","modified_gmt":"2020-05-22T17:52:05","slug":"se-estrella-avion-de-pakistan-airlines-con-mas-de-100-personas-a-bordo","status":"publish","type":"post","link":"https:\/\/aeronoticias.com.pe\/noticiero\/mundo\/mundo-mundo-2\/se-estrella-avion-de-pakistan-airlines-con-mas-de-100-personas-a-bordo\/","title":{"rendered":"Se estrella avi\u00f3n de Pakist\u00e1n Airlines con m\u00e1s de 100 personas a bordo"},"content":{"rendered":"<p><strong>(Aeronoticias).- <\/strong>Un vuelo de Pakistan International Airlines se estrell\u00f3 en Karachi el viernes con 99 pasajeros y ocho miembros de la tripulaci\u00f3n a bordo.<\/p>\n<p>Al menos 11 cuerpos han sido recuperados y llevados a un hospital de Karachi. El vuelo despeg\u00f3 de Lahore y deb\u00eda aterrizar en Karachi antes de desaparecer del radar. El Airbus A320 se estrell\u00f3 contra la Colonia Modelo.<\/p>\n<p>Las fuerzas armadas de Pakist\u00e1n trasladaron un equipo de b\u00fasqueda y rescate desde Rawalpindi al lugar del accidente. \u201cLas ambulancias militares [est\u00e1n] ocupadas rescatando heridos y brindando la atenci\u00f3n m\u00e9dica necesaria\u201d, dijo un portavoz militar en Twitter.<\/p>\n<p>El presidente de Pakistan International Airlines, Arshad Malik, dijo que el piloto del avi\u00f3n inform\u00f3 que estaba experimentando dificultades t\u00e9cnicas antes del accidente.<\/p>\n<p>\u201cEs un incidente muy triste y voy a Karachi\u201d, dijo.<\/p>\n<p>\u201cLa \u00faltima voz que escuchamos sobre el capit\u00e1n fue que ten\u00eda un problema t\u00e9cnico. Dijo esto desde la aproximaci\u00f3n final, le dijeron que estamos listos para aterrizar, ambas franjas est\u00e1n libres y puedes aterrizar pero [\u00e9l] decidi\u00f3 dar la vuelta\u201d.<\/p>\n<p>\u201c\u00bfCu\u00e1l fue la raz\u00f3n, cu\u00e1l fue el problema t\u00e1ctico? Investigaremos\u201d.<\/p>\n<p><img decoding=\"async\" src=\"images\/stories\/avion_cae.png\" border=\"0\" \/><\/p>\n","protected":false},"excerpt":{"rendered":"<p>(Aeronoticias).- Un vuelo de Pakistan International Airlines se estrell\u00f3 en Karachi el viernes con 99 pasajeros y ocho miembros de la tripulaci\u00f3n a bordo. Al menos 11 cuerpos han sido recuperados y llevados a un hospital de Karachi. El vuelo despeg\u00f3 de Lahore y deb\u00eda aterrizar en Karachi antes de desaparecer del radar. El Airbus [&hellip;]<\/p>\n","protected":false},"author":1,"featured_media":0,"comment_status":"open","ping_status":"open","sticky":false,"template":"","format":"standard","meta":{"tdm_status":"","tdm_grid_status":"","footnotes":""},"categories":[65],"tags":[],"class_list":{"0":"post-59897","1":"post","2":"type-post","3":"status-publish","4":"format-standard","6":"category-mundo-mundo-2"},"yoast_head":"<!-- This site is optimized with the Yoast SEO plugin v25.1 - https:\/\/yoast.com\/wordpress\/plugins\/seo\/ -->\n<title>Se estrella avi\u00f3n de Pakist\u00e1n Airlines con m\u00e1s de 100 personas a bordo<\/title>\n<meta name=\"description\" content=\"Portal de noticias del Per\u00fa sobre el transporte a\u00e9reo, aviaci\u00f3n, turismo, hoteleria, actualidad.\" \/>\n<meta name=\"robots\" content=\"index, follow, max-snippet:-1, max-image-preview:large, max-video-preview:-1\" \/>\n<link rel=\"canonical\" href=\"https:\/\/aeronoticias.com.pe\/noticiero\/mundo\/mundo-mundo-2\/se-estrella-avion-de-pakistan-airlines-con-mas-de-100-personas-a-bordo\/\" \/>\n<meta property=\"og:locale\" content=\"es_ES\" \/>\n<meta property=\"og:type\" content=\"article\" \/>\n<meta property=\"og:title\" content=\"Se estrella avi\u00f3n de Pakist\u00e1n Airlines con m\u00e1s de 100 personas a bordo\" \/>\n<meta property=\"og:description\" content=\"Portal de noticias del Per\u00fa sobre el transporte a\u00e9reo, aviaci\u00f3n, turismo, hoteleria, actualidad.\" \/>\n<meta property=\"og:url\" content=\"https:\/\/aeronoticias.com.pe\/noticiero\/mundo\/mundo-mundo-2\/se-estrella-avion-de-pakistan-airlines-con-mas-de-100-personas-a-bordo\/\" \/>\n<meta property=\"og:site_name\" content=\"Aeronoticias.com.pe\" \/>\n<meta property=\"article:publisher\" content=\"https:\/\/www.facebook.com\/Aeronoticias.com.pe\/\" \/>\n<meta property=\"article:published_time\" content=\"2020-05-22T17:52:05+00:00\" \/>\n<meta name=\"author\" content=\"Redacci\u00f3n Aeronoticias\" \/>\n<meta name=\"twitter:card\" content=\"summary_large_image\" \/>\n<meta name=\"twitter:creator\" content=\"@aeronoticias\" \/>\n<meta name=\"twitter:site\" content=\"@aeronoticias\" \/>\n<meta name=\"twitter:label1\" content=\"Escrito por\" \/>\n\t<meta name=\"twitter:data1\" content=\"Redacci\u00f3n Aeronoticias\" \/>\n\t<meta name=\"twitter:label2\" content=\"Tiempo de lectura\" \/>\n\t<meta name=\"twitter:data2\" content=\"1 minuto\" \/>\n<script type=\"application\/ld+json\" class=\"yoast-schema-graph\">{\"@context\":\"https:\/\/schema.org\",\"@graph\":[{\"@type\":\"WebPage\",\"@id\":\"https:\/\/aeronoticias.com.pe\/noticiero\/mundo\/mundo-mundo-2\/se-estrella-avion-de-pakistan-airlines-con-mas-de-100-personas-a-bordo\/\",\"url\":\"https:\/\/aeronoticias.com.pe\/noticiero\/mundo\/mundo-mundo-2\/se-estrella-avion-de-pakistan-airlines-con-mas-de-100-personas-a-bordo\/\",\"name\":\"Se estrella avi\u00f3n de Pakist\u00e1n Airlines con m\u00e1s de 100 personas a bordo\",\"isPartOf\":{\"@id\":\"https:\/\/aeronoticias.com.pe\/noticiero\/#website\"},\"datePublished\":\"2020-05-22T17:52:05+00:00\",\"author\":{\"@id\":\"https:\/\/aeronoticias.com.pe\/noticiero\/#\/schema\/person\/fc1e5d578f4b62ba1cf7ac2bba1170a0\"},\"description\":\"Portal de noticias del Per\u00fa sobre el transporte a\u00e9reo, aviaci\u00f3n, turismo, hoteleria, actualidad.\",\"breadcrumb\":{\"@id\":\"https:\/\/aeronoticias.com.pe\/noticiero\/mundo\/mundo-mundo-2\/se-estrella-avion-de-pakistan-airlines-con-mas-de-100-personas-a-bordo\/#breadcrumb\"},\"inLanguage\":\"es\",\"potentialAction\":[{\"@type\":\"ReadAction\",\"target\":[\"https:\/\/aeronoticias.com.pe\/noticiero\/mundo\/mundo-mundo-2\/se-estrella-avion-de-pakistan-airlines-con-mas-de-100-personas-a-bordo\/\"]}]},{\"@type\":\"BreadcrumbList\",\"@id\":\"https:\/\/aeronoticias.com.pe\/noticiero\/mundo\/mundo-mundo-2\/se-estrella-avion-de-pakistan-airlines-con-mas-de-100-personas-a-bordo\/#breadcrumb\",\"itemListElement\":[{\"@type\":\"ListItem\",\"position\":1,\"name\":\"Portada\",\"item\":\"https:\/\/aeronoticias.com.pe\/noticiero\/\"},{\"@type\":\"ListItem\",\"position\":2,\"name\":\"Se estrella avi\u00f3n de Pakist\u00e1n Airlines con m\u00e1s de 100 personas a bordo\"}]},{\"@type\":\"WebSite\",\"@id\":\"https:\/\/aeronoticias.com.pe\/noticiero\/#website\",\"url\":\"https:\/\/aeronoticias.com.pe\/noticiero\/\",\"name\":\"Aeronoticias.com.pe\",\"description\":\"Noticias de tranporte aereo, turismo, hoteles, gastronomia, actualidad, internacional\",\"potentialAction\":[{\"@type\":\"SearchAction\",\"target\":{\"@type\":\"EntryPoint\",\"urlTemplate\":\"https:\/\/aeronoticias.com.pe\/noticiero\/?s={search_term_string}\"},\"query-input\":{\"@type\":\"PropertyValueSpecification\",\"valueRequired\":true,\"valueName\":\"search_term_string\"}}],\"inLanguage\":\"es\"},{\"@type\":\"Person\",\"@id\":\"https:\/\/aeronoticias.com.pe\/noticiero\/#\/schema\/person\/fc1e5d578f4b62ba1cf7ac2bba1170a0\",\"name\":\"Redacci\u00f3n Aeronoticias\",\"url\":\"https:\/\/aeronoticias.com.pe\/noticiero\/author\/piloto\/\"}]}<\/script>\n<!-- \/ Yoast SEO plugin. -->","yoast_head_json":{"title":"Se estrella avi\u00f3n de Pakist\u00e1n Airlines con m\u00e1s de 100 personas a bordo","description":"Portal de noticias del Per\u00fa sobre el transporte a\u00e9reo, aviaci\u00f3n, turismo, hoteleria, actualidad.","robots":{"index":"index","follow":"follow","max-snippet":"max-snippet:-1","max-image-preview":"max-image-preview:large","max-video-preview":"max-video-preview:-1"},"canonical":"https:\/\/aeronoticias.com.pe\/noticiero\/mundo\/mundo-mundo-2\/se-estrella-avion-de-pakistan-airlines-con-mas-de-100-personas-a-bordo\/","og_locale":"es_ES","og_type":"article","og_title":"Se estrella avi\u00f3n de Pakist\u00e1n Airlines con m\u00e1s de 100 personas a bordo","og_description":"Portal de noticias del Per\u00fa sobre el transporte a\u00e9reo, aviaci\u00f3n, turismo, hoteleria, actualidad.","og_url":"https:\/\/aeronoticias.com.pe\/noticiero\/mundo\/mundo-mundo-2\/se-estrella-avion-de-pakistan-airlines-con-mas-de-100-personas-a-bordo\/","og_site_name":"Aeronoticias.com.pe","article_publisher":"https:\/\/www.facebook.com\/Aeronoticias.com.pe\/","article_published_time":"2020-05-22T17:52:05+00:00","author":"Redacci\u00f3n Aeronoticias","twitter_card":"summary_large_image","twitter_creator":"@aeronoticias","twitter_site":"@aeronoticias","twitter_misc":{"Escrito por":"Redacci\u00f3n Aeronoticias","Tiempo de lectura":"1 minuto"},"schema":{"@context":"https:\/\/schema.org","@graph":[{"@type":"WebPage","@id":"https:\/\/aeronoticias.com.pe\/noticiero\/mundo\/mundo-mundo-2\/se-estrella-avion-de-pakistan-airlines-con-mas-de-100-personas-a-bordo\/","url":"https:\/\/aeronoticias.com.pe\/noticiero\/mundo\/mundo-mundo-2\/se-estrella-avion-de-pakistan-airlines-con-mas-de-100-personas-a-bordo\/","name":"Se estrella avi\u00f3n de Pakist\u00e1n Airlines con m\u00e1s de 100 personas a bordo","isPartOf":{"@id":"https:\/\/aeronoticias.com.pe\/noticiero\/#website"},"datePublished":"2020-05-22T17:52:05+00:00","author":{"@id":"https:\/\/aeronoticias.com.pe\/noticiero\/#\/schema\/person\/fc1e5d578f4b62ba1cf7ac2bba1170a0"},"description":"Portal de noticias del Per\u00fa sobre el transporte a\u00e9reo, aviaci\u00f3n, turismo, hoteleria, actualidad.","breadcrumb":{"@id":"https:\/\/aeronoticias.com.pe\/noticiero\/mundo\/mundo-mundo-2\/se-estrella-avion-de-pakistan-airlines-con-mas-de-100-personas-a-bordo\/#breadcrumb"},"inLanguage":"es","potentialAction":[{"@type":"ReadAction","target":["https:\/\/aeronoticias.com.pe\/noticiero\/mundo\/mundo-mundo-2\/se-estrella-avion-de-pakistan-airlines-con-mas-de-100-personas-a-bordo\/"]}]},{"@type":"BreadcrumbList","@id":"https:\/\/aeronoticias.com.pe\/noticiero\/mundo\/mundo-mundo-2\/se-estrella-avion-de-pakistan-airlines-con-mas-de-100-personas-a-bordo\/#breadcrumb","itemListElement":[{"@type":"ListItem","position":1,"name":"Portada","item":"https:\/\/aeronoticias.com.pe\/noticiero\/"},{"@type":"ListItem","position":2,"name":"Se estrella avi\u00f3n de Pakist\u00e1n Airlines con m\u00e1s de 100 personas a bordo"}]},{"@type":"WebSite","@id":"https:\/\/aeronoticias.com.pe\/noticiero\/#website","url":"https:\/\/aeronoticias.com.pe\/noticiero\/","name":"Aeronoticias.com.pe","description":"Noticias de tranporte aereo, turismo, hoteles, gastronomia, actualidad, internacional","potentialAction":[{"@type":"SearchAction","target":{"@type":"EntryPoint","urlTemplate":"https:\/\/aeronoticias.com.pe\/noticiero\/?s={search_term_string}"},"query-input":{"@type":"PropertyValueSpecification","valueRequired":true,"valueName":"search_term_string"}}],"inLanguage":"es"},{"@type":"Person","@id":"https:\/\/aeronoticias.com.pe\/noticiero\/#\/schema\/person\/fc1e5d578f4b62ba1cf7ac2bba1170a0","name":"Redacci\u00f3n Aeronoticias","url":"https:\/\/aeronoticias.com.pe\/noticiero\/author\/piloto\/"}]}},"_links":{"self":[{"href":"https:\/\/aeronoticias.com.pe\/noticiero\/wp-json\/wp\/v2\/posts\/59897","targetHints":{"allow":["GET"]}}],"collection":[{"href":"https:\/\/aeronoticias.com.pe\/noticiero\/wp-json\/wp\/v2\/posts"}],"about":[{"href":"https:\/\/aeronoticias.com.pe\/noticiero\/wp-json\/wp\/v2\/types\/post"}],"author":[{"embeddable":true,"href":"https:\/\/aeronoticias.com.pe\/noticiero\/wp-json\/wp\/v2\/users\/1"}],"replies":[{"embeddable":true,"href":"https:\/\/aeronoticias.com.pe\/noticiero\/wp-json\/wp\/v2\/comments?post=59897"}],"version-history":[{"count":0,"href":"https:\/\/aeronoticias.com.pe\/noticiero\/wp-json\/wp\/v2\/posts\/59897\/revisions"}],"wp:attachment":[{"href":"https:\/\/aeronoticias.com.pe\/noticiero\/wp-json\/wp\/v2\/media?parent=59897"}],"wp:term":[{"taxonomy":"category","embeddable":true,"href":"https:\/\/aeronoticias.com.pe\/noticiero\/wp-json\/wp\/v2\/categories?post=59897"},{"taxonomy":"post_tag","embeddable":true,"href":"https:\/\/aeronoticias.com.pe\/noticiero\/wp-json\/wp\/v2\/tags?post=59897"}],"curies":[{"name":"wp","href":"https:\/\/api.w.org\/{rel}","templated":true}]}}