{"id":59978,"date":"2020-06-12T04:24:56","date_gmt":"2020-06-12T04:24:56","guid":{"rendered":"http:\/\/desarrollo.mcvicious.com\/aero2020\/2020\/06\/12\/latam-airlines-y-delta-presentaron-acuerdo-comercial-ante-regulador-brasileno\/"},"modified":"2020-09-19T23:22:26","modified_gmt":"2020-09-19T23:22:26","slug":"latam-airlines-y-delta-presentaron-acuerdo-comercial-ante-regulador-brasileno","status":"publish","type":"post","link":"https:\/\/aeronoticias.com.pe\/noticiero\/transporte-aereo\/internacional\/latam-airlines-y-delta-presentaron-acuerdo-comercial-ante-regulador-brasileno\/","title":{"rendered":"Latam Airlines y Delta presentaron acuerdo comercial ante regulador brasile\u00f1o"},"content":{"rendered":"\n<p class=\"p1\">La unidad en Brasil de Latam Airlines, el mayor grupo de transporte a\u00e9reo de Am\u00e9rica Latina, y Delta Air Lines presentaron ante el regulador antimonopolio brasile\u00f1o una solicitud de aprobaci\u00f3n para su reciente acuerdo comercial.<\/p>\n\n\n\n<p class=\"p1\">Latam ha avanzado en la alianza en momentos en que algunas de sus unidades est\u00e1n en un proceso de protecci\u00f3n por bancarrota en Estados Unidos debido al fuerte impacto en sus operaciones de la pandemia de coronavirus.<\/p>\n\n\n\n<p class=\"p1\">\u201cEsta alianza es un ejemplo de c\u00f3mo Latam saldr\u00e1 de esta crisis mundial como un grupo fortalecido, m\u00e1s \u00e1gil y competitivo\u201d, dijo el CEO de LATAM Brasil, Jerome Cadier, citado en un comunicado.<\/p>\n\n\n\n<p class=\"p1\">El proceso \u201crepresenta el primer tr\u00e1mite regulatorio del acuerdo (\u2026), que se firm\u00f3 recientemente y que -una vez que se obtengan las autorizaciones normativas necesarias- conectar\u00e1 sus redes complementarias de destinos entre Norteam\u00e9rica y Sudam\u00e9rica\u201d, agreg\u00f3.<\/p>\n\n\n\n<p class=\"p1\">La compa\u00f1\u00eda no entreg\u00f3 una estimaci\u00f3n de cu\u00e1ndo el Consejo Administrativo de Defensa Econ\u00f3mica (Cade) pueda resolver el caso.<\/p>\n\n\n\n<p class=\"p1\">Latam dijo a finales de abril que estimaba una recuperaci\u00f3n m\u00e1s larga y lenta de lo esperado tras la crisis sanitaria, por lo que ha diferido inversiones y redefinido el tama\u00f1o de sus operaciones.<\/p>\n\n\n\n<p class=\"p1\">Fuente:&nbsp;<span style=\"text-decoration: underline;\"><em><strong>La Rep\u00fablica.<\/strong><\/em><\/span><\/p>\n","protected":false},"excerpt":{"rendered":"<p>La unidad en Brasil de Latam Airlines, el mayor grupo de transporte a\u00e9reo de Am\u00e9rica Latina, y Delta Air Lines presentaron ante el regulador antimonopolio brasile\u00f1o una solicitud de aprobaci\u00f3n para su reciente acuerdo comercial. Latam ha avanzado en la alianza en momentos en que algunas de sus unidades est\u00e1n en un proceso de protecci\u00f3n [&hellip;]<\/p>\n","protected":false},"author":1,"featured_media":62743,"comment_status":"open","ping_status":"open","sticky":false,"template":"","format":"standard","meta":{"tdm_status":"","tdm_grid_status":"","footnotes":""},"categories":[32,11],"tags":[246,122,102,252],"class_list":{"0":"post-59978","1":"post","2":"type-post","3":"status-publish","4":"format-standard","5":"has-post-thumbnail","7":"category-internacional","8":"category-transporte-aereo","9":"tag-delta","10":"tag-delta-airlines","11":"tag-latam","12":"tag-latam-airlines"},"yoast_head":"<!-- This site is optimized with the Yoast SEO plugin v25.1 - https:\/\/yoast.com\/wordpress\/plugins\/seo\/ -->\n<title>Latam Airlines y Delta presentaron acuerdo comercial ante regulador brasile\u00f1o<\/title>\n<meta name=\"description\" content=\"La unidad en Brasil de Latam Airlines, el mayor grupo de transporte a\u00e9reo de Am\u00e9rica Latina, y Delta Air Lines presentaron ante el regulador antimonopolio brasile\u00f1o una solicitud de aprobaci\u00f3n para su reciente acuerdo comercial.\" \/>\n<meta name=\"robots\" content=\"index, follow, max-snippet:-1, max-image-preview:large, max-video-preview:-1\" \/>\n<link rel=\"canonical\" href=\"https:\/\/aeronoticias.com.pe\/noticiero\/transporte-aereo\/internacional\/latam-airlines-y-delta-presentaron-acuerdo-comercial-ante-regulador-brasileno\/\" \/>\n<meta property=\"og:locale\" content=\"es_ES\" \/>\n<meta property=\"og:type\" content=\"article\" \/>\n<meta property=\"og:title\" content=\"Latam Airlines y Delta presentaron acuerdo comercial ante regulador brasile\u00f1o\" \/>\n<meta property=\"og:description\" content=\"La unidad en Brasil de Latam Airlines, el mayor grupo de transporte a\u00e9reo de Am\u00e9rica Latina, y Delta Air Lines presentaron ante el regulador antimonopolio brasile\u00f1o una solicitud de aprobaci\u00f3n para su reciente acuerdo comercial.\" \/>\n<meta property=\"og:url\" content=\"https:\/\/aeronoticias.com.pe\/noticiero\/transporte-aereo\/internacional\/latam-airlines-y-delta-presentaron-acuerdo-comercial-ante-regulador-brasileno\/\" \/>\n<meta property=\"og:site_name\" content=\"Aeronoticias.com.pe\" \/>\n<meta property=\"article:publisher\" content=\"https:\/\/www.facebook.com\/Aeronoticias.com.pe\/\" \/>\n<meta property=\"article:published_time\" content=\"2020-06-12T04:24:56+00:00\" \/>\n<meta property=\"article:modified_time\" content=\"2020-09-19T23:22:26+00:00\" \/>\n<meta property=\"og:image\" content=\"https:\/\/aeronoticias.com.pe\/noticiero\/wp-content\/uploads\/2020\/06\/latam-y-delta.jpg\" \/>\n\t<meta property=\"og:image:width\" content=\"800\" \/>\n\t<meta property=\"og:image:height\" content=\"400\" \/>\n\t<meta property=\"og:image:type\" content=\"image\/jpeg\" \/>\n<meta name=\"author\" content=\"Redacci\u00f3n Aeronoticias\" \/>\n<meta name=\"twitter:card\" content=\"summary_large_image\" \/>\n<meta name=\"twitter:creator\" content=\"@aeronoticias\" \/>\n<meta name=\"twitter:site\" content=\"@aeronoticias\" \/>\n<meta name=\"twitter:label1\" content=\"Escrito por\" \/>\n\t<meta name=\"twitter:data1\" content=\"Redacci\u00f3n Aeronoticias\" \/>\n\t<meta name=\"twitter:label2\" content=\"Tiempo de lectura\" \/>\n\t<meta name=\"twitter:data2\" content=\"1 minuto\" \/>\n<script type=\"application\/ld+json\" class=\"yoast-schema-graph\">{\"@context\":\"https:\/\/schema.org\",\"@graph\":[{\"@type\":\"WebPage\",\"@id\":\"https:\/\/aeronoticias.com.pe\/noticiero\/transporte-aereo\/internacional\/latam-airlines-y-delta-presentaron-acuerdo-comercial-ante-regulador-brasileno\/\",\"url\":\"https:\/\/aeronoticias.com.pe\/noticiero\/transporte-aereo\/internacional\/latam-airlines-y-delta-presentaron-acuerdo-comercial-ante-regulador-brasileno\/\",\"name\":\"Latam Airlines y Delta presentaron acuerdo comercial ante regulador brasile\u00f1o\",\"isPartOf\":{\"@id\":\"https:\/\/aeronoticias.com.pe\/noticiero\/#website\"},\"primaryImageOfPage\":{\"@id\":\"https:\/\/aeronoticias.com.pe\/noticiero\/transporte-aereo\/internacional\/latam-airlines-y-delta-presentaron-acuerdo-comercial-ante-regulador-brasileno\/#primaryimage\"},\"image\":{\"@id\":\"https:\/\/aeronoticias.com.pe\/noticiero\/transporte-aereo\/internacional\/latam-airlines-y-delta-presentaron-acuerdo-comercial-ante-regulador-brasileno\/#primaryimage\"},\"thumbnailUrl\":\"https:\/\/aeronoticias.com.pe\/noticiero\/wp-content\/uploads\/2020\/06\/latam-y-delta.jpg\",\"datePublished\":\"2020-06-12T04:24:56+00:00\",\"dateModified\":\"2020-09-19T23:22:26+00:00\",\"author\":{\"@id\":\"https:\/\/aeronoticias.com.pe\/noticiero\/#\/schema\/person\/fc1e5d578f4b62ba1cf7ac2bba1170a0\"},\"description\":\"La unidad en Brasil de Latam Airlines, el mayor grupo de transporte a\u00e9reo de Am\u00e9rica Latina, y Delta Air Lines presentaron ante el regulador antimonopolio brasile\u00f1o una solicitud de aprobaci\u00f3n para su reciente acuerdo comercial.\",\"breadcrumb\":{\"@id\":\"https:\/\/aeronoticias.com.pe\/noticiero\/transporte-aereo\/internacional\/latam-airlines-y-delta-presentaron-acuerdo-comercial-ante-regulador-brasileno\/#breadcrumb\"},\"inLanguage\":\"es\",\"potentialAction\":[{\"@type\":\"ReadAction\",\"target\":[\"https:\/\/aeronoticias.com.pe\/noticiero\/transporte-aereo\/internacional\/latam-airlines-y-delta-presentaron-acuerdo-comercial-ante-regulador-brasileno\/\"]}]},{\"@type\":\"ImageObject\",\"inLanguage\":\"es\",\"@id\":\"https:\/\/aeronoticias.com.pe\/noticiero\/transporte-aereo\/internacional\/latam-airlines-y-delta-presentaron-acuerdo-comercial-ante-regulador-brasileno\/#primaryimage\",\"url\":\"https:\/\/aeronoticias.com.pe\/noticiero\/wp-content\/uploads\/2020\/06\/latam-y-delta.jpg\",\"contentUrl\":\"https:\/\/aeronoticias.com.pe\/noticiero\/wp-content\/uploads\/2020\/06\/latam-y-delta.jpg\",\"width\":800,\"height\":400},{\"@type\":\"BreadcrumbList\",\"@id\":\"https:\/\/aeronoticias.com.pe\/noticiero\/transporte-aereo\/internacional\/latam-airlines-y-delta-presentaron-acuerdo-comercial-ante-regulador-brasileno\/#breadcrumb\",\"itemListElement\":[{\"@type\":\"ListItem\",\"position\":1,\"name\":\"Portada\",\"item\":\"https:\/\/aeronoticias.com.pe\/noticiero\/\"},{\"@type\":\"ListItem\",\"position\":2,\"name\":\"Latam Airlines y Delta presentaron acuerdo comercial ante regulador brasile\u00f1o\"}]},{\"@type\":\"WebSite\",\"@id\":\"https:\/\/aeronoticias.com.pe\/noticiero\/#website\",\"url\":\"https:\/\/aeronoticias.com.pe\/noticiero\/\",\"name\":\"Aeronoticias.com.pe\",\"description\":\"Noticias de tranporte aereo, turismo, hoteles, gastronomia, actualidad, internacional\",\"potentialAction\":[{\"@type\":\"SearchAction\",\"target\":{\"@type\":\"EntryPoint\",\"urlTemplate\":\"https:\/\/aeronoticias.com.pe\/noticiero\/?s={search_term_string}\"},\"query-input\":{\"@type\":\"PropertyValueSpecification\",\"valueRequired\":true,\"valueName\":\"search_term_string\"}}],\"inLanguage\":\"es\"},{\"@type\":\"Person\",\"@id\":\"https:\/\/aeronoticias.com.pe\/noticiero\/#\/schema\/person\/fc1e5d578f4b62ba1cf7ac2bba1170a0\",\"name\":\"Redacci\u00f3n Aeronoticias\",\"url\":\"https:\/\/aeronoticias.com.pe\/noticiero\/author\/piloto\/\"}]}<\/script>\n<!-- \/ Yoast SEO plugin. -->","yoast_head_json":{"title":"Latam Airlines y Delta presentaron acuerdo comercial ante regulador brasile\u00f1o","description":"La unidad en Brasil de Latam Airlines, el mayor grupo de transporte a\u00e9reo de Am\u00e9rica Latina, y Delta Air Lines presentaron ante el regulador antimonopolio brasile\u00f1o una solicitud de aprobaci\u00f3n para su reciente acuerdo comercial.","robots":{"index":"index","follow":"follow","max-snippet":"max-snippet:-1","max-image-preview":"max-image-preview:large","max-video-preview":"max-video-preview:-1"},"canonical":"https:\/\/aeronoticias.com.pe\/noticiero\/transporte-aereo\/internacional\/latam-airlines-y-delta-presentaron-acuerdo-comercial-ante-regulador-brasileno\/","og_locale":"es_ES","og_type":"article","og_title":"Latam Airlines y Delta presentaron acuerdo comercial ante regulador brasile\u00f1o","og_description":"La unidad en Brasil de Latam Airlines, el mayor grupo de transporte a\u00e9reo de Am\u00e9rica Latina, y Delta Air Lines presentaron ante el regulador antimonopolio brasile\u00f1o una solicitud de aprobaci\u00f3n para su reciente acuerdo comercial.","og_url":"https:\/\/aeronoticias.com.pe\/noticiero\/transporte-aereo\/internacional\/latam-airlines-y-delta-presentaron-acuerdo-comercial-ante-regulador-brasileno\/","og_site_name":"Aeronoticias.com.pe","article_publisher":"https:\/\/www.facebook.com\/Aeronoticias.com.pe\/","article_published_time":"2020-06-12T04:24:56+00:00","article_modified_time":"2020-09-19T23:22:26+00:00","og_image":[{"width":800,"height":400,"url":"https:\/\/aeronoticias.com.pe\/noticiero\/wp-content\/uploads\/2020\/06\/latam-y-delta.jpg","type":"image\/jpeg"}],"author":"Redacci\u00f3n Aeronoticias","twitter_card":"summary_large_image","twitter_creator":"@aeronoticias","twitter_site":"@aeronoticias","twitter_misc":{"Escrito por":"Redacci\u00f3n Aeronoticias","Tiempo de lectura":"1 minuto"},"schema":{"@context":"https:\/\/schema.org","@graph":[{"@type":"WebPage","@id":"https:\/\/aeronoticias.com.pe\/noticiero\/transporte-aereo\/internacional\/latam-airlines-y-delta-presentaron-acuerdo-comercial-ante-regulador-brasileno\/","url":"https:\/\/aeronoticias.com.pe\/noticiero\/transporte-aereo\/internacional\/latam-airlines-y-delta-presentaron-acuerdo-comercial-ante-regulador-brasileno\/","name":"Latam Airlines y Delta presentaron acuerdo comercial ante regulador brasile\u00f1o","isPartOf":{"@id":"https:\/\/aeronoticias.com.pe\/noticiero\/#website"},"primaryImageOfPage":{"@id":"https:\/\/aeronoticias.com.pe\/noticiero\/transporte-aereo\/internacional\/latam-airlines-y-delta-presentaron-acuerdo-comercial-ante-regulador-brasileno\/#primaryimage"},"image":{"@id":"https:\/\/aeronoticias.com.pe\/noticiero\/transporte-aereo\/internacional\/latam-airlines-y-delta-presentaron-acuerdo-comercial-ante-regulador-brasileno\/#primaryimage"},"thumbnailUrl":"https:\/\/aeronoticias.com.pe\/noticiero\/wp-content\/uploads\/2020\/06\/latam-y-delta.jpg","datePublished":"2020-06-12T04:24:56+00:00","dateModified":"2020-09-19T23:22:26+00:00","author":{"@id":"https:\/\/aeronoticias.com.pe\/noticiero\/#\/schema\/person\/fc1e5d578f4b62ba1cf7ac2bba1170a0"},"description":"La unidad en Brasil de Latam Airlines, el mayor grupo de transporte a\u00e9reo de Am\u00e9rica Latina, y Delta Air Lines presentaron ante el regulador antimonopolio brasile\u00f1o una solicitud de aprobaci\u00f3n para su reciente acuerdo comercial.","breadcrumb":{"@id":"https:\/\/aeronoticias.com.pe\/noticiero\/transporte-aereo\/internacional\/latam-airlines-y-delta-presentaron-acuerdo-comercial-ante-regulador-brasileno\/#breadcrumb"},"inLanguage":"es","potentialAction":[{"@type":"ReadAction","target":["https:\/\/aeronoticias.com.pe\/noticiero\/transporte-aereo\/internacional\/latam-airlines-y-delta-presentaron-acuerdo-comercial-ante-regulador-brasileno\/"]}]},{"@type":"ImageObject","inLanguage":"es","@id":"https:\/\/aeronoticias.com.pe\/noticiero\/transporte-aereo\/internacional\/latam-airlines-y-delta-presentaron-acuerdo-comercial-ante-regulador-brasileno\/#primaryimage","url":"https:\/\/aeronoticias.com.pe\/noticiero\/wp-content\/uploads\/2020\/06\/latam-y-delta.jpg","contentUrl":"https:\/\/aeronoticias.com.pe\/noticiero\/wp-content\/uploads\/2020\/06\/latam-y-delta.jpg","width":800,"height":400},{"@type":"BreadcrumbList","@id":"https:\/\/aeronoticias.com.pe\/noticiero\/transporte-aereo\/internacional\/latam-airlines-y-delta-presentaron-acuerdo-comercial-ante-regulador-brasileno\/#breadcrumb","itemListElement":[{"@type":"ListItem","position":1,"name":"Portada","item":"https:\/\/aeronoticias.com.pe\/noticiero\/"},{"@type":"ListItem","position":2,"name":"Latam Airlines y Delta presentaron acuerdo comercial ante regulador brasile\u00f1o"}]},{"@type":"WebSite","@id":"https:\/\/aeronoticias.com.pe\/noticiero\/#website","url":"https:\/\/aeronoticias.com.pe\/noticiero\/","name":"Aeronoticias.com.pe","description":"Noticias de tranporte aereo, turismo, hoteles, gastronomia, actualidad, internacional","potentialAction":[{"@type":"SearchAction","target":{"@type":"EntryPoint","urlTemplate":"https:\/\/aeronoticias.com.pe\/noticiero\/?s={search_term_string}"},"query-input":{"@type":"PropertyValueSpecification","valueRequired":true,"valueName":"search_term_string"}}],"inLanguage":"es"},{"@type":"Person","@id":"https:\/\/aeronoticias.com.pe\/noticiero\/#\/schema\/person\/fc1e5d578f4b62ba1cf7ac2bba1170a0","name":"Redacci\u00f3n Aeronoticias","url":"https:\/\/aeronoticias.com.pe\/noticiero\/author\/piloto\/"}]}},"_links":{"self":[{"href":"https:\/\/aeronoticias.com.pe\/noticiero\/wp-json\/wp\/v2\/posts\/59978","targetHints":{"allow":["GET"]}}],"collection":[{"href":"https:\/\/aeronoticias.com.pe\/noticiero\/wp-json\/wp\/v2\/posts"}],"about":[{"href":"https:\/\/aeronoticias.com.pe\/noticiero\/wp-json\/wp\/v2\/types\/post"}],"author":[{"embeddable":true,"href":"https:\/\/aeronoticias.com.pe\/noticiero\/wp-json\/wp\/v2\/users\/1"}],"replies":[{"embeddable":true,"href":"https:\/\/aeronoticias.com.pe\/noticiero\/wp-json\/wp\/v2\/comments?post=59978"}],"version-history":[{"count":0,"href":"https:\/\/aeronoticias.com.pe\/noticiero\/wp-json\/wp\/v2\/posts\/59978\/revisions"}],"wp:featuredmedia":[{"embeddable":true,"href":"https:\/\/aeronoticias.com.pe\/noticiero\/wp-json\/wp\/v2\/media\/62743"}],"wp:attachment":[{"href":"https:\/\/aeronoticias.com.pe\/noticiero\/wp-json\/wp\/v2\/media?parent=59978"}],"wp:term":[{"taxonomy":"category","embeddable":true,"href":"https:\/\/aeronoticias.com.pe\/noticiero\/wp-json\/wp\/v2\/categories?post=59978"},{"taxonomy":"post_tag","embeddable":true,"href":"https:\/\/aeronoticias.com.pe\/noticiero\/wp-json\/wp\/v2\/tags?post=59978"}],"curies":[{"name":"wp","href":"https:\/\/api.w.org\/{rel}","templated":true}]}}