{"id":60021,"date":"2020-07-04T04:57:18","date_gmt":"2020-07-04T04:57:18","guid":{"rendered":"http:\/\/desarrollo.mcvicious.com\/aero2020\/2020\/07\/04\/air-france-y-hop-reduciran-su-plantilla-en-7580-trabajadores-hasta-2022\/"},"modified":"2020-09-18T13:26:25","modified_gmt":"2020-09-18T13:26:25","slug":"air-france-y-hop-reduciran-su-plantilla-en-7580-trabajadores-hasta-2022","status":"publish","type":"post","link":"https:\/\/aeronoticias.com.pe\/noticiero\/transporte-aereo\/internacional\/air-france-y-hop-reduciran-su-plantilla-en-7580-trabajadores-hasta-2022\/","title":{"rendered":"Air France y Hop! reducir\u00e1n su plantilla en 7.580 trabajadores hasta 2022"},"content":{"rendered":"\n<p class=\"p1\">Las aerol\u00edneas Air France y Hop!, ambas pertenecientes al grupo a\u00e9reo Air France-KLM, tienen previsto reducir su plantilla en 7.580 trabajadores hasta 2022 para hacer frente a la reducida demanda provocada por la crisis del Covid-19, seg\u00fan ha informado la empresa este viernes en un comunicado.<\/p>\n\n\n\n<p class=\"p1\">Air France estima una reducci\u00f3n en su plantilla de 6.560 puestos de trabajo durante los pr\u00f3ximos tres a\u00f1os, lo que equivale a un 16% del total de trabajadores actuales. Sin embargo, la aerol\u00ednea ha asegurado que, en ese periodo, se producir\u00e1n 3.500 salidas naturales de la empresa, por lo que \u00fanicamente tendr\u00e1 que lidiar con 3.060 despidos.<\/p>\n\n\n\n<p class=\"p1\">En cambio, la situaci\u00f3n en Hop! ser\u00e1 m\u00e1s intensa, ya que la empresa espera despedir a 1.020 trabajadores de los 2.420 con los que cuenta en la actualidad, casi la mitad. En este caso, las bajas naturales \u00fanicamente ser\u00e1n 200, por lo que la empresa tendr\u00e1 que despedir a 820 trabajadores en los pr\u00f3ximos tres a\u00f1os.<\/p>\n\n\n\n<p class=\"p1\">La empresa ha indicado que, durante los \u00faltimos tres meses, sus ingresos se han desplomado un 95%. En el punto \u00e1lgido de la crisis, perd\u00eda 15 millones de euros al d\u00eda. \u201cLa recuperaci\u00f3n apunta a ser muy lenta debido a la incertidumbre de la situaci\u00f3n sanitaria, el levantamiento de las restricciones de viajes y el cambio en la demanda comercial\u201d, ha alertado la l\u00ednea a\u00e9rea. Air France no espera recuperar los niveles de actividad de 2019 hasta 2024.<\/p>\n\n\n\n<p class=\"p1\">Ambas l\u00edneas a\u00e9reas, que conforman la parte francesa del grupo francoholand\u00e9s, han indicado que est\u00e1n trabajando ya con los sindicatos para dar prioridad a las bajas voluntarias, las jubilaciones anticipadas y la movilidad profesional y geogr\u00e1fica.<\/p>\n\n\n\n<p class=\"p1\">El grupo se ha comprometido a proponer ofertas de trabajo internas para aquellos trabajadores que no quieran ser despedidos pero cuyo puesto de trabajo vaya a ser amortizado.<\/p>\n\n\n\n<p class=\"p1\">Fuente: <span style=\"text-decoration: underline;\"><em><strong>Europa Press<\/strong><\/em><\/span>.<\/p>\n","protected":false},"excerpt":{"rendered":"<p>Las aerol\u00edneas Air France y Hop!, ambas pertenecientes al grupo a\u00e9reo Air France-KLM, tienen previsto reducir su plantilla en 7.580 trabajadores hasta 2022 para hacer frente a la reducida demanda provocada por la crisis del Covid-19, seg\u00fan ha informado la empresa este viernes en un comunicado. Air France estima una reducci\u00f3n en su plantilla de [&hellip;]<\/p>\n","protected":false},"author":1,"featured_media":62598,"comment_status":"open","ping_status":"open","sticky":false,"template":"","format":"standard","meta":{"tdm_status":"","tdm_grid_status":"","footnotes":""},"categories":[32,11],"tags":[239,271],"class_list":{"0":"post-60021","1":"post","2":"type-post","3":"status-publish","4":"format-standard","5":"has-post-thumbnail","7":"category-internacional","8":"category-transporte-aereo","9":"tag-air-france","10":"tag-hop"},"yoast_head":"<!-- This site is optimized with the Yoast SEO plugin v25.1 - https:\/\/yoast.com\/wordpress\/plugins\/seo\/ -->\n<title>Air France y Hop! reducir\u00e1n su plantilla en 7.580 trabajadores hasta 2022<\/title>\n<meta name=\"description\" content=\"Las aerol\u00edneas Air France y Hop!, ambas pertenecientes al grupo a\u00e9reo Air France-KLM, tienen previsto reducir su plantilla en 7.580 trabajadores hasta 2022 para hacer frente a la reducida demanda provocada por la crisis del Covid-19, seg\u00fan ha informado la empresa este viernes en un comunicado.\" \/>\n<meta name=\"robots\" content=\"index, follow, max-snippet:-1, max-image-preview:large, max-video-preview:-1\" \/>\n<link rel=\"canonical\" href=\"https:\/\/aeronoticias.com.pe\/noticiero\/transporte-aereo\/internacional\/air-france-y-hop-reduciran-su-plantilla-en-7580-trabajadores-hasta-2022\/\" \/>\n<meta property=\"og:locale\" content=\"es_ES\" \/>\n<meta property=\"og:type\" content=\"article\" \/>\n<meta property=\"og:title\" content=\"Air France y Hop! reducir\u00e1n su plantilla en 7.580 trabajadores hasta 2022\" \/>\n<meta property=\"og:description\" content=\"Las aerol\u00edneas Air France y Hop!, ambas pertenecientes al grupo a\u00e9reo Air France-KLM, tienen previsto reducir su plantilla en 7.580 trabajadores hasta 2022 para hacer frente a la reducida demanda provocada por la crisis del Covid-19, seg\u00fan ha informado la empresa este viernes en un comunicado.\" \/>\n<meta property=\"og:url\" content=\"https:\/\/aeronoticias.com.pe\/noticiero\/transporte-aereo\/internacional\/air-france-y-hop-reduciran-su-plantilla-en-7580-trabajadores-hasta-2022\/\" \/>\n<meta property=\"og:site_name\" content=\"Aeronoticias.com.pe\" \/>\n<meta property=\"article:publisher\" content=\"https:\/\/www.facebook.com\/Aeronoticias.com.pe\/\" \/>\n<meta property=\"article:published_time\" content=\"2020-07-04T04:57:18+00:00\" \/>\n<meta property=\"article:modified_time\" content=\"2020-09-18T13:26:25+00:00\" \/>\n<meta property=\"og:image\" content=\"https:\/\/aeronoticias.com.pe\/noticiero\/wp-content\/uploads\/2020\/07\/Air-France-y-Hop.jpg\" \/>\n\t<meta property=\"og:image:width\" content=\"800\" \/>\n\t<meta property=\"og:image:height\" content=\"533\" \/>\n\t<meta property=\"og:image:type\" content=\"image\/jpeg\" \/>\n<meta name=\"author\" content=\"Redacci\u00f3n Aeronoticias\" \/>\n<meta name=\"twitter:card\" content=\"summary_large_image\" \/>\n<meta name=\"twitter:creator\" content=\"@aeronoticias\" \/>\n<meta name=\"twitter:site\" content=\"@aeronoticias\" \/>\n<meta name=\"twitter:label1\" content=\"Escrito por\" \/>\n\t<meta name=\"twitter:data1\" content=\"Redacci\u00f3n Aeronoticias\" \/>\n\t<meta name=\"twitter:label2\" content=\"Tiempo de lectura\" \/>\n\t<meta name=\"twitter:data2\" content=\"2 minutos\" \/>\n<script type=\"application\/ld+json\" class=\"yoast-schema-graph\">{\"@context\":\"https:\/\/schema.org\",\"@graph\":[{\"@type\":\"WebPage\",\"@id\":\"https:\/\/aeronoticias.com.pe\/noticiero\/transporte-aereo\/internacional\/air-france-y-hop-reduciran-su-plantilla-en-7580-trabajadores-hasta-2022\/\",\"url\":\"https:\/\/aeronoticias.com.pe\/noticiero\/transporte-aereo\/internacional\/air-france-y-hop-reduciran-su-plantilla-en-7580-trabajadores-hasta-2022\/\",\"name\":\"Air France y Hop! reducir\u00e1n su plantilla en 7.580 trabajadores hasta 2022\",\"isPartOf\":{\"@id\":\"https:\/\/aeronoticias.com.pe\/noticiero\/#website\"},\"primaryImageOfPage\":{\"@id\":\"https:\/\/aeronoticias.com.pe\/noticiero\/transporte-aereo\/internacional\/air-france-y-hop-reduciran-su-plantilla-en-7580-trabajadores-hasta-2022\/#primaryimage\"},\"image\":{\"@id\":\"https:\/\/aeronoticias.com.pe\/noticiero\/transporte-aereo\/internacional\/air-france-y-hop-reduciran-su-plantilla-en-7580-trabajadores-hasta-2022\/#primaryimage\"},\"thumbnailUrl\":\"https:\/\/aeronoticias.com.pe\/noticiero\/wp-content\/uploads\/2020\/07\/Air-France-y-Hop.jpg\",\"datePublished\":\"2020-07-04T04:57:18+00:00\",\"dateModified\":\"2020-09-18T13:26:25+00:00\",\"author\":{\"@id\":\"https:\/\/aeronoticias.com.pe\/noticiero\/#\/schema\/person\/fc1e5d578f4b62ba1cf7ac2bba1170a0\"},\"description\":\"Las aerol\u00edneas Air France y Hop!, ambas pertenecientes al grupo a\u00e9reo Air France-KLM, tienen previsto reducir su plantilla en 7.580 trabajadores hasta 2022 para hacer frente a la reducida demanda provocada por la crisis del Covid-19, seg\u00fan ha informado la empresa este viernes en un comunicado.\",\"breadcrumb\":{\"@id\":\"https:\/\/aeronoticias.com.pe\/noticiero\/transporte-aereo\/internacional\/air-france-y-hop-reduciran-su-plantilla-en-7580-trabajadores-hasta-2022\/#breadcrumb\"},\"inLanguage\":\"es\",\"potentialAction\":[{\"@type\":\"ReadAction\",\"target\":[\"https:\/\/aeronoticias.com.pe\/noticiero\/transporte-aereo\/internacional\/air-france-y-hop-reduciran-su-plantilla-en-7580-trabajadores-hasta-2022\/\"]}]},{\"@type\":\"ImageObject\",\"inLanguage\":\"es\",\"@id\":\"https:\/\/aeronoticias.com.pe\/noticiero\/transporte-aereo\/internacional\/air-france-y-hop-reduciran-su-plantilla-en-7580-trabajadores-hasta-2022\/#primaryimage\",\"url\":\"https:\/\/aeronoticias.com.pe\/noticiero\/wp-content\/uploads\/2020\/07\/Air-France-y-Hop.jpg\",\"contentUrl\":\"https:\/\/aeronoticias.com.pe\/noticiero\/wp-content\/uploads\/2020\/07\/Air-France-y-Hop.jpg\",\"width\":800,\"height\":533},{\"@type\":\"BreadcrumbList\",\"@id\":\"https:\/\/aeronoticias.com.pe\/noticiero\/transporte-aereo\/internacional\/air-france-y-hop-reduciran-su-plantilla-en-7580-trabajadores-hasta-2022\/#breadcrumb\",\"itemListElement\":[{\"@type\":\"ListItem\",\"position\":1,\"name\":\"Portada\",\"item\":\"https:\/\/aeronoticias.com.pe\/noticiero\/\"},{\"@type\":\"ListItem\",\"position\":2,\"name\":\"Air France y Hop! reducir\u00e1n su plantilla en 7.580 trabajadores hasta 2022\"}]},{\"@type\":\"WebSite\",\"@id\":\"https:\/\/aeronoticias.com.pe\/noticiero\/#website\",\"url\":\"https:\/\/aeronoticias.com.pe\/noticiero\/\",\"name\":\"Aeronoticias.com.pe\",\"description\":\"Noticias de tranporte aereo, turismo, hoteles, gastronomia, actualidad, internacional\",\"potentialAction\":[{\"@type\":\"SearchAction\",\"target\":{\"@type\":\"EntryPoint\",\"urlTemplate\":\"https:\/\/aeronoticias.com.pe\/noticiero\/?s={search_term_string}\"},\"query-input\":{\"@type\":\"PropertyValueSpecification\",\"valueRequired\":true,\"valueName\":\"search_term_string\"}}],\"inLanguage\":\"es\"},{\"@type\":\"Person\",\"@id\":\"https:\/\/aeronoticias.com.pe\/noticiero\/#\/schema\/person\/fc1e5d578f4b62ba1cf7ac2bba1170a0\",\"name\":\"Redacci\u00f3n Aeronoticias\",\"url\":\"https:\/\/aeronoticias.com.pe\/noticiero\/author\/piloto\/\"}]}<\/script>\n<!-- \/ Yoast SEO plugin. -->","yoast_head_json":{"title":"Air France y Hop! reducir\u00e1n su plantilla en 7.580 trabajadores hasta 2022","description":"Las aerol\u00edneas Air France y Hop!, ambas pertenecientes al grupo a\u00e9reo Air France-KLM, tienen previsto reducir su plantilla en 7.580 trabajadores hasta 2022 para hacer frente a la reducida demanda provocada por la crisis del Covid-19, seg\u00fan ha informado la empresa este viernes en un comunicado.","robots":{"index":"index","follow":"follow","max-snippet":"max-snippet:-1","max-image-preview":"max-image-preview:large","max-video-preview":"max-video-preview:-1"},"canonical":"https:\/\/aeronoticias.com.pe\/noticiero\/transporte-aereo\/internacional\/air-france-y-hop-reduciran-su-plantilla-en-7580-trabajadores-hasta-2022\/","og_locale":"es_ES","og_type":"article","og_title":"Air France y Hop! reducir\u00e1n su plantilla en 7.580 trabajadores hasta 2022","og_description":"Las aerol\u00edneas Air France y Hop!, ambas pertenecientes al grupo a\u00e9reo Air France-KLM, tienen previsto reducir su plantilla en 7.580 trabajadores hasta 2022 para hacer frente a la reducida demanda provocada por la crisis del Covid-19, seg\u00fan ha informado la empresa este viernes en un comunicado.","og_url":"https:\/\/aeronoticias.com.pe\/noticiero\/transporte-aereo\/internacional\/air-france-y-hop-reduciran-su-plantilla-en-7580-trabajadores-hasta-2022\/","og_site_name":"Aeronoticias.com.pe","article_publisher":"https:\/\/www.facebook.com\/Aeronoticias.com.pe\/","article_published_time":"2020-07-04T04:57:18+00:00","article_modified_time":"2020-09-18T13:26:25+00:00","og_image":[{"width":800,"height":533,"url":"https:\/\/aeronoticias.com.pe\/noticiero\/wp-content\/uploads\/2020\/07\/Air-France-y-Hop.jpg","type":"image\/jpeg"}],"author":"Redacci\u00f3n Aeronoticias","twitter_card":"summary_large_image","twitter_creator":"@aeronoticias","twitter_site":"@aeronoticias","twitter_misc":{"Escrito por":"Redacci\u00f3n Aeronoticias","Tiempo de lectura":"2 minutos"},"schema":{"@context":"https:\/\/schema.org","@graph":[{"@type":"WebPage","@id":"https:\/\/aeronoticias.com.pe\/noticiero\/transporte-aereo\/internacional\/air-france-y-hop-reduciran-su-plantilla-en-7580-trabajadores-hasta-2022\/","url":"https:\/\/aeronoticias.com.pe\/noticiero\/transporte-aereo\/internacional\/air-france-y-hop-reduciran-su-plantilla-en-7580-trabajadores-hasta-2022\/","name":"Air France y Hop! reducir\u00e1n su plantilla en 7.580 trabajadores hasta 2022","isPartOf":{"@id":"https:\/\/aeronoticias.com.pe\/noticiero\/#website"},"primaryImageOfPage":{"@id":"https:\/\/aeronoticias.com.pe\/noticiero\/transporte-aereo\/internacional\/air-france-y-hop-reduciran-su-plantilla-en-7580-trabajadores-hasta-2022\/#primaryimage"},"image":{"@id":"https:\/\/aeronoticias.com.pe\/noticiero\/transporte-aereo\/internacional\/air-france-y-hop-reduciran-su-plantilla-en-7580-trabajadores-hasta-2022\/#primaryimage"},"thumbnailUrl":"https:\/\/aeronoticias.com.pe\/noticiero\/wp-content\/uploads\/2020\/07\/Air-France-y-Hop.jpg","datePublished":"2020-07-04T04:57:18+00:00","dateModified":"2020-09-18T13:26:25+00:00","author":{"@id":"https:\/\/aeronoticias.com.pe\/noticiero\/#\/schema\/person\/fc1e5d578f4b62ba1cf7ac2bba1170a0"},"description":"Las aerol\u00edneas Air France y Hop!, ambas pertenecientes al grupo a\u00e9reo Air France-KLM, tienen previsto reducir su plantilla en 7.580 trabajadores hasta 2022 para hacer frente a la reducida demanda provocada por la crisis del Covid-19, seg\u00fan ha informado la empresa este viernes en un comunicado.","breadcrumb":{"@id":"https:\/\/aeronoticias.com.pe\/noticiero\/transporte-aereo\/internacional\/air-france-y-hop-reduciran-su-plantilla-en-7580-trabajadores-hasta-2022\/#breadcrumb"},"inLanguage":"es","potentialAction":[{"@type":"ReadAction","target":["https:\/\/aeronoticias.com.pe\/noticiero\/transporte-aereo\/internacional\/air-france-y-hop-reduciran-su-plantilla-en-7580-trabajadores-hasta-2022\/"]}]},{"@type":"ImageObject","inLanguage":"es","@id":"https:\/\/aeronoticias.com.pe\/noticiero\/transporte-aereo\/internacional\/air-france-y-hop-reduciran-su-plantilla-en-7580-trabajadores-hasta-2022\/#primaryimage","url":"https:\/\/aeronoticias.com.pe\/noticiero\/wp-content\/uploads\/2020\/07\/Air-France-y-Hop.jpg","contentUrl":"https:\/\/aeronoticias.com.pe\/noticiero\/wp-content\/uploads\/2020\/07\/Air-France-y-Hop.jpg","width":800,"height":533},{"@type":"BreadcrumbList","@id":"https:\/\/aeronoticias.com.pe\/noticiero\/transporte-aereo\/internacional\/air-france-y-hop-reduciran-su-plantilla-en-7580-trabajadores-hasta-2022\/#breadcrumb","itemListElement":[{"@type":"ListItem","position":1,"name":"Portada","item":"https:\/\/aeronoticias.com.pe\/noticiero\/"},{"@type":"ListItem","position":2,"name":"Air France y Hop! reducir\u00e1n su plantilla en 7.580 trabajadores hasta 2022"}]},{"@type":"WebSite","@id":"https:\/\/aeronoticias.com.pe\/noticiero\/#website","url":"https:\/\/aeronoticias.com.pe\/noticiero\/","name":"Aeronoticias.com.pe","description":"Noticias de tranporte aereo, turismo, hoteles, gastronomia, actualidad, internacional","potentialAction":[{"@type":"SearchAction","target":{"@type":"EntryPoint","urlTemplate":"https:\/\/aeronoticias.com.pe\/noticiero\/?s={search_term_string}"},"query-input":{"@type":"PropertyValueSpecification","valueRequired":true,"valueName":"search_term_string"}}],"inLanguage":"es"},{"@type":"Person","@id":"https:\/\/aeronoticias.com.pe\/noticiero\/#\/schema\/person\/fc1e5d578f4b62ba1cf7ac2bba1170a0","name":"Redacci\u00f3n Aeronoticias","url":"https:\/\/aeronoticias.com.pe\/noticiero\/author\/piloto\/"}]}},"_links":{"self":[{"href":"https:\/\/aeronoticias.com.pe\/noticiero\/wp-json\/wp\/v2\/posts\/60021","targetHints":{"allow":["GET"]}}],"collection":[{"href":"https:\/\/aeronoticias.com.pe\/noticiero\/wp-json\/wp\/v2\/posts"}],"about":[{"href":"https:\/\/aeronoticias.com.pe\/noticiero\/wp-json\/wp\/v2\/types\/post"}],"author":[{"embeddable":true,"href":"https:\/\/aeronoticias.com.pe\/noticiero\/wp-json\/wp\/v2\/users\/1"}],"replies":[{"embeddable":true,"href":"https:\/\/aeronoticias.com.pe\/noticiero\/wp-json\/wp\/v2\/comments?post=60021"}],"version-history":[{"count":0,"href":"https:\/\/aeronoticias.com.pe\/noticiero\/wp-json\/wp\/v2\/posts\/60021\/revisions"}],"wp:featuredmedia":[{"embeddable":true,"href":"https:\/\/aeronoticias.com.pe\/noticiero\/wp-json\/wp\/v2\/media\/62598"}],"wp:attachment":[{"href":"https:\/\/aeronoticias.com.pe\/noticiero\/wp-json\/wp\/v2\/media?parent=60021"}],"wp:term":[{"taxonomy":"category","embeddable":true,"href":"https:\/\/aeronoticias.com.pe\/noticiero\/wp-json\/wp\/v2\/categories?post=60021"},{"taxonomy":"post_tag","embeddable":true,"href":"https:\/\/aeronoticias.com.pe\/noticiero\/wp-json\/wp\/v2\/tags?post=60021"}],"curies":[{"name":"wp","href":"https:\/\/api.w.org\/{rel}","templated":true}]}}