{"id":60023,"date":"2020-07-05T02:12:54","date_gmt":"2020-07-05T02:12:54","guid":{"rendered":"http:\/\/desarrollo.mcvicious.com\/aero2020\/2020\/07\/05\/iberia-reanuda-sus-vuelos-regulares-entre-quito-y-madrid-luego-de-tres-meses\/"},"modified":"2020-09-18T13:15:36","modified_gmt":"2020-09-18T13:15:36","slug":"iberia-reanuda-sus-vuelos-regulares-entre-quito-y-madrid-luego-de-tres-meses","status":"publish","type":"post","link":"https:\/\/aeronoticias.com.pe\/noticiero\/transporte-aereo\/internacional\/iberia-reanuda-sus-vuelos-regulares-entre-quito-y-madrid-luego-de-tres-meses\/","title":{"rendered":"Iberia reanuda sus vuelos regulares entre Quito y Madrid luego de tres meses"},"content":{"rendered":"\n<p class=\"p1\">La compa\u00f1\u00eda <strong>Iberia<\/strong> reanuda este s\u00e1bado sus vuelos regulares entre Quito y Madrid despu\u00e9s de que en los \u00faltimos meses y desde que se declarara la pandemia por COVID-19 solo haya operado vuelos de repatriaci\u00f3n y humanitarios.<\/p>\n\n\n\n<p class=\"p1\">Un Airbus A340-600 volar\u00e1 a partir de hoy los s\u00e1bados, martes y mi\u00e9rcoles de julio, saliendo a las 18.00 hora ecuatoriana (23.00 GMT), indicaron a Efe fuentes de la aerol\u00ednea.<\/p>\n\n\n\n<p class=\"p1\">El avi\u00f3n, con capacidad para 359 pasajeros, har\u00e1 la ruta con normalidad y sin restricciones de aforo, como en un primer momento hab\u00edan estipulado las autoridades.<\/p>\n\n\n\n<p class=\"p1\">El Consulado de Espa\u00f1a en Quito dio a conocer la \u00faltima orden del Ministerio del Interior espa\u00f1ol sobre los criterios para la aplicaci\u00f3n de restricci\u00f3n temporal de viajes no imprescindibles desde terceros pa\u00edses a la Uni\u00f3n Europea y estados Schengen.<\/p>\n\n\n\n<p class=\"p1\">A trav\u00e9s de Twitter el Consulado explic\u00f3 que Ecuador no figura en la lista de pa\u00edses exentos de restricciones y que la disposici\u00f3n se aplica enteramente.<\/p>\n\n\n\n<p class=\"p1\">Por ello, podr\u00e1n entrar en Espa\u00f1a sus nacionales, residentes comunitarios en Ecuador y categor\u00edas de viajeros ecuatorianos como estudiantes, profesionales de la salud, personal diplom\u00e1tico o viajeros por motivos familiares imperativos debidamente acreditados, entre otros.<\/p>\n\n\n\n<p class=\"p1\">Iberia despach\u00f3 cinco vuelos a lo largo de la etapa de confinamiento en la emergencia sanitaria declarada en Ecuador por la pandemia, que se inici\u00f3 a mediados de marzo.<\/p>\n\n\n\n<p class=\"p1\">El \u00faltimo de ellos parti\u00f3 de la capital ecuatoriana en pasado 29 de abril y fue un vuelo de repatriaci\u00f3n de espa\u00f1oles y ciudadanos comunitarios principalmente.<\/p>\n\n\n\n<p class=\"p1\">Con anterioridad viajaron con destino a Madrid desde Quito y Guayaquil otros cuatro vuelos el 18, 22, 28 y 30 de marzo, en pleno estado de excepci\u00f3n por el coronavirus SARS-CoV-2.<\/p>\n\n\n\n<p class=\"p1\">A mediados de junio Ecuador reinici\u00f3 una apertura gradual de sus conexiones a\u00e9reas de pasajeros, al principio con vuelos nacionales y posteriormente se han sumado algunas compa\u00f1\u00edas internacionales.<\/p>\n\n\n\n<p class=\"p1\">El cronograma de vuelos, seg\u00fan han advertido desde el Aeropuerto Internacional Mariscal Sucre de Quito, responde a las cartas de intenci\u00f3n facilitadas por las aerol\u00edneas a la autoridad nacional de aviaci\u00f3n civil en las que informan de fechas aproximadas para sus vuelos al pa\u00eds, de acuerdo con la coyuntura excepcional que se da por la pandemia.<\/p>\n\n\n\n<p class=\"p1\">Por el momento, las autoridades permiten la operaci\u00f3n en cada aeropuerto del pa\u00eds con el 30 % de las frecuencias de vuelos antes de la emergencia sanitaria, si bien todo el programa est\u00e1 sujeto tambi\u00e9n a la realidad de los aeropuertos de destino y de los que se utilizan como interconexi\u00f3n.<\/p>\n\n\n\n<p class=\"p1\">Desde que se reanudaron los vuelos comerciales a Ecuador, las autoridades exigen a los viajeros el compromiso de mantener un aislamiento obligatorio y facilitar una declaraci\u00f3n de salud antes del arribo al pa\u00eds.<\/p>\n\n\n\n<p class=\"p1\">Fuente: <span style=\"text-decoration: underline;\"><em><strong>EFE<\/strong><\/em><\/span>.<\/p>\n","protected":false},"excerpt":{"rendered":"<p>La compa\u00f1\u00eda Iberia reanuda este s\u00e1bado sus vuelos regulares entre Quito y Madrid despu\u00e9s de que en los \u00faltimos meses y desde que se declarara la pandemia por COVID-19 solo haya operado vuelos de repatriaci\u00f3n y humanitarios. Un Airbus A340-600 volar\u00e1 a partir de hoy los s\u00e1bados, martes y mi\u00e9rcoles de julio, saliendo a las [&hellip;]<\/p>\n","protected":false},"author":1,"featured_media":62592,"comment_status":"open","ping_status":"open","sticky":false,"template":"","format":"standard","meta":{"tdm_status":"","tdm_grid_status":"","footnotes":""},"categories":[32,11],"tags":[268,270,269],"class_list":{"0":"post-60023","1":"post","2":"type-post","3":"status-publish","4":"format-standard","5":"has-post-thumbnail","7":"category-internacional","8":"category-transporte-aereo","9":"tag-iberia","10":"tag-madrid","11":"tag-quito"},"yoast_head":"<!-- This site is optimized with the Yoast SEO plugin v25.1 - https:\/\/yoast.com\/wordpress\/plugins\/seo\/ -->\n<title>Iberia reanuda sus vuelos regulares entre Quito y Madrid luego de tres meses<\/title>\n<meta name=\"description\" content=\"La compa\u00f1\u00eda Iberia reanuda este s\u00e1bado sus vuelos regulares entre Quito y Madrid despu\u00e9s de que en los \u00faltimos meses y desde que se declarara la pandemia por COVID-19 solo haya operado vuelos de repatriaci\u00f3n y humanitarios.\" \/>\n<meta name=\"robots\" content=\"index, follow, max-snippet:-1, max-image-preview:large, max-video-preview:-1\" \/>\n<link rel=\"canonical\" href=\"https:\/\/aeronoticias.com.pe\/noticiero\/transporte-aereo\/internacional\/iberia-reanuda-sus-vuelos-regulares-entre-quito-y-madrid-luego-de-tres-meses\/\" \/>\n<meta property=\"og:locale\" content=\"es_ES\" \/>\n<meta property=\"og:type\" content=\"article\" \/>\n<meta property=\"og:title\" content=\"Iberia reanuda sus vuelos regulares entre Quito y Madrid luego de tres meses\" \/>\n<meta property=\"og:description\" content=\"La compa\u00f1\u00eda Iberia reanuda este s\u00e1bado sus vuelos regulares entre Quito y Madrid despu\u00e9s de que en los \u00faltimos meses y desde que se declarara la pandemia por COVID-19 solo haya operado vuelos de repatriaci\u00f3n y humanitarios.\" \/>\n<meta property=\"og:url\" content=\"https:\/\/aeronoticias.com.pe\/noticiero\/transporte-aereo\/internacional\/iberia-reanuda-sus-vuelos-regulares-entre-quito-y-madrid-luego-de-tres-meses\/\" \/>\n<meta property=\"og:site_name\" content=\"Aeronoticias.com.pe\" \/>\n<meta property=\"article:publisher\" content=\"https:\/\/www.facebook.com\/Aeronoticias.com.pe\/\" \/>\n<meta property=\"article:published_time\" content=\"2020-07-05T02:12:54+00:00\" \/>\n<meta property=\"article:modified_time\" content=\"2020-09-18T13:15:36+00:00\" \/>\n<meta property=\"og:image\" content=\"https:\/\/aeronoticias.com.pe\/noticiero\/wp-content\/uploads\/2020\/07\/Iberia-reanuda-vuelos-scaled.jpg\" \/>\n\t<meta property=\"og:image:width\" content=\"2560\" \/>\n\t<meta property=\"og:image:height\" content=\"1707\" \/>\n\t<meta property=\"og:image:type\" content=\"image\/jpeg\" \/>\n<meta name=\"author\" content=\"Redacci\u00f3n Aeronoticias\" \/>\n<meta name=\"twitter:card\" content=\"summary_large_image\" \/>\n<meta name=\"twitter:creator\" content=\"@aeronoticias\" \/>\n<meta name=\"twitter:site\" content=\"@aeronoticias\" \/>\n<meta name=\"twitter:label1\" content=\"Escrito por\" \/>\n\t<meta name=\"twitter:data1\" content=\"Redacci\u00f3n Aeronoticias\" \/>\n\t<meta name=\"twitter:label2\" content=\"Tiempo de lectura\" \/>\n\t<meta name=\"twitter:data2\" content=\"2 minutos\" \/>\n<script type=\"application\/ld+json\" class=\"yoast-schema-graph\">{\"@context\":\"https:\/\/schema.org\",\"@graph\":[{\"@type\":\"WebPage\",\"@id\":\"https:\/\/aeronoticias.com.pe\/noticiero\/transporte-aereo\/internacional\/iberia-reanuda-sus-vuelos-regulares-entre-quito-y-madrid-luego-de-tres-meses\/\",\"url\":\"https:\/\/aeronoticias.com.pe\/noticiero\/transporte-aereo\/internacional\/iberia-reanuda-sus-vuelos-regulares-entre-quito-y-madrid-luego-de-tres-meses\/\",\"name\":\"Iberia reanuda sus vuelos regulares entre Quito y Madrid luego de tres meses\",\"isPartOf\":{\"@id\":\"https:\/\/aeronoticias.com.pe\/noticiero\/#website\"},\"primaryImageOfPage\":{\"@id\":\"https:\/\/aeronoticias.com.pe\/noticiero\/transporte-aereo\/internacional\/iberia-reanuda-sus-vuelos-regulares-entre-quito-y-madrid-luego-de-tres-meses\/#primaryimage\"},\"image\":{\"@id\":\"https:\/\/aeronoticias.com.pe\/noticiero\/transporte-aereo\/internacional\/iberia-reanuda-sus-vuelos-regulares-entre-quito-y-madrid-luego-de-tres-meses\/#primaryimage\"},\"thumbnailUrl\":\"https:\/\/aeronoticias.com.pe\/noticiero\/wp-content\/uploads\/2020\/07\/Iberia-reanuda-vuelos-scaled.jpg\",\"datePublished\":\"2020-07-05T02:12:54+00:00\",\"dateModified\":\"2020-09-18T13:15:36+00:00\",\"author\":{\"@id\":\"https:\/\/aeronoticias.com.pe\/noticiero\/#\/schema\/person\/fc1e5d578f4b62ba1cf7ac2bba1170a0\"},\"description\":\"La compa\u00f1\u00eda Iberia reanuda este s\u00e1bado sus vuelos regulares entre Quito y Madrid despu\u00e9s de que en los \u00faltimos meses y desde que se declarara la pandemia por COVID-19 solo haya operado vuelos de repatriaci\u00f3n y humanitarios.\",\"breadcrumb\":{\"@id\":\"https:\/\/aeronoticias.com.pe\/noticiero\/transporte-aereo\/internacional\/iberia-reanuda-sus-vuelos-regulares-entre-quito-y-madrid-luego-de-tres-meses\/#breadcrumb\"},\"inLanguage\":\"es\",\"potentialAction\":[{\"@type\":\"ReadAction\",\"target\":[\"https:\/\/aeronoticias.com.pe\/noticiero\/transporte-aereo\/internacional\/iberia-reanuda-sus-vuelos-regulares-entre-quito-y-madrid-luego-de-tres-meses\/\"]}]},{\"@type\":\"ImageObject\",\"inLanguage\":\"es\",\"@id\":\"https:\/\/aeronoticias.com.pe\/noticiero\/transporte-aereo\/internacional\/iberia-reanuda-sus-vuelos-regulares-entre-quito-y-madrid-luego-de-tres-meses\/#primaryimage\",\"url\":\"https:\/\/aeronoticias.com.pe\/noticiero\/wp-content\/uploads\/2020\/07\/Iberia-reanuda-vuelos-scaled.jpg\",\"contentUrl\":\"https:\/\/aeronoticias.com.pe\/noticiero\/wp-content\/uploads\/2020\/07\/Iberia-reanuda-vuelos-scaled.jpg\",\"width\":2560,\"height\":1707},{\"@type\":\"BreadcrumbList\",\"@id\":\"https:\/\/aeronoticias.com.pe\/noticiero\/transporte-aereo\/internacional\/iberia-reanuda-sus-vuelos-regulares-entre-quito-y-madrid-luego-de-tres-meses\/#breadcrumb\",\"itemListElement\":[{\"@type\":\"ListItem\",\"position\":1,\"name\":\"Portada\",\"item\":\"https:\/\/aeronoticias.com.pe\/noticiero\/\"},{\"@type\":\"ListItem\",\"position\":2,\"name\":\"Iberia reanuda sus vuelos regulares entre Quito y Madrid luego de tres meses\"}]},{\"@type\":\"WebSite\",\"@id\":\"https:\/\/aeronoticias.com.pe\/noticiero\/#website\",\"url\":\"https:\/\/aeronoticias.com.pe\/noticiero\/\",\"name\":\"Aeronoticias.com.pe\",\"description\":\"Noticias de tranporte aereo, turismo, hoteles, gastronomia, actualidad, internacional\",\"potentialAction\":[{\"@type\":\"SearchAction\",\"target\":{\"@type\":\"EntryPoint\",\"urlTemplate\":\"https:\/\/aeronoticias.com.pe\/noticiero\/?s={search_term_string}\"},\"query-input\":{\"@type\":\"PropertyValueSpecification\",\"valueRequired\":true,\"valueName\":\"search_term_string\"}}],\"inLanguage\":\"es\"},{\"@type\":\"Person\",\"@id\":\"https:\/\/aeronoticias.com.pe\/noticiero\/#\/schema\/person\/fc1e5d578f4b62ba1cf7ac2bba1170a0\",\"name\":\"Redacci\u00f3n Aeronoticias\",\"url\":\"https:\/\/aeronoticias.com.pe\/noticiero\/author\/piloto\/\"}]}<\/script>\n<!-- \/ Yoast SEO plugin. -->","yoast_head_json":{"title":"Iberia reanuda sus vuelos regulares entre Quito y Madrid luego de tres meses","description":"La compa\u00f1\u00eda Iberia reanuda este s\u00e1bado sus vuelos regulares entre Quito y Madrid despu\u00e9s de que en los \u00faltimos meses y desde que se declarara la pandemia por COVID-19 solo haya operado vuelos de repatriaci\u00f3n y humanitarios.","robots":{"index":"index","follow":"follow","max-snippet":"max-snippet:-1","max-image-preview":"max-image-preview:large","max-video-preview":"max-video-preview:-1"},"canonical":"https:\/\/aeronoticias.com.pe\/noticiero\/transporte-aereo\/internacional\/iberia-reanuda-sus-vuelos-regulares-entre-quito-y-madrid-luego-de-tres-meses\/","og_locale":"es_ES","og_type":"article","og_title":"Iberia reanuda sus vuelos regulares entre Quito y Madrid luego de tres meses","og_description":"La compa\u00f1\u00eda Iberia reanuda este s\u00e1bado sus vuelos regulares entre Quito y Madrid despu\u00e9s de que en los \u00faltimos meses y desde que se declarara la pandemia por COVID-19 solo haya operado vuelos de repatriaci\u00f3n y humanitarios.","og_url":"https:\/\/aeronoticias.com.pe\/noticiero\/transporte-aereo\/internacional\/iberia-reanuda-sus-vuelos-regulares-entre-quito-y-madrid-luego-de-tres-meses\/","og_site_name":"Aeronoticias.com.pe","article_publisher":"https:\/\/www.facebook.com\/Aeronoticias.com.pe\/","article_published_time":"2020-07-05T02:12:54+00:00","article_modified_time":"2020-09-18T13:15:36+00:00","og_image":[{"width":2560,"height":1707,"url":"https:\/\/aeronoticias.com.pe\/noticiero\/wp-content\/uploads\/2020\/07\/Iberia-reanuda-vuelos-scaled.jpg","type":"image\/jpeg"}],"author":"Redacci\u00f3n Aeronoticias","twitter_card":"summary_large_image","twitter_creator":"@aeronoticias","twitter_site":"@aeronoticias","twitter_misc":{"Escrito por":"Redacci\u00f3n Aeronoticias","Tiempo de lectura":"2 minutos"},"schema":{"@context":"https:\/\/schema.org","@graph":[{"@type":"WebPage","@id":"https:\/\/aeronoticias.com.pe\/noticiero\/transporte-aereo\/internacional\/iberia-reanuda-sus-vuelos-regulares-entre-quito-y-madrid-luego-de-tres-meses\/","url":"https:\/\/aeronoticias.com.pe\/noticiero\/transporte-aereo\/internacional\/iberia-reanuda-sus-vuelos-regulares-entre-quito-y-madrid-luego-de-tres-meses\/","name":"Iberia reanuda sus vuelos regulares entre Quito y Madrid luego de tres meses","isPartOf":{"@id":"https:\/\/aeronoticias.com.pe\/noticiero\/#website"},"primaryImageOfPage":{"@id":"https:\/\/aeronoticias.com.pe\/noticiero\/transporte-aereo\/internacional\/iberia-reanuda-sus-vuelos-regulares-entre-quito-y-madrid-luego-de-tres-meses\/#primaryimage"},"image":{"@id":"https:\/\/aeronoticias.com.pe\/noticiero\/transporte-aereo\/internacional\/iberia-reanuda-sus-vuelos-regulares-entre-quito-y-madrid-luego-de-tres-meses\/#primaryimage"},"thumbnailUrl":"https:\/\/aeronoticias.com.pe\/noticiero\/wp-content\/uploads\/2020\/07\/Iberia-reanuda-vuelos-scaled.jpg","datePublished":"2020-07-05T02:12:54+00:00","dateModified":"2020-09-18T13:15:36+00:00","author":{"@id":"https:\/\/aeronoticias.com.pe\/noticiero\/#\/schema\/person\/fc1e5d578f4b62ba1cf7ac2bba1170a0"},"description":"La compa\u00f1\u00eda Iberia reanuda este s\u00e1bado sus vuelos regulares entre Quito y Madrid despu\u00e9s de que en los \u00faltimos meses y desde que se declarara la pandemia por COVID-19 solo haya operado vuelos de repatriaci\u00f3n y humanitarios.","breadcrumb":{"@id":"https:\/\/aeronoticias.com.pe\/noticiero\/transporte-aereo\/internacional\/iberia-reanuda-sus-vuelos-regulares-entre-quito-y-madrid-luego-de-tres-meses\/#breadcrumb"},"inLanguage":"es","potentialAction":[{"@type":"ReadAction","target":["https:\/\/aeronoticias.com.pe\/noticiero\/transporte-aereo\/internacional\/iberia-reanuda-sus-vuelos-regulares-entre-quito-y-madrid-luego-de-tres-meses\/"]}]},{"@type":"ImageObject","inLanguage":"es","@id":"https:\/\/aeronoticias.com.pe\/noticiero\/transporte-aereo\/internacional\/iberia-reanuda-sus-vuelos-regulares-entre-quito-y-madrid-luego-de-tres-meses\/#primaryimage","url":"https:\/\/aeronoticias.com.pe\/noticiero\/wp-content\/uploads\/2020\/07\/Iberia-reanuda-vuelos-scaled.jpg","contentUrl":"https:\/\/aeronoticias.com.pe\/noticiero\/wp-content\/uploads\/2020\/07\/Iberia-reanuda-vuelos-scaled.jpg","width":2560,"height":1707},{"@type":"BreadcrumbList","@id":"https:\/\/aeronoticias.com.pe\/noticiero\/transporte-aereo\/internacional\/iberia-reanuda-sus-vuelos-regulares-entre-quito-y-madrid-luego-de-tres-meses\/#breadcrumb","itemListElement":[{"@type":"ListItem","position":1,"name":"Portada","item":"https:\/\/aeronoticias.com.pe\/noticiero\/"},{"@type":"ListItem","position":2,"name":"Iberia reanuda sus vuelos regulares entre Quito y Madrid luego de tres meses"}]},{"@type":"WebSite","@id":"https:\/\/aeronoticias.com.pe\/noticiero\/#website","url":"https:\/\/aeronoticias.com.pe\/noticiero\/","name":"Aeronoticias.com.pe","description":"Noticias de tranporte aereo, turismo, hoteles, gastronomia, actualidad, internacional","potentialAction":[{"@type":"SearchAction","target":{"@type":"EntryPoint","urlTemplate":"https:\/\/aeronoticias.com.pe\/noticiero\/?s={search_term_string}"},"query-input":{"@type":"PropertyValueSpecification","valueRequired":true,"valueName":"search_term_string"}}],"inLanguage":"es"},{"@type":"Person","@id":"https:\/\/aeronoticias.com.pe\/noticiero\/#\/schema\/person\/fc1e5d578f4b62ba1cf7ac2bba1170a0","name":"Redacci\u00f3n Aeronoticias","url":"https:\/\/aeronoticias.com.pe\/noticiero\/author\/piloto\/"}]}},"_links":{"self":[{"href":"https:\/\/aeronoticias.com.pe\/noticiero\/wp-json\/wp\/v2\/posts\/60023","targetHints":{"allow":["GET"]}}],"collection":[{"href":"https:\/\/aeronoticias.com.pe\/noticiero\/wp-json\/wp\/v2\/posts"}],"about":[{"href":"https:\/\/aeronoticias.com.pe\/noticiero\/wp-json\/wp\/v2\/types\/post"}],"author":[{"embeddable":true,"href":"https:\/\/aeronoticias.com.pe\/noticiero\/wp-json\/wp\/v2\/users\/1"}],"replies":[{"embeddable":true,"href":"https:\/\/aeronoticias.com.pe\/noticiero\/wp-json\/wp\/v2\/comments?post=60023"}],"version-history":[{"count":0,"href":"https:\/\/aeronoticias.com.pe\/noticiero\/wp-json\/wp\/v2\/posts\/60023\/revisions"}],"wp:featuredmedia":[{"embeddable":true,"href":"https:\/\/aeronoticias.com.pe\/noticiero\/wp-json\/wp\/v2\/media\/62592"}],"wp:attachment":[{"href":"https:\/\/aeronoticias.com.pe\/noticiero\/wp-json\/wp\/v2\/media?parent=60023"}],"wp:term":[{"taxonomy":"category","embeddable":true,"href":"https:\/\/aeronoticias.com.pe\/noticiero\/wp-json\/wp\/v2\/categories?post=60023"},{"taxonomy":"post_tag","embeddable":true,"href":"https:\/\/aeronoticias.com.pe\/noticiero\/wp-json\/wp\/v2\/tags?post=60023"}],"curies":[{"name":"wp","href":"https:\/\/api.w.org\/{rel}","templated":true}]}}