{"id":60417,"date":"2020-09-03T12:18:40","date_gmt":"2020-09-03T12:18:40","guid":{"rendered":"https:\/\/aeronoticias.com.pe\/noticiero\/?p=60417"},"modified":"2020-09-11T16:05:54","modified_gmt":"2020-09-11T16:05:54","slug":"en-democracia-es-licito-sentir-lo-que-se-quiere-y-decir-lo-que-se-siente","status":"publish","type":"post","link":"https:\/\/aeronoticias.com.pe\/noticiero\/internacionales\/en-democracia-es-licito-sentir-lo-que-se-quiere-y-decir-lo-que-se-siente\/","title":{"rendered":"En democracia es l\u00edcito sentir lo que se quiere y decir lo que se siente"},"content":{"rendered":"\n<p><em><strong>Por: Javier Francisco Aga<\/strong><\/em><\/p>\n\n\n\n<p><strong>(Aeronoticias)<\/strong> En horas de la tarde del 29 de julio del presente a\u00f1o, y ante la presencia de funcionarios del Poder Ejecutivo, miembros de la C\u00e1mara de Diputados y Senadores, la jueza de la Corte Suprema Elena Highton de Nolasco, decanos y decanas de Universidades Nacionales y los once integrantes del consejo de asesores, el presidente Alberto Fern\u00e1ndez anunci\u00f3 el proyecto de ley de reforma judicial.<\/p>\n\n\n\n<p>Legisladores y dirigentes pol\u00edticos seguramente debatir\u00e1n el proyecto. Pero desde el \u00e1mbito acad\u00e9mico como es el nuestro, estamos autorizados a opinar como siempre lo hemos hecho sobre temas que hacen a nuestro campo de conocimiento. Una Facultad de Ciencias Jur\u00eddicas y Sociales siempre est\u00e1 atenta a las reformas, pero su principal inter\u00e9s es velar por la integridad del estado constitucional de derecho y la independencia del m\u00e1ximo tribunal institucional. Y en nombre de la prudencia advertimos que esa integridad puede estar en peligro.<\/p>\n\n\n\n<p>Analicemos brevemente tres t\u00f3picos referidos a la oportunidad, contenido e intencionalidad.<\/p>\n\n\n\n<p>\u00bfEs oportuno para el pa\u00eds una reforma judicial?<\/p>\n\n\n\n<p>Se ha dicho con acierto que nunca los momentos son oportunos para las reformas, pero convengamos que este es uno muy malo para la Argentina, que se encuentra inmersa en una tempestad econ\u00f3mica y social como nunca se vio en toda su historia, lo que amerita un problema a resolver en lo inmediato.<\/p>\n\n\n\n<p>Hasta el momento el COVID-19 ha provocado m\u00e1s de 175.000 contagios y 3.200 muertos, lo que hace pensar en un inminente e indeseado colapso sanitario.<\/p>\n\n\n\n<p>La ca\u00edda de la actividad econ\u00f3mica es del 8,4% del P.B.I.<\/p>\n\n\n\n<p>La actividad industrial cay\u00f3 un 33,5%.<\/p>\n\n\n\n<p>La industria de la construcci\u00f3n se derrumb\u00f3 en un 75,6%.<\/p>\n\n\n\n<p>Los \u00edndices de inflaci\u00f3n son del 42,76%, aunque los economistas calculan que llegar\u00e1 en breve al 46% en el transcurso del presente a\u00f1o.<br>Prev\u00e9n que la pobreza escalar\u00e1 al 50%.<br><br>Seg\u00fan los datos del Observatorio Social de la UCA, entre los meses de marzo y mayo, unas 900.000 personas perdieron sus trabajos.<br><br>Cerca de 40.000 comercios cerraron sus puertas durante la cuarentena, seg\u00fan datos estad\u00edsticos de la C\u00e1mara Argentina de Comercio y la Federaci\u00f3n de Comercio e Industria de la ciudad de Buenos Aires.<br><br>En fin, dificultad para pagar salarios, aumento del desempleo y del delito, despidos sin indemnizaci\u00f3n, sumados a inflaci\u00f3n, recesi\u00f3n y default constituyen los componentes de un peligroso coctel que agudiza cada d\u00eda esta crisis in\u00e9dita en Argentina.<br><br>\u00bfCu\u00e1l es su contenido?<\/p>\n\n\n\n<p>El problema reside en el desacople entre lo que se proclama y lo que se propone. En su discurso, el presidente proclam\u00f3 la necesidad de una justicia imparcial, cre\u00edble, independiente, transparente, con celeridad y eficiencia. En eso estamos todos de acuerdo y desde hace mucho tiempo. Pero seguidamente propone, crear m\u00e1s juzgados federales penales, unificar c\u00e1maras de apelaciones, transferir competencias jurisdiccionales y constituir un comit\u00e9 de expertos (11 integrantes) en su mayor\u00eda juristas amigos y amigas del gobierno de turno.<\/p>\n\n\n\n<p>Hagamos el siguiente ejercicio de extrema obviedad: si uno tiene un problema y lo divide en dos, pasa a tener dos problemas. Si los doce juzgados federales de Comodoro Py son un problema, y ahora se propone duplicarlos en cantidad, en lugar de subsanar la cuesti\u00f3n de fondo (independencia, credibilidad, transparencia, etc.) se est\u00e1 profundizando su hist\u00f3rica dificultad.<\/p>\n\n\n\n<p>El presidente Fern\u00e1ndez dice y se contradice permanentemente, y eso afecta, entre otras cosas, la credibilidad social e institucional. Ayer critic\u00f3 el pacto con Ir\u00e1n, hoy est\u00e1 de acuerdo. Ayer critic\u00f3 duramente al gobierno de Cristina Fern\u00e1ndez, hoy es su vicepresidenta. Ayer dijo que cinco integrantes es un n\u00famero ideal para Corte Suprema de Justicia, hoy propone aumentar su n\u00famero. El siempre crey\u00f3 en la democracia participativa pero hoy solo convoca a once personas para hacer una reforma judicial.<br>\u00bfEntonces por qu\u00e9 deber\u00edamos creer en todos los valores que proclama sobre la justicia?<\/p>\n\n\n\n<p>\u00bfCu\u00e1l es la intencionalidad?<\/p>\n\n\n\n<p>Nada m\u00e1s oportuno que traer a colaci\u00f3n la frase de un viejo pol\u00edtico e historiador romano como fue Cornelio T\u00e1cito qui\u00e9n dijo: \u201cRara felicidad la de los tiempos en que es l\u00edcito sentir lo que se quiere y decir lo que se siente\u201d.<\/p>\n\n\n\n<p>Recordemos que ese fue el lema del primer peri\u00f3dico del pa\u00eds utilizado por Mariano Moreno en la revoluci\u00f3n de mayo de 1810; fue tambi\u00e9n el lema de los reformistas universitarios de 1918 y, desde su creaci\u00f3n, sigue siendo el lema del Centro de Estudiantes de Derecho y Ciencias Sociales de la UNL.<br>Como ciudadano de esta rep\u00fablica quiero pensar lo que quiero y decir lo que pienso.<\/p>\n\n\n\n<p>Los argentinos tenemos una larga y triste historia con la Impunidad. La misma sirvi\u00f3 para tapar la violencia pol\u00edtica de los a\u00f1os \u201870; para ocultar las violaciones a los derechos humanos de las fatales dictaduras; para disimular a los responsables del desmantelamiento del Estado Argentino en los a\u00f1os \u201890.<\/p>\n\n\n\n<p>Evitemos utilizarla para licuar las causas abiertas y encubrir a los responsables de la corrupci\u00f3n que se apropi\u00f3 de millones de d\u00f3lares que a\u00fan no aparecen y que pertenecen al pueblo argentino.<\/p>\n\n\n\n<p>Sabemos que la impunidad no solo afecta a un gobierno en particular sino al conjunto de la ciudadan\u00eda de un pa\u00eds que, como en nuestro caso, decidi\u00f3 hace treinta y siete a\u00f1os, vivir bajo el imperio de la Constituci\u00f3n Nacional y sus dos principios fundamentales: la igualdad y la libertad.<\/p>\n\n\n\n<p>Por esa raz\u00f3n, si se pretende reformar uno de los pilares fundamentales de toda rep\u00fablica como es el Poder Judicial, ser\u00e1 necesario un gran acuerdo democr\u00e1tico, p\u00fablico, abierto, oportuno, plural y esencialmente, l\u00edcito para poder decir lo que pensamos y decimos.<\/p>\n\n\n\n<p>\u00abSe ha dicho con acierto que nunca los momentos son oportunos para las reformas, pero convengamos que este es uno muy malo para la Argentina, que se encuentra inmersa en una tempestad econ\u00f3mica y social como nunca se vio en toda su historia, lo que amerita un problema a resolver en lo inmediato\u00bb.<\/p>\n\n\n\n<p>\u00abEl problema reside en el desacople entre lo que se proclama y lo que se propone. En su discurso, el presidente proclam\u00f3 la necesidad de una justicia imparcial, cre\u00edble, independiente, transparente, con celeridad y eficiencia. En eso estamos todos de acuerdo y desde hace mucho tiempo\u00bb.<\/p>\n\n\n\n<p><strong><em>Fuente: El Litoral<\/em><\/strong><\/p>\n","protected":false},"excerpt":{"rendered":"<p>Por: Javier Francisco Aga (Aeronoticias) En horas de la tarde del 29 de julio del presente a\u00f1o, y ante la presencia de funcionarios del Poder Ejecutivo, miembros de la C\u00e1mara de Diputados y Senadores, la jueza de la Corte Suprema Elena Highton de Nolasco, decanos y decanas de Universidades Nacionales y los once integrantes del [&hellip;]<\/p>\n","protected":false},"author":3,"featured_media":60421,"comment_status":"open","ping_status":"open","sticky":false,"template":"","format":"standard","meta":{"tdm_status":"","tdm_grid_status":"","footnotes":""},"categories":[34],"tags":[188,90,192],"class_list":{"0":"post-60417","1":"post","2":"type-post","3":"status-publish","4":"format-standard","5":"has-post-thumbnail","7":"category-internacionales","8":"tag-albertofernandez","9":"tag-argentina","10":"tag-javierfranciscoaga"},"yoast_head":"<!-- This site is optimized with the Yoast SEO plugin v25.1 - https:\/\/yoast.com\/wordpress\/plugins\/seo\/ -->\n<title>En democracia es l\u00edcito sentir lo que se quiere y decir lo que se siente<\/title>\n<meta name=\"description\" content=\"El presidente Alberto Fern\u00e1ndez anunci\u00f3 el proyecto de ley de reforma judicial.\" \/>\n<meta name=\"robots\" content=\"index, follow, max-snippet:-1, max-image-preview:large, max-video-preview:-1\" \/>\n<link rel=\"canonical\" href=\"https:\/\/aeronoticias.com.pe\/noticiero\/internacionales\/en-democracia-es-licito-sentir-lo-que-se-quiere-y-decir-lo-que-se-siente\/\" \/>\n<meta property=\"og:locale\" content=\"es_ES\" \/>\n<meta property=\"og:type\" content=\"article\" \/>\n<meta property=\"og:title\" content=\"En democracia es l\u00edcito sentir lo que se quiere y decir lo que se siente\" \/>\n<meta property=\"og:description\" content=\"El presidente Alberto Fern\u00e1ndez anunci\u00f3 el proyecto de ley de reforma judicial.\" \/>\n<meta property=\"og:url\" content=\"https:\/\/aeronoticias.com.pe\/noticiero\/internacionales\/en-democracia-es-licito-sentir-lo-que-se-quiere-y-decir-lo-que-se-siente\/\" \/>\n<meta property=\"og:site_name\" content=\"Aeronoticias.com.pe\" \/>\n<meta property=\"article:publisher\" content=\"https:\/\/www.facebook.com\/Aeronoticias.com.pe\/\" \/>\n<meta property=\"article:published_time\" content=\"2020-09-03T12:18:40+00:00\" \/>\n<meta property=\"article:modified_time\" content=\"2020-09-11T16:05:54+00:00\" \/>\n<meta property=\"og:image\" content=\"https:\/\/aeronoticias.com.pe\/noticiero\/wp-content\/uploads\/2020\/09\/317129_corte.jpg\" \/>\n\t<meta property=\"og:image:width\" content=\"1012\" \/>\n\t<meta property=\"og:image:height\" content=\"679\" \/>\n\t<meta property=\"og:image:type\" content=\"image\/jpeg\" \/>\n<meta name=\"author\" content=\"Redacci\u00f3n\" \/>\n<meta name=\"twitter:card\" content=\"summary_large_image\" \/>\n<meta name=\"twitter:creator\" content=\"@aeronoticias\" \/>\n<meta name=\"twitter:site\" content=\"@aeronoticias\" \/>\n<meta name=\"twitter:label1\" content=\"Escrito por\" \/>\n\t<meta name=\"twitter:data1\" content=\"Redacci\u00f3n\" \/>\n\t<meta name=\"twitter:label2\" content=\"Tiempo de lectura\" \/>\n\t<meta name=\"twitter:data2\" content=\"5 minutos\" \/>\n<script type=\"application\/ld+json\" class=\"yoast-schema-graph\">{\"@context\":\"https:\/\/schema.org\",\"@graph\":[{\"@type\":\"WebPage\",\"@id\":\"https:\/\/aeronoticias.com.pe\/noticiero\/internacionales\/en-democracia-es-licito-sentir-lo-que-se-quiere-y-decir-lo-que-se-siente\/\",\"url\":\"https:\/\/aeronoticias.com.pe\/noticiero\/internacionales\/en-democracia-es-licito-sentir-lo-que-se-quiere-y-decir-lo-que-se-siente\/\",\"name\":\"En democracia es l\u00edcito sentir lo que se quiere y decir lo que se siente\",\"isPartOf\":{\"@id\":\"https:\/\/aeronoticias.com.pe\/noticiero\/#website\"},\"primaryImageOfPage\":{\"@id\":\"https:\/\/aeronoticias.com.pe\/noticiero\/internacionales\/en-democracia-es-licito-sentir-lo-que-se-quiere-y-decir-lo-que-se-siente\/#primaryimage\"},\"image\":{\"@id\":\"https:\/\/aeronoticias.com.pe\/noticiero\/internacionales\/en-democracia-es-licito-sentir-lo-que-se-quiere-y-decir-lo-que-se-siente\/#primaryimage\"},\"thumbnailUrl\":\"https:\/\/aeronoticias.com.pe\/noticiero\/wp-content\/uploads\/2020\/09\/317129_corte.jpg\",\"datePublished\":\"2020-09-03T12:18:40+00:00\",\"dateModified\":\"2020-09-11T16:05:54+00:00\",\"author\":{\"@id\":\"https:\/\/aeronoticias.com.pe\/noticiero\/#\/schema\/person\/16212a617c73f78916b13194154243bd\"},\"description\":\"El presidente Alberto Fern\u00e1ndez anunci\u00f3 el proyecto de ley de reforma judicial.\",\"breadcrumb\":{\"@id\":\"https:\/\/aeronoticias.com.pe\/noticiero\/internacionales\/en-democracia-es-licito-sentir-lo-que-se-quiere-y-decir-lo-que-se-siente\/#breadcrumb\"},\"inLanguage\":\"es\",\"potentialAction\":[{\"@type\":\"ReadAction\",\"target\":[\"https:\/\/aeronoticias.com.pe\/noticiero\/internacionales\/en-democracia-es-licito-sentir-lo-que-se-quiere-y-decir-lo-que-se-siente\/\"]}]},{\"@type\":\"ImageObject\",\"inLanguage\":\"es\",\"@id\":\"https:\/\/aeronoticias.com.pe\/noticiero\/internacionales\/en-democracia-es-licito-sentir-lo-que-se-quiere-y-decir-lo-que-se-siente\/#primaryimage\",\"url\":\"https:\/\/aeronoticias.com.pe\/noticiero\/wp-content\/uploads\/2020\/09\/317129_corte.jpg\",\"contentUrl\":\"https:\/\/aeronoticias.com.pe\/noticiero\/wp-content\/uploads\/2020\/09\/317129_corte.jpg\",\"width\":1012,\"height\":679,\"caption\":\"Foto fuente: El Litoral\"},{\"@type\":\"BreadcrumbList\",\"@id\":\"https:\/\/aeronoticias.com.pe\/noticiero\/internacionales\/en-democracia-es-licito-sentir-lo-que-se-quiere-y-decir-lo-que-se-siente\/#breadcrumb\",\"itemListElement\":[{\"@type\":\"ListItem\",\"position\":1,\"name\":\"Portada\",\"item\":\"https:\/\/aeronoticias.com.pe\/noticiero\/\"},{\"@type\":\"ListItem\",\"position\":2,\"name\":\"En democracia es l\u00edcito sentir lo que se quiere y decir lo que se siente\"}]},{\"@type\":\"WebSite\",\"@id\":\"https:\/\/aeronoticias.com.pe\/noticiero\/#website\",\"url\":\"https:\/\/aeronoticias.com.pe\/noticiero\/\",\"name\":\"Aeronoticias.com.pe\",\"description\":\"Noticias de tranporte aereo, turismo, hoteles, gastronomia, actualidad, internacional\",\"potentialAction\":[{\"@type\":\"SearchAction\",\"target\":{\"@type\":\"EntryPoint\",\"urlTemplate\":\"https:\/\/aeronoticias.com.pe\/noticiero\/?s={search_term_string}\"},\"query-input\":{\"@type\":\"PropertyValueSpecification\",\"valueRequired\":true,\"valueName\":\"search_term_string\"}}],\"inLanguage\":\"es\"},{\"@type\":\"Person\",\"@id\":\"https:\/\/aeronoticias.com.pe\/noticiero\/#\/schema\/person\/16212a617c73f78916b13194154243bd\",\"name\":\"Redacci\u00f3n\",\"sameAs\":[\"http:\/\/Redacci\u00f3n\"],\"url\":\"https:\/\/aeronoticias.com.pe\/noticiero\/author\/celeste\/\"}]}<\/script>\n<!-- \/ Yoast SEO plugin. -->","yoast_head_json":{"title":"En democracia es l\u00edcito sentir lo que se quiere y decir lo que se siente","description":"El presidente Alberto Fern\u00e1ndez anunci\u00f3 el proyecto de ley de reforma judicial.","robots":{"index":"index","follow":"follow","max-snippet":"max-snippet:-1","max-image-preview":"max-image-preview:large","max-video-preview":"max-video-preview:-1"},"canonical":"https:\/\/aeronoticias.com.pe\/noticiero\/internacionales\/en-democracia-es-licito-sentir-lo-que-se-quiere-y-decir-lo-que-se-siente\/","og_locale":"es_ES","og_type":"article","og_title":"En democracia es l\u00edcito sentir lo que se quiere y decir lo que se siente","og_description":"El presidente Alberto Fern\u00e1ndez anunci\u00f3 el proyecto de ley de reforma judicial.","og_url":"https:\/\/aeronoticias.com.pe\/noticiero\/internacionales\/en-democracia-es-licito-sentir-lo-que-se-quiere-y-decir-lo-que-se-siente\/","og_site_name":"Aeronoticias.com.pe","article_publisher":"https:\/\/www.facebook.com\/Aeronoticias.com.pe\/","article_published_time":"2020-09-03T12:18:40+00:00","article_modified_time":"2020-09-11T16:05:54+00:00","og_image":[{"width":1012,"height":679,"url":"https:\/\/aeronoticias.com.pe\/noticiero\/wp-content\/uploads\/2020\/09\/317129_corte.jpg","type":"image\/jpeg"}],"author":"Redacci\u00f3n","twitter_card":"summary_large_image","twitter_creator":"@aeronoticias","twitter_site":"@aeronoticias","twitter_misc":{"Escrito por":"Redacci\u00f3n","Tiempo de lectura":"5 minutos"},"schema":{"@context":"https:\/\/schema.org","@graph":[{"@type":"WebPage","@id":"https:\/\/aeronoticias.com.pe\/noticiero\/internacionales\/en-democracia-es-licito-sentir-lo-que-se-quiere-y-decir-lo-que-se-siente\/","url":"https:\/\/aeronoticias.com.pe\/noticiero\/internacionales\/en-democracia-es-licito-sentir-lo-que-se-quiere-y-decir-lo-que-se-siente\/","name":"En democracia es l\u00edcito sentir lo que se quiere y decir lo que se siente","isPartOf":{"@id":"https:\/\/aeronoticias.com.pe\/noticiero\/#website"},"primaryImageOfPage":{"@id":"https:\/\/aeronoticias.com.pe\/noticiero\/internacionales\/en-democracia-es-licito-sentir-lo-que-se-quiere-y-decir-lo-que-se-siente\/#primaryimage"},"image":{"@id":"https:\/\/aeronoticias.com.pe\/noticiero\/internacionales\/en-democracia-es-licito-sentir-lo-que-se-quiere-y-decir-lo-que-se-siente\/#primaryimage"},"thumbnailUrl":"https:\/\/aeronoticias.com.pe\/noticiero\/wp-content\/uploads\/2020\/09\/317129_corte.jpg","datePublished":"2020-09-03T12:18:40+00:00","dateModified":"2020-09-11T16:05:54+00:00","author":{"@id":"https:\/\/aeronoticias.com.pe\/noticiero\/#\/schema\/person\/16212a617c73f78916b13194154243bd"},"description":"El presidente Alberto Fern\u00e1ndez anunci\u00f3 el proyecto de ley de reforma judicial.","breadcrumb":{"@id":"https:\/\/aeronoticias.com.pe\/noticiero\/internacionales\/en-democracia-es-licito-sentir-lo-que-se-quiere-y-decir-lo-que-se-siente\/#breadcrumb"},"inLanguage":"es","potentialAction":[{"@type":"ReadAction","target":["https:\/\/aeronoticias.com.pe\/noticiero\/internacionales\/en-democracia-es-licito-sentir-lo-que-se-quiere-y-decir-lo-que-se-siente\/"]}]},{"@type":"ImageObject","inLanguage":"es","@id":"https:\/\/aeronoticias.com.pe\/noticiero\/internacionales\/en-democracia-es-licito-sentir-lo-que-se-quiere-y-decir-lo-que-se-siente\/#primaryimage","url":"https:\/\/aeronoticias.com.pe\/noticiero\/wp-content\/uploads\/2020\/09\/317129_corte.jpg","contentUrl":"https:\/\/aeronoticias.com.pe\/noticiero\/wp-content\/uploads\/2020\/09\/317129_corte.jpg","width":1012,"height":679,"caption":"Foto fuente: El Litoral"},{"@type":"BreadcrumbList","@id":"https:\/\/aeronoticias.com.pe\/noticiero\/internacionales\/en-democracia-es-licito-sentir-lo-que-se-quiere-y-decir-lo-que-se-siente\/#breadcrumb","itemListElement":[{"@type":"ListItem","position":1,"name":"Portada","item":"https:\/\/aeronoticias.com.pe\/noticiero\/"},{"@type":"ListItem","position":2,"name":"En democracia es l\u00edcito sentir lo que se quiere y decir lo que se siente"}]},{"@type":"WebSite","@id":"https:\/\/aeronoticias.com.pe\/noticiero\/#website","url":"https:\/\/aeronoticias.com.pe\/noticiero\/","name":"Aeronoticias.com.pe","description":"Noticias de tranporte aereo, turismo, hoteles, gastronomia, actualidad, internacional","potentialAction":[{"@type":"SearchAction","target":{"@type":"EntryPoint","urlTemplate":"https:\/\/aeronoticias.com.pe\/noticiero\/?s={search_term_string}"},"query-input":{"@type":"PropertyValueSpecification","valueRequired":true,"valueName":"search_term_string"}}],"inLanguage":"es"},{"@type":"Person","@id":"https:\/\/aeronoticias.com.pe\/noticiero\/#\/schema\/person\/16212a617c73f78916b13194154243bd","name":"Redacci\u00f3n","sameAs":["http:\/\/Redacci\u00f3n"],"url":"https:\/\/aeronoticias.com.pe\/noticiero\/author\/celeste\/"}]}},"_links":{"self":[{"href":"https:\/\/aeronoticias.com.pe\/noticiero\/wp-json\/wp\/v2\/posts\/60417","targetHints":{"allow":["GET"]}}],"collection":[{"href":"https:\/\/aeronoticias.com.pe\/noticiero\/wp-json\/wp\/v2\/posts"}],"about":[{"href":"https:\/\/aeronoticias.com.pe\/noticiero\/wp-json\/wp\/v2\/types\/post"}],"author":[{"embeddable":true,"href":"https:\/\/aeronoticias.com.pe\/noticiero\/wp-json\/wp\/v2\/users\/3"}],"replies":[{"embeddable":true,"href":"https:\/\/aeronoticias.com.pe\/noticiero\/wp-json\/wp\/v2\/comments?post=60417"}],"version-history":[{"count":0,"href":"https:\/\/aeronoticias.com.pe\/noticiero\/wp-json\/wp\/v2\/posts\/60417\/revisions"}],"wp:featuredmedia":[{"embeddable":true,"href":"https:\/\/aeronoticias.com.pe\/noticiero\/wp-json\/wp\/v2\/media\/60421"}],"wp:attachment":[{"href":"https:\/\/aeronoticias.com.pe\/noticiero\/wp-json\/wp\/v2\/media?parent=60417"}],"wp:term":[{"taxonomy":"category","embeddable":true,"href":"https:\/\/aeronoticias.com.pe\/noticiero\/wp-json\/wp\/v2\/categories?post=60417"},{"taxonomy":"post_tag","embeddable":true,"href":"https:\/\/aeronoticias.com.pe\/noticiero\/wp-json\/wp\/v2\/tags?post=60417"}],"curies":[{"name":"wp","href":"https:\/\/api.w.org\/{rel}","templated":true}]}}