{"id":60423,"date":"2020-09-03T12:56:50","date_gmt":"2020-09-03T12:56:50","guid":{"rendered":"https:\/\/aeronoticias.com.pe\/noticiero\/?p=60423"},"modified":"2020-09-11T15:27:29","modified_gmt":"2020-09-11T15:27:29","slug":"juristas-en-los-100-anos-de-la-universidad-nacional-del-litoral-unl-de-santa-fe-argentina","status":"publish","type":"post","link":"https:\/\/aeronoticias.com.pe\/noticiero\/sin-categoria\/juristas-en-los-100-anos-de-la-universidad-nacional-del-litoral-unl-de-santa-fe-argentina\/","title":{"rendered":"Juristas en los 100 A\u00f1os de la Universidad Nacional del Litoral (UNL) de Santa Fe, Argentina"},"content":{"rendered":"\n<p><strong>(Aeronoticias)<\/strong> La <a href=\"https:\/\/www.unl.edu.ar\/\" target=\"_blank\" rel=\"noreferrer noopener\">Universidad Nacional del Litoral (UNL)<\/a> de Santa Fe, Argentina, que es una de las m\u00e1s prestigiadas del mundo, en el 2019 cumpli\u00f3 100 A\u00f1os de vida institucional rodeado de sus egresados, que desde distintos puntos de la Rep\u00fablica Argentina y del mundo, llegaron a Santa Fe para disfrutar de los actos acad\u00e9micos y sociales programados por la UNL y que m\u00e1gicamente los envolvi\u00f3 y los hizo recordar momentos inolvidables de la vida universitaria.<\/p>\n\n\n\n<figure class=\"wp-block-image size-large\"><img loading=\"lazy\" decoding=\"async\" width=\"1024\" height=\"683\" src=\"https:\/\/aeronoticias.com.pe\/noticiero\/wp-content\/uploads\/2020\/09\/8-1024x683.jpg\" alt=\"\" class=\"wp-image-60428\" srcset=\"https:\/\/aeronoticias.com.pe\/noticiero\/wp-content\/uploads\/2020\/09\/8-1024x683.jpg 1024w, https:\/\/aeronoticias.com.pe\/noticiero\/wp-content\/uploads\/2020\/09\/8-300x200.jpg 300w, https:\/\/aeronoticias.com.pe\/noticiero\/wp-content\/uploads\/2020\/09\/8-768x512.jpg 768w, https:\/\/aeronoticias.com.pe\/noticiero\/wp-content\/uploads\/2020\/09\/8-1536x1024.jpg 1536w, https:\/\/aeronoticias.com.pe\/noticiero\/wp-content\/uploads\/2020\/09\/8-2048x1365.jpg 2048w, https:\/\/aeronoticias.com.pe\/noticiero\/wp-content\/uploads\/2020\/09\/8-150x100.jpg 150w, https:\/\/aeronoticias.com.pe\/noticiero\/wp-content\/uploads\/2020\/09\/8-696x464.jpg 696w, https:\/\/aeronoticias.com.pe\/noticiero\/wp-content\/uploads\/2020\/09\/8-1068x712.jpg 1068w, https:\/\/aeronoticias.com.pe\/noticiero\/wp-content\/uploads\/2020\/09\/8-1920x1280.jpg 1920w\" sizes=\"auto, (max-width: 1024px) 100vw, 1024px\" \/><figcaption>Jorge Mosset Iturraspe y Juli\u00e1n Palacin Fern\u00e1ndez la Cena de Clausura de los 100 A\u00f1os de la Facultad de Ciencias Jur\u00eddicas y Sociales de la UNL. Santa Fe, Argentina<\/figcaption><\/figure>\n\n\n\n<p>Dentro de este contexto, la Facultad de Ciencias Jur\u00eddicas y Sociales de la UNL, a cargo del Decano Dr. Javier Aga, llev\u00f3 a cabo important\u00edsimos actos acad\u00e9micos y una cena de clausura el 29 de noviembre del 2019, en la que participaron sus egresados hoy connotados Abogados, cuya presencia Doctrinaria en todo el mundo, honra el pensamiento acad\u00e9mico de esta alta Casa de Estudios.<br><br>Aeronoticias ir\u00e1 publicando las fotos y recuerdos de esta cena de clausura, que escribi\u00f3 la historia del reencuentro, la amistad y confraternidad de los egresados de la Facultad de Ciencias Jur\u00eddicas y Sociales de la Universidad Nacional del Litoral (UNL), que se proyecta al futuro inspirada en su historia.<\/p>\n\n\n\n<figure class=\"wp-block-image size-large\"><img loading=\"lazy\" decoding=\"async\" width=\"1024\" height=\"683\" src=\"https:\/\/aeronoticias.com.pe\/noticiero\/wp-content\/uploads\/2020\/09\/5-1024x683.jpg\" alt=\"\" class=\"wp-image-60429\" srcset=\"https:\/\/aeronoticias.com.pe\/noticiero\/wp-content\/uploads\/2020\/09\/5-1024x683.jpg 1024w, https:\/\/aeronoticias.com.pe\/noticiero\/wp-content\/uploads\/2020\/09\/5-300x200.jpg 300w, https:\/\/aeronoticias.com.pe\/noticiero\/wp-content\/uploads\/2020\/09\/5-768x512.jpg 768w, https:\/\/aeronoticias.com.pe\/noticiero\/wp-content\/uploads\/2020\/09\/5-1536x1024.jpg 1536w, https:\/\/aeronoticias.com.pe\/noticiero\/wp-content\/uploads\/2020\/09\/5-2048x1365.jpg 2048w, https:\/\/aeronoticias.com.pe\/noticiero\/wp-content\/uploads\/2020\/09\/5-150x100.jpg 150w, https:\/\/aeronoticias.com.pe\/noticiero\/wp-content\/uploads\/2020\/09\/5-696x464.jpg 696w, https:\/\/aeronoticias.com.pe\/noticiero\/wp-content\/uploads\/2020\/09\/5-1068x712.jpg 1068w, https:\/\/aeronoticias.com.pe\/noticiero\/wp-content\/uploads\/2020\/09\/5-1920x1280.jpg 1920w\" sizes=\"auto, (max-width: 1024px) 100vw, 1024px\" \/><figcaption>Cena de Clausura de los 100 A\u00f1os de la UNL. Santa Fe, Argentina.<\/figcaption><\/figure>\n\n\n\n<p>Por \u00faltimo, en relaci\u00f3n a la foto que ilustra la nota los hermanos Roberto y Mario Gianfelice, son importantes referentes de la Doctrina santafesina y argentina de Responsabilidad Civil y Seguros y el profesor de Derecho de la Navegaci\u00f3n, Alfredo Monteverde es el m\u00e1ximo representante de esta Facultad en la Escuela en la Doctrina de Derecho de la Navegaci\u00f3n, que fundara en los 60&#8217;s Federico Ortiz de Guinea y que tuvo el liderazgo en el recordado profesor Adri\u00e1n Marcial Alzueta y ambos los Dres. Adri\u00e1n Alzueta y Alfredo Monteverde, fueron los profesores de <a href=\"https:\/\/es.wikipedia.org\/wiki\/Juli%C3%A1n_Palac%C3%ADn_Fern%C3%A1ndez\" target=\"_blank\" rel=\"noreferrer noopener\">Juli\u00e1n Palacin Fern\u00e1ndez<\/a> en el curso de Derecho de la Navegaci\u00f3n en 1976 en la Facultad de Ciencias Jur\u00eddicas y Sociales de la Universidad Nacional del Litoral (UNL) de Santa Fe, Argentina.<\/p>\n\n\n\n<p><a href=\"https:\/\/aeronoticias.com.pe\/noticiero\/en-el-centenario-de-la-universidad-nacional-del-litoral-dictan-conferencias-sobre-conectividad-aerea-del-aerodromo-de-sauce-viejo\/\" target=\"_blank\" rel=\"noreferrer noopener\">En el Centenario de la Universidad Nacional del Litoral dictan Conferencias sobre Conectividad A\u00e9rea del Aer\u00f3dromo de Sauce Viejo<\/a>.<\/p>\n","protected":false},"excerpt":{"rendered":"<p>(Aeronoticias) La Universidad Nacional del Litoral (UNL) de Santa Fe, Argentina, que es una de las m\u00e1s prestigiadas del mundo, en el 2019 cumpli\u00f3 100 A\u00f1os de vida institucional rodeado de sus egresados, que desde distintos puntos de la Rep\u00fablica Argentina y del mundo, llegaron a Santa Fe para disfrutar de los actos acad\u00e9micos y [&hellip;]<\/p>\n","protected":false},"author":3,"featured_media":60427,"comment_status":"open","ping_status":"open","sticky":false,"template":"","format":"standard","meta":{"tdm_status":"","tdm_grid_status":"","footnotes":""},"categories":[27,1],"tags":[90,89,187],"class_list":{"0":"post-60423","1":"post","2":"type-post","3":"status-publish","4":"format-standard","5":"has-post-thumbnail","7":"category-historia-derecho-aero-peruano","8":"category-sin-categoria","9":"tag-argentina","10":"tag-julian-palacin-fernandez","11":"tag-unl"},"yoast_head":"<!-- This site is optimized with the Yoast SEO plugin v25.1 - https:\/\/yoast.com\/wordpress\/plugins\/seo\/ -->\n<title>Juristas en los 100 A\u00f1os de la Universidad Nacional del Litoral (UNL) de Santa Fe, Argentina<\/title>\n<meta name=\"description\" content=\"La UNL de Santa Fe, Argentina, que es una de las m\u00e1s prestigiadas del mundo, en el 2019 cumpli\u00f3 100 A\u00f1os de vida institucional\" \/>\n<meta name=\"robots\" content=\"index, follow, max-snippet:-1, max-image-preview:large, max-video-preview:-1\" \/>\n<link rel=\"canonical\" href=\"https:\/\/aeronoticias.com.pe\/noticiero\/sin-categoria\/juristas-en-los-100-anos-de-la-universidad-nacional-del-litoral-unl-de-santa-fe-argentina\/\" \/>\n<meta property=\"og:locale\" content=\"es_ES\" \/>\n<meta property=\"og:type\" content=\"article\" \/>\n<meta property=\"og:title\" content=\"Juristas en los 100 A\u00f1os de la Universidad Nacional del Litoral (UNL) de Santa Fe, Argentina\" \/>\n<meta property=\"og:description\" content=\"La UNL de Santa Fe, Argentina, que es una de las m\u00e1s prestigiadas del mundo, en el 2019 cumpli\u00f3 100 A\u00f1os de vida institucional\" \/>\n<meta property=\"og:url\" content=\"https:\/\/aeronoticias.com.pe\/noticiero\/sin-categoria\/juristas-en-los-100-anos-de-la-universidad-nacional-del-litoral-unl-de-santa-fe-argentina\/\" \/>\n<meta property=\"og:site_name\" content=\"Aeronoticias.com.pe\" \/>\n<meta property=\"article:publisher\" content=\"https:\/\/www.facebook.com\/Aeronoticias.com.pe\/\" \/>\n<meta property=\"article:published_time\" content=\"2020-09-03T12:56:50+00:00\" \/>\n<meta property=\"article:modified_time\" content=\"2020-09-11T15:27:29+00:00\" \/>\n<meta property=\"og:image\" content=\"https:\/\/aeronoticias.com.pe\/noticiero\/wp-content\/uploads\/2020\/09\/1-scaled.jpg\" \/>\n\t<meta property=\"og:image:width\" content=\"2560\" \/>\n\t<meta property=\"og:image:height\" content=\"1707\" \/>\n\t<meta property=\"og:image:type\" content=\"image\/jpeg\" \/>\n<meta name=\"author\" content=\"Redacci\u00f3n\" \/>\n<meta name=\"twitter:card\" content=\"summary_large_image\" \/>\n<meta name=\"twitter:creator\" content=\"@aeronoticias\" \/>\n<meta name=\"twitter:site\" content=\"@aeronoticias\" \/>\n<meta name=\"twitter:label1\" content=\"Escrito por\" \/>\n\t<meta name=\"twitter:data1\" content=\"Redacci\u00f3n\" \/>\n\t<meta name=\"twitter:label2\" content=\"Tiempo de lectura\" \/>\n\t<meta name=\"twitter:data2\" content=\"2 minutos\" \/>\n<script type=\"application\/ld+json\" class=\"yoast-schema-graph\">{\"@context\":\"https:\/\/schema.org\",\"@graph\":[{\"@type\":\"WebPage\",\"@id\":\"https:\/\/aeronoticias.com.pe\/noticiero\/sin-categoria\/juristas-en-los-100-anos-de-la-universidad-nacional-del-litoral-unl-de-santa-fe-argentina\/\",\"url\":\"https:\/\/aeronoticias.com.pe\/noticiero\/sin-categoria\/juristas-en-los-100-anos-de-la-universidad-nacional-del-litoral-unl-de-santa-fe-argentina\/\",\"name\":\"Juristas en los 100 A\u00f1os de la Universidad Nacional del Litoral (UNL) de Santa Fe, Argentina\",\"isPartOf\":{\"@id\":\"https:\/\/aeronoticias.com.pe\/noticiero\/#website\"},\"primaryImageOfPage\":{\"@id\":\"https:\/\/aeronoticias.com.pe\/noticiero\/sin-categoria\/juristas-en-los-100-anos-de-la-universidad-nacional-del-litoral-unl-de-santa-fe-argentina\/#primaryimage\"},\"image\":{\"@id\":\"https:\/\/aeronoticias.com.pe\/noticiero\/sin-categoria\/juristas-en-los-100-anos-de-la-universidad-nacional-del-litoral-unl-de-santa-fe-argentina\/#primaryimage\"},\"thumbnailUrl\":\"https:\/\/aeronoticias.com.pe\/noticiero\/wp-content\/uploads\/2020\/09\/1-scaled.jpg\",\"datePublished\":\"2020-09-03T12:56:50+00:00\",\"dateModified\":\"2020-09-11T15:27:29+00:00\",\"author\":{\"@id\":\"https:\/\/aeronoticias.com.pe\/noticiero\/#\/schema\/person\/16212a617c73f78916b13194154243bd\"},\"description\":\"La UNL de Santa Fe, Argentina, que es una de las m\u00e1s prestigiadas del mundo, en el 2019 cumpli\u00f3 100 A\u00f1os de vida institucional\",\"breadcrumb\":{\"@id\":\"https:\/\/aeronoticias.com.pe\/noticiero\/sin-categoria\/juristas-en-los-100-anos-de-la-universidad-nacional-del-litoral-unl-de-santa-fe-argentina\/#breadcrumb\"},\"inLanguage\":\"es\",\"potentialAction\":[{\"@type\":\"ReadAction\",\"target\":[\"https:\/\/aeronoticias.com.pe\/noticiero\/sin-categoria\/juristas-en-los-100-anos-de-la-universidad-nacional-del-litoral-unl-de-santa-fe-argentina\/\"]}]},{\"@type\":\"ImageObject\",\"inLanguage\":\"es\",\"@id\":\"https:\/\/aeronoticias.com.pe\/noticiero\/sin-categoria\/juristas-en-los-100-anos-de-la-universidad-nacional-del-litoral-unl-de-santa-fe-argentina\/#primaryimage\",\"url\":\"https:\/\/aeronoticias.com.pe\/noticiero\/wp-content\/uploads\/2020\/09\/1-scaled.jpg\",\"contentUrl\":\"https:\/\/aeronoticias.com.pe\/noticiero\/wp-content\/uploads\/2020\/09\/1-scaled.jpg\",\"width\":2560,\"height\":1707,\"caption\":\"De izq. a der. los Abogados Roberto Gianfelice, Juli\u00e1n Palacin Fern\u00e1ndez, Mario Gianfelice y Alfredo Monteverde, en la Cena de clausura de los 100 A\u00f1os de la Facultad de Ciencias Jur\u00eddicas y Sociales de la UNL. Santa Fe, Argentina.\"},{\"@type\":\"BreadcrumbList\",\"@id\":\"https:\/\/aeronoticias.com.pe\/noticiero\/sin-categoria\/juristas-en-los-100-anos-de-la-universidad-nacional-del-litoral-unl-de-santa-fe-argentina\/#breadcrumb\",\"itemListElement\":[{\"@type\":\"ListItem\",\"position\":1,\"name\":\"Portada\",\"item\":\"https:\/\/aeronoticias.com.pe\/noticiero\/\"},{\"@type\":\"ListItem\",\"position\":2,\"name\":\"Juristas en los 100 A\u00f1os de la Universidad Nacional del Litoral (UNL) de Santa Fe, Argentina\"}]},{\"@type\":\"WebSite\",\"@id\":\"https:\/\/aeronoticias.com.pe\/noticiero\/#website\",\"url\":\"https:\/\/aeronoticias.com.pe\/noticiero\/\",\"name\":\"Aeronoticias.com.pe\",\"description\":\"Noticias de tranporte aereo, turismo, hoteles, gastronomia, actualidad, internacional\",\"potentialAction\":[{\"@type\":\"SearchAction\",\"target\":{\"@type\":\"EntryPoint\",\"urlTemplate\":\"https:\/\/aeronoticias.com.pe\/noticiero\/?s={search_term_string}\"},\"query-input\":{\"@type\":\"PropertyValueSpecification\",\"valueRequired\":true,\"valueName\":\"search_term_string\"}}],\"inLanguage\":\"es\"},{\"@type\":\"Person\",\"@id\":\"https:\/\/aeronoticias.com.pe\/noticiero\/#\/schema\/person\/16212a617c73f78916b13194154243bd\",\"name\":\"Redacci\u00f3n\",\"sameAs\":[\"http:\/\/Redacci\u00f3n\"],\"url\":\"https:\/\/aeronoticias.com.pe\/noticiero\/author\/celeste\/\"}]}<\/script>\n<!-- \/ Yoast SEO plugin. -->","yoast_head_json":{"title":"Juristas en los 100 A\u00f1os de la Universidad Nacional del Litoral (UNL) de Santa Fe, Argentina","description":"La UNL de Santa Fe, Argentina, que es una de las m\u00e1s prestigiadas del mundo, en el 2019 cumpli\u00f3 100 A\u00f1os de vida institucional","robots":{"index":"index","follow":"follow","max-snippet":"max-snippet:-1","max-image-preview":"max-image-preview:large","max-video-preview":"max-video-preview:-1"},"canonical":"https:\/\/aeronoticias.com.pe\/noticiero\/sin-categoria\/juristas-en-los-100-anos-de-la-universidad-nacional-del-litoral-unl-de-santa-fe-argentina\/","og_locale":"es_ES","og_type":"article","og_title":"Juristas en los 100 A\u00f1os de la Universidad Nacional del Litoral (UNL) de Santa Fe, Argentina","og_description":"La UNL de Santa Fe, Argentina, que es una de las m\u00e1s prestigiadas del mundo, en el 2019 cumpli\u00f3 100 A\u00f1os de vida institucional","og_url":"https:\/\/aeronoticias.com.pe\/noticiero\/sin-categoria\/juristas-en-los-100-anos-de-la-universidad-nacional-del-litoral-unl-de-santa-fe-argentina\/","og_site_name":"Aeronoticias.com.pe","article_publisher":"https:\/\/www.facebook.com\/Aeronoticias.com.pe\/","article_published_time":"2020-09-03T12:56:50+00:00","article_modified_time":"2020-09-11T15:27:29+00:00","og_image":[{"width":2560,"height":1707,"url":"https:\/\/aeronoticias.com.pe\/noticiero\/wp-content\/uploads\/2020\/09\/1-scaled.jpg","type":"image\/jpeg"}],"author":"Redacci\u00f3n","twitter_card":"summary_large_image","twitter_creator":"@aeronoticias","twitter_site":"@aeronoticias","twitter_misc":{"Escrito por":"Redacci\u00f3n","Tiempo de lectura":"2 minutos"},"schema":{"@context":"https:\/\/schema.org","@graph":[{"@type":"WebPage","@id":"https:\/\/aeronoticias.com.pe\/noticiero\/sin-categoria\/juristas-en-los-100-anos-de-la-universidad-nacional-del-litoral-unl-de-santa-fe-argentina\/","url":"https:\/\/aeronoticias.com.pe\/noticiero\/sin-categoria\/juristas-en-los-100-anos-de-la-universidad-nacional-del-litoral-unl-de-santa-fe-argentina\/","name":"Juristas en los 100 A\u00f1os de la Universidad Nacional del Litoral (UNL) de Santa Fe, Argentina","isPartOf":{"@id":"https:\/\/aeronoticias.com.pe\/noticiero\/#website"},"primaryImageOfPage":{"@id":"https:\/\/aeronoticias.com.pe\/noticiero\/sin-categoria\/juristas-en-los-100-anos-de-la-universidad-nacional-del-litoral-unl-de-santa-fe-argentina\/#primaryimage"},"image":{"@id":"https:\/\/aeronoticias.com.pe\/noticiero\/sin-categoria\/juristas-en-los-100-anos-de-la-universidad-nacional-del-litoral-unl-de-santa-fe-argentina\/#primaryimage"},"thumbnailUrl":"https:\/\/aeronoticias.com.pe\/noticiero\/wp-content\/uploads\/2020\/09\/1-scaled.jpg","datePublished":"2020-09-03T12:56:50+00:00","dateModified":"2020-09-11T15:27:29+00:00","author":{"@id":"https:\/\/aeronoticias.com.pe\/noticiero\/#\/schema\/person\/16212a617c73f78916b13194154243bd"},"description":"La UNL de Santa Fe, Argentina, que es una de las m\u00e1s prestigiadas del mundo, en el 2019 cumpli\u00f3 100 A\u00f1os de vida institucional","breadcrumb":{"@id":"https:\/\/aeronoticias.com.pe\/noticiero\/sin-categoria\/juristas-en-los-100-anos-de-la-universidad-nacional-del-litoral-unl-de-santa-fe-argentina\/#breadcrumb"},"inLanguage":"es","potentialAction":[{"@type":"ReadAction","target":["https:\/\/aeronoticias.com.pe\/noticiero\/sin-categoria\/juristas-en-los-100-anos-de-la-universidad-nacional-del-litoral-unl-de-santa-fe-argentina\/"]}]},{"@type":"ImageObject","inLanguage":"es","@id":"https:\/\/aeronoticias.com.pe\/noticiero\/sin-categoria\/juristas-en-los-100-anos-de-la-universidad-nacional-del-litoral-unl-de-santa-fe-argentina\/#primaryimage","url":"https:\/\/aeronoticias.com.pe\/noticiero\/wp-content\/uploads\/2020\/09\/1-scaled.jpg","contentUrl":"https:\/\/aeronoticias.com.pe\/noticiero\/wp-content\/uploads\/2020\/09\/1-scaled.jpg","width":2560,"height":1707,"caption":"De izq. a der. los Abogados Roberto Gianfelice, Juli\u00e1n Palacin Fern\u00e1ndez, Mario Gianfelice y Alfredo Monteverde, en la Cena de clausura de los 100 A\u00f1os de la Facultad de Ciencias Jur\u00eddicas y Sociales de la UNL. Santa Fe, Argentina."},{"@type":"BreadcrumbList","@id":"https:\/\/aeronoticias.com.pe\/noticiero\/sin-categoria\/juristas-en-los-100-anos-de-la-universidad-nacional-del-litoral-unl-de-santa-fe-argentina\/#breadcrumb","itemListElement":[{"@type":"ListItem","position":1,"name":"Portada","item":"https:\/\/aeronoticias.com.pe\/noticiero\/"},{"@type":"ListItem","position":2,"name":"Juristas en los 100 A\u00f1os de la Universidad Nacional del Litoral (UNL) de Santa Fe, Argentina"}]},{"@type":"WebSite","@id":"https:\/\/aeronoticias.com.pe\/noticiero\/#website","url":"https:\/\/aeronoticias.com.pe\/noticiero\/","name":"Aeronoticias.com.pe","description":"Noticias de tranporte aereo, turismo, hoteles, gastronomia, actualidad, internacional","potentialAction":[{"@type":"SearchAction","target":{"@type":"EntryPoint","urlTemplate":"https:\/\/aeronoticias.com.pe\/noticiero\/?s={search_term_string}"},"query-input":{"@type":"PropertyValueSpecification","valueRequired":true,"valueName":"search_term_string"}}],"inLanguage":"es"},{"@type":"Person","@id":"https:\/\/aeronoticias.com.pe\/noticiero\/#\/schema\/person\/16212a617c73f78916b13194154243bd","name":"Redacci\u00f3n","sameAs":["http:\/\/Redacci\u00f3n"],"url":"https:\/\/aeronoticias.com.pe\/noticiero\/author\/celeste\/"}]}},"_links":{"self":[{"href":"https:\/\/aeronoticias.com.pe\/noticiero\/wp-json\/wp\/v2\/posts\/60423","targetHints":{"allow":["GET"]}}],"collection":[{"href":"https:\/\/aeronoticias.com.pe\/noticiero\/wp-json\/wp\/v2\/posts"}],"about":[{"href":"https:\/\/aeronoticias.com.pe\/noticiero\/wp-json\/wp\/v2\/types\/post"}],"author":[{"embeddable":true,"href":"https:\/\/aeronoticias.com.pe\/noticiero\/wp-json\/wp\/v2\/users\/3"}],"replies":[{"embeddable":true,"href":"https:\/\/aeronoticias.com.pe\/noticiero\/wp-json\/wp\/v2\/comments?post=60423"}],"version-history":[{"count":0,"href":"https:\/\/aeronoticias.com.pe\/noticiero\/wp-json\/wp\/v2\/posts\/60423\/revisions"}],"wp:featuredmedia":[{"embeddable":true,"href":"https:\/\/aeronoticias.com.pe\/noticiero\/wp-json\/wp\/v2\/media\/60427"}],"wp:attachment":[{"href":"https:\/\/aeronoticias.com.pe\/noticiero\/wp-json\/wp\/v2\/media?parent=60423"}],"wp:term":[{"taxonomy":"category","embeddable":true,"href":"https:\/\/aeronoticias.com.pe\/noticiero\/wp-json\/wp\/v2\/categories?post=60423"},{"taxonomy":"post_tag","embeddable":true,"href":"https:\/\/aeronoticias.com.pe\/noticiero\/wp-json\/wp\/v2\/tags?post=60423"}],"curies":[{"name":"wp","href":"https:\/\/api.w.org\/{rel}","templated":true}]}}