{"id":60435,"date":"2020-09-03T18:33:42","date_gmt":"2020-09-03T18:33:42","guid":{"rendered":"https:\/\/aeronoticias.com.pe\/noticiero\/?p=60435"},"modified":"2020-09-03T18:42:38","modified_gmt":"2020-09-03T18:42:38","slug":"los-dramas-de-alberdi","status":"publish","type":"post","link":"https:\/\/aeronoticias.com.pe\/noticiero\/sin-categoria\/los-dramas-de-alberdi\/","title":{"rendered":"Los dramas de Alberdi"},"content":{"rendered":"\n<p><strong><em>Por: Javier Francisco Aga*<\/em><\/strong><br><br><strong>(Aeronoticias)<\/strong> Destacados historiadores sostienen que a la Constituci\u00f3n la pens\u00f3 Alberdi, la escribi\u00f3 Guti\u00e9rrez, la ajust\u00f3 Mitre, la interpel\u00f3 Sarmiento y la efectiviz\u00f3 Roca. Tales afirmaciones admiten matices, pero es un punto de partida para pensar las relaciones entre Constituci\u00f3n, Estado y Pol\u00edtica. <br><br>Desde que se emancip\u00f3 de Espa\u00f1a, nuestro pa\u00eds tuvo que sufrir guerras civiles, traiciones, fusilamientos y tumultos pol\u00edticos. Lo que hab\u00eda ganado en autonom\u00eda lo hab\u00eda perdido en convivencia pac\u00edfica.<br><br><strong>Destacados historiadores sostienen que a la Constituci\u00f3n la pens\u00f3 Alberdi, la escribi\u00f3 Guti\u00e9rrez, la ajust\u00f3 Mitre, la interpel\u00f3 Sarmiento y la efectiviz\u00f3 Roca<\/strong><br><br>Entonces, el primer drama a resolver por Alberdi fue la anarqu\u00eda a la que deb\u00eda opon\u00e9rsele un sistema que concentrara el poder en pocas manos: la Constituci\u00f3n Nacional. <br><br>Hiperpresidencialismo; control de constitucionalidad; una Corte Federal como \u00faltima voz para interpretar la ley; c\u00f3digos federales (civil y comercial) para regular derechos subjetivos; un Congreso bicameral con representaci\u00f3n indirecta del Senado con sus requisitos de edad y de riquezas que exclu\u00eda a las mayor\u00edas.<br><br>El segundo drama a resolver fue el desierto constituido por r\u00edos no navegados, virginal llanura y pobreza por doquier. \u201c\u00bfQu\u00e9 nombre dar\u00e9is, qu\u00e9 nombre merece un pa\u00eds compuesto de doscientas mil leguas de territorio y de una poblaci\u00f3n de ochocientos mil habitantes? Un desierto. \u00bfQu\u00e9 nombre dar\u00e9is a la Constituci\u00f3n de ese pa\u00eds? <br><br>La constituci\u00f3n de un desierto. Pues bien, ese pa\u00eds es la Rep\u00fablica Argentina; y cualquiera que sea su Constituci\u00f3n no ser\u00e1 otra cosa por muchos a\u00f1os que la Constituci\u00f3n de un desierto. Pero, \u00bfcu\u00e1l es la Constituci\u00f3n que mejor conviene al desierto? La que sirve para hacerlo desaparecer\u201d. La Constituci\u00f3n de 1853 permiti\u00f3 fundar el Estado Nacional en 1880. De otra forma no habr\u00eda sido m\u00e1s que un texto de buenas intenciones.<br><br><strong>La Constituci\u00f3n de 1853 permiti\u00f3 fundar el Estado Nacional en 1880<\/strong><br><br>Consolidar el Estado signific\u00f3: atraer a la poblaci\u00f3n europea y capitales extranjeros; insertar a la Argentina en la divisi\u00f3n internacional del trabajo; constituir un mercado interno; aprovechar las ventajas comparativas y poner en marcha un modelo agro-exportador. <br><br>El proyecto no fue f\u00e1cil, como quien se atreve a caminar por un extenso desierto, pero esta vez con un mapa a seguir. No es cierto que aquel modelo agro-exportador se haya formado por generaci\u00f3n espont\u00e1nea<strong> <\/strong>por parte de los capitales extranjeros. Todo lo contrario, fue consecuencia de una decisi\u00f3n pol\u00edtica de insertar al pa\u00eds en el mundo ante una sociedad reacia a los cambios y una clase dominante homog\u00e9nea en sus intereses contrarios a pensar la Naci\u00f3n en t\u00e9rminos de un programa a realizar. <br><br>Por esa raz\u00f3n la Constituci\u00f3n alberdiana debe interpretarse en tres dimensiones: como un proyecto jur\u00eddico que establece libertades personales, derechos y garant\u00edas; como un proyecto econ\u00f3mico para dar garant\u00edas a los capitales nacionales y extranjeros; y como un proyecto pol\u00edtico para establecer qui\u00e9n manda y qui\u00e9n obedece. <br><br>El tercer drama fue el que siempre pretendi\u00f3 impugnar a la Constituci\u00f3n por ser una copia extranjera. Es verdad que Alberdi mir\u00f3 a los EE. UU, pero de sus escritos surge la necesidad de hacer algo m\u00e1s que copiar textualmente otra constituci\u00f3n. <br>Alberdi era consciente que hab\u00eda que hacer algo diferente no por capricho intelectual sino porque el programa pensado para el pa\u00eds reclamaba originalidad. Solemos subestimar este rasgo distintivo de originalidad, belleza y precisi\u00f3n que \u00e9l mismo le imprimi\u00f3 a nuestra Constituci\u00f3n.<br><br><strong><br>La Constituci\u00f3n alberdiana debe interpretarse en tres dimensiones: como un proyecto jur\u00eddico, econ\u00f3mico y como un proyecto pol\u00edtico<\/strong><br><br> Sostener que es una copia exacta de la norteamericana es un error. Mientras la del pa\u00eds del norte es un resultado, la nuestra es un punto de partida; mientras aquella es la consecuencia de un proceso hist\u00f3rico, la nuestra es la causa para iniciar uno; y mientras la norteamericana es proteccionista, la nuestra es aperturista.<br><br> Lo de Alberdi fue un acto de creaci\u00f3n para hacer frente a los dramas de su \u00e9poca. Su gran legado fue fortalecer las instituciones que fecundan la prosperidad colectiva. \u00bfCu\u00e1les ser\u00edan los dramas de nuestra \u00e9poca? Nuestros \u201cdesiertos\u201d a travesar tiene muchos nombres. Depender\u00e1 de una sabia decisi\u00f3n pol\u00edtica para enfrentarlos: \u00bfpobreza? \u00bfeducaci\u00f3n? \u00bfjusticia? \u00bfdesarrollo?<br><br> A 136 a\u00f1os de su muerte, hoy venimos a rendir tributo a quien se atrevi\u00f3 enfrentar los dramas de su \u00e9poca con sabidur\u00eda y visi\u00f3n de futuro, para que las generaciones venideras prosigan con aquella tarea de seguir construyendo aqu\u00e9l viejo edificio institucional de s\u00f3lidos cimientos dise\u00f1ados con igualdad y libertad.<br><br><strong><em>*Decano \u2013 FCJS &#8211; Universidad Nacional del Litoral<\/em><\/strong><br><br><br><\/p>\n\n\n\n<p><a href=\"https:\/\/www.perfil.com\/noticias\/opinion\/columna-javier-francisco-aga-dramas-alberdi.phtml?fbclid=IwAR0LDuvLppjJdI8ZtVqLW1VTfa05I34xyekgutzVjIxvbohdPoDcoHn1-8g\" target=\"_blank\" rel=\"noreferrer noopener\"><em><strong>Fuente: El Perfil<\/strong><\/em><\/a><br><\/p>\n\n\n\n<p><\/p>\n","protected":false},"excerpt":{"rendered":"<p>Por: Javier Francisco Aga* (Aeronoticias) Destacados historiadores sostienen que a la Constituci\u00f3n la pens\u00f3 Alberdi, la escribi\u00f3 Guti\u00e9rrez, la ajust\u00f3 Mitre, la interpel\u00f3 Sarmiento y la efectiviz\u00f3 Roca. Tales afirmaciones admiten matices, pero es un punto de partida para pensar las relaciones entre Constituci\u00f3n, Estado y Pol\u00edtica. Desde que se emancip\u00f3 de Espa\u00f1a, nuestro pa\u00eds [&hellip;]<\/p>\n","protected":false},"author":3,"featured_media":60438,"comment_status":"open","ping_status":"open","sticky":false,"template":"","format":"standard","meta":{"tdm_status":"","tdm_grid_status":"","footnotes":""},"categories":[28,64,1],"tags":[90,192,191],"class_list":{"0":"post-60435","1":"post","2":"type-post","3":"status-publish","4":"format-standard","5":"has-post-thumbnail","7":"category-mundo","8":"category-mundo-mundo","9":"category-sin-categoria","10":"tag-argentina","11":"tag-javierfranciscoaga","12":"tag-juan-bautista-alberdi"},"yoast_head":"<!-- This site is optimized with the Yoast SEO plugin v25.1 - https:\/\/yoast.com\/wordpress\/plugins\/seo\/ -->\n<title>Los dramas de Alberdi<\/title>\n<meta name=\"description\" content=\"Por qu\u00e9 hoy es el d\u00eda del abogado y cu\u00e1les fueron los logros de Juan Bautista Alberdi.\" \/>\n<meta name=\"robots\" content=\"index, follow, max-snippet:-1, max-image-preview:large, max-video-preview:-1\" \/>\n<link rel=\"canonical\" href=\"https:\/\/aeronoticias.com.pe\/noticiero\/sin-categoria\/los-dramas-de-alberdi\/\" \/>\n<meta property=\"og:locale\" content=\"es_ES\" \/>\n<meta property=\"og:type\" content=\"article\" \/>\n<meta property=\"og:title\" content=\"Los dramas de Alberdi\" \/>\n<meta property=\"og:description\" content=\"Por qu\u00e9 hoy es el d\u00eda del abogado y cu\u00e1les fueron los logros de Juan Bautista Alberdi.\" \/>\n<meta property=\"og:url\" content=\"https:\/\/aeronoticias.com.pe\/noticiero\/sin-categoria\/los-dramas-de-alberdi\/\" \/>\n<meta property=\"og:site_name\" content=\"Aeronoticias.com.pe\" \/>\n<meta property=\"article:publisher\" content=\"https:\/\/www.facebook.com\/Aeronoticias.com.pe\/\" \/>\n<meta property=\"article:published_time\" content=\"2020-09-03T18:33:42+00:00\" \/>\n<meta property=\"article:modified_time\" content=\"2020-09-03T18:42:38+00:00\" \/>\n<meta property=\"og:image\" content=\"https:\/\/aeronoticias.com.pe\/noticiero\/wp-content\/uploads\/2020\/09\/20200627justiciaestatuacedocg-977493.jpg\" \/>\n\t<meta property=\"og:image:width\" content=\"840\" \/>\n\t<meta property=\"og:image:height\" content=\"472\" \/>\n\t<meta property=\"og:image:type\" content=\"image\/jpeg\" \/>\n<meta name=\"author\" content=\"Redacci\u00f3n\" \/>\n<meta name=\"twitter:card\" content=\"summary_large_image\" \/>\n<meta name=\"twitter:creator\" content=\"@aeronoticias\" \/>\n<meta name=\"twitter:site\" content=\"@aeronoticias\" \/>\n<meta name=\"twitter:label1\" content=\"Escrito por\" \/>\n\t<meta name=\"twitter:data1\" content=\"Redacci\u00f3n\" \/>\n\t<meta name=\"twitter:label2\" content=\"Tiempo de lectura\" \/>\n\t<meta name=\"twitter:data2\" content=\"4 minutos\" \/>\n<script type=\"application\/ld+json\" class=\"yoast-schema-graph\">{\"@context\":\"https:\/\/schema.org\",\"@graph\":[{\"@type\":\"WebPage\",\"@id\":\"https:\/\/aeronoticias.com.pe\/noticiero\/sin-categoria\/los-dramas-de-alberdi\/\",\"url\":\"https:\/\/aeronoticias.com.pe\/noticiero\/sin-categoria\/los-dramas-de-alberdi\/\",\"name\":\"Los dramas de Alberdi\",\"isPartOf\":{\"@id\":\"https:\/\/aeronoticias.com.pe\/noticiero\/#website\"},\"primaryImageOfPage\":{\"@id\":\"https:\/\/aeronoticias.com.pe\/noticiero\/sin-categoria\/los-dramas-de-alberdi\/#primaryimage\"},\"image\":{\"@id\":\"https:\/\/aeronoticias.com.pe\/noticiero\/sin-categoria\/los-dramas-de-alberdi\/#primaryimage\"},\"thumbnailUrl\":\"https:\/\/aeronoticias.com.pe\/noticiero\/wp-content\/uploads\/2020\/09\/20200627justiciaestatuacedocg-977493.jpg\",\"datePublished\":\"2020-09-03T18:33:42+00:00\",\"dateModified\":\"2020-09-03T18:42:38+00:00\",\"author\":{\"@id\":\"https:\/\/aeronoticias.com.pe\/noticiero\/#\/schema\/person\/16212a617c73f78916b13194154243bd\"},\"description\":\"Por qu\u00e9 hoy es el d\u00eda del abogado y cu\u00e1les fueron los logros de Juan Bautista Alberdi.\",\"breadcrumb\":{\"@id\":\"https:\/\/aeronoticias.com.pe\/noticiero\/sin-categoria\/los-dramas-de-alberdi\/#breadcrumb\"},\"inLanguage\":\"es\",\"potentialAction\":[{\"@type\":\"ReadAction\",\"target\":[\"https:\/\/aeronoticias.com.pe\/noticiero\/sin-categoria\/los-dramas-de-alberdi\/\"]}]},{\"@type\":\"ImageObject\",\"inLanguage\":\"es\",\"@id\":\"https:\/\/aeronoticias.com.pe\/noticiero\/sin-categoria\/los-dramas-de-alberdi\/#primaryimage\",\"url\":\"https:\/\/aeronoticias.com.pe\/noticiero\/wp-content\/uploads\/2020\/09\/20200627justiciaestatuacedocg-977493.jpg\",\"contentUrl\":\"https:\/\/aeronoticias.com.pe\/noticiero\/wp-content\/uploads\/2020\/09\/20200627justiciaestatuacedocg-977493.jpg\",\"width\":840,\"height\":472,\"caption\":\"Foto: CEDOC - Ciega: Se\u00f1ora de ojos vendados, como dice la canci\u00f3n de la inolvidable Mar\u00eda Elena Walsh\"},{\"@type\":\"BreadcrumbList\",\"@id\":\"https:\/\/aeronoticias.com.pe\/noticiero\/sin-categoria\/los-dramas-de-alberdi\/#breadcrumb\",\"itemListElement\":[{\"@type\":\"ListItem\",\"position\":1,\"name\":\"Portada\",\"item\":\"https:\/\/aeronoticias.com.pe\/noticiero\/\"},{\"@type\":\"ListItem\",\"position\":2,\"name\":\"Los dramas de Alberdi\"}]},{\"@type\":\"WebSite\",\"@id\":\"https:\/\/aeronoticias.com.pe\/noticiero\/#website\",\"url\":\"https:\/\/aeronoticias.com.pe\/noticiero\/\",\"name\":\"Aeronoticias.com.pe\",\"description\":\"Noticias de tranporte aereo, turismo, hoteles, gastronomia, actualidad, internacional\",\"potentialAction\":[{\"@type\":\"SearchAction\",\"target\":{\"@type\":\"EntryPoint\",\"urlTemplate\":\"https:\/\/aeronoticias.com.pe\/noticiero\/?s={search_term_string}\"},\"query-input\":{\"@type\":\"PropertyValueSpecification\",\"valueRequired\":true,\"valueName\":\"search_term_string\"}}],\"inLanguage\":\"es\"},{\"@type\":\"Person\",\"@id\":\"https:\/\/aeronoticias.com.pe\/noticiero\/#\/schema\/person\/16212a617c73f78916b13194154243bd\",\"name\":\"Redacci\u00f3n\",\"sameAs\":[\"http:\/\/Redacci\u00f3n\"],\"url\":\"https:\/\/aeronoticias.com.pe\/noticiero\/author\/celeste\/\"}]}<\/script>\n<!-- \/ Yoast SEO plugin. -->","yoast_head_json":{"title":"Los dramas de Alberdi","description":"Por qu\u00e9 hoy es el d\u00eda del abogado y cu\u00e1les fueron los logros de Juan Bautista Alberdi.","robots":{"index":"index","follow":"follow","max-snippet":"max-snippet:-1","max-image-preview":"max-image-preview:large","max-video-preview":"max-video-preview:-1"},"canonical":"https:\/\/aeronoticias.com.pe\/noticiero\/sin-categoria\/los-dramas-de-alberdi\/","og_locale":"es_ES","og_type":"article","og_title":"Los dramas de Alberdi","og_description":"Por qu\u00e9 hoy es el d\u00eda del abogado y cu\u00e1les fueron los logros de Juan Bautista Alberdi.","og_url":"https:\/\/aeronoticias.com.pe\/noticiero\/sin-categoria\/los-dramas-de-alberdi\/","og_site_name":"Aeronoticias.com.pe","article_publisher":"https:\/\/www.facebook.com\/Aeronoticias.com.pe\/","article_published_time":"2020-09-03T18:33:42+00:00","article_modified_time":"2020-09-03T18:42:38+00:00","og_image":[{"width":840,"height":472,"url":"https:\/\/aeronoticias.com.pe\/noticiero\/wp-content\/uploads\/2020\/09\/20200627justiciaestatuacedocg-977493.jpg","type":"image\/jpeg"}],"author":"Redacci\u00f3n","twitter_card":"summary_large_image","twitter_creator":"@aeronoticias","twitter_site":"@aeronoticias","twitter_misc":{"Escrito por":"Redacci\u00f3n","Tiempo de lectura":"4 minutos"},"schema":{"@context":"https:\/\/schema.org","@graph":[{"@type":"WebPage","@id":"https:\/\/aeronoticias.com.pe\/noticiero\/sin-categoria\/los-dramas-de-alberdi\/","url":"https:\/\/aeronoticias.com.pe\/noticiero\/sin-categoria\/los-dramas-de-alberdi\/","name":"Los dramas de Alberdi","isPartOf":{"@id":"https:\/\/aeronoticias.com.pe\/noticiero\/#website"},"primaryImageOfPage":{"@id":"https:\/\/aeronoticias.com.pe\/noticiero\/sin-categoria\/los-dramas-de-alberdi\/#primaryimage"},"image":{"@id":"https:\/\/aeronoticias.com.pe\/noticiero\/sin-categoria\/los-dramas-de-alberdi\/#primaryimage"},"thumbnailUrl":"https:\/\/aeronoticias.com.pe\/noticiero\/wp-content\/uploads\/2020\/09\/20200627justiciaestatuacedocg-977493.jpg","datePublished":"2020-09-03T18:33:42+00:00","dateModified":"2020-09-03T18:42:38+00:00","author":{"@id":"https:\/\/aeronoticias.com.pe\/noticiero\/#\/schema\/person\/16212a617c73f78916b13194154243bd"},"description":"Por qu\u00e9 hoy es el d\u00eda del abogado y cu\u00e1les fueron los logros de Juan Bautista Alberdi.","breadcrumb":{"@id":"https:\/\/aeronoticias.com.pe\/noticiero\/sin-categoria\/los-dramas-de-alberdi\/#breadcrumb"},"inLanguage":"es","potentialAction":[{"@type":"ReadAction","target":["https:\/\/aeronoticias.com.pe\/noticiero\/sin-categoria\/los-dramas-de-alberdi\/"]}]},{"@type":"ImageObject","inLanguage":"es","@id":"https:\/\/aeronoticias.com.pe\/noticiero\/sin-categoria\/los-dramas-de-alberdi\/#primaryimage","url":"https:\/\/aeronoticias.com.pe\/noticiero\/wp-content\/uploads\/2020\/09\/20200627justiciaestatuacedocg-977493.jpg","contentUrl":"https:\/\/aeronoticias.com.pe\/noticiero\/wp-content\/uploads\/2020\/09\/20200627justiciaestatuacedocg-977493.jpg","width":840,"height":472,"caption":"Foto: CEDOC - Ciega: Se\u00f1ora de ojos vendados, como dice la canci\u00f3n de la inolvidable Mar\u00eda Elena Walsh"},{"@type":"BreadcrumbList","@id":"https:\/\/aeronoticias.com.pe\/noticiero\/sin-categoria\/los-dramas-de-alberdi\/#breadcrumb","itemListElement":[{"@type":"ListItem","position":1,"name":"Portada","item":"https:\/\/aeronoticias.com.pe\/noticiero\/"},{"@type":"ListItem","position":2,"name":"Los dramas de Alberdi"}]},{"@type":"WebSite","@id":"https:\/\/aeronoticias.com.pe\/noticiero\/#website","url":"https:\/\/aeronoticias.com.pe\/noticiero\/","name":"Aeronoticias.com.pe","description":"Noticias de tranporte aereo, turismo, hoteles, gastronomia, actualidad, internacional","potentialAction":[{"@type":"SearchAction","target":{"@type":"EntryPoint","urlTemplate":"https:\/\/aeronoticias.com.pe\/noticiero\/?s={search_term_string}"},"query-input":{"@type":"PropertyValueSpecification","valueRequired":true,"valueName":"search_term_string"}}],"inLanguage":"es"},{"@type":"Person","@id":"https:\/\/aeronoticias.com.pe\/noticiero\/#\/schema\/person\/16212a617c73f78916b13194154243bd","name":"Redacci\u00f3n","sameAs":["http:\/\/Redacci\u00f3n"],"url":"https:\/\/aeronoticias.com.pe\/noticiero\/author\/celeste\/"}]}},"_links":{"self":[{"href":"https:\/\/aeronoticias.com.pe\/noticiero\/wp-json\/wp\/v2\/posts\/60435","targetHints":{"allow":["GET"]}}],"collection":[{"href":"https:\/\/aeronoticias.com.pe\/noticiero\/wp-json\/wp\/v2\/posts"}],"about":[{"href":"https:\/\/aeronoticias.com.pe\/noticiero\/wp-json\/wp\/v2\/types\/post"}],"author":[{"embeddable":true,"href":"https:\/\/aeronoticias.com.pe\/noticiero\/wp-json\/wp\/v2\/users\/3"}],"replies":[{"embeddable":true,"href":"https:\/\/aeronoticias.com.pe\/noticiero\/wp-json\/wp\/v2\/comments?post=60435"}],"version-history":[{"count":0,"href":"https:\/\/aeronoticias.com.pe\/noticiero\/wp-json\/wp\/v2\/posts\/60435\/revisions"}],"wp:featuredmedia":[{"embeddable":true,"href":"https:\/\/aeronoticias.com.pe\/noticiero\/wp-json\/wp\/v2\/media\/60438"}],"wp:attachment":[{"href":"https:\/\/aeronoticias.com.pe\/noticiero\/wp-json\/wp\/v2\/media?parent=60435"}],"wp:term":[{"taxonomy":"category","embeddable":true,"href":"https:\/\/aeronoticias.com.pe\/noticiero\/wp-json\/wp\/v2\/categories?post=60435"},{"taxonomy":"post_tag","embeddable":true,"href":"https:\/\/aeronoticias.com.pe\/noticiero\/wp-json\/wp\/v2\/tags?post=60435"}],"curies":[{"name":"wp","href":"https:\/\/api.w.org\/{rel}","templated":true}]}}