{"id":60448,"date":"2020-09-03T19:24:01","date_gmt":"2020-09-03T19:24:01","guid":{"rendered":"https:\/\/aeronoticias.com.pe\/noticiero\/?p=60448"},"modified":"2020-09-03T19:24:04","modified_gmt":"2020-09-03T19:24:04","slug":"aerolinea-tap-vuelve-a-unir-gran-canaria-y-tenerife-con-lisboa","status":"publish","type":"post","link":"https:\/\/aeronoticias.com.pe\/noticiero\/transporte-aereo\/aerolinea-tap-vuelve-a-unir-gran-canaria-y-tenerife-con-lisboa\/","title":{"rendered":"Aerol\u00ednea TAP vuelve a unir Gran Canaria y Tenerife con Lisboa"},"content":{"rendered":"\n<p><strong>(Aeronoticias).-<\/strong> Dos aviones de la aerol\u00ednea\u00a0TAP\u00a0han despegado este jueves poco despu\u00e9s del medio d\u00eda de los aeropuertos de Gran Canaria y Tenerife con destino a Lisboa, marcando de esta forma el reinicio de la operaci\u00f3n con vuelos directos entre el archipi\u00e9lago canario y la capital portuguesa.<\/p>\n\n\n\n<p>As\u00ed lo destaca un comunicado de la compa\u00f1\u00eda, que agrega que el primer vuelo de TAP con salida de Gran Canaria tras la suspensi\u00f3n de vuelos por la pandemia, el TP1119, ha sido operado con el A319 CS-TTS, con salida a las 12:15 excepcional.<\/p>\n\n\n\n<p>Los tres vuelos semanales reprogramados en septiembre -lunes, jueves y domingos- saldr\u00e1n a las 8.10 horas.<\/p>\n\n\n\n<p>En Tenerife, los vuelos se reiniciaron con el Airbus A319, matr\u00edcula CS-TTM, con salida a las 12:15 horas y numeraci\u00f3n TP1127, y la compa\u00f1\u00eda operar\u00e1 en septiembre tres vuelos semanales -lunes, jueves y s\u00e1bados- con salida a las 8.15 horas.<\/p>\n\n\n\n<p>La TAP recupera gradualmente su operaci\u00f3n, conectando el mundo a trav\u00e9s de su posici\u00f3n geogr\u00e1fica privilegiada en Portugal, para impulsar el turismo y la econom\u00eda, destaca el comunicado.<\/p>\n\n\n\n<p>Para los pr\u00f3ximos meses, TAP prev\u00e9 m\u00e1s destinos, m\u00e1s frecuencias y mayor conectividad para sus pasajeros.<\/p>\n\n\n\n<p>Asimismo, la aerol\u00ednea permite hasta finales del mes de septiembre que todas las reservas en los vuelos a los destinos de la TAP se beneficien de un cambio gratuito, para una mayor flexibilidad al pasajeros.<\/p>\n\n\n\n<p>Fuente: <strong><em>EFE<\/em><\/strong>.<\/p>\n","protected":false},"excerpt":{"rendered":"<p>(Aeronoticias).- Dos aviones de la aerol\u00ednea\u00a0TAP\u00a0han despegado este jueves poco despu\u00e9s del medio d\u00eda de los aeropuertos de Gran Canaria y Tenerife con destino a Lisboa, marcando de esta forma el reinicio de la operaci\u00f3n con vuelos directos entre el archipi\u00e9lago canario y la capital portuguesa. As\u00ed lo destaca un comunicado de la compa\u00f1\u00eda, que [&hellip;]<\/p>\n","protected":false},"author":4,"featured_media":60449,"comment_status":"open","ping_status":"open","sticky":false,"template":"","format":"standard","meta":{"tdm_status":"","tdm_grid_status":"","footnotes":""},"categories":[32,11],"tags":[195],"class_list":{"0":"post-60448","1":"post","2":"type-post","3":"status-publish","4":"format-standard","5":"has-post-thumbnail","7":"category-internacional","8":"category-transporte-aereo","9":"tag-tap"},"yoast_head":"<!-- This site is optimized with the Yoast SEO plugin v25.1 - https:\/\/yoast.com\/wordpress\/plugins\/seo\/ -->\n<title>Aerol\u00ednea TAP vuelve a unir Gran Canaria y Tenerife con Lisboa<\/title>\n<meta name=\"description\" content=\"Portal de noticias del Per\u00fa sobre el transporte a\u00e9reo, aviaci\u00f3n, turismo, hoteleria, actualidad.\" \/>\n<meta name=\"robots\" content=\"index, follow, max-snippet:-1, max-image-preview:large, max-video-preview:-1\" \/>\n<link rel=\"canonical\" href=\"https:\/\/aeronoticias.com.pe\/noticiero\/transporte-aereo\/aerolinea-tap-vuelve-a-unir-gran-canaria-y-tenerife-con-lisboa\/\" \/>\n<meta property=\"og:locale\" content=\"es_ES\" \/>\n<meta property=\"og:type\" content=\"article\" \/>\n<meta property=\"og:title\" content=\"Aerol\u00ednea TAP vuelve a unir Gran Canaria y Tenerife con Lisboa\" \/>\n<meta property=\"og:description\" content=\"Portal de noticias del Per\u00fa sobre el transporte a\u00e9reo, aviaci\u00f3n, turismo, hoteleria, actualidad.\" \/>\n<meta property=\"og:url\" content=\"https:\/\/aeronoticias.com.pe\/noticiero\/transporte-aereo\/aerolinea-tap-vuelve-a-unir-gran-canaria-y-tenerife-con-lisboa\/\" \/>\n<meta property=\"og:site_name\" content=\"Aeronoticias.com.pe\" \/>\n<meta property=\"article:publisher\" content=\"https:\/\/www.facebook.com\/Aeronoticias.com.pe\/\" \/>\n<meta property=\"article:published_time\" content=\"2020-09-03T19:24:01+00:00\" \/>\n<meta property=\"article:modified_time\" content=\"2020-09-03T19:24:04+00:00\" \/>\n<meta property=\"og:image\" content=\"https:\/\/aeronoticias.com.pe\/noticiero\/wp-content\/uploads\/2020\/09\/Tap-A321LR.jpg\" \/>\n\t<meta property=\"og:image:width\" content=\"800\" \/>\n\t<meta property=\"og:image:height\" content=\"400\" \/>\n\t<meta property=\"og:image:type\" content=\"image\/jpeg\" \/>\n<meta name=\"author\" content=\"Jefrey Cuya\" \/>\n<meta name=\"twitter:card\" content=\"summary_large_image\" \/>\n<meta name=\"twitter:creator\" content=\"@aeronoticias\" \/>\n<meta name=\"twitter:site\" content=\"@aeronoticias\" \/>\n<meta name=\"twitter:label1\" content=\"Escrito por\" \/>\n\t<meta name=\"twitter:data1\" content=\"Jefrey Cuya\" \/>\n\t<meta name=\"twitter:label2\" content=\"Tiempo de lectura\" \/>\n\t<meta name=\"twitter:data2\" content=\"1 minuto\" \/>\n<script type=\"application\/ld+json\" class=\"yoast-schema-graph\">{\"@context\":\"https:\/\/schema.org\",\"@graph\":[{\"@type\":\"WebPage\",\"@id\":\"https:\/\/aeronoticias.com.pe\/noticiero\/transporte-aereo\/aerolinea-tap-vuelve-a-unir-gran-canaria-y-tenerife-con-lisboa\/\",\"url\":\"https:\/\/aeronoticias.com.pe\/noticiero\/transporte-aereo\/aerolinea-tap-vuelve-a-unir-gran-canaria-y-tenerife-con-lisboa\/\",\"name\":\"Aerol\u00ednea TAP vuelve a unir Gran Canaria y Tenerife con Lisboa\",\"isPartOf\":{\"@id\":\"https:\/\/aeronoticias.com.pe\/noticiero\/#website\"},\"primaryImageOfPage\":{\"@id\":\"https:\/\/aeronoticias.com.pe\/noticiero\/transporte-aereo\/aerolinea-tap-vuelve-a-unir-gran-canaria-y-tenerife-con-lisboa\/#primaryimage\"},\"image\":{\"@id\":\"https:\/\/aeronoticias.com.pe\/noticiero\/transporte-aereo\/aerolinea-tap-vuelve-a-unir-gran-canaria-y-tenerife-con-lisboa\/#primaryimage\"},\"thumbnailUrl\":\"https:\/\/aeronoticias.com.pe\/noticiero\/wp-content\/uploads\/2020\/09\/Tap-A321LR.jpg\",\"datePublished\":\"2020-09-03T19:24:01+00:00\",\"dateModified\":\"2020-09-03T19:24:04+00:00\",\"author\":{\"@id\":\"https:\/\/aeronoticias.com.pe\/noticiero\/#\/schema\/person\/9ef7422a13b22ab480ffc29639f442b0\"},\"description\":\"Portal de noticias del Per\u00fa sobre el transporte a\u00e9reo, aviaci\u00f3n, turismo, hoteleria, actualidad.\",\"breadcrumb\":{\"@id\":\"https:\/\/aeronoticias.com.pe\/noticiero\/transporte-aereo\/aerolinea-tap-vuelve-a-unir-gran-canaria-y-tenerife-con-lisboa\/#breadcrumb\"},\"inLanguage\":\"es\",\"potentialAction\":[{\"@type\":\"ReadAction\",\"target\":[\"https:\/\/aeronoticias.com.pe\/noticiero\/transporte-aereo\/aerolinea-tap-vuelve-a-unir-gran-canaria-y-tenerife-con-lisboa\/\"]}]},{\"@type\":\"ImageObject\",\"inLanguage\":\"es\",\"@id\":\"https:\/\/aeronoticias.com.pe\/noticiero\/transporte-aereo\/aerolinea-tap-vuelve-a-unir-gran-canaria-y-tenerife-con-lisboa\/#primaryimage\",\"url\":\"https:\/\/aeronoticias.com.pe\/noticiero\/wp-content\/uploads\/2020\/09\/Tap-A321LR.jpg\",\"contentUrl\":\"https:\/\/aeronoticias.com.pe\/noticiero\/wp-content\/uploads\/2020\/09\/Tap-A321LR.jpg\",\"width\":800,\"height\":400},{\"@type\":\"BreadcrumbList\",\"@id\":\"https:\/\/aeronoticias.com.pe\/noticiero\/transporte-aereo\/aerolinea-tap-vuelve-a-unir-gran-canaria-y-tenerife-con-lisboa\/#breadcrumb\",\"itemListElement\":[{\"@type\":\"ListItem\",\"position\":1,\"name\":\"Portada\",\"item\":\"https:\/\/aeronoticias.com.pe\/noticiero\/\"},{\"@type\":\"ListItem\",\"position\":2,\"name\":\"Aerol\u00ednea TAP vuelve a unir Gran Canaria y Tenerife con Lisboa\"}]},{\"@type\":\"WebSite\",\"@id\":\"https:\/\/aeronoticias.com.pe\/noticiero\/#website\",\"url\":\"https:\/\/aeronoticias.com.pe\/noticiero\/\",\"name\":\"Aeronoticias.com.pe\",\"description\":\"Noticias de tranporte aereo, turismo, hoteles, gastronomia, actualidad, internacional\",\"potentialAction\":[{\"@type\":\"SearchAction\",\"target\":{\"@type\":\"EntryPoint\",\"urlTemplate\":\"https:\/\/aeronoticias.com.pe\/noticiero\/?s={search_term_string}\"},\"query-input\":{\"@type\":\"PropertyValueSpecification\",\"valueRequired\":true,\"valueName\":\"search_term_string\"}}],\"inLanguage\":\"es\"},{\"@type\":\"Person\",\"@id\":\"https:\/\/aeronoticias.com.pe\/noticiero\/#\/schema\/person\/9ef7422a13b22ab480ffc29639f442b0\",\"name\":\"Jefrey Cuya\",\"url\":\"https:\/\/aeronoticias.com.pe\/noticiero\/author\/jefreycuya\/\"}]}<\/script>\n<!-- \/ Yoast SEO plugin. -->","yoast_head_json":{"title":"Aerol\u00ednea TAP vuelve a unir Gran Canaria y Tenerife con Lisboa","description":"Portal de noticias del Per\u00fa sobre el transporte a\u00e9reo, aviaci\u00f3n, turismo, hoteleria, actualidad.","robots":{"index":"index","follow":"follow","max-snippet":"max-snippet:-1","max-image-preview":"max-image-preview:large","max-video-preview":"max-video-preview:-1"},"canonical":"https:\/\/aeronoticias.com.pe\/noticiero\/transporte-aereo\/aerolinea-tap-vuelve-a-unir-gran-canaria-y-tenerife-con-lisboa\/","og_locale":"es_ES","og_type":"article","og_title":"Aerol\u00ednea TAP vuelve a unir Gran Canaria y Tenerife con Lisboa","og_description":"Portal de noticias del Per\u00fa sobre el transporte a\u00e9reo, aviaci\u00f3n, turismo, hoteleria, actualidad.","og_url":"https:\/\/aeronoticias.com.pe\/noticiero\/transporte-aereo\/aerolinea-tap-vuelve-a-unir-gran-canaria-y-tenerife-con-lisboa\/","og_site_name":"Aeronoticias.com.pe","article_publisher":"https:\/\/www.facebook.com\/Aeronoticias.com.pe\/","article_published_time":"2020-09-03T19:24:01+00:00","article_modified_time":"2020-09-03T19:24:04+00:00","og_image":[{"width":800,"height":400,"url":"https:\/\/aeronoticias.com.pe\/noticiero\/wp-content\/uploads\/2020\/09\/Tap-A321LR.jpg","type":"image\/jpeg"}],"author":"Jefrey Cuya","twitter_card":"summary_large_image","twitter_creator":"@aeronoticias","twitter_site":"@aeronoticias","twitter_misc":{"Escrito por":"Jefrey Cuya","Tiempo de lectura":"1 minuto"},"schema":{"@context":"https:\/\/schema.org","@graph":[{"@type":"WebPage","@id":"https:\/\/aeronoticias.com.pe\/noticiero\/transporte-aereo\/aerolinea-tap-vuelve-a-unir-gran-canaria-y-tenerife-con-lisboa\/","url":"https:\/\/aeronoticias.com.pe\/noticiero\/transporte-aereo\/aerolinea-tap-vuelve-a-unir-gran-canaria-y-tenerife-con-lisboa\/","name":"Aerol\u00ednea TAP vuelve a unir Gran Canaria y Tenerife con Lisboa","isPartOf":{"@id":"https:\/\/aeronoticias.com.pe\/noticiero\/#website"},"primaryImageOfPage":{"@id":"https:\/\/aeronoticias.com.pe\/noticiero\/transporte-aereo\/aerolinea-tap-vuelve-a-unir-gran-canaria-y-tenerife-con-lisboa\/#primaryimage"},"image":{"@id":"https:\/\/aeronoticias.com.pe\/noticiero\/transporte-aereo\/aerolinea-tap-vuelve-a-unir-gran-canaria-y-tenerife-con-lisboa\/#primaryimage"},"thumbnailUrl":"https:\/\/aeronoticias.com.pe\/noticiero\/wp-content\/uploads\/2020\/09\/Tap-A321LR.jpg","datePublished":"2020-09-03T19:24:01+00:00","dateModified":"2020-09-03T19:24:04+00:00","author":{"@id":"https:\/\/aeronoticias.com.pe\/noticiero\/#\/schema\/person\/9ef7422a13b22ab480ffc29639f442b0"},"description":"Portal de noticias del Per\u00fa sobre el transporte a\u00e9reo, aviaci\u00f3n, turismo, hoteleria, actualidad.","breadcrumb":{"@id":"https:\/\/aeronoticias.com.pe\/noticiero\/transporte-aereo\/aerolinea-tap-vuelve-a-unir-gran-canaria-y-tenerife-con-lisboa\/#breadcrumb"},"inLanguage":"es","potentialAction":[{"@type":"ReadAction","target":["https:\/\/aeronoticias.com.pe\/noticiero\/transporte-aereo\/aerolinea-tap-vuelve-a-unir-gran-canaria-y-tenerife-con-lisboa\/"]}]},{"@type":"ImageObject","inLanguage":"es","@id":"https:\/\/aeronoticias.com.pe\/noticiero\/transporte-aereo\/aerolinea-tap-vuelve-a-unir-gran-canaria-y-tenerife-con-lisboa\/#primaryimage","url":"https:\/\/aeronoticias.com.pe\/noticiero\/wp-content\/uploads\/2020\/09\/Tap-A321LR.jpg","contentUrl":"https:\/\/aeronoticias.com.pe\/noticiero\/wp-content\/uploads\/2020\/09\/Tap-A321LR.jpg","width":800,"height":400},{"@type":"BreadcrumbList","@id":"https:\/\/aeronoticias.com.pe\/noticiero\/transporte-aereo\/aerolinea-tap-vuelve-a-unir-gran-canaria-y-tenerife-con-lisboa\/#breadcrumb","itemListElement":[{"@type":"ListItem","position":1,"name":"Portada","item":"https:\/\/aeronoticias.com.pe\/noticiero\/"},{"@type":"ListItem","position":2,"name":"Aerol\u00ednea TAP vuelve a unir Gran Canaria y Tenerife con Lisboa"}]},{"@type":"WebSite","@id":"https:\/\/aeronoticias.com.pe\/noticiero\/#website","url":"https:\/\/aeronoticias.com.pe\/noticiero\/","name":"Aeronoticias.com.pe","description":"Noticias de tranporte aereo, turismo, hoteles, gastronomia, actualidad, internacional","potentialAction":[{"@type":"SearchAction","target":{"@type":"EntryPoint","urlTemplate":"https:\/\/aeronoticias.com.pe\/noticiero\/?s={search_term_string}"},"query-input":{"@type":"PropertyValueSpecification","valueRequired":true,"valueName":"search_term_string"}}],"inLanguage":"es"},{"@type":"Person","@id":"https:\/\/aeronoticias.com.pe\/noticiero\/#\/schema\/person\/9ef7422a13b22ab480ffc29639f442b0","name":"Jefrey Cuya","url":"https:\/\/aeronoticias.com.pe\/noticiero\/author\/jefreycuya\/"}]}},"_links":{"self":[{"href":"https:\/\/aeronoticias.com.pe\/noticiero\/wp-json\/wp\/v2\/posts\/60448","targetHints":{"allow":["GET"]}}],"collection":[{"href":"https:\/\/aeronoticias.com.pe\/noticiero\/wp-json\/wp\/v2\/posts"}],"about":[{"href":"https:\/\/aeronoticias.com.pe\/noticiero\/wp-json\/wp\/v2\/types\/post"}],"author":[{"embeddable":true,"href":"https:\/\/aeronoticias.com.pe\/noticiero\/wp-json\/wp\/v2\/users\/4"}],"replies":[{"embeddable":true,"href":"https:\/\/aeronoticias.com.pe\/noticiero\/wp-json\/wp\/v2\/comments?post=60448"}],"version-history":[{"count":0,"href":"https:\/\/aeronoticias.com.pe\/noticiero\/wp-json\/wp\/v2\/posts\/60448\/revisions"}],"wp:featuredmedia":[{"embeddable":true,"href":"https:\/\/aeronoticias.com.pe\/noticiero\/wp-json\/wp\/v2\/media\/60449"}],"wp:attachment":[{"href":"https:\/\/aeronoticias.com.pe\/noticiero\/wp-json\/wp\/v2\/media?parent=60448"}],"wp:term":[{"taxonomy":"category","embeddable":true,"href":"https:\/\/aeronoticias.com.pe\/noticiero\/wp-json\/wp\/v2\/categories?post=60448"},{"taxonomy":"post_tag","embeddable":true,"href":"https:\/\/aeronoticias.com.pe\/noticiero\/wp-json\/wp\/v2\/tags?post=60448"}],"curies":[{"name":"wp","href":"https:\/\/api.w.org\/{rel}","templated":true}]}}