{"id":60495,"date":"2020-09-05T07:28:36","date_gmt":"2020-09-05T07:28:36","guid":{"rendered":"https:\/\/aeronoticias.com.pe\/noticiero\/?p=60495"},"modified":"2020-09-05T07:28:39","modified_gmt":"2020-09-05T07:28:39","slug":"la-comision-europea-aprueba-la-ayuda-estatal-italiana-de-199-millones-a-alitalia","status":"publish","type":"post","link":"https:\/\/aeronoticias.com.pe\/noticiero\/transporte-aereo\/la-comision-europea-aprueba-la-ayuda-estatal-italiana-de-199-millones-a-alitalia\/","title":{"rendered":"La Comisi\u00f3n Europea aprueba la ayuda estatal italiana de 199 millones a Alitalia"},"content":{"rendered":"\n<p><strong>(Aeronoticias)<\/strong>.- La Comisi\u00f3n Europea (CE) aprob\u00f3 este viernes una ayuda de 199,45 millones de euros que el Gobierno italiano ha concedido a la aerol\u00ednea\u00a0<strong>Alitalia<\/strong>\u00a0para compensar las p\u00e9rdidas sufridas durante la pandemia del coronavirus.<\/p>\n\n\n\n<p>\u201cEsta medida permitir\u00e1 a Italia compensar a Alitalia por los da\u00f1os sufridos directamente por las restricciones de viaje necesarias para limitar la expansi\u00f3n del coronavirus\u201d, declar\u00f3 en un comunicado la vicepresidenta ejecutiva de la CE encargada de Competencia, Margrethe Vestager.<\/p>\n\n\n\n<p>Al mismo tiempo, la pol\u00edtica danesa subray\u00f3 que las investigaciones de Bruselas sobre las anteriores ayudas de Estado a la aerol\u00ednea siguen en marcha.<\/p>\n\n\n\n<p>Sin beneficios desde el 2002, Alitalia se puso en manos del Estado italiano en mayo de 2017 y su administraci\u00f3n concursal ha tratado de venderla sin \u00e9xito.<\/p>\n\n\n\n<p>En este tiempo, ha recibido dos pr\u00e9stamos estatales de 900 millones y de 400 millones para garantizar su operatividad. Son esas dos ayudas las que la Comisi\u00f3n sigue investigando.<\/p>\n\n\n\n<p>Fuente: <strong><em>EFE<\/em><\/strong>.<\/p>\n","protected":false},"excerpt":{"rendered":"<p>(Aeronoticias).- La Comisi\u00f3n Europea (CE) aprob\u00f3 este viernes una ayuda de 199,45 millones de euros que el Gobierno italiano ha concedido a la aerol\u00ednea\u00a0Alitalia\u00a0para compensar las p\u00e9rdidas sufridas durante la pandemia del coronavirus. \u201cEsta medida permitir\u00e1 a Italia compensar a Alitalia por los da\u00f1os sufridos directamente por las restricciones de viaje necesarias para limitar la [&hellip;]<\/p>\n","protected":false},"author":4,"featured_media":60496,"comment_status":"open","ping_status":"open","sticky":false,"template":"","format":"standard","meta":{"tdm_status":"","tdm_grid_status":"","footnotes":""},"categories":[32,11],"tags":[205,163,206],"class_list":{"0":"post-60495","1":"post","2":"type-post","3":"status-publish","4":"format-standard","5":"has-post-thumbnail","7":"category-internacional","8":"category-transporte-aereo","9":"tag-alitalia","10":"tag-coronavirus","11":"tag-italia"},"yoast_head":"<!-- This site is optimized with the Yoast SEO plugin v25.1 - https:\/\/yoast.com\/wordpress\/plugins\/seo\/ -->\n<title>La Comisi\u00f3n Europea aprueba la ayuda estatal italiana de 199 millones a Alitalia<\/title>\n<meta name=\"description\" content=\"Portal de noticias del Per\u00fa sobre el transporte a\u00e9reo, aviaci\u00f3n, turismo, hoteleria, actualidad.\" \/>\n<meta name=\"robots\" content=\"index, follow, max-snippet:-1, max-image-preview:large, max-video-preview:-1\" \/>\n<link rel=\"canonical\" href=\"https:\/\/aeronoticias.com.pe\/noticiero\/transporte-aereo\/la-comision-europea-aprueba-la-ayuda-estatal-italiana-de-199-millones-a-alitalia\/\" \/>\n<meta property=\"og:locale\" content=\"es_ES\" \/>\n<meta property=\"og:type\" content=\"article\" \/>\n<meta property=\"og:title\" content=\"La Comisi\u00f3n Europea aprueba la ayuda estatal italiana de 199 millones a Alitalia\" \/>\n<meta property=\"og:description\" content=\"Portal de noticias del Per\u00fa sobre el transporte a\u00e9reo, aviaci\u00f3n, turismo, hoteleria, actualidad.\" \/>\n<meta property=\"og:url\" content=\"https:\/\/aeronoticias.com.pe\/noticiero\/transporte-aereo\/la-comision-europea-aprueba-la-ayuda-estatal-italiana-de-199-millones-a-alitalia\/\" \/>\n<meta property=\"og:site_name\" content=\"Aeronoticias.com.pe\" \/>\n<meta property=\"article:publisher\" content=\"https:\/\/www.facebook.com\/Aeronoticias.com.pe\/\" \/>\n<meta property=\"article:published_time\" content=\"2020-09-05T07:28:36+00:00\" \/>\n<meta property=\"article:modified_time\" content=\"2020-09-05T07:28:39+00:00\" \/>\n<meta property=\"og:image\" content=\"https:\/\/aeronoticias.com.pe\/noticiero\/wp-content\/uploads\/2020\/09\/Alitalia-A330.jpg\" \/>\n\t<meta property=\"og:image:width\" content=\"800\" \/>\n\t<meta property=\"og:image:height\" content=\"400\" \/>\n\t<meta property=\"og:image:type\" content=\"image\/jpeg\" \/>\n<meta name=\"author\" content=\"Jefrey Cuya\" \/>\n<meta name=\"twitter:card\" content=\"summary_large_image\" \/>\n<meta name=\"twitter:creator\" content=\"@aeronoticias\" \/>\n<meta name=\"twitter:site\" content=\"@aeronoticias\" \/>\n<meta name=\"twitter:label1\" content=\"Escrito por\" \/>\n\t<meta name=\"twitter:data1\" content=\"Jefrey Cuya\" \/>\n\t<meta name=\"twitter:label2\" content=\"Tiempo de lectura\" \/>\n\t<meta name=\"twitter:data2\" content=\"1 minuto\" \/>\n<script type=\"application\/ld+json\" class=\"yoast-schema-graph\">{\"@context\":\"https:\/\/schema.org\",\"@graph\":[{\"@type\":\"WebPage\",\"@id\":\"https:\/\/aeronoticias.com.pe\/noticiero\/transporte-aereo\/la-comision-europea-aprueba-la-ayuda-estatal-italiana-de-199-millones-a-alitalia\/\",\"url\":\"https:\/\/aeronoticias.com.pe\/noticiero\/transporte-aereo\/la-comision-europea-aprueba-la-ayuda-estatal-italiana-de-199-millones-a-alitalia\/\",\"name\":\"La Comisi\u00f3n Europea aprueba la ayuda estatal italiana de 199 millones a Alitalia\",\"isPartOf\":{\"@id\":\"https:\/\/aeronoticias.com.pe\/noticiero\/#website\"},\"primaryImageOfPage\":{\"@id\":\"https:\/\/aeronoticias.com.pe\/noticiero\/transporte-aereo\/la-comision-europea-aprueba-la-ayuda-estatal-italiana-de-199-millones-a-alitalia\/#primaryimage\"},\"image\":{\"@id\":\"https:\/\/aeronoticias.com.pe\/noticiero\/transporte-aereo\/la-comision-europea-aprueba-la-ayuda-estatal-italiana-de-199-millones-a-alitalia\/#primaryimage\"},\"thumbnailUrl\":\"https:\/\/aeronoticias.com.pe\/noticiero\/wp-content\/uploads\/2020\/09\/Alitalia-A330.jpg\",\"datePublished\":\"2020-09-05T07:28:36+00:00\",\"dateModified\":\"2020-09-05T07:28:39+00:00\",\"author\":{\"@id\":\"https:\/\/aeronoticias.com.pe\/noticiero\/#\/schema\/person\/9ef7422a13b22ab480ffc29639f442b0\"},\"description\":\"Portal de noticias del Per\u00fa sobre el transporte a\u00e9reo, aviaci\u00f3n, turismo, hoteleria, actualidad.\",\"breadcrumb\":{\"@id\":\"https:\/\/aeronoticias.com.pe\/noticiero\/transporte-aereo\/la-comision-europea-aprueba-la-ayuda-estatal-italiana-de-199-millones-a-alitalia\/#breadcrumb\"},\"inLanguage\":\"es\",\"potentialAction\":[{\"@type\":\"ReadAction\",\"target\":[\"https:\/\/aeronoticias.com.pe\/noticiero\/transporte-aereo\/la-comision-europea-aprueba-la-ayuda-estatal-italiana-de-199-millones-a-alitalia\/\"]}]},{\"@type\":\"ImageObject\",\"inLanguage\":\"es\",\"@id\":\"https:\/\/aeronoticias.com.pe\/noticiero\/transporte-aereo\/la-comision-europea-aprueba-la-ayuda-estatal-italiana-de-199-millones-a-alitalia\/#primaryimage\",\"url\":\"https:\/\/aeronoticias.com.pe\/noticiero\/wp-content\/uploads\/2020\/09\/Alitalia-A330.jpg\",\"contentUrl\":\"https:\/\/aeronoticias.com.pe\/noticiero\/wp-content\/uploads\/2020\/09\/Alitalia-A330.jpg\",\"width\":800,\"height\":400},{\"@type\":\"BreadcrumbList\",\"@id\":\"https:\/\/aeronoticias.com.pe\/noticiero\/transporte-aereo\/la-comision-europea-aprueba-la-ayuda-estatal-italiana-de-199-millones-a-alitalia\/#breadcrumb\",\"itemListElement\":[{\"@type\":\"ListItem\",\"position\":1,\"name\":\"Portada\",\"item\":\"https:\/\/aeronoticias.com.pe\/noticiero\/\"},{\"@type\":\"ListItem\",\"position\":2,\"name\":\"La Comisi\u00f3n Europea aprueba la ayuda estatal italiana de 199 millones a Alitalia\"}]},{\"@type\":\"WebSite\",\"@id\":\"https:\/\/aeronoticias.com.pe\/noticiero\/#website\",\"url\":\"https:\/\/aeronoticias.com.pe\/noticiero\/\",\"name\":\"Aeronoticias.com.pe\",\"description\":\"Noticias de tranporte aereo, turismo, hoteles, gastronomia, actualidad, internacional\",\"potentialAction\":[{\"@type\":\"SearchAction\",\"target\":{\"@type\":\"EntryPoint\",\"urlTemplate\":\"https:\/\/aeronoticias.com.pe\/noticiero\/?s={search_term_string}\"},\"query-input\":{\"@type\":\"PropertyValueSpecification\",\"valueRequired\":true,\"valueName\":\"search_term_string\"}}],\"inLanguage\":\"es\"},{\"@type\":\"Person\",\"@id\":\"https:\/\/aeronoticias.com.pe\/noticiero\/#\/schema\/person\/9ef7422a13b22ab480ffc29639f442b0\",\"name\":\"Jefrey Cuya\",\"url\":\"https:\/\/aeronoticias.com.pe\/noticiero\/author\/jefreycuya\/\"}]}<\/script>\n<!-- \/ Yoast SEO plugin. -->","yoast_head_json":{"title":"La Comisi\u00f3n Europea aprueba la ayuda estatal italiana de 199 millones a Alitalia","description":"Portal de noticias del Per\u00fa sobre el transporte a\u00e9reo, aviaci\u00f3n, turismo, hoteleria, actualidad.","robots":{"index":"index","follow":"follow","max-snippet":"max-snippet:-1","max-image-preview":"max-image-preview:large","max-video-preview":"max-video-preview:-1"},"canonical":"https:\/\/aeronoticias.com.pe\/noticiero\/transporte-aereo\/la-comision-europea-aprueba-la-ayuda-estatal-italiana-de-199-millones-a-alitalia\/","og_locale":"es_ES","og_type":"article","og_title":"La Comisi\u00f3n Europea aprueba la ayuda estatal italiana de 199 millones a Alitalia","og_description":"Portal de noticias del Per\u00fa sobre el transporte a\u00e9reo, aviaci\u00f3n, turismo, hoteleria, actualidad.","og_url":"https:\/\/aeronoticias.com.pe\/noticiero\/transporte-aereo\/la-comision-europea-aprueba-la-ayuda-estatal-italiana-de-199-millones-a-alitalia\/","og_site_name":"Aeronoticias.com.pe","article_publisher":"https:\/\/www.facebook.com\/Aeronoticias.com.pe\/","article_published_time":"2020-09-05T07:28:36+00:00","article_modified_time":"2020-09-05T07:28:39+00:00","og_image":[{"width":800,"height":400,"url":"https:\/\/aeronoticias.com.pe\/noticiero\/wp-content\/uploads\/2020\/09\/Alitalia-A330.jpg","type":"image\/jpeg"}],"author":"Jefrey Cuya","twitter_card":"summary_large_image","twitter_creator":"@aeronoticias","twitter_site":"@aeronoticias","twitter_misc":{"Escrito por":"Jefrey Cuya","Tiempo de lectura":"1 minuto"},"schema":{"@context":"https:\/\/schema.org","@graph":[{"@type":"WebPage","@id":"https:\/\/aeronoticias.com.pe\/noticiero\/transporte-aereo\/la-comision-europea-aprueba-la-ayuda-estatal-italiana-de-199-millones-a-alitalia\/","url":"https:\/\/aeronoticias.com.pe\/noticiero\/transporte-aereo\/la-comision-europea-aprueba-la-ayuda-estatal-italiana-de-199-millones-a-alitalia\/","name":"La Comisi\u00f3n Europea aprueba la ayuda estatal italiana de 199 millones a Alitalia","isPartOf":{"@id":"https:\/\/aeronoticias.com.pe\/noticiero\/#website"},"primaryImageOfPage":{"@id":"https:\/\/aeronoticias.com.pe\/noticiero\/transporte-aereo\/la-comision-europea-aprueba-la-ayuda-estatal-italiana-de-199-millones-a-alitalia\/#primaryimage"},"image":{"@id":"https:\/\/aeronoticias.com.pe\/noticiero\/transporte-aereo\/la-comision-europea-aprueba-la-ayuda-estatal-italiana-de-199-millones-a-alitalia\/#primaryimage"},"thumbnailUrl":"https:\/\/aeronoticias.com.pe\/noticiero\/wp-content\/uploads\/2020\/09\/Alitalia-A330.jpg","datePublished":"2020-09-05T07:28:36+00:00","dateModified":"2020-09-05T07:28:39+00:00","author":{"@id":"https:\/\/aeronoticias.com.pe\/noticiero\/#\/schema\/person\/9ef7422a13b22ab480ffc29639f442b0"},"description":"Portal de noticias del Per\u00fa sobre el transporte a\u00e9reo, aviaci\u00f3n, turismo, hoteleria, actualidad.","breadcrumb":{"@id":"https:\/\/aeronoticias.com.pe\/noticiero\/transporte-aereo\/la-comision-europea-aprueba-la-ayuda-estatal-italiana-de-199-millones-a-alitalia\/#breadcrumb"},"inLanguage":"es","potentialAction":[{"@type":"ReadAction","target":["https:\/\/aeronoticias.com.pe\/noticiero\/transporte-aereo\/la-comision-europea-aprueba-la-ayuda-estatal-italiana-de-199-millones-a-alitalia\/"]}]},{"@type":"ImageObject","inLanguage":"es","@id":"https:\/\/aeronoticias.com.pe\/noticiero\/transporte-aereo\/la-comision-europea-aprueba-la-ayuda-estatal-italiana-de-199-millones-a-alitalia\/#primaryimage","url":"https:\/\/aeronoticias.com.pe\/noticiero\/wp-content\/uploads\/2020\/09\/Alitalia-A330.jpg","contentUrl":"https:\/\/aeronoticias.com.pe\/noticiero\/wp-content\/uploads\/2020\/09\/Alitalia-A330.jpg","width":800,"height":400},{"@type":"BreadcrumbList","@id":"https:\/\/aeronoticias.com.pe\/noticiero\/transporte-aereo\/la-comision-europea-aprueba-la-ayuda-estatal-italiana-de-199-millones-a-alitalia\/#breadcrumb","itemListElement":[{"@type":"ListItem","position":1,"name":"Portada","item":"https:\/\/aeronoticias.com.pe\/noticiero\/"},{"@type":"ListItem","position":2,"name":"La Comisi\u00f3n Europea aprueba la ayuda estatal italiana de 199 millones a Alitalia"}]},{"@type":"WebSite","@id":"https:\/\/aeronoticias.com.pe\/noticiero\/#website","url":"https:\/\/aeronoticias.com.pe\/noticiero\/","name":"Aeronoticias.com.pe","description":"Noticias de tranporte aereo, turismo, hoteles, gastronomia, actualidad, internacional","potentialAction":[{"@type":"SearchAction","target":{"@type":"EntryPoint","urlTemplate":"https:\/\/aeronoticias.com.pe\/noticiero\/?s={search_term_string}"},"query-input":{"@type":"PropertyValueSpecification","valueRequired":true,"valueName":"search_term_string"}}],"inLanguage":"es"},{"@type":"Person","@id":"https:\/\/aeronoticias.com.pe\/noticiero\/#\/schema\/person\/9ef7422a13b22ab480ffc29639f442b0","name":"Jefrey Cuya","url":"https:\/\/aeronoticias.com.pe\/noticiero\/author\/jefreycuya\/"}]}},"_links":{"self":[{"href":"https:\/\/aeronoticias.com.pe\/noticiero\/wp-json\/wp\/v2\/posts\/60495","targetHints":{"allow":["GET"]}}],"collection":[{"href":"https:\/\/aeronoticias.com.pe\/noticiero\/wp-json\/wp\/v2\/posts"}],"about":[{"href":"https:\/\/aeronoticias.com.pe\/noticiero\/wp-json\/wp\/v2\/types\/post"}],"author":[{"embeddable":true,"href":"https:\/\/aeronoticias.com.pe\/noticiero\/wp-json\/wp\/v2\/users\/4"}],"replies":[{"embeddable":true,"href":"https:\/\/aeronoticias.com.pe\/noticiero\/wp-json\/wp\/v2\/comments?post=60495"}],"version-history":[{"count":0,"href":"https:\/\/aeronoticias.com.pe\/noticiero\/wp-json\/wp\/v2\/posts\/60495\/revisions"}],"wp:featuredmedia":[{"embeddable":true,"href":"https:\/\/aeronoticias.com.pe\/noticiero\/wp-json\/wp\/v2\/media\/60496"}],"wp:attachment":[{"href":"https:\/\/aeronoticias.com.pe\/noticiero\/wp-json\/wp\/v2\/media?parent=60495"}],"wp:term":[{"taxonomy":"category","embeddable":true,"href":"https:\/\/aeronoticias.com.pe\/noticiero\/wp-json\/wp\/v2\/categories?post=60495"},{"taxonomy":"post_tag","embeddable":true,"href":"https:\/\/aeronoticias.com.pe\/noticiero\/wp-json\/wp\/v2\/tags?post=60495"}],"curies":[{"name":"wp","href":"https:\/\/api.w.org\/{rel}","templated":true}]}}