{"id":60505,"date":"2020-09-05T07:42:37","date_gmt":"2020-09-05T07:42:37","guid":{"rendered":"https:\/\/aeronoticias.com.pe\/noticiero\/?p=60505"},"modified":"2020-09-05T07:42:42","modified_gmt":"2020-09-05T07:42:42","slug":"virgin-atlantic-recortara-mil-150-empleos-tras-aprobarse-su-plan-de-rescate","status":"publish","type":"post","link":"https:\/\/aeronoticias.com.pe\/noticiero\/transporte-aereo\/virgin-atlantic-recortara-mil-150-empleos-tras-aprobarse-su-plan-de-rescate\/","title":{"rendered":"Virgin Atlantic recortar\u00e1 mil 150 empleos, tras aprobarse su plan de rescate"},"content":{"rendered":"\n<p><strong>(Aeronoticias)<\/strong>.- La aerol\u00ednea<strong>\u00a0<\/strong>Virgin Atlantic<strong>\u00a0<\/strong>ha anunciado este viernes que recortar\u00e1 1.150 puestos de trabajo debido a la crisis provocada por la pandemia del coronavirus, una decisi\u00f3n que se produce un d\u00eda despu\u00e9s de obtener la aprobaci\u00f3n legal definitiva de un paquete de rescate de 1.200 millones de libras (1.350 millones de euros).<\/p>\n\n\n\n<p>\u201cDesafortunadamente, a pesar de las acciones ya tomadas para remodelar y redimensionar el negocio, lamentablemente la aerol\u00ednea debe ir m\u00e1s all\u00e1 una \u00faltima vez con cambios a escala, para asegurar que salga de esta crisis\u201d, ha explicado la compa\u00f1\u00eda en un comunicado.<\/p>\n\n\n\n<p>La medida se anunci\u00f3 menos de 24 horas despu\u00e9s de que Virgin Atlantic obtuviera la aprobaci\u00f3n legal definitiva de un paquete de rescate de 1.200 millones de libras (1.350 millones de d\u00f3lares) que la marca a\u00e9rea con sede en Crawley, Inglaterra, admiti\u00f3 que era \u201cvital\u201d para sobrevivir a la pandemia.<\/p>\n\n\n\n<p>Bas\u00e1ndose en las perspectivas actuales, la aerol\u00ednea est\u00e1 planeando un escenario en el que los vuelos transatl\u00e1nticos desde el Reino Unido no se extiendan m\u00e1s all\u00e1 de las actuales operaciones hasta principios de 2021.<\/p>\n\n\n\n<p>En este escenario, la capacidad operada a trav\u00e9s de su red en el cuarto trimestre de 2020 ser\u00eda solo de un cuarto respecto a 2019, mientras que los ingresos en 2021 podr\u00edan verse reducidos a la mitad en comparaci\u00f3n a los niveles de 2019.<\/p>\n\n\n\n<p>Fuente: <strong><em>Europa Press<\/em><\/strong>.<\/p>\n","protected":false},"excerpt":{"rendered":"<p>(Aeronoticias).- La aerol\u00ednea\u00a0Virgin Atlantic\u00a0ha anunciado este viernes que recortar\u00e1 1.150 puestos de trabajo debido a la crisis provocada por la pandemia del coronavirus, una decisi\u00f3n que se produce un d\u00eda despu\u00e9s de obtener la aprobaci\u00f3n legal definitiva de un paquete de rescate de 1.200 millones de libras (1.350 millones de euros). \u201cDesafortunadamente, a pesar de [&hellip;]<\/p>\n","protected":false},"author":4,"featured_media":60506,"comment_status":"open","ping_status":"open","sticky":false,"template":"","format":"standard","meta":{"tdm_status":"","tdm_grid_status":"","footnotes":""},"categories":[32,11],"tags":[163,116,209],"class_list":{"0":"post-60505","1":"post","2":"type-post","3":"status-publish","4":"format-standard","5":"has-post-thumbnail","7":"category-internacional","8":"category-transporte-aereo","9":"tag-coronavirus","10":"tag-derechos-laborales","11":"tag-virgin-atlantic"},"yoast_head":"<!-- This site is optimized with the Yoast SEO plugin v25.1 - https:\/\/yoast.com\/wordpress\/plugins\/seo\/ -->\n<title>Virgin Atlantic recortar\u00e1 mil 150 empleos, tras aprobarse su plan de rescate<\/title>\n<meta name=\"description\" content=\"Portal de noticias del Per\u00fa sobre el transporte a\u00e9reo, aviaci\u00f3n, turismo, hoteleria, actualidad.\" \/>\n<meta name=\"robots\" content=\"index, follow, max-snippet:-1, max-image-preview:large, max-video-preview:-1\" \/>\n<link rel=\"canonical\" href=\"https:\/\/aeronoticias.com.pe\/noticiero\/transporte-aereo\/virgin-atlantic-recortara-mil-150-empleos-tras-aprobarse-su-plan-de-rescate\/\" \/>\n<meta property=\"og:locale\" content=\"es_ES\" \/>\n<meta property=\"og:type\" content=\"article\" \/>\n<meta property=\"og:title\" content=\"Virgin Atlantic recortar\u00e1 mil 150 empleos, tras aprobarse su plan de rescate\" \/>\n<meta property=\"og:description\" content=\"Portal de noticias del Per\u00fa sobre el transporte a\u00e9reo, aviaci\u00f3n, turismo, hoteleria, actualidad.\" \/>\n<meta property=\"og:url\" content=\"https:\/\/aeronoticias.com.pe\/noticiero\/transporte-aereo\/virgin-atlantic-recortara-mil-150-empleos-tras-aprobarse-su-plan-de-rescate\/\" \/>\n<meta property=\"og:site_name\" content=\"Aeronoticias.com.pe\" \/>\n<meta property=\"article:publisher\" content=\"https:\/\/www.facebook.com\/Aeronoticias.com.pe\/\" \/>\n<meta property=\"article:published_time\" content=\"2020-09-05T07:42:37+00:00\" \/>\n<meta property=\"article:modified_time\" content=\"2020-09-05T07:42:42+00:00\" \/>\n<meta property=\"og:image\" content=\"https:\/\/aeronoticias.com.pe\/noticiero\/wp-content\/uploads\/2020\/09\/Virgin-Atlantic-A320.jpg\" \/>\n\t<meta property=\"og:image:width\" content=\"800\" \/>\n\t<meta property=\"og:image:height\" content=\"400\" \/>\n\t<meta property=\"og:image:type\" content=\"image\/jpeg\" \/>\n<meta name=\"author\" content=\"Jefrey Cuya\" \/>\n<meta name=\"twitter:card\" content=\"summary_large_image\" \/>\n<meta name=\"twitter:creator\" content=\"@aeronoticias\" \/>\n<meta name=\"twitter:site\" content=\"@aeronoticias\" \/>\n<meta name=\"twitter:label1\" content=\"Escrito por\" \/>\n\t<meta name=\"twitter:data1\" content=\"Jefrey Cuya\" \/>\n\t<meta name=\"twitter:label2\" content=\"Tiempo de lectura\" \/>\n\t<meta name=\"twitter:data2\" content=\"1 minuto\" \/>\n<script type=\"application\/ld+json\" class=\"yoast-schema-graph\">{\"@context\":\"https:\/\/schema.org\",\"@graph\":[{\"@type\":\"WebPage\",\"@id\":\"https:\/\/aeronoticias.com.pe\/noticiero\/transporte-aereo\/virgin-atlantic-recortara-mil-150-empleos-tras-aprobarse-su-plan-de-rescate\/\",\"url\":\"https:\/\/aeronoticias.com.pe\/noticiero\/transporte-aereo\/virgin-atlantic-recortara-mil-150-empleos-tras-aprobarse-su-plan-de-rescate\/\",\"name\":\"Virgin Atlantic recortar\u00e1 mil 150 empleos, tras aprobarse su plan de rescate\",\"isPartOf\":{\"@id\":\"https:\/\/aeronoticias.com.pe\/noticiero\/#website\"},\"primaryImageOfPage\":{\"@id\":\"https:\/\/aeronoticias.com.pe\/noticiero\/transporte-aereo\/virgin-atlantic-recortara-mil-150-empleos-tras-aprobarse-su-plan-de-rescate\/#primaryimage\"},\"image\":{\"@id\":\"https:\/\/aeronoticias.com.pe\/noticiero\/transporte-aereo\/virgin-atlantic-recortara-mil-150-empleos-tras-aprobarse-su-plan-de-rescate\/#primaryimage\"},\"thumbnailUrl\":\"https:\/\/aeronoticias.com.pe\/noticiero\/wp-content\/uploads\/2020\/09\/Virgin-Atlantic-A320.jpg\",\"datePublished\":\"2020-09-05T07:42:37+00:00\",\"dateModified\":\"2020-09-05T07:42:42+00:00\",\"author\":{\"@id\":\"https:\/\/aeronoticias.com.pe\/noticiero\/#\/schema\/person\/9ef7422a13b22ab480ffc29639f442b0\"},\"description\":\"Portal de noticias del Per\u00fa sobre el transporte a\u00e9reo, aviaci\u00f3n, turismo, hoteleria, actualidad.\",\"breadcrumb\":{\"@id\":\"https:\/\/aeronoticias.com.pe\/noticiero\/transporte-aereo\/virgin-atlantic-recortara-mil-150-empleos-tras-aprobarse-su-plan-de-rescate\/#breadcrumb\"},\"inLanguage\":\"es\",\"potentialAction\":[{\"@type\":\"ReadAction\",\"target\":[\"https:\/\/aeronoticias.com.pe\/noticiero\/transporte-aereo\/virgin-atlantic-recortara-mil-150-empleos-tras-aprobarse-su-plan-de-rescate\/\"]}]},{\"@type\":\"ImageObject\",\"inLanguage\":\"es\",\"@id\":\"https:\/\/aeronoticias.com.pe\/noticiero\/transporte-aereo\/virgin-atlantic-recortara-mil-150-empleos-tras-aprobarse-su-plan-de-rescate\/#primaryimage\",\"url\":\"https:\/\/aeronoticias.com.pe\/noticiero\/wp-content\/uploads\/2020\/09\/Virgin-Atlantic-A320.jpg\",\"contentUrl\":\"https:\/\/aeronoticias.com.pe\/noticiero\/wp-content\/uploads\/2020\/09\/Virgin-Atlantic-A320.jpg\",\"width\":800,\"height\":400},{\"@type\":\"BreadcrumbList\",\"@id\":\"https:\/\/aeronoticias.com.pe\/noticiero\/transporte-aereo\/virgin-atlantic-recortara-mil-150-empleos-tras-aprobarse-su-plan-de-rescate\/#breadcrumb\",\"itemListElement\":[{\"@type\":\"ListItem\",\"position\":1,\"name\":\"Portada\",\"item\":\"https:\/\/aeronoticias.com.pe\/noticiero\/\"},{\"@type\":\"ListItem\",\"position\":2,\"name\":\"Virgin Atlantic recortar\u00e1 mil 150 empleos, tras aprobarse su plan de rescate\"}]},{\"@type\":\"WebSite\",\"@id\":\"https:\/\/aeronoticias.com.pe\/noticiero\/#website\",\"url\":\"https:\/\/aeronoticias.com.pe\/noticiero\/\",\"name\":\"Aeronoticias.com.pe\",\"description\":\"Noticias de tranporte aereo, turismo, hoteles, gastronomia, actualidad, internacional\",\"potentialAction\":[{\"@type\":\"SearchAction\",\"target\":{\"@type\":\"EntryPoint\",\"urlTemplate\":\"https:\/\/aeronoticias.com.pe\/noticiero\/?s={search_term_string}\"},\"query-input\":{\"@type\":\"PropertyValueSpecification\",\"valueRequired\":true,\"valueName\":\"search_term_string\"}}],\"inLanguage\":\"es\"},{\"@type\":\"Person\",\"@id\":\"https:\/\/aeronoticias.com.pe\/noticiero\/#\/schema\/person\/9ef7422a13b22ab480ffc29639f442b0\",\"name\":\"Jefrey Cuya\",\"url\":\"https:\/\/aeronoticias.com.pe\/noticiero\/author\/jefreycuya\/\"}]}<\/script>\n<!-- \/ Yoast SEO plugin. -->","yoast_head_json":{"title":"Virgin Atlantic recortar\u00e1 mil 150 empleos, tras aprobarse su plan de rescate","description":"Portal de noticias del Per\u00fa sobre el transporte a\u00e9reo, aviaci\u00f3n, turismo, hoteleria, actualidad.","robots":{"index":"index","follow":"follow","max-snippet":"max-snippet:-1","max-image-preview":"max-image-preview:large","max-video-preview":"max-video-preview:-1"},"canonical":"https:\/\/aeronoticias.com.pe\/noticiero\/transporte-aereo\/virgin-atlantic-recortara-mil-150-empleos-tras-aprobarse-su-plan-de-rescate\/","og_locale":"es_ES","og_type":"article","og_title":"Virgin Atlantic recortar\u00e1 mil 150 empleos, tras aprobarse su plan de rescate","og_description":"Portal de noticias del Per\u00fa sobre el transporte a\u00e9reo, aviaci\u00f3n, turismo, hoteleria, actualidad.","og_url":"https:\/\/aeronoticias.com.pe\/noticiero\/transporte-aereo\/virgin-atlantic-recortara-mil-150-empleos-tras-aprobarse-su-plan-de-rescate\/","og_site_name":"Aeronoticias.com.pe","article_publisher":"https:\/\/www.facebook.com\/Aeronoticias.com.pe\/","article_published_time":"2020-09-05T07:42:37+00:00","article_modified_time":"2020-09-05T07:42:42+00:00","og_image":[{"width":800,"height":400,"url":"https:\/\/aeronoticias.com.pe\/noticiero\/wp-content\/uploads\/2020\/09\/Virgin-Atlantic-A320.jpg","type":"image\/jpeg"}],"author":"Jefrey Cuya","twitter_card":"summary_large_image","twitter_creator":"@aeronoticias","twitter_site":"@aeronoticias","twitter_misc":{"Escrito por":"Jefrey Cuya","Tiempo de lectura":"1 minuto"},"schema":{"@context":"https:\/\/schema.org","@graph":[{"@type":"WebPage","@id":"https:\/\/aeronoticias.com.pe\/noticiero\/transporte-aereo\/virgin-atlantic-recortara-mil-150-empleos-tras-aprobarse-su-plan-de-rescate\/","url":"https:\/\/aeronoticias.com.pe\/noticiero\/transporte-aereo\/virgin-atlantic-recortara-mil-150-empleos-tras-aprobarse-su-plan-de-rescate\/","name":"Virgin Atlantic recortar\u00e1 mil 150 empleos, tras aprobarse su plan de rescate","isPartOf":{"@id":"https:\/\/aeronoticias.com.pe\/noticiero\/#website"},"primaryImageOfPage":{"@id":"https:\/\/aeronoticias.com.pe\/noticiero\/transporte-aereo\/virgin-atlantic-recortara-mil-150-empleos-tras-aprobarse-su-plan-de-rescate\/#primaryimage"},"image":{"@id":"https:\/\/aeronoticias.com.pe\/noticiero\/transporte-aereo\/virgin-atlantic-recortara-mil-150-empleos-tras-aprobarse-su-plan-de-rescate\/#primaryimage"},"thumbnailUrl":"https:\/\/aeronoticias.com.pe\/noticiero\/wp-content\/uploads\/2020\/09\/Virgin-Atlantic-A320.jpg","datePublished":"2020-09-05T07:42:37+00:00","dateModified":"2020-09-05T07:42:42+00:00","author":{"@id":"https:\/\/aeronoticias.com.pe\/noticiero\/#\/schema\/person\/9ef7422a13b22ab480ffc29639f442b0"},"description":"Portal de noticias del Per\u00fa sobre el transporte a\u00e9reo, aviaci\u00f3n, turismo, hoteleria, actualidad.","breadcrumb":{"@id":"https:\/\/aeronoticias.com.pe\/noticiero\/transporte-aereo\/virgin-atlantic-recortara-mil-150-empleos-tras-aprobarse-su-plan-de-rescate\/#breadcrumb"},"inLanguage":"es","potentialAction":[{"@type":"ReadAction","target":["https:\/\/aeronoticias.com.pe\/noticiero\/transporte-aereo\/virgin-atlantic-recortara-mil-150-empleos-tras-aprobarse-su-plan-de-rescate\/"]}]},{"@type":"ImageObject","inLanguage":"es","@id":"https:\/\/aeronoticias.com.pe\/noticiero\/transporte-aereo\/virgin-atlantic-recortara-mil-150-empleos-tras-aprobarse-su-plan-de-rescate\/#primaryimage","url":"https:\/\/aeronoticias.com.pe\/noticiero\/wp-content\/uploads\/2020\/09\/Virgin-Atlantic-A320.jpg","contentUrl":"https:\/\/aeronoticias.com.pe\/noticiero\/wp-content\/uploads\/2020\/09\/Virgin-Atlantic-A320.jpg","width":800,"height":400},{"@type":"BreadcrumbList","@id":"https:\/\/aeronoticias.com.pe\/noticiero\/transporte-aereo\/virgin-atlantic-recortara-mil-150-empleos-tras-aprobarse-su-plan-de-rescate\/#breadcrumb","itemListElement":[{"@type":"ListItem","position":1,"name":"Portada","item":"https:\/\/aeronoticias.com.pe\/noticiero\/"},{"@type":"ListItem","position":2,"name":"Virgin Atlantic recortar\u00e1 mil 150 empleos, tras aprobarse su plan de rescate"}]},{"@type":"WebSite","@id":"https:\/\/aeronoticias.com.pe\/noticiero\/#website","url":"https:\/\/aeronoticias.com.pe\/noticiero\/","name":"Aeronoticias.com.pe","description":"Noticias de tranporte aereo, turismo, hoteles, gastronomia, actualidad, internacional","potentialAction":[{"@type":"SearchAction","target":{"@type":"EntryPoint","urlTemplate":"https:\/\/aeronoticias.com.pe\/noticiero\/?s={search_term_string}"},"query-input":{"@type":"PropertyValueSpecification","valueRequired":true,"valueName":"search_term_string"}}],"inLanguage":"es"},{"@type":"Person","@id":"https:\/\/aeronoticias.com.pe\/noticiero\/#\/schema\/person\/9ef7422a13b22ab480ffc29639f442b0","name":"Jefrey Cuya","url":"https:\/\/aeronoticias.com.pe\/noticiero\/author\/jefreycuya\/"}]}},"_links":{"self":[{"href":"https:\/\/aeronoticias.com.pe\/noticiero\/wp-json\/wp\/v2\/posts\/60505","targetHints":{"allow":["GET"]}}],"collection":[{"href":"https:\/\/aeronoticias.com.pe\/noticiero\/wp-json\/wp\/v2\/posts"}],"about":[{"href":"https:\/\/aeronoticias.com.pe\/noticiero\/wp-json\/wp\/v2\/types\/post"}],"author":[{"embeddable":true,"href":"https:\/\/aeronoticias.com.pe\/noticiero\/wp-json\/wp\/v2\/users\/4"}],"replies":[{"embeddable":true,"href":"https:\/\/aeronoticias.com.pe\/noticiero\/wp-json\/wp\/v2\/comments?post=60505"}],"version-history":[{"count":0,"href":"https:\/\/aeronoticias.com.pe\/noticiero\/wp-json\/wp\/v2\/posts\/60505\/revisions"}],"wp:featuredmedia":[{"embeddable":true,"href":"https:\/\/aeronoticias.com.pe\/noticiero\/wp-json\/wp\/v2\/media\/60506"}],"wp:attachment":[{"href":"https:\/\/aeronoticias.com.pe\/noticiero\/wp-json\/wp\/v2\/media?parent=60505"}],"wp:term":[{"taxonomy":"category","embeddable":true,"href":"https:\/\/aeronoticias.com.pe\/noticiero\/wp-json\/wp\/v2\/categories?post=60505"},{"taxonomy":"post_tag","embeddable":true,"href":"https:\/\/aeronoticias.com.pe\/noticiero\/wp-json\/wp\/v2\/tags?post=60505"}],"curies":[{"name":"wp","href":"https:\/\/api.w.org\/{rel}","templated":true}]}}