{"id":60519,"date":"2020-09-05T18:30:05","date_gmt":"2020-09-05T18:30:05","guid":{"rendered":"https:\/\/aeronoticias.com.pe\/noticiero\/?p=60519"},"modified":"2020-09-05T18:30:07","modified_gmt":"2020-09-05T18:30:07","slug":"ryanair-no-descarta-el-cierre-de-bases-en-alguno-de-sus-mercados-ante-la-incertidumbre-de-la-crisis","status":"publish","type":"post","link":"https:\/\/aeronoticias.com.pe\/noticiero\/transporte-aereo\/ryanair-no-descarta-el-cierre-de-bases-en-alguno-de-sus-mercados-ante-la-incertidumbre-de-la-crisis\/","title":{"rendered":"Ryanair no descarta el cierre de bases en alguno de sus mercados ante la incertidumbre de la crisis"},"content":{"rendered":"\n<p><strong>(Aeronoticias)<\/strong>.- La aerol\u00ednea irlandesa de bajo coste\u00a0<strong>Ryanair<\/strong>\u00a0no descarta el cierre de bases en alguno de sus mercados ante la incertidumbre y la \u201cpoca visibilidad\u201d sobre el comportamiento de la demanda, que ha provocado que la compa\u00f1\u00eda se vea obligada a revisar mes a mes la programaci\u00f3n de sus vuelos. <\/p>\n\n\n\n<p>\u201cNo podemos descartar que en alg\u00fan mercado tengamos que cerrar alguna base\u201d, ha advertido el director de Marketing y Digital de Ryanair, Dara Brady, en una entrevista concedida a Europa Press. No obstante, ha asegurado que la compa\u00f1\u00eda est\u00e1 \u201cconstantemente\u201d trabajando para que no sea necesario acometer este recorte.<\/p>\n\n\n\n<p>Para Ryanair, la crisis est\u00e1 siendo \u201cun desaf\u00edo sin precedentes\u201d. Tras tres meses de par\u00f3n total por las restricciones de viajes y movimiento y despu\u00e9s de reiniciar en julio el 40% del calendario previsto, la aerol\u00ednea ha lamentado que a\u00fan la demanda no responde como esperaban de cara al mes de septiembre. Por ello, se ha visto obligada a reducir su capacidad en un 20% durante los meses de septiembre y octubre, a la espera de ver c\u00f3mo evoluciona la situaci\u00f3n.<\/p>\n\n\n\n<p>Desde la empresa creen que el turismo dom\u00e9stico y el intereuropeo ser\u00e1 el primero en recuperarse, mientras que el tr\u00e1fico de largo radio se demorar\u00e1 m\u00e1s. \u201cCreemos que pa\u00edses como Espa\u00f1a, que son muy atractivos, se recuperar\u00e1n m\u00e1s r\u00e1pido\u201d, ha anticipado Brady, quien ve una posible recuperaci\u00f3n de los niveles de tr\u00e1fico previos a la crisis en 2023 o 2024. No obstante, ha insistido en que hasta que no haya una vacuna es \u201ccomplicado\u201d hacer una previsi\u00f3n.<\/p>\n\n\n\n<p><strong>Se acelera la consolidaci\u00f3n en el Sector<\/strong><\/p>\n\n\n\n<p>Una de las consecuencias de la crisis, seg\u00fan el director de Marketing y Digital de Ryanair es que posiblemente haya acelerado la consolidaci\u00f3n del sector a\u00e9reo.<\/p>\n\n\n\n<p>Y es que la compra de Air Europa por parte de IAG, que \u201cno sorprende\u201d a Ryanair, es el camino que, seg\u00fan Brady, se espera que seguir\u00e1 el mercado de la aviaci\u00f3n en Europa, consolid\u00e1ndose en cuatro o cinco grandes grupos como ya ha pasado en Am\u00e9rica.<\/p>\n\n\n\n<p>\u201cNo nos sorprende esta adquisici\u00f3n y posiblemente el Covid-19 ha acelerado la consolidaci\u00f3n del sector a\u00e9reo\u201d, ha se\u00f1alado el directivo en la entrevista.<\/p>\n\n\n\n<p>Fuente: <strong><em>Europa Press<\/em><\/strong>.<\/p>\n","protected":false},"excerpt":{"rendered":"<p>(Aeronoticias).- La aerol\u00ednea irlandesa de bajo coste\u00a0Ryanair\u00a0no descarta el cierre de bases en alguno de sus mercados ante la incertidumbre y la \u201cpoca visibilidad\u201d sobre el comportamiento de la demanda, que ha provocado que la compa\u00f1\u00eda se vea obligada a revisar mes a mes la programaci\u00f3n de sus vuelos. \u201cNo podemos descartar que en alg\u00fan [&hellip;]<\/p>\n","protected":false},"author":4,"featured_media":60377,"comment_status":"open","ping_status":"open","sticky":false,"template":"","format":"standard","meta":{"tdm_status":"","tdm_grid_status":"","footnotes":""},"categories":[32,11],"tags":[163,177],"class_list":{"0":"post-60519","1":"post","2":"type-post","3":"status-publish","4":"format-standard","5":"has-post-thumbnail","7":"category-internacional","8":"category-transporte-aereo","9":"tag-coronavirus","10":"tag-ryanair"},"yoast_head":"<!-- This site is optimized with the Yoast SEO plugin v25.1 - https:\/\/yoast.com\/wordpress\/plugins\/seo\/ -->\n<title>Ryanair no descarta el cierre de bases en alguno de sus mercados ante la incertidumbre de la crisis<\/title>\n<meta name=\"description\" content=\"Portal de noticias del Per\u00fa sobre el transporte a\u00e9reo, aviaci\u00f3n, turismo, hoteleria, actualidad.\" \/>\n<meta name=\"robots\" content=\"index, follow, max-snippet:-1, max-image-preview:large, max-video-preview:-1\" \/>\n<link rel=\"canonical\" href=\"https:\/\/aeronoticias.com.pe\/noticiero\/transporte-aereo\/ryanair-no-descarta-el-cierre-de-bases-en-alguno-de-sus-mercados-ante-la-incertidumbre-de-la-crisis\/\" \/>\n<meta property=\"og:locale\" content=\"es_ES\" \/>\n<meta property=\"og:type\" content=\"article\" \/>\n<meta property=\"og:title\" content=\"Ryanair no descarta el cierre de bases en alguno de sus mercados ante la incertidumbre de la crisis\" \/>\n<meta property=\"og:description\" content=\"Portal de noticias del Per\u00fa sobre el transporte a\u00e9reo, aviaci\u00f3n, turismo, hoteleria, actualidad.\" \/>\n<meta property=\"og:url\" content=\"https:\/\/aeronoticias.com.pe\/noticiero\/transporte-aereo\/ryanair-no-descarta-el-cierre-de-bases-en-alguno-de-sus-mercados-ante-la-incertidumbre-de-la-crisis\/\" \/>\n<meta property=\"og:site_name\" content=\"Aeronoticias.com.pe\" \/>\n<meta property=\"article:publisher\" content=\"https:\/\/www.facebook.com\/Aeronoticias.com.pe\/\" \/>\n<meta property=\"article:published_time\" content=\"2020-09-05T18:30:05+00:00\" \/>\n<meta property=\"article:modified_time\" content=\"2020-09-05T18:30:07+00:00\" \/>\n<meta property=\"og:image\" content=\"https:\/\/aeronoticias.com.pe\/noticiero\/wp-content\/uploads\/2020\/09\/Ryanair-B737-800.jpg\" \/>\n\t<meta property=\"og:image:width\" content=\"800\" \/>\n\t<meta property=\"og:image:height\" content=\"400\" \/>\n\t<meta property=\"og:image:type\" content=\"image\/jpeg\" \/>\n<meta name=\"author\" content=\"Jefrey Cuya\" \/>\n<meta name=\"twitter:card\" content=\"summary_large_image\" \/>\n<meta name=\"twitter:creator\" content=\"@aeronoticias\" \/>\n<meta name=\"twitter:site\" content=\"@aeronoticias\" \/>\n<meta name=\"twitter:label1\" content=\"Escrito por\" \/>\n\t<meta name=\"twitter:data1\" content=\"Jefrey Cuya\" \/>\n\t<meta name=\"twitter:label2\" content=\"Tiempo de lectura\" \/>\n\t<meta name=\"twitter:data2\" content=\"2 minutos\" \/>\n<script type=\"application\/ld+json\" class=\"yoast-schema-graph\">{\"@context\":\"https:\/\/schema.org\",\"@graph\":[{\"@type\":\"WebPage\",\"@id\":\"https:\/\/aeronoticias.com.pe\/noticiero\/transporte-aereo\/ryanair-no-descarta-el-cierre-de-bases-en-alguno-de-sus-mercados-ante-la-incertidumbre-de-la-crisis\/\",\"url\":\"https:\/\/aeronoticias.com.pe\/noticiero\/transporte-aereo\/ryanair-no-descarta-el-cierre-de-bases-en-alguno-de-sus-mercados-ante-la-incertidumbre-de-la-crisis\/\",\"name\":\"Ryanair no descarta el cierre de bases en alguno de sus mercados ante la incertidumbre de la crisis\",\"isPartOf\":{\"@id\":\"https:\/\/aeronoticias.com.pe\/noticiero\/#website\"},\"primaryImageOfPage\":{\"@id\":\"https:\/\/aeronoticias.com.pe\/noticiero\/transporte-aereo\/ryanair-no-descarta-el-cierre-de-bases-en-alguno-de-sus-mercados-ante-la-incertidumbre-de-la-crisis\/#primaryimage\"},\"image\":{\"@id\":\"https:\/\/aeronoticias.com.pe\/noticiero\/transporte-aereo\/ryanair-no-descarta-el-cierre-de-bases-en-alguno-de-sus-mercados-ante-la-incertidumbre-de-la-crisis\/#primaryimage\"},\"thumbnailUrl\":\"https:\/\/aeronoticias.com.pe\/noticiero\/wp-content\/uploads\/2020\/09\/Ryanair-B737-800.jpg\",\"datePublished\":\"2020-09-05T18:30:05+00:00\",\"dateModified\":\"2020-09-05T18:30:07+00:00\",\"author\":{\"@id\":\"https:\/\/aeronoticias.com.pe\/noticiero\/#\/schema\/person\/9ef7422a13b22ab480ffc29639f442b0\"},\"description\":\"Portal de noticias del Per\u00fa sobre el transporte a\u00e9reo, aviaci\u00f3n, turismo, hoteleria, actualidad.\",\"breadcrumb\":{\"@id\":\"https:\/\/aeronoticias.com.pe\/noticiero\/transporte-aereo\/ryanair-no-descarta-el-cierre-de-bases-en-alguno-de-sus-mercados-ante-la-incertidumbre-de-la-crisis\/#breadcrumb\"},\"inLanguage\":\"es\",\"potentialAction\":[{\"@type\":\"ReadAction\",\"target\":[\"https:\/\/aeronoticias.com.pe\/noticiero\/transporte-aereo\/ryanair-no-descarta-el-cierre-de-bases-en-alguno-de-sus-mercados-ante-la-incertidumbre-de-la-crisis\/\"]}]},{\"@type\":\"ImageObject\",\"inLanguage\":\"es\",\"@id\":\"https:\/\/aeronoticias.com.pe\/noticiero\/transporte-aereo\/ryanair-no-descarta-el-cierre-de-bases-en-alguno-de-sus-mercados-ante-la-incertidumbre-de-la-crisis\/#primaryimage\",\"url\":\"https:\/\/aeronoticias.com.pe\/noticiero\/wp-content\/uploads\/2020\/09\/Ryanair-B737-800.jpg\",\"contentUrl\":\"https:\/\/aeronoticias.com.pe\/noticiero\/wp-content\/uploads\/2020\/09\/Ryanair-B737-800.jpg\",\"width\":800,\"height\":400},{\"@type\":\"BreadcrumbList\",\"@id\":\"https:\/\/aeronoticias.com.pe\/noticiero\/transporte-aereo\/ryanair-no-descarta-el-cierre-de-bases-en-alguno-de-sus-mercados-ante-la-incertidumbre-de-la-crisis\/#breadcrumb\",\"itemListElement\":[{\"@type\":\"ListItem\",\"position\":1,\"name\":\"Portada\",\"item\":\"https:\/\/aeronoticias.com.pe\/noticiero\/\"},{\"@type\":\"ListItem\",\"position\":2,\"name\":\"Ryanair no descarta el cierre de bases en alguno de sus mercados ante la incertidumbre de la crisis\"}]},{\"@type\":\"WebSite\",\"@id\":\"https:\/\/aeronoticias.com.pe\/noticiero\/#website\",\"url\":\"https:\/\/aeronoticias.com.pe\/noticiero\/\",\"name\":\"Aeronoticias.com.pe\",\"description\":\"Noticias de tranporte aereo, turismo, hoteles, gastronomia, actualidad, internacional\",\"potentialAction\":[{\"@type\":\"SearchAction\",\"target\":{\"@type\":\"EntryPoint\",\"urlTemplate\":\"https:\/\/aeronoticias.com.pe\/noticiero\/?s={search_term_string}\"},\"query-input\":{\"@type\":\"PropertyValueSpecification\",\"valueRequired\":true,\"valueName\":\"search_term_string\"}}],\"inLanguage\":\"es\"},{\"@type\":\"Person\",\"@id\":\"https:\/\/aeronoticias.com.pe\/noticiero\/#\/schema\/person\/9ef7422a13b22ab480ffc29639f442b0\",\"name\":\"Jefrey Cuya\",\"url\":\"https:\/\/aeronoticias.com.pe\/noticiero\/author\/jefreycuya\/\"}]}<\/script>\n<!-- \/ Yoast SEO plugin. -->","yoast_head_json":{"title":"Ryanair no descarta el cierre de bases en alguno de sus mercados ante la incertidumbre de la crisis","description":"Portal de noticias del Per\u00fa sobre el transporte a\u00e9reo, aviaci\u00f3n, turismo, hoteleria, actualidad.","robots":{"index":"index","follow":"follow","max-snippet":"max-snippet:-1","max-image-preview":"max-image-preview:large","max-video-preview":"max-video-preview:-1"},"canonical":"https:\/\/aeronoticias.com.pe\/noticiero\/transporte-aereo\/ryanair-no-descarta-el-cierre-de-bases-en-alguno-de-sus-mercados-ante-la-incertidumbre-de-la-crisis\/","og_locale":"es_ES","og_type":"article","og_title":"Ryanair no descarta el cierre de bases en alguno de sus mercados ante la incertidumbre de la crisis","og_description":"Portal de noticias del Per\u00fa sobre el transporte a\u00e9reo, aviaci\u00f3n, turismo, hoteleria, actualidad.","og_url":"https:\/\/aeronoticias.com.pe\/noticiero\/transporte-aereo\/ryanair-no-descarta-el-cierre-de-bases-en-alguno-de-sus-mercados-ante-la-incertidumbre-de-la-crisis\/","og_site_name":"Aeronoticias.com.pe","article_publisher":"https:\/\/www.facebook.com\/Aeronoticias.com.pe\/","article_published_time":"2020-09-05T18:30:05+00:00","article_modified_time":"2020-09-05T18:30:07+00:00","og_image":[{"width":800,"height":400,"url":"https:\/\/aeronoticias.com.pe\/noticiero\/wp-content\/uploads\/2020\/09\/Ryanair-B737-800.jpg","type":"image\/jpeg"}],"author":"Jefrey Cuya","twitter_card":"summary_large_image","twitter_creator":"@aeronoticias","twitter_site":"@aeronoticias","twitter_misc":{"Escrito por":"Jefrey Cuya","Tiempo de lectura":"2 minutos"},"schema":{"@context":"https:\/\/schema.org","@graph":[{"@type":"WebPage","@id":"https:\/\/aeronoticias.com.pe\/noticiero\/transporte-aereo\/ryanair-no-descarta-el-cierre-de-bases-en-alguno-de-sus-mercados-ante-la-incertidumbre-de-la-crisis\/","url":"https:\/\/aeronoticias.com.pe\/noticiero\/transporte-aereo\/ryanair-no-descarta-el-cierre-de-bases-en-alguno-de-sus-mercados-ante-la-incertidumbre-de-la-crisis\/","name":"Ryanair no descarta el cierre de bases en alguno de sus mercados ante la incertidumbre de la crisis","isPartOf":{"@id":"https:\/\/aeronoticias.com.pe\/noticiero\/#website"},"primaryImageOfPage":{"@id":"https:\/\/aeronoticias.com.pe\/noticiero\/transporte-aereo\/ryanair-no-descarta-el-cierre-de-bases-en-alguno-de-sus-mercados-ante-la-incertidumbre-de-la-crisis\/#primaryimage"},"image":{"@id":"https:\/\/aeronoticias.com.pe\/noticiero\/transporte-aereo\/ryanair-no-descarta-el-cierre-de-bases-en-alguno-de-sus-mercados-ante-la-incertidumbre-de-la-crisis\/#primaryimage"},"thumbnailUrl":"https:\/\/aeronoticias.com.pe\/noticiero\/wp-content\/uploads\/2020\/09\/Ryanair-B737-800.jpg","datePublished":"2020-09-05T18:30:05+00:00","dateModified":"2020-09-05T18:30:07+00:00","author":{"@id":"https:\/\/aeronoticias.com.pe\/noticiero\/#\/schema\/person\/9ef7422a13b22ab480ffc29639f442b0"},"description":"Portal de noticias del Per\u00fa sobre el transporte a\u00e9reo, aviaci\u00f3n, turismo, hoteleria, actualidad.","breadcrumb":{"@id":"https:\/\/aeronoticias.com.pe\/noticiero\/transporte-aereo\/ryanair-no-descarta-el-cierre-de-bases-en-alguno-de-sus-mercados-ante-la-incertidumbre-de-la-crisis\/#breadcrumb"},"inLanguage":"es","potentialAction":[{"@type":"ReadAction","target":["https:\/\/aeronoticias.com.pe\/noticiero\/transporte-aereo\/ryanair-no-descarta-el-cierre-de-bases-en-alguno-de-sus-mercados-ante-la-incertidumbre-de-la-crisis\/"]}]},{"@type":"ImageObject","inLanguage":"es","@id":"https:\/\/aeronoticias.com.pe\/noticiero\/transporte-aereo\/ryanair-no-descarta-el-cierre-de-bases-en-alguno-de-sus-mercados-ante-la-incertidumbre-de-la-crisis\/#primaryimage","url":"https:\/\/aeronoticias.com.pe\/noticiero\/wp-content\/uploads\/2020\/09\/Ryanair-B737-800.jpg","contentUrl":"https:\/\/aeronoticias.com.pe\/noticiero\/wp-content\/uploads\/2020\/09\/Ryanair-B737-800.jpg","width":800,"height":400},{"@type":"BreadcrumbList","@id":"https:\/\/aeronoticias.com.pe\/noticiero\/transporte-aereo\/ryanair-no-descarta-el-cierre-de-bases-en-alguno-de-sus-mercados-ante-la-incertidumbre-de-la-crisis\/#breadcrumb","itemListElement":[{"@type":"ListItem","position":1,"name":"Portada","item":"https:\/\/aeronoticias.com.pe\/noticiero\/"},{"@type":"ListItem","position":2,"name":"Ryanair no descarta el cierre de bases en alguno de sus mercados ante la incertidumbre de la crisis"}]},{"@type":"WebSite","@id":"https:\/\/aeronoticias.com.pe\/noticiero\/#website","url":"https:\/\/aeronoticias.com.pe\/noticiero\/","name":"Aeronoticias.com.pe","description":"Noticias de tranporte aereo, turismo, hoteles, gastronomia, actualidad, internacional","potentialAction":[{"@type":"SearchAction","target":{"@type":"EntryPoint","urlTemplate":"https:\/\/aeronoticias.com.pe\/noticiero\/?s={search_term_string}"},"query-input":{"@type":"PropertyValueSpecification","valueRequired":true,"valueName":"search_term_string"}}],"inLanguage":"es"},{"@type":"Person","@id":"https:\/\/aeronoticias.com.pe\/noticiero\/#\/schema\/person\/9ef7422a13b22ab480ffc29639f442b0","name":"Jefrey Cuya","url":"https:\/\/aeronoticias.com.pe\/noticiero\/author\/jefreycuya\/"}]}},"_links":{"self":[{"href":"https:\/\/aeronoticias.com.pe\/noticiero\/wp-json\/wp\/v2\/posts\/60519","targetHints":{"allow":["GET"]}}],"collection":[{"href":"https:\/\/aeronoticias.com.pe\/noticiero\/wp-json\/wp\/v2\/posts"}],"about":[{"href":"https:\/\/aeronoticias.com.pe\/noticiero\/wp-json\/wp\/v2\/types\/post"}],"author":[{"embeddable":true,"href":"https:\/\/aeronoticias.com.pe\/noticiero\/wp-json\/wp\/v2\/users\/4"}],"replies":[{"embeddable":true,"href":"https:\/\/aeronoticias.com.pe\/noticiero\/wp-json\/wp\/v2\/comments?post=60519"}],"version-history":[{"count":0,"href":"https:\/\/aeronoticias.com.pe\/noticiero\/wp-json\/wp\/v2\/posts\/60519\/revisions"}],"wp:featuredmedia":[{"embeddable":true,"href":"https:\/\/aeronoticias.com.pe\/noticiero\/wp-json\/wp\/v2\/media\/60377"}],"wp:attachment":[{"href":"https:\/\/aeronoticias.com.pe\/noticiero\/wp-json\/wp\/v2\/media?parent=60519"}],"wp:term":[{"taxonomy":"category","embeddable":true,"href":"https:\/\/aeronoticias.com.pe\/noticiero\/wp-json\/wp\/v2\/categories?post=60519"},{"taxonomy":"post_tag","embeddable":true,"href":"https:\/\/aeronoticias.com.pe\/noticiero\/wp-json\/wp\/v2\/tags?post=60519"}],"curies":[{"name":"wp","href":"https:\/\/api.w.org\/{rel}","templated":true}]}}