{"id":60523,"date":"2020-09-05T18:40:21","date_gmt":"2020-09-05T18:40:21","guid":{"rendered":"https:\/\/aeronoticias.com.pe\/noticiero\/?p=60523"},"modified":"2020-09-05T18:40:24","modified_gmt":"2020-09-05T18:40:24","slug":"la-carrera-por-fabricar-aviones-capaces-de-volar-a-velocidad-hipersonica","status":"publish","type":"post","link":"https:\/\/aeronoticias.com.pe\/noticiero\/transporte-aereo\/la-carrera-por-fabricar-aviones-capaces-de-volar-a-velocidad-hipersonica\/","title":{"rendered":"La carrera por fabricar aviones capaces de volar a velocidad hipers\u00f3nica"},"content":{"rendered":"\n<p><strong>(Aeronoticias)<\/strong>.- \u201cHe dedicado mi carrera a que las cosas vuelen r\u00e1pido\u201d, dice Adam Dissel, que dirige las operaciones estadounidenses de Reaction Engines.<\/p>\n\n\n\n<p>Esta empresa brit\u00e1nica construye motores que pueden funcionar a velocidades vertiginosas, en condiciones que derretir\u00edan los motores a reacci\u00f3n de la actualidad.<\/p>\n\n\n\n<p>La firma quiere alcanzar una velocidad hipers\u00f3nica, es decir, de m\u00e1s de cinco veces la velocidad del sonido, alrededor de 6.400 km\/h o Mach 5.<\/p>\n\n\n\n<p>La idea es construir un transporte de pasajeros de alta velocidad para la d\u00e9cada de 2030. \u201cNo tiene que ir a Mach 5. Puede ser Mach 4,5, que requiere una f\u00edsica m\u00e1s f\u00e1cil\u201d, dice Dissel.<\/p>\n\n\n\n<p>A esa velocidad, podr\u00eda volar de Londres a S\u00eddney en cuatro horas o de Los \u00c1ngeles a Tokio en dos horas.<\/p>\n\n\n\n<p>Sin embargo, la mayor\u00eda de las investigaciones sobre vuelos hipers\u00f3nicos no son para la aviaci\u00f3n civil, si no que se originan en las fuerzas armadas de algunos pa\u00edses, en las que ha habido una explosi\u00f3n de actividad en los \u00faltimos a\u00f1os.<\/p>\n\n\n\n<p><strong>\u201cZoo de sistemas\u201d<\/strong><\/p>\n\n\n\n<p>James Acton es un f\u00edsico del Reino Unido que trabaja para el Fondo Carnegie para la Paz Internacional en Washington DC. <\/p>\n\n\n\n<p>Al examinar los esfuerzos de Estados Unidos, China y Rusia en armas hipers\u00f3nicas, concluye que \u201chay todo un zool\u00f3gico de sistemas hipers\u00f3nicos en la mesa de dibujo\u201d.<\/p>\n\n\n\n<p>Los materiales especiales que pueden soportar el calor extremo producido por las velocidades de Mach 5, y una serie de otras tecnolog\u00edas, hacen posible el vuelo hipers\u00f3nico en la atm\u00f3sfera de la Tierra.<\/p>\n\n\n\n<p>Los experimentos en vuelo hipers\u00f3nico pilotado se remontan al avi\u00f3n cohete X-15 estadounidense de la d\u00e9cada de 1960.<\/p>\n\n\n\n<p>Los misiles bal\u00edsticos intercontinentales (ICBM) tambi\u00e9n viajan a velocidades hipers\u00f3nicas uando vuelven a entrar en la atm\u00f3sfera de la Tierra.<\/p>\n\n\n\n<p>Ahora, las potencias rivales se esfuerzan por crear armas que puedan permanecer dentro de la atm\u00f3sfera, sin necesidad de utilizar las propiedades de enfriamiento del espacio exterior, y que puedan maniobrarse hacia un objetivo que podr\u00eda estar movi\u00e9ndose, a diferencia de un misil bal\u00edstico intercontinental dirigido a una ciudad.<\/p>\n\n\n\n<p>Fuente: <strong><em>Aviaci\u00f3n al D\u00eda<\/em><\/strong>.<\/p>\n","protected":false},"excerpt":{"rendered":"<p>(Aeronoticias).- \u201cHe dedicado mi carrera a que las cosas vuelen r\u00e1pido\u201d, dice Adam Dissel, que dirige las operaciones estadounidenses de Reaction Engines. Esta empresa brit\u00e1nica construye motores que pueden funcionar a velocidades vertiginosas, en condiciones que derretir\u00edan los motores a reacci\u00f3n de la actualidad. La firma quiere alcanzar una velocidad hipers\u00f3nica, es decir, de m\u00e1s [&hellip;]<\/p>\n","protected":false},"author":4,"featured_media":60524,"comment_status":"open","ping_status":"open","sticky":false,"template":"","format":"standard","meta":{"tdm_status":"","tdm_grid_status":"","footnotes":""},"categories":[32,11],"tags":[217,182],"class_list":{"0":"post-60523","1":"post","2":"type-post","3":"status-publish","4":"format-standard","5":"has-post-thumbnail","7":"category-internacional","8":"category-transporte-aereo","9":"tag-avion-hipersonico","10":"tag-tecnologia"},"yoast_head":"<!-- This site is optimized with the Yoast SEO plugin v25.1 - https:\/\/yoast.com\/wordpress\/plugins\/seo\/ -->\n<title>La carrera por fabricar aviones capaces de volar a velocidad hipers\u00f3nica<\/title>\n<meta name=\"description\" content=\"Portal de noticias del Per\u00fa sobre el transporte a\u00e9reo, aviaci\u00f3n, turismo, hoteleria, actualidad.\" \/>\n<meta name=\"robots\" content=\"index, follow, max-snippet:-1, max-image-preview:large, max-video-preview:-1\" \/>\n<link rel=\"canonical\" href=\"https:\/\/aeronoticias.com.pe\/noticiero\/transporte-aereo\/la-carrera-por-fabricar-aviones-capaces-de-volar-a-velocidad-hipersonica\/\" \/>\n<meta property=\"og:locale\" content=\"es_ES\" \/>\n<meta property=\"og:type\" content=\"article\" \/>\n<meta property=\"og:title\" content=\"La carrera por fabricar aviones capaces de volar a velocidad hipers\u00f3nica\" \/>\n<meta property=\"og:description\" content=\"Portal de noticias del Per\u00fa sobre el transporte a\u00e9reo, aviaci\u00f3n, turismo, hoteleria, actualidad.\" \/>\n<meta property=\"og:url\" content=\"https:\/\/aeronoticias.com.pe\/noticiero\/transporte-aereo\/la-carrera-por-fabricar-aviones-capaces-de-volar-a-velocidad-hipersonica\/\" \/>\n<meta property=\"og:site_name\" content=\"Aeronoticias.com.pe\" \/>\n<meta property=\"article:publisher\" content=\"https:\/\/www.facebook.com\/Aeronoticias.com.pe\/\" \/>\n<meta property=\"article:published_time\" content=\"2020-09-05T18:40:21+00:00\" \/>\n<meta property=\"article:modified_time\" content=\"2020-09-05T18:40:24+00:00\" \/>\n<meta property=\"og:image\" content=\"https:\/\/aeronoticias.com.pe\/noticiero\/wp-content\/uploads\/2020\/09\/avion-hipersonico.jpg\" \/>\n\t<meta property=\"og:image:width\" content=\"800\" \/>\n\t<meta property=\"og:image:height\" content=\"400\" \/>\n\t<meta property=\"og:image:type\" content=\"image\/jpeg\" \/>\n<meta name=\"author\" content=\"Jefrey Cuya\" \/>\n<meta name=\"twitter:card\" content=\"summary_large_image\" \/>\n<meta name=\"twitter:creator\" content=\"@aeronoticias\" \/>\n<meta name=\"twitter:site\" content=\"@aeronoticias\" \/>\n<meta name=\"twitter:label1\" content=\"Escrito por\" \/>\n\t<meta name=\"twitter:data1\" content=\"Jefrey Cuya\" \/>\n\t<meta name=\"twitter:label2\" content=\"Tiempo de lectura\" \/>\n\t<meta name=\"twitter:data2\" content=\"2 minutos\" \/>\n<script type=\"application\/ld+json\" class=\"yoast-schema-graph\">{\"@context\":\"https:\/\/schema.org\",\"@graph\":[{\"@type\":\"WebPage\",\"@id\":\"https:\/\/aeronoticias.com.pe\/noticiero\/transporte-aereo\/la-carrera-por-fabricar-aviones-capaces-de-volar-a-velocidad-hipersonica\/\",\"url\":\"https:\/\/aeronoticias.com.pe\/noticiero\/transporte-aereo\/la-carrera-por-fabricar-aviones-capaces-de-volar-a-velocidad-hipersonica\/\",\"name\":\"La carrera por fabricar aviones capaces de volar a velocidad hipers\u00f3nica\",\"isPartOf\":{\"@id\":\"https:\/\/aeronoticias.com.pe\/noticiero\/#website\"},\"primaryImageOfPage\":{\"@id\":\"https:\/\/aeronoticias.com.pe\/noticiero\/transporte-aereo\/la-carrera-por-fabricar-aviones-capaces-de-volar-a-velocidad-hipersonica\/#primaryimage\"},\"image\":{\"@id\":\"https:\/\/aeronoticias.com.pe\/noticiero\/transporte-aereo\/la-carrera-por-fabricar-aviones-capaces-de-volar-a-velocidad-hipersonica\/#primaryimage\"},\"thumbnailUrl\":\"https:\/\/aeronoticias.com.pe\/noticiero\/wp-content\/uploads\/2020\/09\/avion-hipersonico.jpg\",\"datePublished\":\"2020-09-05T18:40:21+00:00\",\"dateModified\":\"2020-09-05T18:40:24+00:00\",\"author\":{\"@id\":\"https:\/\/aeronoticias.com.pe\/noticiero\/#\/schema\/person\/9ef7422a13b22ab480ffc29639f442b0\"},\"description\":\"Portal de noticias del Per\u00fa sobre el transporte a\u00e9reo, aviaci\u00f3n, turismo, hoteleria, actualidad.\",\"breadcrumb\":{\"@id\":\"https:\/\/aeronoticias.com.pe\/noticiero\/transporte-aereo\/la-carrera-por-fabricar-aviones-capaces-de-volar-a-velocidad-hipersonica\/#breadcrumb\"},\"inLanguage\":\"es\",\"potentialAction\":[{\"@type\":\"ReadAction\",\"target\":[\"https:\/\/aeronoticias.com.pe\/noticiero\/transporte-aereo\/la-carrera-por-fabricar-aviones-capaces-de-volar-a-velocidad-hipersonica\/\"]}]},{\"@type\":\"ImageObject\",\"inLanguage\":\"es\",\"@id\":\"https:\/\/aeronoticias.com.pe\/noticiero\/transporte-aereo\/la-carrera-por-fabricar-aviones-capaces-de-volar-a-velocidad-hipersonica\/#primaryimage\",\"url\":\"https:\/\/aeronoticias.com.pe\/noticiero\/wp-content\/uploads\/2020\/09\/avion-hipersonico.jpg\",\"contentUrl\":\"https:\/\/aeronoticias.com.pe\/noticiero\/wp-content\/uploads\/2020\/09\/avion-hipersonico.jpg\",\"width\":800,\"height\":400},{\"@type\":\"BreadcrumbList\",\"@id\":\"https:\/\/aeronoticias.com.pe\/noticiero\/transporte-aereo\/la-carrera-por-fabricar-aviones-capaces-de-volar-a-velocidad-hipersonica\/#breadcrumb\",\"itemListElement\":[{\"@type\":\"ListItem\",\"position\":1,\"name\":\"Portada\",\"item\":\"https:\/\/aeronoticias.com.pe\/noticiero\/\"},{\"@type\":\"ListItem\",\"position\":2,\"name\":\"La carrera por fabricar aviones capaces de volar a velocidad hipers\u00f3nica\"}]},{\"@type\":\"WebSite\",\"@id\":\"https:\/\/aeronoticias.com.pe\/noticiero\/#website\",\"url\":\"https:\/\/aeronoticias.com.pe\/noticiero\/\",\"name\":\"Aeronoticias.com.pe\",\"description\":\"Noticias de tranporte aereo, turismo, hoteles, gastronomia, actualidad, internacional\",\"potentialAction\":[{\"@type\":\"SearchAction\",\"target\":{\"@type\":\"EntryPoint\",\"urlTemplate\":\"https:\/\/aeronoticias.com.pe\/noticiero\/?s={search_term_string}\"},\"query-input\":{\"@type\":\"PropertyValueSpecification\",\"valueRequired\":true,\"valueName\":\"search_term_string\"}}],\"inLanguage\":\"es\"},{\"@type\":\"Person\",\"@id\":\"https:\/\/aeronoticias.com.pe\/noticiero\/#\/schema\/person\/9ef7422a13b22ab480ffc29639f442b0\",\"name\":\"Jefrey Cuya\",\"url\":\"https:\/\/aeronoticias.com.pe\/noticiero\/author\/jefreycuya\/\"}]}<\/script>\n<!-- \/ Yoast SEO plugin. -->","yoast_head_json":{"title":"La carrera por fabricar aviones capaces de volar a velocidad hipers\u00f3nica","description":"Portal de noticias del Per\u00fa sobre el transporte a\u00e9reo, aviaci\u00f3n, turismo, hoteleria, actualidad.","robots":{"index":"index","follow":"follow","max-snippet":"max-snippet:-1","max-image-preview":"max-image-preview:large","max-video-preview":"max-video-preview:-1"},"canonical":"https:\/\/aeronoticias.com.pe\/noticiero\/transporte-aereo\/la-carrera-por-fabricar-aviones-capaces-de-volar-a-velocidad-hipersonica\/","og_locale":"es_ES","og_type":"article","og_title":"La carrera por fabricar aviones capaces de volar a velocidad hipers\u00f3nica","og_description":"Portal de noticias del Per\u00fa sobre el transporte a\u00e9reo, aviaci\u00f3n, turismo, hoteleria, actualidad.","og_url":"https:\/\/aeronoticias.com.pe\/noticiero\/transporte-aereo\/la-carrera-por-fabricar-aviones-capaces-de-volar-a-velocidad-hipersonica\/","og_site_name":"Aeronoticias.com.pe","article_publisher":"https:\/\/www.facebook.com\/Aeronoticias.com.pe\/","article_published_time":"2020-09-05T18:40:21+00:00","article_modified_time":"2020-09-05T18:40:24+00:00","og_image":[{"width":800,"height":400,"url":"https:\/\/aeronoticias.com.pe\/noticiero\/wp-content\/uploads\/2020\/09\/avion-hipersonico.jpg","type":"image\/jpeg"}],"author":"Jefrey Cuya","twitter_card":"summary_large_image","twitter_creator":"@aeronoticias","twitter_site":"@aeronoticias","twitter_misc":{"Escrito por":"Jefrey Cuya","Tiempo de lectura":"2 minutos"},"schema":{"@context":"https:\/\/schema.org","@graph":[{"@type":"WebPage","@id":"https:\/\/aeronoticias.com.pe\/noticiero\/transporte-aereo\/la-carrera-por-fabricar-aviones-capaces-de-volar-a-velocidad-hipersonica\/","url":"https:\/\/aeronoticias.com.pe\/noticiero\/transporte-aereo\/la-carrera-por-fabricar-aviones-capaces-de-volar-a-velocidad-hipersonica\/","name":"La carrera por fabricar aviones capaces de volar a velocidad hipers\u00f3nica","isPartOf":{"@id":"https:\/\/aeronoticias.com.pe\/noticiero\/#website"},"primaryImageOfPage":{"@id":"https:\/\/aeronoticias.com.pe\/noticiero\/transporte-aereo\/la-carrera-por-fabricar-aviones-capaces-de-volar-a-velocidad-hipersonica\/#primaryimage"},"image":{"@id":"https:\/\/aeronoticias.com.pe\/noticiero\/transporte-aereo\/la-carrera-por-fabricar-aviones-capaces-de-volar-a-velocidad-hipersonica\/#primaryimage"},"thumbnailUrl":"https:\/\/aeronoticias.com.pe\/noticiero\/wp-content\/uploads\/2020\/09\/avion-hipersonico.jpg","datePublished":"2020-09-05T18:40:21+00:00","dateModified":"2020-09-05T18:40:24+00:00","author":{"@id":"https:\/\/aeronoticias.com.pe\/noticiero\/#\/schema\/person\/9ef7422a13b22ab480ffc29639f442b0"},"description":"Portal de noticias del Per\u00fa sobre el transporte a\u00e9reo, aviaci\u00f3n, turismo, hoteleria, actualidad.","breadcrumb":{"@id":"https:\/\/aeronoticias.com.pe\/noticiero\/transporte-aereo\/la-carrera-por-fabricar-aviones-capaces-de-volar-a-velocidad-hipersonica\/#breadcrumb"},"inLanguage":"es","potentialAction":[{"@type":"ReadAction","target":["https:\/\/aeronoticias.com.pe\/noticiero\/transporte-aereo\/la-carrera-por-fabricar-aviones-capaces-de-volar-a-velocidad-hipersonica\/"]}]},{"@type":"ImageObject","inLanguage":"es","@id":"https:\/\/aeronoticias.com.pe\/noticiero\/transporte-aereo\/la-carrera-por-fabricar-aviones-capaces-de-volar-a-velocidad-hipersonica\/#primaryimage","url":"https:\/\/aeronoticias.com.pe\/noticiero\/wp-content\/uploads\/2020\/09\/avion-hipersonico.jpg","contentUrl":"https:\/\/aeronoticias.com.pe\/noticiero\/wp-content\/uploads\/2020\/09\/avion-hipersonico.jpg","width":800,"height":400},{"@type":"BreadcrumbList","@id":"https:\/\/aeronoticias.com.pe\/noticiero\/transporte-aereo\/la-carrera-por-fabricar-aviones-capaces-de-volar-a-velocidad-hipersonica\/#breadcrumb","itemListElement":[{"@type":"ListItem","position":1,"name":"Portada","item":"https:\/\/aeronoticias.com.pe\/noticiero\/"},{"@type":"ListItem","position":2,"name":"La carrera por fabricar aviones capaces de volar a velocidad hipers\u00f3nica"}]},{"@type":"WebSite","@id":"https:\/\/aeronoticias.com.pe\/noticiero\/#website","url":"https:\/\/aeronoticias.com.pe\/noticiero\/","name":"Aeronoticias.com.pe","description":"Noticias de tranporte aereo, turismo, hoteles, gastronomia, actualidad, internacional","potentialAction":[{"@type":"SearchAction","target":{"@type":"EntryPoint","urlTemplate":"https:\/\/aeronoticias.com.pe\/noticiero\/?s={search_term_string}"},"query-input":{"@type":"PropertyValueSpecification","valueRequired":true,"valueName":"search_term_string"}}],"inLanguage":"es"},{"@type":"Person","@id":"https:\/\/aeronoticias.com.pe\/noticiero\/#\/schema\/person\/9ef7422a13b22ab480ffc29639f442b0","name":"Jefrey Cuya","url":"https:\/\/aeronoticias.com.pe\/noticiero\/author\/jefreycuya\/"}]}},"_links":{"self":[{"href":"https:\/\/aeronoticias.com.pe\/noticiero\/wp-json\/wp\/v2\/posts\/60523","targetHints":{"allow":["GET"]}}],"collection":[{"href":"https:\/\/aeronoticias.com.pe\/noticiero\/wp-json\/wp\/v2\/posts"}],"about":[{"href":"https:\/\/aeronoticias.com.pe\/noticiero\/wp-json\/wp\/v2\/types\/post"}],"author":[{"embeddable":true,"href":"https:\/\/aeronoticias.com.pe\/noticiero\/wp-json\/wp\/v2\/users\/4"}],"replies":[{"embeddable":true,"href":"https:\/\/aeronoticias.com.pe\/noticiero\/wp-json\/wp\/v2\/comments?post=60523"}],"version-history":[{"count":0,"href":"https:\/\/aeronoticias.com.pe\/noticiero\/wp-json\/wp\/v2\/posts\/60523\/revisions"}],"wp:featuredmedia":[{"embeddable":true,"href":"https:\/\/aeronoticias.com.pe\/noticiero\/wp-json\/wp\/v2\/media\/60524"}],"wp:attachment":[{"href":"https:\/\/aeronoticias.com.pe\/noticiero\/wp-json\/wp\/v2\/media?parent=60523"}],"wp:term":[{"taxonomy":"category","embeddable":true,"href":"https:\/\/aeronoticias.com.pe\/noticiero\/wp-json\/wp\/v2\/categories?post=60523"},{"taxonomy":"post_tag","embeddable":true,"href":"https:\/\/aeronoticias.com.pe\/noticiero\/wp-json\/wp\/v2\/tags?post=60523"}],"curies":[{"name":"wp","href":"https:\/\/api.w.org\/{rel}","templated":true}]}}