{"id":60530,"date":"2020-09-07T09:07:00","date_gmt":"2020-09-07T09:07:00","guid":{"rendered":"https:\/\/aeronoticias.com.pe\/noticiero\/?p=60530"},"modified":"2020-09-07T09:07:03","modified_gmt":"2020-09-07T09:07:03","slug":"peru-vuelos-internacionales-no-tienen-fecha-oficial-de-reanudacion","status":"publish","type":"post","link":"https:\/\/aeronoticias.com.pe\/noticiero\/transporte-aereo\/peru-vuelos-internacionales-no-tienen-fecha-oficial-de-reanudacion\/","title":{"rendered":"Per\u00fa: vuelos internacionales no tienen fecha oficial de reanudaci\u00f3n"},"content":{"rendered":"\n<p><strong>(Aeronoticias)<\/strong>.- La reanudaci\u00f3n de vuelos internacionales y la reapertura de fronteras en Per\u00fa a\u00fan no tienen una fecha oficial, tras casi siete meses de cierre por la pandemia del covid-19, anunci\u00f3 este domingo el premier peruano Walter Martos.<\/p>\n\n\n\n<p>\u201cNo hay una fecha oficial. Probablemente estamos viendo que sea en octubre porque, los \u00edndices de contagios est\u00e1n bajando y comenzaremos en forma gradual ir abriendo, pero todav\u00eda no hemos tomado una decisi\u00f3n en consenso\u201d, dijo Martos en entrevista al diario Correo.<\/p>\n\n\n\n<p>\u201cVeremos c\u00f3mo se desarrolla la pandemia faltando una semana o a fines de setiembre tomaremos una decisi\u00f3n\u201d, a\u00f1adi\u00f3.<\/p>\n\n\n\n<p>Martos sostuvo que el ministro de Transportes, Carlos Estremadoyro, est\u00e1 viendo los protocolos de bioseguridad y probablemente pueda terminar a partir del primer d\u00eda de octubre.<\/p>\n\n\n\n<p>\u201cTenemos que someterlo al Consejo de Ministros\u201d, indic\u00f3 el premier.<\/p>\n\n\n\n<p>Estremadoyro hab\u00eda anunciado el mi\u00e9rcoles que desde el 1 de octubre reanudar\u00edan los vuelos internacionales y se reabrir\u00edan las fronteras.<\/p>\n\n\n\n<p>Estados Unidos, M\u00e9xico, Espa\u00f1a y Chile forman parte del primer grupo de pa\u00edses desde los cuales se autorizar\u00e1n los vuelos, de acuerdo con el ministro.<\/p>\n\n\n\n<p>Las autoridades peruanas exigir\u00e1n pruebas PCR (moleculares) de covid-19 a todos los pasajeros que lleguen, como parte de los nuevos controles sanitarios.<\/p>\n\n\n\n<p>Fuente: <strong><em>Infobae<\/em><\/strong>.<\/p>\n\n\n\n<p><\/p>\n","protected":false},"excerpt":{"rendered":"<p>(Aeronoticias).- La reanudaci\u00f3n de vuelos internacionales y la reapertura de fronteras en Per\u00fa a\u00fan no tienen una fecha oficial, tras casi siete meses de cierre por la pandemia del covid-19, anunci\u00f3 este domingo el premier peruano Walter Martos. \u201cNo hay una fecha oficial. Probablemente estamos viendo que sea en octubre porque, los \u00edndices de contagios [&hellip;]<\/p>\n","protected":false},"author":4,"featured_media":60531,"comment_status":"open","ping_status":"open","sticky":false,"template":"","format":"standard","meta":{"tdm_status":"","tdm_grid_status":"","footnotes":""},"categories":[51,11],"tags":[86,163,179],"class_list":{"0":"post-60530","1":"post","2":"type-post","3":"status-publish","4":"format-standard","5":"has-post-thumbnail","7":"category-nacional","8":"category-transporte-aereo","9":"tag-aeropuerto-jorge-chavez","10":"tag-coronavirus","11":"tag-peru-2"},"yoast_head":"<!-- This site is optimized with the Yoast SEO plugin v25.1 - https:\/\/yoast.com\/wordpress\/plugins\/seo\/ -->\n<title>Per\u00fa: vuelos internacionales no tienen fecha oficial de reanudaci\u00f3n<\/title>\n<meta name=\"description\" content=\"Portal de noticias del Per\u00fa sobre el transporte a\u00e9reo, aviaci\u00f3n, turismo, hoteleria, actualidad.\" \/>\n<meta name=\"robots\" content=\"index, follow, max-snippet:-1, max-image-preview:large, max-video-preview:-1\" \/>\n<link rel=\"canonical\" href=\"https:\/\/aeronoticias.com.pe\/noticiero\/transporte-aereo\/peru-vuelos-internacionales-no-tienen-fecha-oficial-de-reanudacion\/\" \/>\n<meta property=\"og:locale\" content=\"es_ES\" \/>\n<meta property=\"og:type\" content=\"article\" \/>\n<meta property=\"og:title\" content=\"Per\u00fa: vuelos internacionales no tienen fecha oficial de reanudaci\u00f3n\" \/>\n<meta property=\"og:description\" content=\"Portal de noticias del Per\u00fa sobre el transporte a\u00e9reo, aviaci\u00f3n, turismo, hoteleria, actualidad.\" \/>\n<meta property=\"og:url\" content=\"https:\/\/aeronoticias.com.pe\/noticiero\/transporte-aereo\/peru-vuelos-internacionales-no-tienen-fecha-oficial-de-reanudacion\/\" \/>\n<meta property=\"og:site_name\" content=\"Aeronoticias.com.pe\" \/>\n<meta property=\"article:publisher\" content=\"https:\/\/www.facebook.com\/Aeronoticias.com.pe\/\" \/>\n<meta property=\"article:published_time\" content=\"2020-09-07T09:07:00+00:00\" \/>\n<meta property=\"article:modified_time\" content=\"2020-09-07T09:07:03+00:00\" \/>\n<meta property=\"og:image\" content=\"https:\/\/aeronoticias.com.pe\/noticiero\/wp-content\/uploads\/2020\/09\/Walter-Martos.jpg\" \/>\n\t<meta property=\"og:image:width\" content=\"800\" \/>\n\t<meta property=\"og:image:height\" content=\"400\" \/>\n\t<meta property=\"og:image:type\" content=\"image\/jpeg\" \/>\n<meta name=\"author\" content=\"Jefrey Cuya\" \/>\n<meta name=\"twitter:card\" content=\"summary_large_image\" \/>\n<meta name=\"twitter:creator\" content=\"@aeronoticias\" \/>\n<meta name=\"twitter:site\" content=\"@aeronoticias\" \/>\n<meta name=\"twitter:label1\" content=\"Escrito por\" \/>\n\t<meta name=\"twitter:data1\" content=\"Jefrey Cuya\" \/>\n\t<meta name=\"twitter:label2\" content=\"Tiempo de lectura\" \/>\n\t<meta name=\"twitter:data2\" content=\"1 minuto\" \/>\n<script type=\"application\/ld+json\" class=\"yoast-schema-graph\">{\"@context\":\"https:\/\/schema.org\",\"@graph\":[{\"@type\":\"WebPage\",\"@id\":\"https:\/\/aeronoticias.com.pe\/noticiero\/transporte-aereo\/peru-vuelos-internacionales-no-tienen-fecha-oficial-de-reanudacion\/\",\"url\":\"https:\/\/aeronoticias.com.pe\/noticiero\/transporte-aereo\/peru-vuelos-internacionales-no-tienen-fecha-oficial-de-reanudacion\/\",\"name\":\"Per\u00fa: vuelos internacionales no tienen fecha oficial de reanudaci\u00f3n\",\"isPartOf\":{\"@id\":\"https:\/\/aeronoticias.com.pe\/noticiero\/#website\"},\"primaryImageOfPage\":{\"@id\":\"https:\/\/aeronoticias.com.pe\/noticiero\/transporte-aereo\/peru-vuelos-internacionales-no-tienen-fecha-oficial-de-reanudacion\/#primaryimage\"},\"image\":{\"@id\":\"https:\/\/aeronoticias.com.pe\/noticiero\/transporte-aereo\/peru-vuelos-internacionales-no-tienen-fecha-oficial-de-reanudacion\/#primaryimage\"},\"thumbnailUrl\":\"https:\/\/aeronoticias.com.pe\/noticiero\/wp-content\/uploads\/2020\/09\/Walter-Martos.jpg\",\"datePublished\":\"2020-09-07T09:07:00+00:00\",\"dateModified\":\"2020-09-07T09:07:03+00:00\",\"author\":{\"@id\":\"https:\/\/aeronoticias.com.pe\/noticiero\/#\/schema\/person\/9ef7422a13b22ab480ffc29639f442b0\"},\"description\":\"Portal de noticias del Per\u00fa sobre el transporte a\u00e9reo, aviaci\u00f3n, turismo, hoteleria, actualidad.\",\"breadcrumb\":{\"@id\":\"https:\/\/aeronoticias.com.pe\/noticiero\/transporte-aereo\/peru-vuelos-internacionales-no-tienen-fecha-oficial-de-reanudacion\/#breadcrumb\"},\"inLanguage\":\"es\",\"potentialAction\":[{\"@type\":\"ReadAction\",\"target\":[\"https:\/\/aeronoticias.com.pe\/noticiero\/transporte-aereo\/peru-vuelos-internacionales-no-tienen-fecha-oficial-de-reanudacion\/\"]}]},{\"@type\":\"ImageObject\",\"inLanguage\":\"es\",\"@id\":\"https:\/\/aeronoticias.com.pe\/noticiero\/transporte-aereo\/peru-vuelos-internacionales-no-tienen-fecha-oficial-de-reanudacion\/#primaryimage\",\"url\":\"https:\/\/aeronoticias.com.pe\/noticiero\/wp-content\/uploads\/2020\/09\/Walter-Martos.jpg\",\"contentUrl\":\"https:\/\/aeronoticias.com.pe\/noticiero\/wp-content\/uploads\/2020\/09\/Walter-Martos.jpg\",\"width\":800,\"height\":400},{\"@type\":\"BreadcrumbList\",\"@id\":\"https:\/\/aeronoticias.com.pe\/noticiero\/transporte-aereo\/peru-vuelos-internacionales-no-tienen-fecha-oficial-de-reanudacion\/#breadcrumb\",\"itemListElement\":[{\"@type\":\"ListItem\",\"position\":1,\"name\":\"Portada\",\"item\":\"https:\/\/aeronoticias.com.pe\/noticiero\/\"},{\"@type\":\"ListItem\",\"position\":2,\"name\":\"Per\u00fa: vuelos internacionales no tienen fecha oficial de reanudaci\u00f3n\"}]},{\"@type\":\"WebSite\",\"@id\":\"https:\/\/aeronoticias.com.pe\/noticiero\/#website\",\"url\":\"https:\/\/aeronoticias.com.pe\/noticiero\/\",\"name\":\"Aeronoticias.com.pe\",\"description\":\"Noticias de tranporte aereo, turismo, hoteles, gastronomia, actualidad, internacional\",\"potentialAction\":[{\"@type\":\"SearchAction\",\"target\":{\"@type\":\"EntryPoint\",\"urlTemplate\":\"https:\/\/aeronoticias.com.pe\/noticiero\/?s={search_term_string}\"},\"query-input\":{\"@type\":\"PropertyValueSpecification\",\"valueRequired\":true,\"valueName\":\"search_term_string\"}}],\"inLanguage\":\"es\"},{\"@type\":\"Person\",\"@id\":\"https:\/\/aeronoticias.com.pe\/noticiero\/#\/schema\/person\/9ef7422a13b22ab480ffc29639f442b0\",\"name\":\"Jefrey Cuya\",\"url\":\"https:\/\/aeronoticias.com.pe\/noticiero\/author\/jefreycuya\/\"}]}<\/script>\n<!-- \/ Yoast SEO plugin. -->","yoast_head_json":{"title":"Per\u00fa: vuelos internacionales no tienen fecha oficial de reanudaci\u00f3n","description":"Portal de noticias del Per\u00fa sobre el transporte a\u00e9reo, aviaci\u00f3n, turismo, hoteleria, actualidad.","robots":{"index":"index","follow":"follow","max-snippet":"max-snippet:-1","max-image-preview":"max-image-preview:large","max-video-preview":"max-video-preview:-1"},"canonical":"https:\/\/aeronoticias.com.pe\/noticiero\/transporte-aereo\/peru-vuelos-internacionales-no-tienen-fecha-oficial-de-reanudacion\/","og_locale":"es_ES","og_type":"article","og_title":"Per\u00fa: vuelos internacionales no tienen fecha oficial de reanudaci\u00f3n","og_description":"Portal de noticias del Per\u00fa sobre el transporte a\u00e9reo, aviaci\u00f3n, turismo, hoteleria, actualidad.","og_url":"https:\/\/aeronoticias.com.pe\/noticiero\/transporte-aereo\/peru-vuelos-internacionales-no-tienen-fecha-oficial-de-reanudacion\/","og_site_name":"Aeronoticias.com.pe","article_publisher":"https:\/\/www.facebook.com\/Aeronoticias.com.pe\/","article_published_time":"2020-09-07T09:07:00+00:00","article_modified_time":"2020-09-07T09:07:03+00:00","og_image":[{"width":800,"height":400,"url":"https:\/\/aeronoticias.com.pe\/noticiero\/wp-content\/uploads\/2020\/09\/Walter-Martos.jpg","type":"image\/jpeg"}],"author":"Jefrey Cuya","twitter_card":"summary_large_image","twitter_creator":"@aeronoticias","twitter_site":"@aeronoticias","twitter_misc":{"Escrito por":"Jefrey Cuya","Tiempo de lectura":"1 minuto"},"schema":{"@context":"https:\/\/schema.org","@graph":[{"@type":"WebPage","@id":"https:\/\/aeronoticias.com.pe\/noticiero\/transporte-aereo\/peru-vuelos-internacionales-no-tienen-fecha-oficial-de-reanudacion\/","url":"https:\/\/aeronoticias.com.pe\/noticiero\/transporte-aereo\/peru-vuelos-internacionales-no-tienen-fecha-oficial-de-reanudacion\/","name":"Per\u00fa: vuelos internacionales no tienen fecha oficial de reanudaci\u00f3n","isPartOf":{"@id":"https:\/\/aeronoticias.com.pe\/noticiero\/#website"},"primaryImageOfPage":{"@id":"https:\/\/aeronoticias.com.pe\/noticiero\/transporte-aereo\/peru-vuelos-internacionales-no-tienen-fecha-oficial-de-reanudacion\/#primaryimage"},"image":{"@id":"https:\/\/aeronoticias.com.pe\/noticiero\/transporte-aereo\/peru-vuelos-internacionales-no-tienen-fecha-oficial-de-reanudacion\/#primaryimage"},"thumbnailUrl":"https:\/\/aeronoticias.com.pe\/noticiero\/wp-content\/uploads\/2020\/09\/Walter-Martos.jpg","datePublished":"2020-09-07T09:07:00+00:00","dateModified":"2020-09-07T09:07:03+00:00","author":{"@id":"https:\/\/aeronoticias.com.pe\/noticiero\/#\/schema\/person\/9ef7422a13b22ab480ffc29639f442b0"},"description":"Portal de noticias del Per\u00fa sobre el transporte a\u00e9reo, aviaci\u00f3n, turismo, hoteleria, actualidad.","breadcrumb":{"@id":"https:\/\/aeronoticias.com.pe\/noticiero\/transporte-aereo\/peru-vuelos-internacionales-no-tienen-fecha-oficial-de-reanudacion\/#breadcrumb"},"inLanguage":"es","potentialAction":[{"@type":"ReadAction","target":["https:\/\/aeronoticias.com.pe\/noticiero\/transporte-aereo\/peru-vuelos-internacionales-no-tienen-fecha-oficial-de-reanudacion\/"]}]},{"@type":"ImageObject","inLanguage":"es","@id":"https:\/\/aeronoticias.com.pe\/noticiero\/transporte-aereo\/peru-vuelos-internacionales-no-tienen-fecha-oficial-de-reanudacion\/#primaryimage","url":"https:\/\/aeronoticias.com.pe\/noticiero\/wp-content\/uploads\/2020\/09\/Walter-Martos.jpg","contentUrl":"https:\/\/aeronoticias.com.pe\/noticiero\/wp-content\/uploads\/2020\/09\/Walter-Martos.jpg","width":800,"height":400},{"@type":"BreadcrumbList","@id":"https:\/\/aeronoticias.com.pe\/noticiero\/transporte-aereo\/peru-vuelos-internacionales-no-tienen-fecha-oficial-de-reanudacion\/#breadcrumb","itemListElement":[{"@type":"ListItem","position":1,"name":"Portada","item":"https:\/\/aeronoticias.com.pe\/noticiero\/"},{"@type":"ListItem","position":2,"name":"Per\u00fa: vuelos internacionales no tienen fecha oficial de reanudaci\u00f3n"}]},{"@type":"WebSite","@id":"https:\/\/aeronoticias.com.pe\/noticiero\/#website","url":"https:\/\/aeronoticias.com.pe\/noticiero\/","name":"Aeronoticias.com.pe","description":"Noticias de tranporte aereo, turismo, hoteles, gastronomia, actualidad, internacional","potentialAction":[{"@type":"SearchAction","target":{"@type":"EntryPoint","urlTemplate":"https:\/\/aeronoticias.com.pe\/noticiero\/?s={search_term_string}"},"query-input":{"@type":"PropertyValueSpecification","valueRequired":true,"valueName":"search_term_string"}}],"inLanguage":"es"},{"@type":"Person","@id":"https:\/\/aeronoticias.com.pe\/noticiero\/#\/schema\/person\/9ef7422a13b22ab480ffc29639f442b0","name":"Jefrey Cuya","url":"https:\/\/aeronoticias.com.pe\/noticiero\/author\/jefreycuya\/"}]}},"_links":{"self":[{"href":"https:\/\/aeronoticias.com.pe\/noticiero\/wp-json\/wp\/v2\/posts\/60530","targetHints":{"allow":["GET"]}}],"collection":[{"href":"https:\/\/aeronoticias.com.pe\/noticiero\/wp-json\/wp\/v2\/posts"}],"about":[{"href":"https:\/\/aeronoticias.com.pe\/noticiero\/wp-json\/wp\/v2\/types\/post"}],"author":[{"embeddable":true,"href":"https:\/\/aeronoticias.com.pe\/noticiero\/wp-json\/wp\/v2\/users\/4"}],"replies":[{"embeddable":true,"href":"https:\/\/aeronoticias.com.pe\/noticiero\/wp-json\/wp\/v2\/comments?post=60530"}],"version-history":[{"count":0,"href":"https:\/\/aeronoticias.com.pe\/noticiero\/wp-json\/wp\/v2\/posts\/60530\/revisions"}],"wp:featuredmedia":[{"embeddable":true,"href":"https:\/\/aeronoticias.com.pe\/noticiero\/wp-json\/wp\/v2\/media\/60531"}],"wp:attachment":[{"href":"https:\/\/aeronoticias.com.pe\/noticiero\/wp-json\/wp\/v2\/media?parent=60530"}],"wp:term":[{"taxonomy":"category","embeddable":true,"href":"https:\/\/aeronoticias.com.pe\/noticiero\/wp-json\/wp\/v2\/categories?post=60530"},{"taxonomy":"post_tag","embeddable":true,"href":"https:\/\/aeronoticias.com.pe\/noticiero\/wp-json\/wp\/v2\/tags?post=60530"}],"curies":[{"name":"wp","href":"https:\/\/api.w.org\/{rel}","templated":true}]}}