{"id":60533,"date":"2020-09-07T09:13:51","date_gmt":"2020-09-07T09:13:51","guid":{"rendered":"https:\/\/aeronoticias.com.pe\/noticiero\/?p=60533"},"modified":"2020-09-07T09:13:54","modified_gmt":"2020-09-07T09:13:54","slug":"colombia-segunda-fase-de-reactivacion-en-aeropuertos-inicia-el-21-de-septiembre","status":"publish","type":"post","link":"https:\/\/aeronoticias.com.pe\/noticiero\/transporte-aereo\/colombia-segunda-fase-de-reactivacion-en-aeropuertos-inicia-el-21-de-septiembre\/","title":{"rendered":"Colombia: segunda fase de reactivaci\u00f3n en aeropuertos inicia el 21 de septiembre"},"content":{"rendered":"\n<p><strong>(Aeronoticias)<\/strong>.- El Gobierno de Colombia, a trav\u00e9s del director de la Aeron\u00e1utica Civil, Juan Carlos Salazar, realiz\u00f3 durante este fin de semana la inspecci\u00f3n al cumplimiento del Protocolo de Bioseguridad en los aeropuertos Antonio Rold\u00e1n Betancur de Carepa en el Urab\u00e1 Antioque\u00f1o, Las Brujas de Corozal en Sucre y El Cara\u00f1o de Quibd\u00f3 en el Choc\u00f3.<\/p>\n\n\n\n<p>\u201cEstamos ya en el inicio para la preparaci\u00f3n de la segunda fase de reactivaci\u00f3n de aeropuertos en el pa\u00eds. Esto es un trabajo conjunto con los mandatarios locales y reiteramos que se deben seguir todas las recomendaciones de los protocolos de bioseguridad del Ministerio de Salud que deben ser adoptados tanto por los viajeros como por las empresas\u201d, indic\u00f3 la Ministra de Transporte, \u00c1ngela Mar\u00eda Orozco.<\/p>\n\n\n\n<p>Es un proceso gradual y dependiendo de la situaci\u00f3n de la pandemia, la Aerocivil seguir\u00e1 avanzando en la autorizaci\u00f3n de m\u00e1s rutas en otras zonas del pa\u00eds\u201d, dijo.<\/p>\n\n\n\n<p>De esta manera, con un equipo de inspectores y expertos en operaciones aeroportuarias de la Aerocivil y en compa\u00f1\u00eda de las autoridades municipales y el concesionario AirPlan, el director de la entidad recorri\u00f3 estas terminales a\u00e9reas, de las que manifest\u00f3 que cumplen con el 100 % de los Protocolos de Bioseguridad.<\/p>\n\n\n\n<p>\u201cEstos tres aeropuertos est\u00e1n preparados para el reinicio de las operaciones a\u00e9reas programadas para el 21 de septiembre\u201d, aclar\u00f3 el director de la Aeron\u00e1utica Civil, Juan Carlos Salazar.<\/p>\n\n\n\n<p>Entre tanto, otro equipo t\u00e9cnico de la Aerocivil adelanta la visita de inspecci\u00f3n al aeropuerto Alfredo V\u00e1squez Cobo de Leticia para verificar la implementaci\u00f3n del Protocolo de Bioseguridad.<\/p>\n\n\n\n<p>Antes del 21 de septiembre se espera haber inspeccionado en total 30 aeropuertos del pa\u00eds.<\/p>\n\n\n\n<p>Fuente: <strong><em>Valora Analitik<\/em><\/strong>.<\/p>\n","protected":false},"excerpt":{"rendered":"<p>(Aeronoticias).- El Gobierno de Colombia, a trav\u00e9s del director de la Aeron\u00e1utica Civil, Juan Carlos Salazar, realiz\u00f3 durante este fin de semana la inspecci\u00f3n al cumplimiento del Protocolo de Bioseguridad en los aeropuertos Antonio Rold\u00e1n Betancur de Carepa en el Urab\u00e1 Antioque\u00f1o, Las Brujas de Corozal en Sucre y El Cara\u00f1o de Quibd\u00f3 en el [&hellip;]<\/p>\n","protected":false},"author":4,"featured_media":60534,"comment_status":"open","ping_status":"open","sticky":false,"template":"","format":"standard","meta":{"tdm_status":"","tdm_grid_status":"","footnotes":""},"categories":[32,11],"tags":[219,140,163],"class_list":{"0":"post-60533","1":"post","2":"type-post","3":"status-publish","4":"format-standard","5":"has-post-thumbnail","7":"category-internacional","8":"category-transporte-aereo","9":"tag-aviacion-2","10":"tag-colombia","11":"tag-coronavirus"},"yoast_head":"<!-- This site is optimized with the Yoast SEO plugin v25.1 - https:\/\/yoast.com\/wordpress\/plugins\/seo\/ -->\n<title>Colombia: segunda fase de reactivaci\u00f3n en aeropuertos inicia el 21 de septiembre<\/title>\n<meta name=\"description\" content=\"Portal de noticias del Per\u00fa sobre el transporte a\u00e9reo, aviaci\u00f3n, turismo, hoteleria, actualidad.\" \/>\n<meta name=\"robots\" content=\"index, follow, max-snippet:-1, max-image-preview:large, max-video-preview:-1\" \/>\n<link rel=\"canonical\" href=\"https:\/\/aeronoticias.com.pe\/noticiero\/transporte-aereo\/colombia-segunda-fase-de-reactivacion-en-aeropuertos-inicia-el-21-de-septiembre\/\" \/>\n<meta property=\"og:locale\" content=\"es_ES\" \/>\n<meta property=\"og:type\" content=\"article\" \/>\n<meta property=\"og:title\" content=\"Colombia: segunda fase de reactivaci\u00f3n en aeropuertos inicia el 21 de septiembre\" \/>\n<meta property=\"og:description\" content=\"Portal de noticias del Per\u00fa sobre el transporte a\u00e9reo, aviaci\u00f3n, turismo, hoteleria, actualidad.\" \/>\n<meta property=\"og:url\" content=\"https:\/\/aeronoticias.com.pe\/noticiero\/transporte-aereo\/colombia-segunda-fase-de-reactivacion-en-aeropuertos-inicia-el-21-de-septiembre\/\" \/>\n<meta property=\"og:site_name\" content=\"Aeronoticias.com.pe\" \/>\n<meta property=\"article:publisher\" content=\"https:\/\/www.facebook.com\/Aeronoticias.com.pe\/\" \/>\n<meta property=\"article:published_time\" content=\"2020-09-07T09:13:51+00:00\" \/>\n<meta property=\"article:modified_time\" content=\"2020-09-07T09:13:54+00:00\" \/>\n<meta property=\"og:image\" content=\"https:\/\/aeronoticias.com.pe\/noticiero\/wp-content\/uploads\/2020\/09\/aeropuerto-el-dorado.jpg\" \/>\n\t<meta property=\"og:image:width\" content=\"800\" \/>\n\t<meta property=\"og:image:height\" content=\"400\" \/>\n\t<meta property=\"og:image:type\" content=\"image\/jpeg\" \/>\n<meta name=\"author\" content=\"Jefrey Cuya\" \/>\n<meta name=\"twitter:card\" content=\"summary_large_image\" \/>\n<meta name=\"twitter:creator\" content=\"@aeronoticias\" \/>\n<meta name=\"twitter:site\" content=\"@aeronoticias\" \/>\n<meta name=\"twitter:label1\" content=\"Escrito por\" \/>\n\t<meta name=\"twitter:data1\" content=\"Jefrey Cuya\" \/>\n\t<meta name=\"twitter:label2\" content=\"Tiempo de lectura\" \/>\n\t<meta name=\"twitter:data2\" content=\"1 minuto\" \/>\n<script type=\"application\/ld+json\" class=\"yoast-schema-graph\">{\"@context\":\"https:\/\/schema.org\",\"@graph\":[{\"@type\":\"WebPage\",\"@id\":\"https:\/\/aeronoticias.com.pe\/noticiero\/transporte-aereo\/colombia-segunda-fase-de-reactivacion-en-aeropuertos-inicia-el-21-de-septiembre\/\",\"url\":\"https:\/\/aeronoticias.com.pe\/noticiero\/transporte-aereo\/colombia-segunda-fase-de-reactivacion-en-aeropuertos-inicia-el-21-de-septiembre\/\",\"name\":\"Colombia: segunda fase de reactivaci\u00f3n en aeropuertos inicia el 21 de septiembre\",\"isPartOf\":{\"@id\":\"https:\/\/aeronoticias.com.pe\/noticiero\/#website\"},\"primaryImageOfPage\":{\"@id\":\"https:\/\/aeronoticias.com.pe\/noticiero\/transporte-aereo\/colombia-segunda-fase-de-reactivacion-en-aeropuertos-inicia-el-21-de-septiembre\/#primaryimage\"},\"image\":{\"@id\":\"https:\/\/aeronoticias.com.pe\/noticiero\/transporte-aereo\/colombia-segunda-fase-de-reactivacion-en-aeropuertos-inicia-el-21-de-septiembre\/#primaryimage\"},\"thumbnailUrl\":\"https:\/\/aeronoticias.com.pe\/noticiero\/wp-content\/uploads\/2020\/09\/aeropuerto-el-dorado.jpg\",\"datePublished\":\"2020-09-07T09:13:51+00:00\",\"dateModified\":\"2020-09-07T09:13:54+00:00\",\"author\":{\"@id\":\"https:\/\/aeronoticias.com.pe\/noticiero\/#\/schema\/person\/9ef7422a13b22ab480ffc29639f442b0\"},\"description\":\"Portal de noticias del Per\u00fa sobre el transporte a\u00e9reo, aviaci\u00f3n, turismo, hoteleria, actualidad.\",\"breadcrumb\":{\"@id\":\"https:\/\/aeronoticias.com.pe\/noticiero\/transporte-aereo\/colombia-segunda-fase-de-reactivacion-en-aeropuertos-inicia-el-21-de-septiembre\/#breadcrumb\"},\"inLanguage\":\"es\",\"potentialAction\":[{\"@type\":\"ReadAction\",\"target\":[\"https:\/\/aeronoticias.com.pe\/noticiero\/transporte-aereo\/colombia-segunda-fase-de-reactivacion-en-aeropuertos-inicia-el-21-de-septiembre\/\"]}]},{\"@type\":\"ImageObject\",\"inLanguage\":\"es\",\"@id\":\"https:\/\/aeronoticias.com.pe\/noticiero\/transporte-aereo\/colombia-segunda-fase-de-reactivacion-en-aeropuertos-inicia-el-21-de-septiembre\/#primaryimage\",\"url\":\"https:\/\/aeronoticias.com.pe\/noticiero\/wp-content\/uploads\/2020\/09\/aeropuerto-el-dorado.jpg\",\"contentUrl\":\"https:\/\/aeronoticias.com.pe\/noticiero\/wp-content\/uploads\/2020\/09\/aeropuerto-el-dorado.jpg\",\"width\":800,\"height\":400},{\"@type\":\"BreadcrumbList\",\"@id\":\"https:\/\/aeronoticias.com.pe\/noticiero\/transporte-aereo\/colombia-segunda-fase-de-reactivacion-en-aeropuertos-inicia-el-21-de-septiembre\/#breadcrumb\",\"itemListElement\":[{\"@type\":\"ListItem\",\"position\":1,\"name\":\"Portada\",\"item\":\"https:\/\/aeronoticias.com.pe\/noticiero\/\"},{\"@type\":\"ListItem\",\"position\":2,\"name\":\"Colombia: segunda fase de reactivaci\u00f3n en aeropuertos inicia el 21 de septiembre\"}]},{\"@type\":\"WebSite\",\"@id\":\"https:\/\/aeronoticias.com.pe\/noticiero\/#website\",\"url\":\"https:\/\/aeronoticias.com.pe\/noticiero\/\",\"name\":\"Aeronoticias.com.pe\",\"description\":\"Noticias de tranporte aereo, turismo, hoteles, gastronomia, actualidad, internacional\",\"potentialAction\":[{\"@type\":\"SearchAction\",\"target\":{\"@type\":\"EntryPoint\",\"urlTemplate\":\"https:\/\/aeronoticias.com.pe\/noticiero\/?s={search_term_string}\"},\"query-input\":{\"@type\":\"PropertyValueSpecification\",\"valueRequired\":true,\"valueName\":\"search_term_string\"}}],\"inLanguage\":\"es\"},{\"@type\":\"Person\",\"@id\":\"https:\/\/aeronoticias.com.pe\/noticiero\/#\/schema\/person\/9ef7422a13b22ab480ffc29639f442b0\",\"name\":\"Jefrey Cuya\",\"url\":\"https:\/\/aeronoticias.com.pe\/noticiero\/author\/jefreycuya\/\"}]}<\/script>\n<!-- \/ Yoast SEO plugin. -->","yoast_head_json":{"title":"Colombia: segunda fase de reactivaci\u00f3n en aeropuertos inicia el 21 de septiembre","description":"Portal de noticias del Per\u00fa sobre el transporte a\u00e9reo, aviaci\u00f3n, turismo, hoteleria, actualidad.","robots":{"index":"index","follow":"follow","max-snippet":"max-snippet:-1","max-image-preview":"max-image-preview:large","max-video-preview":"max-video-preview:-1"},"canonical":"https:\/\/aeronoticias.com.pe\/noticiero\/transporte-aereo\/colombia-segunda-fase-de-reactivacion-en-aeropuertos-inicia-el-21-de-septiembre\/","og_locale":"es_ES","og_type":"article","og_title":"Colombia: segunda fase de reactivaci\u00f3n en aeropuertos inicia el 21 de septiembre","og_description":"Portal de noticias del Per\u00fa sobre el transporte a\u00e9reo, aviaci\u00f3n, turismo, hoteleria, actualidad.","og_url":"https:\/\/aeronoticias.com.pe\/noticiero\/transporte-aereo\/colombia-segunda-fase-de-reactivacion-en-aeropuertos-inicia-el-21-de-septiembre\/","og_site_name":"Aeronoticias.com.pe","article_publisher":"https:\/\/www.facebook.com\/Aeronoticias.com.pe\/","article_published_time":"2020-09-07T09:13:51+00:00","article_modified_time":"2020-09-07T09:13:54+00:00","og_image":[{"width":800,"height":400,"url":"https:\/\/aeronoticias.com.pe\/noticiero\/wp-content\/uploads\/2020\/09\/aeropuerto-el-dorado.jpg","type":"image\/jpeg"}],"author":"Jefrey Cuya","twitter_card":"summary_large_image","twitter_creator":"@aeronoticias","twitter_site":"@aeronoticias","twitter_misc":{"Escrito por":"Jefrey Cuya","Tiempo de lectura":"1 minuto"},"schema":{"@context":"https:\/\/schema.org","@graph":[{"@type":"WebPage","@id":"https:\/\/aeronoticias.com.pe\/noticiero\/transporte-aereo\/colombia-segunda-fase-de-reactivacion-en-aeropuertos-inicia-el-21-de-septiembre\/","url":"https:\/\/aeronoticias.com.pe\/noticiero\/transporte-aereo\/colombia-segunda-fase-de-reactivacion-en-aeropuertos-inicia-el-21-de-septiembre\/","name":"Colombia: segunda fase de reactivaci\u00f3n en aeropuertos inicia el 21 de septiembre","isPartOf":{"@id":"https:\/\/aeronoticias.com.pe\/noticiero\/#website"},"primaryImageOfPage":{"@id":"https:\/\/aeronoticias.com.pe\/noticiero\/transporte-aereo\/colombia-segunda-fase-de-reactivacion-en-aeropuertos-inicia-el-21-de-septiembre\/#primaryimage"},"image":{"@id":"https:\/\/aeronoticias.com.pe\/noticiero\/transporte-aereo\/colombia-segunda-fase-de-reactivacion-en-aeropuertos-inicia-el-21-de-septiembre\/#primaryimage"},"thumbnailUrl":"https:\/\/aeronoticias.com.pe\/noticiero\/wp-content\/uploads\/2020\/09\/aeropuerto-el-dorado.jpg","datePublished":"2020-09-07T09:13:51+00:00","dateModified":"2020-09-07T09:13:54+00:00","author":{"@id":"https:\/\/aeronoticias.com.pe\/noticiero\/#\/schema\/person\/9ef7422a13b22ab480ffc29639f442b0"},"description":"Portal de noticias del Per\u00fa sobre el transporte a\u00e9reo, aviaci\u00f3n, turismo, hoteleria, actualidad.","breadcrumb":{"@id":"https:\/\/aeronoticias.com.pe\/noticiero\/transporte-aereo\/colombia-segunda-fase-de-reactivacion-en-aeropuertos-inicia-el-21-de-septiembre\/#breadcrumb"},"inLanguage":"es","potentialAction":[{"@type":"ReadAction","target":["https:\/\/aeronoticias.com.pe\/noticiero\/transporte-aereo\/colombia-segunda-fase-de-reactivacion-en-aeropuertos-inicia-el-21-de-septiembre\/"]}]},{"@type":"ImageObject","inLanguage":"es","@id":"https:\/\/aeronoticias.com.pe\/noticiero\/transporte-aereo\/colombia-segunda-fase-de-reactivacion-en-aeropuertos-inicia-el-21-de-septiembre\/#primaryimage","url":"https:\/\/aeronoticias.com.pe\/noticiero\/wp-content\/uploads\/2020\/09\/aeropuerto-el-dorado.jpg","contentUrl":"https:\/\/aeronoticias.com.pe\/noticiero\/wp-content\/uploads\/2020\/09\/aeropuerto-el-dorado.jpg","width":800,"height":400},{"@type":"BreadcrumbList","@id":"https:\/\/aeronoticias.com.pe\/noticiero\/transporte-aereo\/colombia-segunda-fase-de-reactivacion-en-aeropuertos-inicia-el-21-de-septiembre\/#breadcrumb","itemListElement":[{"@type":"ListItem","position":1,"name":"Portada","item":"https:\/\/aeronoticias.com.pe\/noticiero\/"},{"@type":"ListItem","position":2,"name":"Colombia: segunda fase de reactivaci\u00f3n en aeropuertos inicia el 21 de septiembre"}]},{"@type":"WebSite","@id":"https:\/\/aeronoticias.com.pe\/noticiero\/#website","url":"https:\/\/aeronoticias.com.pe\/noticiero\/","name":"Aeronoticias.com.pe","description":"Noticias de tranporte aereo, turismo, hoteles, gastronomia, actualidad, internacional","potentialAction":[{"@type":"SearchAction","target":{"@type":"EntryPoint","urlTemplate":"https:\/\/aeronoticias.com.pe\/noticiero\/?s={search_term_string}"},"query-input":{"@type":"PropertyValueSpecification","valueRequired":true,"valueName":"search_term_string"}}],"inLanguage":"es"},{"@type":"Person","@id":"https:\/\/aeronoticias.com.pe\/noticiero\/#\/schema\/person\/9ef7422a13b22ab480ffc29639f442b0","name":"Jefrey Cuya","url":"https:\/\/aeronoticias.com.pe\/noticiero\/author\/jefreycuya\/"}]}},"_links":{"self":[{"href":"https:\/\/aeronoticias.com.pe\/noticiero\/wp-json\/wp\/v2\/posts\/60533","targetHints":{"allow":["GET"]}}],"collection":[{"href":"https:\/\/aeronoticias.com.pe\/noticiero\/wp-json\/wp\/v2\/posts"}],"about":[{"href":"https:\/\/aeronoticias.com.pe\/noticiero\/wp-json\/wp\/v2\/types\/post"}],"author":[{"embeddable":true,"href":"https:\/\/aeronoticias.com.pe\/noticiero\/wp-json\/wp\/v2\/users\/4"}],"replies":[{"embeddable":true,"href":"https:\/\/aeronoticias.com.pe\/noticiero\/wp-json\/wp\/v2\/comments?post=60533"}],"version-history":[{"count":0,"href":"https:\/\/aeronoticias.com.pe\/noticiero\/wp-json\/wp\/v2\/posts\/60533\/revisions"}],"wp:featuredmedia":[{"embeddable":true,"href":"https:\/\/aeronoticias.com.pe\/noticiero\/wp-json\/wp\/v2\/media\/60534"}],"wp:attachment":[{"href":"https:\/\/aeronoticias.com.pe\/noticiero\/wp-json\/wp\/v2\/media?parent=60533"}],"wp:term":[{"taxonomy":"category","embeddable":true,"href":"https:\/\/aeronoticias.com.pe\/noticiero\/wp-json\/wp\/v2\/categories?post=60533"},{"taxonomy":"post_tag","embeddable":true,"href":"https:\/\/aeronoticias.com.pe\/noticiero\/wp-json\/wp\/v2\/tags?post=60533"}],"curies":[{"name":"wp","href":"https:\/\/api.w.org\/{rel}","templated":true}]}}