{"id":60536,"date":"2020-09-07T10:38:52","date_gmt":"2020-09-07T10:38:52","guid":{"rendered":"https:\/\/aeronoticias.com.pe\/noticiero\/?p=60536"},"modified":"2020-09-07T10:38:55","modified_gmt":"2020-09-07T10:38:55","slug":"philippine-airlines-despedira-a-centenares-de-trabajadores-por-la-pandemia","status":"publish","type":"post","link":"https:\/\/aeronoticias.com.pe\/noticiero\/sin-categoria\/philippine-airlines-despedira-a-centenares-de-trabajadores-por-la-pandemia\/","title":{"rendered":"Philippine Airlines despedir\u00e1 a centenares de trabajadores por la pandemia"},"content":{"rendered":"\n<p><strong>(Aeronoticias)<\/strong>.- Philippine<strong> Airlines (PAL)<\/strong>, la mayor aerol\u00ednea filipina, pondr\u00e1 en marcha una nueva ronda de despidos en octubre con la que busca reducir su plantilla en un 35 % para hacer frente a la crisis econ\u00f3mica provocada por la pandemia de COVID-19.<\/p>\n\n\n\n<p>En la actualidad PAL cuenta con unos 6.000 trabajadores, por lo que los despidos afectar\u00e1n a m\u00e1s de 2.000 empleados, aunque la compa\u00f1\u00eda no ofreci\u00f3 la cifra exacta de personas que perder\u00e1n sus puestos en una carta difundida entre su plantilla filtrada este lunes a algunos medios.<\/p>\n\n\n\n<p>Al inicio de la pandemia en marzo, cuando Filipinas cerr\u00f3 sus fronteras a extranjeros y suspendi\u00f3 casi todos los vuelos dom\u00e9sticos, Philippine Airlines ya se deshizo de 300 trabajadores, 200 fueron despedidos y 100 optaron por jubilaciones anticipadas.<\/p>\n\n\n\n<p>La primera quincena de octubre, la compa\u00f1\u00eda ofrecer\u00e1 un paquete de bajas voluntarias, con indemnizaci\u00f3n, y en la segunda mitad de octubre comenzar\u00e1n los despidos.<\/p>\n\n\n\n<p>Los rumores de que tanto PAL como Cebu Pacific -la segunda mayor aerol\u00ednea de Filipinas- puedan ir a la quiebra han cobrado fuerza en el \u00faltimo mes, ya que Filipinas ha impuesto uno de las cuarentenas m\u00e1s estrictas del mundo por la COVID-19, que limitan incluso los vuelos dom\u00e9sticos despu\u00e9s de seis meses de pandemia.<\/p>\n\n\n\n<p>La estricta cuarentena paraliz\u00f3 durante meses la actividad econ\u00f3mica en Filipinas, cuya econom\u00eda ya entr\u00f3 en recesi\u00f3n en el segundo trimestre al desplomarse un 16,5 %, por primera en casi treinta a\u00f1os.<\/p>\n\n\n\n<p>Fuente: <strong><em>EFE<\/em><\/strong>.<\/p>\n","protected":false},"excerpt":{"rendered":"<p>(Aeronoticias).- Philippine Airlines (PAL), la mayor aerol\u00ednea filipina, pondr\u00e1 en marcha una nueva ronda de despidos en octubre con la que busca reducir su plantilla en un 35 % para hacer frente a la crisis econ\u00f3mica provocada por la pandemia de COVID-19. En la actualidad PAL cuenta con unos 6.000 trabajadores, por lo que los [&hellip;]<\/p>\n","protected":false},"author":4,"featured_media":60537,"comment_status":"open","ping_status":"open","sticky":false,"template":"","format":"standard","meta":{"tdm_status":"","tdm_grid_status":"","footnotes":""},"categories":[32,1,11],"tags":[163,116,222],"class_list":{"0":"post-60536","1":"post","2":"type-post","3":"status-publish","4":"format-standard","5":"has-post-thumbnail","7":"category-internacional","8":"category-sin-categoria","9":"category-transporte-aereo","10":"tag-coronavirus","11":"tag-derechos-laborales","12":"tag-philippine-airlines"},"yoast_head":"<!-- This site is optimized with the Yoast SEO plugin v25.1 - https:\/\/yoast.com\/wordpress\/plugins\/seo\/ -->\n<title>Philippine Airlines despedir\u00e1 a centenares de trabajadores por la pandemia<\/title>\n<meta name=\"description\" content=\"Portal de noticias del Per\u00fa sobre el transporte a\u00e9reo, aviaci\u00f3n, turismo, hoteleria, actualidad.\" \/>\n<meta name=\"robots\" content=\"index, follow, max-snippet:-1, max-image-preview:large, max-video-preview:-1\" \/>\n<link rel=\"canonical\" href=\"https:\/\/aeronoticias.com.pe\/noticiero\/sin-categoria\/philippine-airlines-despedira-a-centenares-de-trabajadores-por-la-pandemia\/\" \/>\n<meta property=\"og:locale\" content=\"es_ES\" \/>\n<meta property=\"og:type\" content=\"article\" \/>\n<meta property=\"og:title\" content=\"Philippine Airlines despedir\u00e1 a centenares de trabajadores por la pandemia\" \/>\n<meta property=\"og:description\" content=\"Portal de noticias del Per\u00fa sobre el transporte a\u00e9reo, aviaci\u00f3n, turismo, hoteleria, actualidad.\" \/>\n<meta property=\"og:url\" content=\"https:\/\/aeronoticias.com.pe\/noticiero\/sin-categoria\/philippine-airlines-despedira-a-centenares-de-trabajadores-por-la-pandemia\/\" \/>\n<meta property=\"og:site_name\" content=\"Aeronoticias.com.pe\" \/>\n<meta property=\"article:publisher\" content=\"https:\/\/www.facebook.com\/Aeronoticias.com.pe\/\" \/>\n<meta property=\"article:published_time\" content=\"2020-09-07T10:38:52+00:00\" \/>\n<meta property=\"article:modified_time\" content=\"2020-09-07T10:38:55+00:00\" \/>\n<meta property=\"og:image\" content=\"https:\/\/aeronoticias.com.pe\/noticiero\/wp-content\/uploads\/2020\/09\/Philippine-Airlines-A321.jpg\" \/>\n\t<meta property=\"og:image:width\" content=\"800\" \/>\n\t<meta property=\"og:image:height\" content=\"400\" \/>\n\t<meta property=\"og:image:type\" content=\"image\/jpeg\" \/>\n<meta name=\"author\" content=\"Jefrey Cuya\" \/>\n<meta name=\"twitter:card\" content=\"summary_large_image\" \/>\n<meta name=\"twitter:creator\" content=\"@aeronoticias\" \/>\n<meta name=\"twitter:site\" content=\"@aeronoticias\" \/>\n<meta name=\"twitter:label1\" content=\"Escrito por\" \/>\n\t<meta name=\"twitter:data1\" content=\"Jefrey Cuya\" \/>\n\t<meta name=\"twitter:label2\" content=\"Tiempo de lectura\" \/>\n\t<meta name=\"twitter:data2\" content=\"1 minuto\" \/>\n<script type=\"application\/ld+json\" class=\"yoast-schema-graph\">{\"@context\":\"https:\/\/schema.org\",\"@graph\":[{\"@type\":\"WebPage\",\"@id\":\"https:\/\/aeronoticias.com.pe\/noticiero\/sin-categoria\/philippine-airlines-despedira-a-centenares-de-trabajadores-por-la-pandemia\/\",\"url\":\"https:\/\/aeronoticias.com.pe\/noticiero\/sin-categoria\/philippine-airlines-despedira-a-centenares-de-trabajadores-por-la-pandemia\/\",\"name\":\"Philippine Airlines despedir\u00e1 a centenares de trabajadores por la pandemia\",\"isPartOf\":{\"@id\":\"https:\/\/aeronoticias.com.pe\/noticiero\/#website\"},\"primaryImageOfPage\":{\"@id\":\"https:\/\/aeronoticias.com.pe\/noticiero\/sin-categoria\/philippine-airlines-despedira-a-centenares-de-trabajadores-por-la-pandemia\/#primaryimage\"},\"image\":{\"@id\":\"https:\/\/aeronoticias.com.pe\/noticiero\/sin-categoria\/philippine-airlines-despedira-a-centenares-de-trabajadores-por-la-pandemia\/#primaryimage\"},\"thumbnailUrl\":\"https:\/\/aeronoticias.com.pe\/noticiero\/wp-content\/uploads\/2020\/09\/Philippine-Airlines-A321.jpg\",\"datePublished\":\"2020-09-07T10:38:52+00:00\",\"dateModified\":\"2020-09-07T10:38:55+00:00\",\"author\":{\"@id\":\"https:\/\/aeronoticias.com.pe\/noticiero\/#\/schema\/person\/9ef7422a13b22ab480ffc29639f442b0\"},\"description\":\"Portal de noticias del Per\u00fa sobre el transporte a\u00e9reo, aviaci\u00f3n, turismo, hoteleria, actualidad.\",\"breadcrumb\":{\"@id\":\"https:\/\/aeronoticias.com.pe\/noticiero\/sin-categoria\/philippine-airlines-despedira-a-centenares-de-trabajadores-por-la-pandemia\/#breadcrumb\"},\"inLanguage\":\"es\",\"potentialAction\":[{\"@type\":\"ReadAction\",\"target\":[\"https:\/\/aeronoticias.com.pe\/noticiero\/sin-categoria\/philippine-airlines-despedira-a-centenares-de-trabajadores-por-la-pandemia\/\"]}]},{\"@type\":\"ImageObject\",\"inLanguage\":\"es\",\"@id\":\"https:\/\/aeronoticias.com.pe\/noticiero\/sin-categoria\/philippine-airlines-despedira-a-centenares-de-trabajadores-por-la-pandemia\/#primaryimage\",\"url\":\"https:\/\/aeronoticias.com.pe\/noticiero\/wp-content\/uploads\/2020\/09\/Philippine-Airlines-A321.jpg\",\"contentUrl\":\"https:\/\/aeronoticias.com.pe\/noticiero\/wp-content\/uploads\/2020\/09\/Philippine-Airlines-A321.jpg\",\"width\":800,\"height\":400},{\"@type\":\"BreadcrumbList\",\"@id\":\"https:\/\/aeronoticias.com.pe\/noticiero\/sin-categoria\/philippine-airlines-despedira-a-centenares-de-trabajadores-por-la-pandemia\/#breadcrumb\",\"itemListElement\":[{\"@type\":\"ListItem\",\"position\":1,\"name\":\"Portada\",\"item\":\"https:\/\/aeronoticias.com.pe\/noticiero\/\"},{\"@type\":\"ListItem\",\"position\":2,\"name\":\"Philippine Airlines despedir\u00e1 a centenares de trabajadores por la pandemia\"}]},{\"@type\":\"WebSite\",\"@id\":\"https:\/\/aeronoticias.com.pe\/noticiero\/#website\",\"url\":\"https:\/\/aeronoticias.com.pe\/noticiero\/\",\"name\":\"Aeronoticias.com.pe\",\"description\":\"Noticias de tranporte aereo, turismo, hoteles, gastronomia, actualidad, internacional\",\"potentialAction\":[{\"@type\":\"SearchAction\",\"target\":{\"@type\":\"EntryPoint\",\"urlTemplate\":\"https:\/\/aeronoticias.com.pe\/noticiero\/?s={search_term_string}\"},\"query-input\":{\"@type\":\"PropertyValueSpecification\",\"valueRequired\":true,\"valueName\":\"search_term_string\"}}],\"inLanguage\":\"es\"},{\"@type\":\"Person\",\"@id\":\"https:\/\/aeronoticias.com.pe\/noticiero\/#\/schema\/person\/9ef7422a13b22ab480ffc29639f442b0\",\"name\":\"Jefrey Cuya\",\"url\":\"https:\/\/aeronoticias.com.pe\/noticiero\/author\/jefreycuya\/\"}]}<\/script>\n<!-- \/ Yoast SEO plugin. -->","yoast_head_json":{"title":"Philippine Airlines despedir\u00e1 a centenares de trabajadores por la pandemia","description":"Portal de noticias del Per\u00fa sobre el transporte a\u00e9reo, aviaci\u00f3n, turismo, hoteleria, actualidad.","robots":{"index":"index","follow":"follow","max-snippet":"max-snippet:-1","max-image-preview":"max-image-preview:large","max-video-preview":"max-video-preview:-1"},"canonical":"https:\/\/aeronoticias.com.pe\/noticiero\/sin-categoria\/philippine-airlines-despedira-a-centenares-de-trabajadores-por-la-pandemia\/","og_locale":"es_ES","og_type":"article","og_title":"Philippine Airlines despedir\u00e1 a centenares de trabajadores por la pandemia","og_description":"Portal de noticias del Per\u00fa sobre el transporte a\u00e9reo, aviaci\u00f3n, turismo, hoteleria, actualidad.","og_url":"https:\/\/aeronoticias.com.pe\/noticiero\/sin-categoria\/philippine-airlines-despedira-a-centenares-de-trabajadores-por-la-pandemia\/","og_site_name":"Aeronoticias.com.pe","article_publisher":"https:\/\/www.facebook.com\/Aeronoticias.com.pe\/","article_published_time":"2020-09-07T10:38:52+00:00","article_modified_time":"2020-09-07T10:38:55+00:00","og_image":[{"width":800,"height":400,"url":"https:\/\/aeronoticias.com.pe\/noticiero\/wp-content\/uploads\/2020\/09\/Philippine-Airlines-A321.jpg","type":"image\/jpeg"}],"author":"Jefrey Cuya","twitter_card":"summary_large_image","twitter_creator":"@aeronoticias","twitter_site":"@aeronoticias","twitter_misc":{"Escrito por":"Jefrey Cuya","Tiempo de lectura":"1 minuto"},"schema":{"@context":"https:\/\/schema.org","@graph":[{"@type":"WebPage","@id":"https:\/\/aeronoticias.com.pe\/noticiero\/sin-categoria\/philippine-airlines-despedira-a-centenares-de-trabajadores-por-la-pandemia\/","url":"https:\/\/aeronoticias.com.pe\/noticiero\/sin-categoria\/philippine-airlines-despedira-a-centenares-de-trabajadores-por-la-pandemia\/","name":"Philippine Airlines despedir\u00e1 a centenares de trabajadores por la pandemia","isPartOf":{"@id":"https:\/\/aeronoticias.com.pe\/noticiero\/#website"},"primaryImageOfPage":{"@id":"https:\/\/aeronoticias.com.pe\/noticiero\/sin-categoria\/philippine-airlines-despedira-a-centenares-de-trabajadores-por-la-pandemia\/#primaryimage"},"image":{"@id":"https:\/\/aeronoticias.com.pe\/noticiero\/sin-categoria\/philippine-airlines-despedira-a-centenares-de-trabajadores-por-la-pandemia\/#primaryimage"},"thumbnailUrl":"https:\/\/aeronoticias.com.pe\/noticiero\/wp-content\/uploads\/2020\/09\/Philippine-Airlines-A321.jpg","datePublished":"2020-09-07T10:38:52+00:00","dateModified":"2020-09-07T10:38:55+00:00","author":{"@id":"https:\/\/aeronoticias.com.pe\/noticiero\/#\/schema\/person\/9ef7422a13b22ab480ffc29639f442b0"},"description":"Portal de noticias del Per\u00fa sobre el transporte a\u00e9reo, aviaci\u00f3n, turismo, hoteleria, actualidad.","breadcrumb":{"@id":"https:\/\/aeronoticias.com.pe\/noticiero\/sin-categoria\/philippine-airlines-despedira-a-centenares-de-trabajadores-por-la-pandemia\/#breadcrumb"},"inLanguage":"es","potentialAction":[{"@type":"ReadAction","target":["https:\/\/aeronoticias.com.pe\/noticiero\/sin-categoria\/philippine-airlines-despedira-a-centenares-de-trabajadores-por-la-pandemia\/"]}]},{"@type":"ImageObject","inLanguage":"es","@id":"https:\/\/aeronoticias.com.pe\/noticiero\/sin-categoria\/philippine-airlines-despedira-a-centenares-de-trabajadores-por-la-pandemia\/#primaryimage","url":"https:\/\/aeronoticias.com.pe\/noticiero\/wp-content\/uploads\/2020\/09\/Philippine-Airlines-A321.jpg","contentUrl":"https:\/\/aeronoticias.com.pe\/noticiero\/wp-content\/uploads\/2020\/09\/Philippine-Airlines-A321.jpg","width":800,"height":400},{"@type":"BreadcrumbList","@id":"https:\/\/aeronoticias.com.pe\/noticiero\/sin-categoria\/philippine-airlines-despedira-a-centenares-de-trabajadores-por-la-pandemia\/#breadcrumb","itemListElement":[{"@type":"ListItem","position":1,"name":"Portada","item":"https:\/\/aeronoticias.com.pe\/noticiero\/"},{"@type":"ListItem","position":2,"name":"Philippine Airlines despedir\u00e1 a centenares de trabajadores por la pandemia"}]},{"@type":"WebSite","@id":"https:\/\/aeronoticias.com.pe\/noticiero\/#website","url":"https:\/\/aeronoticias.com.pe\/noticiero\/","name":"Aeronoticias.com.pe","description":"Noticias de tranporte aereo, turismo, hoteles, gastronomia, actualidad, internacional","potentialAction":[{"@type":"SearchAction","target":{"@type":"EntryPoint","urlTemplate":"https:\/\/aeronoticias.com.pe\/noticiero\/?s={search_term_string}"},"query-input":{"@type":"PropertyValueSpecification","valueRequired":true,"valueName":"search_term_string"}}],"inLanguage":"es"},{"@type":"Person","@id":"https:\/\/aeronoticias.com.pe\/noticiero\/#\/schema\/person\/9ef7422a13b22ab480ffc29639f442b0","name":"Jefrey Cuya","url":"https:\/\/aeronoticias.com.pe\/noticiero\/author\/jefreycuya\/"}]}},"_links":{"self":[{"href":"https:\/\/aeronoticias.com.pe\/noticiero\/wp-json\/wp\/v2\/posts\/60536","targetHints":{"allow":["GET"]}}],"collection":[{"href":"https:\/\/aeronoticias.com.pe\/noticiero\/wp-json\/wp\/v2\/posts"}],"about":[{"href":"https:\/\/aeronoticias.com.pe\/noticiero\/wp-json\/wp\/v2\/types\/post"}],"author":[{"embeddable":true,"href":"https:\/\/aeronoticias.com.pe\/noticiero\/wp-json\/wp\/v2\/users\/4"}],"replies":[{"embeddable":true,"href":"https:\/\/aeronoticias.com.pe\/noticiero\/wp-json\/wp\/v2\/comments?post=60536"}],"version-history":[{"count":0,"href":"https:\/\/aeronoticias.com.pe\/noticiero\/wp-json\/wp\/v2\/posts\/60536\/revisions"}],"wp:featuredmedia":[{"embeddable":true,"href":"https:\/\/aeronoticias.com.pe\/noticiero\/wp-json\/wp\/v2\/media\/60537"}],"wp:attachment":[{"href":"https:\/\/aeronoticias.com.pe\/noticiero\/wp-json\/wp\/v2\/media?parent=60536"}],"wp:term":[{"taxonomy":"category","embeddable":true,"href":"https:\/\/aeronoticias.com.pe\/noticiero\/wp-json\/wp\/v2\/categories?post=60536"},{"taxonomy":"post_tag","embeddable":true,"href":"https:\/\/aeronoticias.com.pe\/noticiero\/wp-json\/wp\/v2\/tags?post=60536"}],"curies":[{"name":"wp","href":"https:\/\/api.w.org\/{rel}","templated":true}]}}