{"id":60610,"date":"2020-09-08T15:38:25","date_gmt":"2020-09-08T15:38:25","guid":{"rendered":"https:\/\/aeronoticias.com.pe\/noticiero\/?p=60610"},"modified":"2020-09-08T15:38:29","modified_gmt":"2020-09-08T15:38:29","slug":"estados-unidos-mas-de-700-pasajeros-estan-prohibidos-de-volar-por-no-usar-mascarilla","status":"publish","type":"post","link":"https:\/\/aeronoticias.com.pe\/noticiero\/transporte-aereo\/estados-unidos-mas-de-700-pasajeros-estan-prohibidos-de-volar-por-no-usar-mascarilla\/","title":{"rendered":"Estados Unidos: m\u00e1s de 700 pasajeros est\u00e1n prohibidos de volar por no usar mascarilla"},"content":{"rendered":"\n<p><strong>(Aeronoticias)<\/strong>.- M\u00e1s de 700 pasajeros se les ha prohibidos de volar en las aerol\u00edneas de EE.UU. por negarse a usar m\u00e1scaras, seg\u00fan un informe.<\/p>\n\n\n\n<p>Delta Air Lines ha sido la m\u00e1s estricta, poniendo 270 pasajeros en su lista de \u201cno volar\u201d por desacatar su pol\u00edtica de m\u00e1scaras, dijo Los Angeles Times.<\/p>\n\n\n\n<p>United Airlines dijo al peri\u00f3dico californiano que ha prohibido a 150, Spirit Airlines dijo 128, Frontier Airlines a 106 y Hawaiian Airlines 6.<\/p>\n\n\n\n<p>Alaska Airlines coment\u00f3 que ha prohibido 78 \u2013 y tambi\u00e9n dio 92 advertencias, o \u201ctarjetas amarillas\u201d, a los pasajeros que tuvieron que ser amonestados m\u00e1s de una vez en un vuelo por ignorar la pol\u00edtica de la m\u00e1scara, dijo el peri\u00f3dico.<\/p>\n\n\n\n<p>El recuento real podr\u00eda ser mucho mayor, ya que aerol\u00edneas como American Airlines y Southwest Airlines, se negaron a revelar c\u00f3mo se han emitido las prohibiciones.<\/p>\n\n\n\n<p>La duraci\u00f3n de las prohibiciones depende de la aerol\u00ednea y del comportamiento de cada pasajero, dijeron las compa\u00f1\u00edas. Delta inform\u00f3 que sus prohibiciones podr\u00edan durar toda la vida en ciertos casos.<\/p>\n\n\n\n<p>Por la pandemia del coronavirus, las principales aerol\u00edneas de EE.UU. han comenzado a exigir a los pasajeros mayores de dos a\u00f1os que se cubran la cara durante los vuelos, excepto cuando beban, coman o tomen medicamentos, se\u00f1al\u00f3 el peri\u00f3dico.<\/p>\n\n\n\n<p>\u201cEsperamos que nuestros clientes cumplan con las pol\u00edticas cuando deciden viajar con nosotros, y tomamos medidas cuando no es as\u00ed\u201d, dijo al peri\u00f3dico el portavoz de American Airlines, Curtis Blessing.<\/p>\n\n\n\n<p>Sara Nelson, presidenta de la Asociaci\u00f3n de Auxiliares de Vuelo, que representa a casi 50.000 tripulantes de cabina de 19 aerol\u00edneas, dijo que los empleados han pedido repetidamente un mandato federal.<\/p>\n\n\n\n<p>\u201cLos tripulantes de cabina quieren un mandato federal, y tambi\u00e9n los legisladores\u201d, dijo. \u201cAl igual que cualquier persona que fume en un avi\u00f3n se enfrenta a cargos y multas federales, tambi\u00e9n la gente deber\u00eda entender las graves consecuencias de poner en riesgo la salud de los dem\u00e1s al negarse a usar una m\u00e1scara\u201d.<\/p>\n\n\n\n<p>Fuente: <strong><em>Lee Brown &#8211; ny.post<\/em><\/strong><\/p>\n","protected":false},"excerpt":{"rendered":"<p>(Aeronoticias).- M\u00e1s de 700 pasajeros se les ha prohibidos de volar en las aerol\u00edneas de EE.UU. por negarse a usar m\u00e1scaras, seg\u00fan un informe. Delta Air Lines ha sido la m\u00e1s estricta, poniendo 270 pasajeros en su lista de \u201cno volar\u201d por desacatar su pol\u00edtica de m\u00e1scaras, dijo Los Angeles Times. United Airlines dijo al [&hellip;]<\/p>\n","protected":false},"author":4,"featured_media":60611,"comment_status":"open","ping_status":"open","sticky":false,"template":"","format":"standard","meta":{"tdm_status":"","tdm_grid_status":"","footnotes":""},"categories":[32,11],"tags":[163,103],"class_list":{"0":"post-60610","1":"post","2":"type-post","3":"status-publish","4":"format-standard","5":"has-post-thumbnail","7":"category-internacional","8":"category-transporte-aereo","9":"tag-coronavirus","10":"tag-estados-unidos"},"yoast_head":"<!-- This site is optimized with the Yoast SEO plugin v25.1 - https:\/\/yoast.com\/wordpress\/plugins\/seo\/ -->\n<title>Estados Unidos: m\u00e1s de 700 pasajeros est\u00e1n prohibidos de volar por no usar mascarilla<\/title>\n<meta name=\"description\" content=\"Portal de noticias del Per\u00fa sobre el transporte a\u00e9reo, aviaci\u00f3n, turismo, hoteleria, actualidad.\" \/>\n<meta name=\"robots\" content=\"index, follow, max-snippet:-1, max-image-preview:large, max-video-preview:-1\" \/>\n<link rel=\"canonical\" href=\"https:\/\/aeronoticias.com.pe\/noticiero\/transporte-aereo\/estados-unidos-mas-de-700-pasajeros-estan-prohibidos-de-volar-por-no-usar-mascarilla\/\" \/>\n<meta property=\"og:locale\" content=\"es_ES\" \/>\n<meta property=\"og:type\" content=\"article\" \/>\n<meta property=\"og:title\" content=\"Estados Unidos: m\u00e1s de 700 pasajeros est\u00e1n prohibidos de volar por no usar mascarilla\" \/>\n<meta property=\"og:description\" content=\"Portal de noticias del Per\u00fa sobre el transporte a\u00e9reo, aviaci\u00f3n, turismo, hoteleria, actualidad.\" \/>\n<meta property=\"og:url\" content=\"https:\/\/aeronoticias.com.pe\/noticiero\/transporte-aereo\/estados-unidos-mas-de-700-pasajeros-estan-prohibidos-de-volar-por-no-usar-mascarilla\/\" \/>\n<meta property=\"og:site_name\" content=\"Aeronoticias.com.pe\" \/>\n<meta property=\"article:publisher\" content=\"https:\/\/www.facebook.com\/Aeronoticias.com.pe\/\" \/>\n<meta property=\"article:published_time\" content=\"2020-09-08T15:38:25+00:00\" \/>\n<meta property=\"article:modified_time\" content=\"2020-09-08T15:38:29+00:00\" \/>\n<meta property=\"og:image\" content=\"https:\/\/aeronoticias.com.pe\/noticiero\/wp-content\/uploads\/2020\/09\/Coronavirus-Viajar-en-avion.jpg\" \/>\n\t<meta property=\"og:image:width\" content=\"800\" \/>\n\t<meta property=\"og:image:height\" content=\"400\" \/>\n\t<meta property=\"og:image:type\" content=\"image\/jpeg\" \/>\n<meta name=\"author\" content=\"Jefrey Cuya\" \/>\n<meta name=\"twitter:card\" content=\"summary_large_image\" \/>\n<meta name=\"twitter:creator\" content=\"@aeronoticias\" \/>\n<meta name=\"twitter:site\" content=\"@aeronoticias\" \/>\n<meta name=\"twitter:label1\" content=\"Escrito por\" \/>\n\t<meta name=\"twitter:data1\" content=\"Jefrey Cuya\" \/>\n\t<meta name=\"twitter:label2\" content=\"Tiempo de lectura\" \/>\n\t<meta name=\"twitter:data2\" content=\"2 minutos\" \/>\n<script type=\"application\/ld+json\" class=\"yoast-schema-graph\">{\"@context\":\"https:\/\/schema.org\",\"@graph\":[{\"@type\":\"WebPage\",\"@id\":\"https:\/\/aeronoticias.com.pe\/noticiero\/transporte-aereo\/estados-unidos-mas-de-700-pasajeros-estan-prohibidos-de-volar-por-no-usar-mascarilla\/\",\"url\":\"https:\/\/aeronoticias.com.pe\/noticiero\/transporte-aereo\/estados-unidos-mas-de-700-pasajeros-estan-prohibidos-de-volar-por-no-usar-mascarilla\/\",\"name\":\"Estados Unidos: m\u00e1s de 700 pasajeros est\u00e1n prohibidos de volar por no usar mascarilla\",\"isPartOf\":{\"@id\":\"https:\/\/aeronoticias.com.pe\/noticiero\/#website\"},\"primaryImageOfPage\":{\"@id\":\"https:\/\/aeronoticias.com.pe\/noticiero\/transporte-aereo\/estados-unidos-mas-de-700-pasajeros-estan-prohibidos-de-volar-por-no-usar-mascarilla\/#primaryimage\"},\"image\":{\"@id\":\"https:\/\/aeronoticias.com.pe\/noticiero\/transporte-aereo\/estados-unidos-mas-de-700-pasajeros-estan-prohibidos-de-volar-por-no-usar-mascarilla\/#primaryimage\"},\"thumbnailUrl\":\"https:\/\/aeronoticias.com.pe\/noticiero\/wp-content\/uploads\/2020\/09\/Coronavirus-Viajar-en-avion.jpg\",\"datePublished\":\"2020-09-08T15:38:25+00:00\",\"dateModified\":\"2020-09-08T15:38:29+00:00\",\"author\":{\"@id\":\"https:\/\/aeronoticias.com.pe\/noticiero\/#\/schema\/person\/9ef7422a13b22ab480ffc29639f442b0\"},\"description\":\"Portal de noticias del Per\u00fa sobre el transporte a\u00e9reo, aviaci\u00f3n, turismo, hoteleria, actualidad.\",\"breadcrumb\":{\"@id\":\"https:\/\/aeronoticias.com.pe\/noticiero\/transporte-aereo\/estados-unidos-mas-de-700-pasajeros-estan-prohibidos-de-volar-por-no-usar-mascarilla\/#breadcrumb\"},\"inLanguage\":\"es\",\"potentialAction\":[{\"@type\":\"ReadAction\",\"target\":[\"https:\/\/aeronoticias.com.pe\/noticiero\/transporte-aereo\/estados-unidos-mas-de-700-pasajeros-estan-prohibidos-de-volar-por-no-usar-mascarilla\/\"]}]},{\"@type\":\"ImageObject\",\"inLanguage\":\"es\",\"@id\":\"https:\/\/aeronoticias.com.pe\/noticiero\/transporte-aereo\/estados-unidos-mas-de-700-pasajeros-estan-prohibidos-de-volar-por-no-usar-mascarilla\/#primaryimage\",\"url\":\"https:\/\/aeronoticias.com.pe\/noticiero\/wp-content\/uploads\/2020\/09\/Coronavirus-Viajar-en-avion.jpg\",\"contentUrl\":\"https:\/\/aeronoticias.com.pe\/noticiero\/wp-content\/uploads\/2020\/09\/Coronavirus-Viajar-en-avion.jpg\",\"width\":800,\"height\":400},{\"@type\":\"BreadcrumbList\",\"@id\":\"https:\/\/aeronoticias.com.pe\/noticiero\/transporte-aereo\/estados-unidos-mas-de-700-pasajeros-estan-prohibidos-de-volar-por-no-usar-mascarilla\/#breadcrumb\",\"itemListElement\":[{\"@type\":\"ListItem\",\"position\":1,\"name\":\"Portada\",\"item\":\"https:\/\/aeronoticias.com.pe\/noticiero\/\"},{\"@type\":\"ListItem\",\"position\":2,\"name\":\"Estados Unidos: m\u00e1s de 700 pasajeros est\u00e1n prohibidos de volar por no usar mascarilla\"}]},{\"@type\":\"WebSite\",\"@id\":\"https:\/\/aeronoticias.com.pe\/noticiero\/#website\",\"url\":\"https:\/\/aeronoticias.com.pe\/noticiero\/\",\"name\":\"Aeronoticias.com.pe\",\"description\":\"Noticias de tranporte aereo, turismo, hoteles, gastronomia, actualidad, internacional\",\"potentialAction\":[{\"@type\":\"SearchAction\",\"target\":{\"@type\":\"EntryPoint\",\"urlTemplate\":\"https:\/\/aeronoticias.com.pe\/noticiero\/?s={search_term_string}\"},\"query-input\":{\"@type\":\"PropertyValueSpecification\",\"valueRequired\":true,\"valueName\":\"search_term_string\"}}],\"inLanguage\":\"es\"},{\"@type\":\"Person\",\"@id\":\"https:\/\/aeronoticias.com.pe\/noticiero\/#\/schema\/person\/9ef7422a13b22ab480ffc29639f442b0\",\"name\":\"Jefrey Cuya\",\"url\":\"https:\/\/aeronoticias.com.pe\/noticiero\/author\/jefreycuya\/\"}]}<\/script>\n<!-- \/ Yoast SEO plugin. -->","yoast_head_json":{"title":"Estados Unidos: m\u00e1s de 700 pasajeros est\u00e1n prohibidos de volar por no usar mascarilla","description":"Portal de noticias del Per\u00fa sobre el transporte a\u00e9reo, aviaci\u00f3n, turismo, hoteleria, actualidad.","robots":{"index":"index","follow":"follow","max-snippet":"max-snippet:-1","max-image-preview":"max-image-preview:large","max-video-preview":"max-video-preview:-1"},"canonical":"https:\/\/aeronoticias.com.pe\/noticiero\/transporte-aereo\/estados-unidos-mas-de-700-pasajeros-estan-prohibidos-de-volar-por-no-usar-mascarilla\/","og_locale":"es_ES","og_type":"article","og_title":"Estados Unidos: m\u00e1s de 700 pasajeros est\u00e1n prohibidos de volar por no usar mascarilla","og_description":"Portal de noticias del Per\u00fa sobre el transporte a\u00e9reo, aviaci\u00f3n, turismo, hoteleria, actualidad.","og_url":"https:\/\/aeronoticias.com.pe\/noticiero\/transporte-aereo\/estados-unidos-mas-de-700-pasajeros-estan-prohibidos-de-volar-por-no-usar-mascarilla\/","og_site_name":"Aeronoticias.com.pe","article_publisher":"https:\/\/www.facebook.com\/Aeronoticias.com.pe\/","article_published_time":"2020-09-08T15:38:25+00:00","article_modified_time":"2020-09-08T15:38:29+00:00","og_image":[{"width":800,"height":400,"url":"https:\/\/aeronoticias.com.pe\/noticiero\/wp-content\/uploads\/2020\/09\/Coronavirus-Viajar-en-avion.jpg","type":"image\/jpeg"}],"author":"Jefrey Cuya","twitter_card":"summary_large_image","twitter_creator":"@aeronoticias","twitter_site":"@aeronoticias","twitter_misc":{"Escrito por":"Jefrey Cuya","Tiempo de lectura":"2 minutos"},"schema":{"@context":"https:\/\/schema.org","@graph":[{"@type":"WebPage","@id":"https:\/\/aeronoticias.com.pe\/noticiero\/transporte-aereo\/estados-unidos-mas-de-700-pasajeros-estan-prohibidos-de-volar-por-no-usar-mascarilla\/","url":"https:\/\/aeronoticias.com.pe\/noticiero\/transporte-aereo\/estados-unidos-mas-de-700-pasajeros-estan-prohibidos-de-volar-por-no-usar-mascarilla\/","name":"Estados Unidos: m\u00e1s de 700 pasajeros est\u00e1n prohibidos de volar por no usar mascarilla","isPartOf":{"@id":"https:\/\/aeronoticias.com.pe\/noticiero\/#website"},"primaryImageOfPage":{"@id":"https:\/\/aeronoticias.com.pe\/noticiero\/transporte-aereo\/estados-unidos-mas-de-700-pasajeros-estan-prohibidos-de-volar-por-no-usar-mascarilla\/#primaryimage"},"image":{"@id":"https:\/\/aeronoticias.com.pe\/noticiero\/transporte-aereo\/estados-unidos-mas-de-700-pasajeros-estan-prohibidos-de-volar-por-no-usar-mascarilla\/#primaryimage"},"thumbnailUrl":"https:\/\/aeronoticias.com.pe\/noticiero\/wp-content\/uploads\/2020\/09\/Coronavirus-Viajar-en-avion.jpg","datePublished":"2020-09-08T15:38:25+00:00","dateModified":"2020-09-08T15:38:29+00:00","author":{"@id":"https:\/\/aeronoticias.com.pe\/noticiero\/#\/schema\/person\/9ef7422a13b22ab480ffc29639f442b0"},"description":"Portal de noticias del Per\u00fa sobre el transporte a\u00e9reo, aviaci\u00f3n, turismo, hoteleria, actualidad.","breadcrumb":{"@id":"https:\/\/aeronoticias.com.pe\/noticiero\/transporte-aereo\/estados-unidos-mas-de-700-pasajeros-estan-prohibidos-de-volar-por-no-usar-mascarilla\/#breadcrumb"},"inLanguage":"es","potentialAction":[{"@type":"ReadAction","target":["https:\/\/aeronoticias.com.pe\/noticiero\/transporte-aereo\/estados-unidos-mas-de-700-pasajeros-estan-prohibidos-de-volar-por-no-usar-mascarilla\/"]}]},{"@type":"ImageObject","inLanguage":"es","@id":"https:\/\/aeronoticias.com.pe\/noticiero\/transporte-aereo\/estados-unidos-mas-de-700-pasajeros-estan-prohibidos-de-volar-por-no-usar-mascarilla\/#primaryimage","url":"https:\/\/aeronoticias.com.pe\/noticiero\/wp-content\/uploads\/2020\/09\/Coronavirus-Viajar-en-avion.jpg","contentUrl":"https:\/\/aeronoticias.com.pe\/noticiero\/wp-content\/uploads\/2020\/09\/Coronavirus-Viajar-en-avion.jpg","width":800,"height":400},{"@type":"BreadcrumbList","@id":"https:\/\/aeronoticias.com.pe\/noticiero\/transporte-aereo\/estados-unidos-mas-de-700-pasajeros-estan-prohibidos-de-volar-por-no-usar-mascarilla\/#breadcrumb","itemListElement":[{"@type":"ListItem","position":1,"name":"Portada","item":"https:\/\/aeronoticias.com.pe\/noticiero\/"},{"@type":"ListItem","position":2,"name":"Estados Unidos: m\u00e1s de 700 pasajeros est\u00e1n prohibidos de volar por no usar mascarilla"}]},{"@type":"WebSite","@id":"https:\/\/aeronoticias.com.pe\/noticiero\/#website","url":"https:\/\/aeronoticias.com.pe\/noticiero\/","name":"Aeronoticias.com.pe","description":"Noticias de tranporte aereo, turismo, hoteles, gastronomia, actualidad, internacional","potentialAction":[{"@type":"SearchAction","target":{"@type":"EntryPoint","urlTemplate":"https:\/\/aeronoticias.com.pe\/noticiero\/?s={search_term_string}"},"query-input":{"@type":"PropertyValueSpecification","valueRequired":true,"valueName":"search_term_string"}}],"inLanguage":"es"},{"@type":"Person","@id":"https:\/\/aeronoticias.com.pe\/noticiero\/#\/schema\/person\/9ef7422a13b22ab480ffc29639f442b0","name":"Jefrey Cuya","url":"https:\/\/aeronoticias.com.pe\/noticiero\/author\/jefreycuya\/"}]}},"_links":{"self":[{"href":"https:\/\/aeronoticias.com.pe\/noticiero\/wp-json\/wp\/v2\/posts\/60610","targetHints":{"allow":["GET"]}}],"collection":[{"href":"https:\/\/aeronoticias.com.pe\/noticiero\/wp-json\/wp\/v2\/posts"}],"about":[{"href":"https:\/\/aeronoticias.com.pe\/noticiero\/wp-json\/wp\/v2\/types\/post"}],"author":[{"embeddable":true,"href":"https:\/\/aeronoticias.com.pe\/noticiero\/wp-json\/wp\/v2\/users\/4"}],"replies":[{"embeddable":true,"href":"https:\/\/aeronoticias.com.pe\/noticiero\/wp-json\/wp\/v2\/comments?post=60610"}],"version-history":[{"count":0,"href":"https:\/\/aeronoticias.com.pe\/noticiero\/wp-json\/wp\/v2\/posts\/60610\/revisions"}],"wp:featuredmedia":[{"embeddable":true,"href":"https:\/\/aeronoticias.com.pe\/noticiero\/wp-json\/wp\/v2\/media\/60611"}],"wp:attachment":[{"href":"https:\/\/aeronoticias.com.pe\/noticiero\/wp-json\/wp\/v2\/media?parent=60610"}],"wp:term":[{"taxonomy":"category","embeddable":true,"href":"https:\/\/aeronoticias.com.pe\/noticiero\/wp-json\/wp\/v2\/categories?post=60610"},{"taxonomy":"post_tag","embeddable":true,"href":"https:\/\/aeronoticias.com.pe\/noticiero\/wp-json\/wp\/v2\/tags?post=60610"}],"curies":[{"name":"wp","href":"https:\/\/api.w.org\/{rel}","templated":true}]}}