{"id":60613,"date":"2020-09-08T15:46:00","date_gmt":"2020-09-08T15:46:00","guid":{"rendered":"https:\/\/aeronoticias.com.pe\/noticiero\/?p=60613"},"modified":"2020-09-08T15:46:09","modified_gmt":"2020-09-08T15:46:09","slug":"aerolineas-europeas-recibieron-apoyo-financiero-de-gobiernos","status":"publish","type":"post","link":"https:\/\/aeronoticias.com.pe\/noticiero\/transporte-aereo\/aerolineas-europeas-recibieron-apoyo-financiero-de-gobiernos\/","title":{"rendered":"Aerol\u00edneas europeas recibieron apoyo financiero de gobiernos"},"content":{"rendered":"\n<p>(Aeronoticias).- Las aerol\u00edneas europeas obtuvieron un apoyo financiero directo de los gobiernos de m\u00e1s de 25.000 millones de euros tras el inicio de la crisis del coronavirus a principios de este a\u00f1o, seg\u00fan datos de Scope Ratings que asegura que la reducci\u00f3n de viajes y el aumento de la deuda ponen a prueba la escasa capacidad de generaci\u00f3n de efectivo del sector a\u00e9reo europeo. <\/p>\n\n\n\n<p>El apoyo gubernamental ha ayudado a los grandes turoperadores europeos a evitar una crisis de liquidez ante el descenso del tr\u00e1fico a\u00e9reo de al menos el 50% en 2020, seg\u00fan an\u00e1lisis de las perspectivas del sector de aerol\u00edneas europeas que ha realizado Scope Ratings, con el analista Werner St\u00e4blein a la cabeza que considera que el desapalancamiento tras la crisis de Covid-19 ser\u00e1 un desaf\u00edo para un sector con baja generaci\u00f3n de flujo de caja libre.<\/p>\n\n\n\n<p>\u201cLas reservas de liquidez de la mayor\u00eda de las aerol\u00edneas eran insuficientes para hacer frente a una crisis de la magnitud de la provocada por la pandemia, que llev\u00f3 a la inmovilizaci\u00f3n de casi todas las aeronaves en abril y mayo\u201d, asegura Werner St\u00e4blein, analista de Scope.<\/p>\n\n\n\n<p>En su opini\u00f3n, en estos momentos la financiaci\u00f3n est\u00e1 estabilizada gracias a las ayudas estatales, \u201cpero el futuro desapalancamiento y la reestructuraci\u00f3n operativa -incluida la disminuci\u00f3n de las operaciones- supondr\u00e1n un reto para algunos actores de la industria\u201d.<\/p>\n\n\n\n<p>El informe se\u00f1ala que el sector de las aerol\u00edneas tiene un escaso historial en la generaci\u00f3n de flujo de caja libre operativo. Las tres grandes compa\u00f1\u00edas de la red \u2013 Deutsche Lufthansa (BBB-\/Negativo), Air France-KLM, International Airlines Group, ten\u00edan unos ingresos combinados de unos 90.000 millones de euros antes de la crisis de Covid-19, pero el flujo de caja libre operativo combinado antes de la crisis era s\u00f3lo de unos 2.500 millones de euros, lo que refleja los bajos m\u00e1rgenes y la alta inversi\u00f3n en el sector.<\/p>\n\n\n\n<p>De cara a 2020, los flujos de caja libres operativos del primer semestre negativos sugieren que la destrucci\u00f3n de efectivo para todo el a\u00f1o puede resultar menos grave de lo previsto durante el punto \u00e1lgido de la crisis.<\/p>\n\n\n\n<p>\u201cGran parte de las necesidades de efectivo en 2020 dependen de los niveles de reembolso de los billetes de vuelo, la continuaci\u00f3n de los acuerdos de trabajo a tiempo parcial y un repunte en la demanda de viajes\u201d, a\u00f1ade St\u00e4blein.<\/p>\n\n\n\n<p>Por ahora, la visibilidad de la recuperaci\u00f3n del tr\u00e1fico a\u00e9reo es baja. Los clientes de vuelos de larga y corta distancia siguen reservando con muy poca antelaci\u00f3n. Los viajes de negocios se est\u00e1n recuperando s\u00f3lo lentamente.<\/p>\n\n\n\n<p>El tr\u00e1fico de pasajeros tambi\u00e9n est\u00e1 estrechamente ligado a la actividad econ\u00f3mica, tendiendo a aumentar m\u00e1s r\u00e1pidamente que la producci\u00f3n econ\u00f3mica en tiempos de bonanza, pero cae m\u00e1s r\u00e1pidamente cuando las econom\u00edas se desploman.<\/p>\n\n\n\n<p>En cambio, el transporte a\u00e9reo de mercanc\u00edas es un sector al que le ha ido bien, no obstante, con el aumento gradual del tr\u00e1fico de pasajeros se producir\u00e1 un aumento de la capacidad de carga en los aviones de pasajeros. Esto reducir\u00e1 los elevados rendimientos del transporte de mercanc\u00edas.<\/p>\n\n\n\n<p>Adem\u00e1s, el negocio del transporte a\u00e9reo de mercanc\u00edas tambi\u00e9n es demasiado peque\u00f1o para compensar la disminuci\u00f3n de los ingresos procedentes de los viajes de pasajeros.<\/p>\n\n\n\n<p>Fuente: <strong><em>Europa Press<\/em><\/strong>.<\/p>\n","protected":false},"excerpt":{"rendered":"<p>(Aeronoticias).- Las aerol\u00edneas europeas obtuvieron un apoyo financiero directo de los gobiernos de m\u00e1s de 25.000 millones de euros tras el inicio de la crisis del coronavirus a principios de este a\u00f1o, seg\u00fan datos de Scope Ratings que asegura que la reducci\u00f3n de viajes y el aumento de la deuda ponen a prueba la escasa [&hellip;]<\/p>\n","protected":false},"author":4,"featured_media":60614,"comment_status":"open","ping_status":"open","sticky":false,"template":"","format":"standard","meta":{"tdm_status":"","tdm_grid_status":"","footnotes":""},"categories":[32,11],"tags":[163,119],"class_list":{"0":"post-60613","1":"post","2":"type-post","3":"status-publish","4":"format-standard","5":"has-post-thumbnail","7":"category-internacional","8":"category-transporte-aereo","9":"tag-coronavirus","10":"tag-europa"},"yoast_head":"<!-- This site is optimized with the Yoast SEO plugin v25.1 - https:\/\/yoast.com\/wordpress\/plugins\/seo\/ -->\n<title>Aerol\u00edneas europeas recibieron apoyo financiero de gobiernos<\/title>\n<meta name=\"description\" content=\"Portal de noticias del Per\u00fa sobre el transporte a\u00e9reo, aviaci\u00f3n, turismo, hoteleria, actualidad.\" \/>\n<meta name=\"robots\" content=\"index, follow, max-snippet:-1, max-image-preview:large, max-video-preview:-1\" \/>\n<link rel=\"canonical\" href=\"https:\/\/aeronoticias.com.pe\/noticiero\/transporte-aereo\/aerolineas-europeas-recibieron-apoyo-financiero-de-gobiernos\/\" \/>\n<meta property=\"og:locale\" content=\"es_ES\" \/>\n<meta property=\"og:type\" content=\"article\" \/>\n<meta property=\"og:title\" content=\"Aerol\u00edneas europeas recibieron apoyo financiero de gobiernos\" \/>\n<meta property=\"og:description\" content=\"Portal de noticias del Per\u00fa sobre el transporte a\u00e9reo, aviaci\u00f3n, turismo, hoteleria, actualidad.\" \/>\n<meta property=\"og:url\" content=\"https:\/\/aeronoticias.com.pe\/noticiero\/transporte-aereo\/aerolineas-europeas-recibieron-apoyo-financiero-de-gobiernos\/\" \/>\n<meta property=\"og:site_name\" content=\"Aeronoticias.com.pe\" \/>\n<meta property=\"article:publisher\" content=\"https:\/\/www.facebook.com\/Aeronoticias.com.pe\/\" \/>\n<meta property=\"article:published_time\" content=\"2020-09-08T15:46:00+00:00\" \/>\n<meta property=\"article:modified_time\" content=\"2020-09-08T15:46:09+00:00\" \/>\n<meta property=\"og:image\" content=\"https:\/\/aeronoticias.com.pe\/noticiero\/wp-content\/uploads\/2020\/09\/avion-1.jpg\" \/>\n\t<meta property=\"og:image:width\" content=\"800\" \/>\n\t<meta property=\"og:image:height\" content=\"400\" \/>\n\t<meta property=\"og:image:type\" content=\"image\/jpeg\" \/>\n<meta name=\"author\" content=\"Jefrey Cuya\" \/>\n<meta name=\"twitter:card\" content=\"summary_large_image\" \/>\n<meta name=\"twitter:creator\" content=\"@aeronoticias\" \/>\n<meta name=\"twitter:site\" content=\"@aeronoticias\" \/>\n<meta name=\"twitter:label1\" content=\"Escrito por\" \/>\n\t<meta name=\"twitter:data1\" content=\"Jefrey Cuya\" \/>\n\t<meta name=\"twitter:label2\" content=\"Tiempo de lectura\" \/>\n\t<meta name=\"twitter:data2\" content=\"3 minutos\" \/>\n<script type=\"application\/ld+json\" class=\"yoast-schema-graph\">{\"@context\":\"https:\/\/schema.org\",\"@graph\":[{\"@type\":\"WebPage\",\"@id\":\"https:\/\/aeronoticias.com.pe\/noticiero\/transporte-aereo\/aerolineas-europeas-recibieron-apoyo-financiero-de-gobiernos\/\",\"url\":\"https:\/\/aeronoticias.com.pe\/noticiero\/transporte-aereo\/aerolineas-europeas-recibieron-apoyo-financiero-de-gobiernos\/\",\"name\":\"Aerol\u00edneas europeas recibieron apoyo financiero de gobiernos\",\"isPartOf\":{\"@id\":\"https:\/\/aeronoticias.com.pe\/noticiero\/#website\"},\"primaryImageOfPage\":{\"@id\":\"https:\/\/aeronoticias.com.pe\/noticiero\/transporte-aereo\/aerolineas-europeas-recibieron-apoyo-financiero-de-gobiernos\/#primaryimage\"},\"image\":{\"@id\":\"https:\/\/aeronoticias.com.pe\/noticiero\/transporte-aereo\/aerolineas-europeas-recibieron-apoyo-financiero-de-gobiernos\/#primaryimage\"},\"thumbnailUrl\":\"https:\/\/aeronoticias.com.pe\/noticiero\/wp-content\/uploads\/2020\/09\/avion-1.jpg\",\"datePublished\":\"2020-09-08T15:46:00+00:00\",\"dateModified\":\"2020-09-08T15:46:09+00:00\",\"author\":{\"@id\":\"https:\/\/aeronoticias.com.pe\/noticiero\/#\/schema\/person\/9ef7422a13b22ab480ffc29639f442b0\"},\"description\":\"Portal de noticias del Per\u00fa sobre el transporte a\u00e9reo, aviaci\u00f3n, turismo, hoteleria, actualidad.\",\"breadcrumb\":{\"@id\":\"https:\/\/aeronoticias.com.pe\/noticiero\/transporte-aereo\/aerolineas-europeas-recibieron-apoyo-financiero-de-gobiernos\/#breadcrumb\"},\"inLanguage\":\"es\",\"potentialAction\":[{\"@type\":\"ReadAction\",\"target\":[\"https:\/\/aeronoticias.com.pe\/noticiero\/transporte-aereo\/aerolineas-europeas-recibieron-apoyo-financiero-de-gobiernos\/\"]}]},{\"@type\":\"ImageObject\",\"inLanguage\":\"es\",\"@id\":\"https:\/\/aeronoticias.com.pe\/noticiero\/transporte-aereo\/aerolineas-europeas-recibieron-apoyo-financiero-de-gobiernos\/#primaryimage\",\"url\":\"https:\/\/aeronoticias.com.pe\/noticiero\/wp-content\/uploads\/2020\/09\/avion-1.jpg\",\"contentUrl\":\"https:\/\/aeronoticias.com.pe\/noticiero\/wp-content\/uploads\/2020\/09\/avion-1.jpg\",\"width\":800,\"height\":400},{\"@type\":\"BreadcrumbList\",\"@id\":\"https:\/\/aeronoticias.com.pe\/noticiero\/transporte-aereo\/aerolineas-europeas-recibieron-apoyo-financiero-de-gobiernos\/#breadcrumb\",\"itemListElement\":[{\"@type\":\"ListItem\",\"position\":1,\"name\":\"Portada\",\"item\":\"https:\/\/aeronoticias.com.pe\/noticiero\/\"},{\"@type\":\"ListItem\",\"position\":2,\"name\":\"Aerol\u00edneas europeas recibieron apoyo financiero de gobiernos\"}]},{\"@type\":\"WebSite\",\"@id\":\"https:\/\/aeronoticias.com.pe\/noticiero\/#website\",\"url\":\"https:\/\/aeronoticias.com.pe\/noticiero\/\",\"name\":\"Aeronoticias.com.pe\",\"description\":\"Noticias de tranporte aereo, turismo, hoteles, gastronomia, actualidad, internacional\",\"potentialAction\":[{\"@type\":\"SearchAction\",\"target\":{\"@type\":\"EntryPoint\",\"urlTemplate\":\"https:\/\/aeronoticias.com.pe\/noticiero\/?s={search_term_string}\"},\"query-input\":{\"@type\":\"PropertyValueSpecification\",\"valueRequired\":true,\"valueName\":\"search_term_string\"}}],\"inLanguage\":\"es\"},{\"@type\":\"Person\",\"@id\":\"https:\/\/aeronoticias.com.pe\/noticiero\/#\/schema\/person\/9ef7422a13b22ab480ffc29639f442b0\",\"name\":\"Jefrey Cuya\",\"url\":\"https:\/\/aeronoticias.com.pe\/noticiero\/author\/jefreycuya\/\"}]}<\/script>\n<!-- \/ Yoast SEO plugin. -->","yoast_head_json":{"title":"Aerol\u00edneas europeas recibieron apoyo financiero de gobiernos","description":"Portal de noticias del Per\u00fa sobre el transporte a\u00e9reo, aviaci\u00f3n, turismo, hoteleria, actualidad.","robots":{"index":"index","follow":"follow","max-snippet":"max-snippet:-1","max-image-preview":"max-image-preview:large","max-video-preview":"max-video-preview:-1"},"canonical":"https:\/\/aeronoticias.com.pe\/noticiero\/transporte-aereo\/aerolineas-europeas-recibieron-apoyo-financiero-de-gobiernos\/","og_locale":"es_ES","og_type":"article","og_title":"Aerol\u00edneas europeas recibieron apoyo financiero de gobiernos","og_description":"Portal de noticias del Per\u00fa sobre el transporte a\u00e9reo, aviaci\u00f3n, turismo, hoteleria, actualidad.","og_url":"https:\/\/aeronoticias.com.pe\/noticiero\/transporte-aereo\/aerolineas-europeas-recibieron-apoyo-financiero-de-gobiernos\/","og_site_name":"Aeronoticias.com.pe","article_publisher":"https:\/\/www.facebook.com\/Aeronoticias.com.pe\/","article_published_time":"2020-09-08T15:46:00+00:00","article_modified_time":"2020-09-08T15:46:09+00:00","og_image":[{"width":800,"height":400,"url":"https:\/\/aeronoticias.com.pe\/noticiero\/wp-content\/uploads\/2020\/09\/avion-1.jpg","type":"image\/jpeg"}],"author":"Jefrey Cuya","twitter_card":"summary_large_image","twitter_creator":"@aeronoticias","twitter_site":"@aeronoticias","twitter_misc":{"Escrito por":"Jefrey Cuya","Tiempo de lectura":"3 minutos"},"schema":{"@context":"https:\/\/schema.org","@graph":[{"@type":"WebPage","@id":"https:\/\/aeronoticias.com.pe\/noticiero\/transporte-aereo\/aerolineas-europeas-recibieron-apoyo-financiero-de-gobiernos\/","url":"https:\/\/aeronoticias.com.pe\/noticiero\/transporte-aereo\/aerolineas-europeas-recibieron-apoyo-financiero-de-gobiernos\/","name":"Aerol\u00edneas europeas recibieron apoyo financiero de gobiernos","isPartOf":{"@id":"https:\/\/aeronoticias.com.pe\/noticiero\/#website"},"primaryImageOfPage":{"@id":"https:\/\/aeronoticias.com.pe\/noticiero\/transporte-aereo\/aerolineas-europeas-recibieron-apoyo-financiero-de-gobiernos\/#primaryimage"},"image":{"@id":"https:\/\/aeronoticias.com.pe\/noticiero\/transporte-aereo\/aerolineas-europeas-recibieron-apoyo-financiero-de-gobiernos\/#primaryimage"},"thumbnailUrl":"https:\/\/aeronoticias.com.pe\/noticiero\/wp-content\/uploads\/2020\/09\/avion-1.jpg","datePublished":"2020-09-08T15:46:00+00:00","dateModified":"2020-09-08T15:46:09+00:00","author":{"@id":"https:\/\/aeronoticias.com.pe\/noticiero\/#\/schema\/person\/9ef7422a13b22ab480ffc29639f442b0"},"description":"Portal de noticias del Per\u00fa sobre el transporte a\u00e9reo, aviaci\u00f3n, turismo, hoteleria, actualidad.","breadcrumb":{"@id":"https:\/\/aeronoticias.com.pe\/noticiero\/transporte-aereo\/aerolineas-europeas-recibieron-apoyo-financiero-de-gobiernos\/#breadcrumb"},"inLanguage":"es","potentialAction":[{"@type":"ReadAction","target":["https:\/\/aeronoticias.com.pe\/noticiero\/transporte-aereo\/aerolineas-europeas-recibieron-apoyo-financiero-de-gobiernos\/"]}]},{"@type":"ImageObject","inLanguage":"es","@id":"https:\/\/aeronoticias.com.pe\/noticiero\/transporte-aereo\/aerolineas-europeas-recibieron-apoyo-financiero-de-gobiernos\/#primaryimage","url":"https:\/\/aeronoticias.com.pe\/noticiero\/wp-content\/uploads\/2020\/09\/avion-1.jpg","contentUrl":"https:\/\/aeronoticias.com.pe\/noticiero\/wp-content\/uploads\/2020\/09\/avion-1.jpg","width":800,"height":400},{"@type":"BreadcrumbList","@id":"https:\/\/aeronoticias.com.pe\/noticiero\/transporte-aereo\/aerolineas-europeas-recibieron-apoyo-financiero-de-gobiernos\/#breadcrumb","itemListElement":[{"@type":"ListItem","position":1,"name":"Portada","item":"https:\/\/aeronoticias.com.pe\/noticiero\/"},{"@type":"ListItem","position":2,"name":"Aerol\u00edneas europeas recibieron apoyo financiero de gobiernos"}]},{"@type":"WebSite","@id":"https:\/\/aeronoticias.com.pe\/noticiero\/#website","url":"https:\/\/aeronoticias.com.pe\/noticiero\/","name":"Aeronoticias.com.pe","description":"Noticias de tranporte aereo, turismo, hoteles, gastronomia, actualidad, internacional","potentialAction":[{"@type":"SearchAction","target":{"@type":"EntryPoint","urlTemplate":"https:\/\/aeronoticias.com.pe\/noticiero\/?s={search_term_string}"},"query-input":{"@type":"PropertyValueSpecification","valueRequired":true,"valueName":"search_term_string"}}],"inLanguage":"es"},{"@type":"Person","@id":"https:\/\/aeronoticias.com.pe\/noticiero\/#\/schema\/person\/9ef7422a13b22ab480ffc29639f442b0","name":"Jefrey Cuya","url":"https:\/\/aeronoticias.com.pe\/noticiero\/author\/jefreycuya\/"}]}},"_links":{"self":[{"href":"https:\/\/aeronoticias.com.pe\/noticiero\/wp-json\/wp\/v2\/posts\/60613","targetHints":{"allow":["GET"]}}],"collection":[{"href":"https:\/\/aeronoticias.com.pe\/noticiero\/wp-json\/wp\/v2\/posts"}],"about":[{"href":"https:\/\/aeronoticias.com.pe\/noticiero\/wp-json\/wp\/v2\/types\/post"}],"author":[{"embeddable":true,"href":"https:\/\/aeronoticias.com.pe\/noticiero\/wp-json\/wp\/v2\/users\/4"}],"replies":[{"embeddable":true,"href":"https:\/\/aeronoticias.com.pe\/noticiero\/wp-json\/wp\/v2\/comments?post=60613"}],"version-history":[{"count":0,"href":"https:\/\/aeronoticias.com.pe\/noticiero\/wp-json\/wp\/v2\/posts\/60613\/revisions"}],"wp:featuredmedia":[{"embeddable":true,"href":"https:\/\/aeronoticias.com.pe\/noticiero\/wp-json\/wp\/v2\/media\/60614"}],"wp:attachment":[{"href":"https:\/\/aeronoticias.com.pe\/noticiero\/wp-json\/wp\/v2\/media?parent=60613"}],"wp:term":[{"taxonomy":"category","embeddable":true,"href":"https:\/\/aeronoticias.com.pe\/noticiero\/wp-json\/wp\/v2\/categories?post=60613"},{"taxonomy":"post_tag","embeddable":true,"href":"https:\/\/aeronoticias.com.pe\/noticiero\/wp-json\/wp\/v2\/tags?post=60613"}],"curies":[{"name":"wp","href":"https:\/\/api.w.org\/{rel}","templated":true}]}}