{"id":60616,"date":"2020-09-08T23:11:56","date_gmt":"2020-09-08T23:11:56","guid":{"rendered":"https:\/\/aeronoticias.com.pe\/noticiero\/?p=60616"},"modified":"2020-09-09T11:40:50","modified_gmt":"2020-09-09T11:40:50","slug":"mas-de-27-mil-pasajeros-movilizo-avianca-tras-reactivacion-de-vuelos","status":"publish","type":"post","link":"https:\/\/aeronoticias.com.pe\/noticiero\/turismo\/mas-de-27-mil-pasajeros-movilizo-avianca-tras-reactivacion-de-vuelos\/","title":{"rendered":"M\u00e1s de 27 mil pasajeros moviliz\u00f3 Avianca tras reactivaci\u00f3n de vuelos"},"content":{"rendered":"\n<p><strong>(Aeronoticias)<\/strong>.- Tras una semana de reactivar los vuelos nacionales bajo estrictos protocolos de bioseguridad,&nbsp;<strong>Avianca Holdings<\/strong>&nbsp;report\u00f3 que durante los primeros siete d\u00edas de operaci\u00f3n moviliz\u00f3 27.380 pasajeros en 302 vuelos, logrando conectar desde Bogot\u00e1 a destinos como Barranquilla, Bucaramanga, Cali, Cartagena, C\u00facuta, Medell\u00edn, Monter\u00eda, Pasto, Pereira y Santa Marta; y desde Medell\u00edn a Cali y Cartagena. <\/p>\n\n\n\n<p>\u201cNuestra prioridad es conectar a los colombianos para que puedan reencontrarse con sus familiares, cumplir con sus compromisos laborales y visitar por turismo diversos destinos que ya est\u00e1n activos, de manera que entre todos logremos generar una reactivaci\u00f3n a\u00e9rea segura y as\u00ed dinamizar la econom\u00eda del pa\u00eds\u201d indic\u00f3 Anko van der Werff, presidente ejecutivo de Avianca Holdings.<\/p>\n\n\n\n<p>La aerol\u00ednea report\u00f3 total normalidad en sus itinerarios, lo que ha sido posible en gran medida gracias al trabajo coordinado entre autoridades, aeropuertos y aerol\u00edneas, pero tambi\u00e9n a la puntualidad de los pasajeros y, en general, a la coordinaci\u00f3n en toda la cadena de aviaci\u00f3n, en un contexto donde se exigen protocolos de bioseguridad que toman m\u00e1s tiempo de lo habitual.<\/p>\n\n\n\n<p>Para esta operaci\u00f3n, la compa\u00f1\u00eda ha utilizado 20 aviones de su flota, entre Airbus 320 y ATR72, y aumentar\u00e1 su operaci\u00f3n en la medida en que se autorice m\u00e1s capacidad de vuelos en el pa\u00eds. El indicador de puntualidad de sus itinerarios se ubic\u00f3 en 94,68 % durante esta primera semana.<\/p>\n\n\n\n<p>Durante este periodo se ha dado garant\u00eda del cumplimiento de los m\u00e1s estrictos protocolos de bioseguridad, los cuales est\u00e1n avalados por el sello de bioseguridad Check-in Certificado, covid-19 Bioseguro, creado por el Ministerio de Comercio, Industria y Turismo, con el apoyo de ProColombia e Icontec y el sello \u2018Operaciones Seguras\u2019, del Icontec.<\/p>\n\n\n\n<p>Fuente: <strong><em>Aviaci\u00f3n al d\u00eda<\/em><\/strong>.<\/p>\n","protected":false},"excerpt":{"rendered":"<p>(Aeronoticias).- Tras una semana de reactivar los vuelos nacionales bajo estrictos protocolos de bioseguridad,&nbsp;Avianca Holdings&nbsp;report\u00f3 que durante los primeros siete d\u00edas de operaci\u00f3n moviliz\u00f3 27.380 pasajeros en 302 vuelos, logrando conectar desde Bogot\u00e1 a destinos como Barranquilla, Bucaramanga, Cali, Cartagena, C\u00facuta, Medell\u00edn, Monter\u00eda, Pasto, Pereira y Santa Marta; y desde Medell\u00edn a Cali y Cartagena. [&hellip;]<\/p>\n","protected":false},"author":4,"featured_media":60617,"comment_status":"open","ping_status":"open","sticky":false,"template":"","format":"standard","meta":{"tdm_status":"","tdm_grid_status":"","footnotes":""},"categories":[31,9],"tags":[153,163],"class_list":{"0":"post-60616","1":"post","2":"type-post","3":"status-publish","4":"format-standard","5":"has-post-thumbnail","7":"category-31","8":"category-turismo","9":"tag-avianca","10":"tag-coronavirus"},"yoast_head":"<!-- This site is optimized with the Yoast SEO plugin v25.1 - https:\/\/yoast.com\/wordpress\/plugins\/seo\/ -->\n<title>M\u00e1s de 27 mil pasajeros moviliz\u00f3 Avianca tras reactivaci\u00f3n de vuelos<\/title>\n<meta name=\"description\" content=\"Portal de noticias del Per\u00fa sobre el transporte a\u00e9reo, aviaci\u00f3n, turismo, hoteleria, actualidad.\" \/>\n<meta name=\"robots\" content=\"index, follow, max-snippet:-1, max-image-preview:large, max-video-preview:-1\" \/>\n<link rel=\"canonical\" href=\"https:\/\/aeronoticias.com.pe\/noticiero\/turismo\/mas-de-27-mil-pasajeros-movilizo-avianca-tras-reactivacion-de-vuelos\/\" \/>\n<meta property=\"og:locale\" content=\"es_ES\" \/>\n<meta property=\"og:type\" content=\"article\" \/>\n<meta property=\"og:title\" content=\"M\u00e1s de 27 mil pasajeros moviliz\u00f3 Avianca tras reactivaci\u00f3n de vuelos\" \/>\n<meta property=\"og:description\" content=\"Portal de noticias del Per\u00fa sobre el transporte a\u00e9reo, aviaci\u00f3n, turismo, hoteleria, actualidad.\" \/>\n<meta property=\"og:url\" content=\"https:\/\/aeronoticias.com.pe\/noticiero\/turismo\/mas-de-27-mil-pasajeros-movilizo-avianca-tras-reactivacion-de-vuelos\/\" \/>\n<meta property=\"og:site_name\" content=\"Aeronoticias.com.pe\" \/>\n<meta property=\"article:publisher\" content=\"https:\/\/www.facebook.com\/Aeronoticias.com.pe\/\" \/>\n<meta property=\"article:published_time\" content=\"2020-09-08T23:11:56+00:00\" \/>\n<meta property=\"article:modified_time\" content=\"2020-09-09T11:40:50+00:00\" \/>\n<meta property=\"og:image\" content=\"https:\/\/aeronoticias.com.pe\/noticiero\/wp-content\/uploads\/2020\/09\/Avianca-A320.jpg\" \/>\n\t<meta property=\"og:image:width\" content=\"800\" \/>\n\t<meta property=\"og:image:height\" content=\"400\" \/>\n\t<meta property=\"og:image:type\" content=\"image\/jpeg\" \/>\n<meta name=\"author\" content=\"Jefrey Cuya\" \/>\n<meta name=\"twitter:card\" content=\"summary_large_image\" \/>\n<meta name=\"twitter:creator\" content=\"@aeronoticias\" \/>\n<meta name=\"twitter:site\" content=\"@aeronoticias\" \/>\n<meta name=\"twitter:label1\" content=\"Escrito por\" \/>\n\t<meta name=\"twitter:data1\" content=\"Jefrey Cuya\" \/>\n\t<meta name=\"twitter:label2\" content=\"Tiempo de lectura\" \/>\n\t<meta name=\"twitter:data2\" content=\"2 minutos\" \/>\n<script type=\"application\/ld+json\" class=\"yoast-schema-graph\">{\"@context\":\"https:\/\/schema.org\",\"@graph\":[{\"@type\":\"WebPage\",\"@id\":\"https:\/\/aeronoticias.com.pe\/noticiero\/turismo\/mas-de-27-mil-pasajeros-movilizo-avianca-tras-reactivacion-de-vuelos\/\",\"url\":\"https:\/\/aeronoticias.com.pe\/noticiero\/turismo\/mas-de-27-mil-pasajeros-movilizo-avianca-tras-reactivacion-de-vuelos\/\",\"name\":\"M\u00e1s de 27 mil pasajeros moviliz\u00f3 Avianca tras reactivaci\u00f3n de vuelos\",\"isPartOf\":{\"@id\":\"https:\/\/aeronoticias.com.pe\/noticiero\/#website\"},\"primaryImageOfPage\":{\"@id\":\"https:\/\/aeronoticias.com.pe\/noticiero\/turismo\/mas-de-27-mil-pasajeros-movilizo-avianca-tras-reactivacion-de-vuelos\/#primaryimage\"},\"image\":{\"@id\":\"https:\/\/aeronoticias.com.pe\/noticiero\/turismo\/mas-de-27-mil-pasajeros-movilizo-avianca-tras-reactivacion-de-vuelos\/#primaryimage\"},\"thumbnailUrl\":\"https:\/\/aeronoticias.com.pe\/noticiero\/wp-content\/uploads\/2020\/09\/Avianca-A320.jpg\",\"datePublished\":\"2020-09-08T23:11:56+00:00\",\"dateModified\":\"2020-09-09T11:40:50+00:00\",\"author\":{\"@id\":\"https:\/\/aeronoticias.com.pe\/noticiero\/#\/schema\/person\/9ef7422a13b22ab480ffc29639f442b0\"},\"description\":\"Portal de noticias del Per\u00fa sobre el transporte a\u00e9reo, aviaci\u00f3n, turismo, hoteleria, actualidad.\",\"breadcrumb\":{\"@id\":\"https:\/\/aeronoticias.com.pe\/noticiero\/turismo\/mas-de-27-mil-pasajeros-movilizo-avianca-tras-reactivacion-de-vuelos\/#breadcrumb\"},\"inLanguage\":\"es\",\"potentialAction\":[{\"@type\":\"ReadAction\",\"target\":[\"https:\/\/aeronoticias.com.pe\/noticiero\/turismo\/mas-de-27-mil-pasajeros-movilizo-avianca-tras-reactivacion-de-vuelos\/\"]}]},{\"@type\":\"ImageObject\",\"inLanguage\":\"es\",\"@id\":\"https:\/\/aeronoticias.com.pe\/noticiero\/turismo\/mas-de-27-mil-pasajeros-movilizo-avianca-tras-reactivacion-de-vuelos\/#primaryimage\",\"url\":\"https:\/\/aeronoticias.com.pe\/noticiero\/wp-content\/uploads\/2020\/09\/Avianca-A320.jpg\",\"contentUrl\":\"https:\/\/aeronoticias.com.pe\/noticiero\/wp-content\/uploads\/2020\/09\/Avianca-A320.jpg\",\"width\":800,\"height\":400},{\"@type\":\"BreadcrumbList\",\"@id\":\"https:\/\/aeronoticias.com.pe\/noticiero\/turismo\/mas-de-27-mil-pasajeros-movilizo-avianca-tras-reactivacion-de-vuelos\/#breadcrumb\",\"itemListElement\":[{\"@type\":\"ListItem\",\"position\":1,\"name\":\"Portada\",\"item\":\"https:\/\/aeronoticias.com.pe\/noticiero\/\"},{\"@type\":\"ListItem\",\"position\":2,\"name\":\"M\u00e1s de 27 mil pasajeros moviliz\u00f3 Avianca tras reactivaci\u00f3n de vuelos\"}]},{\"@type\":\"WebSite\",\"@id\":\"https:\/\/aeronoticias.com.pe\/noticiero\/#website\",\"url\":\"https:\/\/aeronoticias.com.pe\/noticiero\/\",\"name\":\"Aeronoticias.com.pe\",\"description\":\"Noticias de tranporte aereo, turismo, hoteles, gastronomia, actualidad, internacional\",\"potentialAction\":[{\"@type\":\"SearchAction\",\"target\":{\"@type\":\"EntryPoint\",\"urlTemplate\":\"https:\/\/aeronoticias.com.pe\/noticiero\/?s={search_term_string}\"},\"query-input\":{\"@type\":\"PropertyValueSpecification\",\"valueRequired\":true,\"valueName\":\"search_term_string\"}}],\"inLanguage\":\"es\"},{\"@type\":\"Person\",\"@id\":\"https:\/\/aeronoticias.com.pe\/noticiero\/#\/schema\/person\/9ef7422a13b22ab480ffc29639f442b0\",\"name\":\"Jefrey Cuya\",\"url\":\"https:\/\/aeronoticias.com.pe\/noticiero\/author\/jefreycuya\/\"}]}<\/script>\n<!-- \/ Yoast SEO plugin. -->","yoast_head_json":{"title":"M\u00e1s de 27 mil pasajeros moviliz\u00f3 Avianca tras reactivaci\u00f3n de vuelos","description":"Portal de noticias del Per\u00fa sobre el transporte a\u00e9reo, aviaci\u00f3n, turismo, hoteleria, actualidad.","robots":{"index":"index","follow":"follow","max-snippet":"max-snippet:-1","max-image-preview":"max-image-preview:large","max-video-preview":"max-video-preview:-1"},"canonical":"https:\/\/aeronoticias.com.pe\/noticiero\/turismo\/mas-de-27-mil-pasajeros-movilizo-avianca-tras-reactivacion-de-vuelos\/","og_locale":"es_ES","og_type":"article","og_title":"M\u00e1s de 27 mil pasajeros moviliz\u00f3 Avianca tras reactivaci\u00f3n de vuelos","og_description":"Portal de noticias del Per\u00fa sobre el transporte a\u00e9reo, aviaci\u00f3n, turismo, hoteleria, actualidad.","og_url":"https:\/\/aeronoticias.com.pe\/noticiero\/turismo\/mas-de-27-mil-pasajeros-movilizo-avianca-tras-reactivacion-de-vuelos\/","og_site_name":"Aeronoticias.com.pe","article_publisher":"https:\/\/www.facebook.com\/Aeronoticias.com.pe\/","article_published_time":"2020-09-08T23:11:56+00:00","article_modified_time":"2020-09-09T11:40:50+00:00","og_image":[{"width":800,"height":400,"url":"https:\/\/aeronoticias.com.pe\/noticiero\/wp-content\/uploads\/2020\/09\/Avianca-A320.jpg","type":"image\/jpeg"}],"author":"Jefrey Cuya","twitter_card":"summary_large_image","twitter_creator":"@aeronoticias","twitter_site":"@aeronoticias","twitter_misc":{"Escrito por":"Jefrey Cuya","Tiempo de lectura":"2 minutos"},"schema":{"@context":"https:\/\/schema.org","@graph":[{"@type":"WebPage","@id":"https:\/\/aeronoticias.com.pe\/noticiero\/turismo\/mas-de-27-mil-pasajeros-movilizo-avianca-tras-reactivacion-de-vuelos\/","url":"https:\/\/aeronoticias.com.pe\/noticiero\/turismo\/mas-de-27-mil-pasajeros-movilizo-avianca-tras-reactivacion-de-vuelos\/","name":"M\u00e1s de 27 mil pasajeros moviliz\u00f3 Avianca tras reactivaci\u00f3n de vuelos","isPartOf":{"@id":"https:\/\/aeronoticias.com.pe\/noticiero\/#website"},"primaryImageOfPage":{"@id":"https:\/\/aeronoticias.com.pe\/noticiero\/turismo\/mas-de-27-mil-pasajeros-movilizo-avianca-tras-reactivacion-de-vuelos\/#primaryimage"},"image":{"@id":"https:\/\/aeronoticias.com.pe\/noticiero\/turismo\/mas-de-27-mil-pasajeros-movilizo-avianca-tras-reactivacion-de-vuelos\/#primaryimage"},"thumbnailUrl":"https:\/\/aeronoticias.com.pe\/noticiero\/wp-content\/uploads\/2020\/09\/Avianca-A320.jpg","datePublished":"2020-09-08T23:11:56+00:00","dateModified":"2020-09-09T11:40:50+00:00","author":{"@id":"https:\/\/aeronoticias.com.pe\/noticiero\/#\/schema\/person\/9ef7422a13b22ab480ffc29639f442b0"},"description":"Portal de noticias del Per\u00fa sobre el transporte a\u00e9reo, aviaci\u00f3n, turismo, hoteleria, actualidad.","breadcrumb":{"@id":"https:\/\/aeronoticias.com.pe\/noticiero\/turismo\/mas-de-27-mil-pasajeros-movilizo-avianca-tras-reactivacion-de-vuelos\/#breadcrumb"},"inLanguage":"es","potentialAction":[{"@type":"ReadAction","target":["https:\/\/aeronoticias.com.pe\/noticiero\/turismo\/mas-de-27-mil-pasajeros-movilizo-avianca-tras-reactivacion-de-vuelos\/"]}]},{"@type":"ImageObject","inLanguage":"es","@id":"https:\/\/aeronoticias.com.pe\/noticiero\/turismo\/mas-de-27-mil-pasajeros-movilizo-avianca-tras-reactivacion-de-vuelos\/#primaryimage","url":"https:\/\/aeronoticias.com.pe\/noticiero\/wp-content\/uploads\/2020\/09\/Avianca-A320.jpg","contentUrl":"https:\/\/aeronoticias.com.pe\/noticiero\/wp-content\/uploads\/2020\/09\/Avianca-A320.jpg","width":800,"height":400},{"@type":"BreadcrumbList","@id":"https:\/\/aeronoticias.com.pe\/noticiero\/turismo\/mas-de-27-mil-pasajeros-movilizo-avianca-tras-reactivacion-de-vuelos\/#breadcrumb","itemListElement":[{"@type":"ListItem","position":1,"name":"Portada","item":"https:\/\/aeronoticias.com.pe\/noticiero\/"},{"@type":"ListItem","position":2,"name":"M\u00e1s de 27 mil pasajeros moviliz\u00f3 Avianca tras reactivaci\u00f3n de vuelos"}]},{"@type":"WebSite","@id":"https:\/\/aeronoticias.com.pe\/noticiero\/#website","url":"https:\/\/aeronoticias.com.pe\/noticiero\/","name":"Aeronoticias.com.pe","description":"Noticias de tranporte aereo, turismo, hoteles, gastronomia, actualidad, internacional","potentialAction":[{"@type":"SearchAction","target":{"@type":"EntryPoint","urlTemplate":"https:\/\/aeronoticias.com.pe\/noticiero\/?s={search_term_string}"},"query-input":{"@type":"PropertyValueSpecification","valueRequired":true,"valueName":"search_term_string"}}],"inLanguage":"es"},{"@type":"Person","@id":"https:\/\/aeronoticias.com.pe\/noticiero\/#\/schema\/person\/9ef7422a13b22ab480ffc29639f442b0","name":"Jefrey Cuya","url":"https:\/\/aeronoticias.com.pe\/noticiero\/author\/jefreycuya\/"}]}},"_links":{"self":[{"href":"https:\/\/aeronoticias.com.pe\/noticiero\/wp-json\/wp\/v2\/posts\/60616","targetHints":{"allow":["GET"]}}],"collection":[{"href":"https:\/\/aeronoticias.com.pe\/noticiero\/wp-json\/wp\/v2\/posts"}],"about":[{"href":"https:\/\/aeronoticias.com.pe\/noticiero\/wp-json\/wp\/v2\/types\/post"}],"author":[{"embeddable":true,"href":"https:\/\/aeronoticias.com.pe\/noticiero\/wp-json\/wp\/v2\/users\/4"}],"replies":[{"embeddable":true,"href":"https:\/\/aeronoticias.com.pe\/noticiero\/wp-json\/wp\/v2\/comments?post=60616"}],"version-history":[{"count":0,"href":"https:\/\/aeronoticias.com.pe\/noticiero\/wp-json\/wp\/v2\/posts\/60616\/revisions"}],"wp:featuredmedia":[{"embeddable":true,"href":"https:\/\/aeronoticias.com.pe\/noticiero\/wp-json\/wp\/v2\/media\/60617"}],"wp:attachment":[{"href":"https:\/\/aeronoticias.com.pe\/noticiero\/wp-json\/wp\/v2\/media?parent=60616"}],"wp:term":[{"taxonomy":"category","embeddable":true,"href":"https:\/\/aeronoticias.com.pe\/noticiero\/wp-json\/wp\/v2\/categories?post=60616"},{"taxonomy":"post_tag","embeddable":true,"href":"https:\/\/aeronoticias.com.pe\/noticiero\/wp-json\/wp\/v2\/tags?post=60616"}],"curies":[{"name":"wp","href":"https:\/\/api.w.org\/{rel}","templated":true}]}}