{"id":60653,"date":"2020-09-09T20:21:26","date_gmt":"2020-09-09T20:21:26","guid":{"rendered":"https:\/\/aeronoticias.com.pe\/noticiero\/?p=60653"},"modified":"2020-09-09T20:21:29","modified_gmt":"2020-09-09T20:21:29","slug":"mexico-viva-aerobus-supera-a-aeromexico-en-trafico-de-pasajeros","status":"publish","type":"post","link":"https:\/\/aeronoticias.com.pe\/noticiero\/transporte-aereo\/mexico-viva-aerobus-supera-a-aeromexico-en-trafico-de-pasajeros\/","title":{"rendered":"M\u00e9xico: Viva Aerob\u00fas supera a Aerom\u00e9xico en tr\u00e1fico de pasajeros"},"content":{"rendered":"\n<p><strong>(Aeronoticias)<\/strong>.- Aerom\u00e9xico cay\u00f3 al tercer puesto en tr\u00e1fico de pasajeros durante agosto, superada por Viva Aerob\u00fas, de acuerdo con los reportes de tr\u00e1fico de pasajeros de ambas aerol\u00edneas.<\/p>\n\n\n\n<p>En el octavo mes de 2020, Aerom\u00e9xico desplaz\u00f3 a 644 mil pasajeros mientras que Viva Aerob\u00fas movi\u00f3 a 651 mil; adem\u00e1s, en relaci\u00f3n con los datos de 2019, la ca\u00edda de Aerom\u00e9xico se mantiene por encima del 50%.<\/p>\n\n\n\n<p>En agosto, Volaris, que lidera el mercado por volumen de pasajeros movilizados, report\u00f3 1.212 millones de pasajeros desplazados. En relaci\u00f3n con el mismo mes de 2019, le signific\u00f3 una ca\u00edda de 35.1%, la menor entre las aerol\u00edneas que cotizan en la Bolsa Mexicana de Valores. Viva Aerob\u00fas en ese mismo periodo registr\u00f3 una baja de 44.3%,<\/p>\n\n\n\n<p>Aerom\u00e9xico se encuentra en un proceso de reestructura de su deuda bajo el Cap\u00edtulo 11 de la Ley de Quiebras de Estados Unidos desde el 30 de junio pasado, tras lo cual se le autoriz\u00f3 un financiamiento por 1,000 millones de d\u00f3lares.<\/p>\n\n\n\n<p>La semana pasada, la Asociaci\u00f3n Sindical de Sobrecargos de Aviaci\u00f3n (ASSA) report\u00f3 que Aerom\u00e9xico estudia un plan de recorte de hasta un millar de personas de su personal, lo que representar\u00eda casi una tercera parte.<\/p>\n\n\n\n<p>A las 11:35, las acciones de Aerom\u00e9xico cotizaban en 4.70 pesos, nueve centavos menos que el cierre del d\u00eda anterior, su menor precio desde el 21 de julio pasado.<\/p>\n\n\n\n<p>De cara a septiembre, las aerol\u00edneas destacaron que incrementar\u00e1n sus operaciones en el pa\u00eds. Volaris inform\u00f3 en su reporte que prev\u00e9 llegar al 75% de su capacidad en las operaciones.<\/p>\n\n\n\n<p>En tanto, Viva Aerob\u00fas estima alcanzar el 80% de su capacidad con la cobertura de 95 rutas.<\/p>\n\n\n\n<p>En el mismo sentido, Aerom\u00e9xico pretende incrementar sus operaciones nacionales en un 75% en comparaci\u00f3n con agosto, al sumar frecuencias de 25 de los 39 destinos dom\u00e9sticos.<\/p>\n\n\n\n<p>\u201cReiniciar\u00e1 operaciones desde la Ciudad de M\u00e9xico hacia Acapulco e inaugurar\u00e1 dos nuevas rutas desde Guadalajara hacia Los Cabos y Canc\u00fan\u201d, se\u00f1al\u00f3 en un comunicado.<\/p>\n\n\n\n<p>Fuente: <strong><em>Forbes<\/em><\/strong>.<\/p>\n","protected":false},"excerpt":{"rendered":"<p>(Aeronoticias).- Aerom\u00e9xico cay\u00f3 al tercer puesto en tr\u00e1fico de pasajeros durante agosto, superada por Viva Aerob\u00fas, de acuerdo con los reportes de tr\u00e1fico de pasajeros de ambas aerol\u00edneas. En el octavo mes de 2020, Aerom\u00e9xico desplaz\u00f3 a 644 mil pasajeros mientras que Viva Aerob\u00fas movi\u00f3 a 651 mil; adem\u00e1s, en relaci\u00f3n con los datos de [&hellip;]<\/p>\n","protected":false},"author":4,"featured_media":60654,"comment_status":"open","ping_status":"open","sticky":false,"template":"","format":"standard","meta":{"tdm_status":"","tdm_grid_status":"","footnotes":""},"categories":[32,11],"tags":[224,227],"class_list":{"0":"post-60653","1":"post","2":"type-post","3":"status-publish","4":"format-standard","5":"has-post-thumbnail","7":"category-internacional","8":"category-transporte-aereo","9":"tag-aeromexico","10":"tag-viva-aerobus"},"yoast_head":"<!-- This site is optimized with the Yoast SEO plugin v25.1 - https:\/\/yoast.com\/wordpress\/plugins\/seo\/ -->\n<title>M\u00e9xico: Viva Aerob\u00fas supera a Aerom\u00e9xico en tr\u00e1fico de pasajeros<\/title>\n<meta name=\"description\" content=\"Portal de noticias del Per\u00fa sobre el transporte a\u00e9reo, aviaci\u00f3n, turismo, hoteleria, actualidad.\" \/>\n<meta name=\"robots\" content=\"index, follow, max-snippet:-1, max-image-preview:large, max-video-preview:-1\" \/>\n<link rel=\"canonical\" href=\"https:\/\/aeronoticias.com.pe\/noticiero\/transporte-aereo\/mexico-viva-aerobus-supera-a-aeromexico-en-trafico-de-pasajeros\/\" \/>\n<meta property=\"og:locale\" content=\"es_ES\" \/>\n<meta property=\"og:type\" content=\"article\" \/>\n<meta property=\"og:title\" content=\"M\u00e9xico: Viva Aerob\u00fas supera a Aerom\u00e9xico en tr\u00e1fico de pasajeros\" \/>\n<meta property=\"og:description\" content=\"Portal de noticias del Per\u00fa sobre el transporte a\u00e9reo, aviaci\u00f3n, turismo, hoteleria, actualidad.\" \/>\n<meta property=\"og:url\" content=\"https:\/\/aeronoticias.com.pe\/noticiero\/transporte-aereo\/mexico-viva-aerobus-supera-a-aeromexico-en-trafico-de-pasajeros\/\" \/>\n<meta property=\"og:site_name\" content=\"Aeronoticias.com.pe\" \/>\n<meta property=\"article:publisher\" content=\"https:\/\/www.facebook.com\/Aeronoticias.com.pe\/\" \/>\n<meta property=\"article:published_time\" content=\"2020-09-09T20:21:26+00:00\" \/>\n<meta property=\"article:modified_time\" content=\"2020-09-09T20:21:29+00:00\" \/>\n<meta property=\"og:image\" content=\"https:\/\/aeronoticias.com.pe\/noticiero\/wp-content\/uploads\/2020\/09\/Viva-Aerobus-A321.jpg\" \/>\n\t<meta property=\"og:image:width\" content=\"800\" \/>\n\t<meta property=\"og:image:height\" content=\"400\" \/>\n\t<meta property=\"og:image:type\" content=\"image\/jpeg\" \/>\n<meta name=\"author\" content=\"Jefrey Cuya\" \/>\n<meta name=\"twitter:card\" content=\"summary_large_image\" \/>\n<meta name=\"twitter:creator\" content=\"@aeronoticias\" \/>\n<meta name=\"twitter:site\" content=\"@aeronoticias\" \/>\n<meta name=\"twitter:label1\" content=\"Escrito por\" \/>\n\t<meta name=\"twitter:data1\" content=\"Jefrey Cuya\" \/>\n\t<meta name=\"twitter:label2\" content=\"Tiempo de lectura\" \/>\n\t<meta name=\"twitter:data2\" content=\"2 minutos\" \/>\n<script type=\"application\/ld+json\" class=\"yoast-schema-graph\">{\"@context\":\"https:\/\/schema.org\",\"@graph\":[{\"@type\":\"WebPage\",\"@id\":\"https:\/\/aeronoticias.com.pe\/noticiero\/transporte-aereo\/mexico-viva-aerobus-supera-a-aeromexico-en-trafico-de-pasajeros\/\",\"url\":\"https:\/\/aeronoticias.com.pe\/noticiero\/transporte-aereo\/mexico-viva-aerobus-supera-a-aeromexico-en-trafico-de-pasajeros\/\",\"name\":\"M\u00e9xico: Viva Aerob\u00fas supera a Aerom\u00e9xico en tr\u00e1fico de pasajeros\",\"isPartOf\":{\"@id\":\"https:\/\/aeronoticias.com.pe\/noticiero\/#website\"},\"primaryImageOfPage\":{\"@id\":\"https:\/\/aeronoticias.com.pe\/noticiero\/transporte-aereo\/mexico-viva-aerobus-supera-a-aeromexico-en-trafico-de-pasajeros\/#primaryimage\"},\"image\":{\"@id\":\"https:\/\/aeronoticias.com.pe\/noticiero\/transporte-aereo\/mexico-viva-aerobus-supera-a-aeromexico-en-trafico-de-pasajeros\/#primaryimage\"},\"thumbnailUrl\":\"https:\/\/aeronoticias.com.pe\/noticiero\/wp-content\/uploads\/2020\/09\/Viva-Aerobus-A321.jpg\",\"datePublished\":\"2020-09-09T20:21:26+00:00\",\"dateModified\":\"2020-09-09T20:21:29+00:00\",\"author\":{\"@id\":\"https:\/\/aeronoticias.com.pe\/noticiero\/#\/schema\/person\/9ef7422a13b22ab480ffc29639f442b0\"},\"description\":\"Portal de noticias del Per\u00fa sobre el transporte a\u00e9reo, aviaci\u00f3n, turismo, hoteleria, actualidad.\",\"breadcrumb\":{\"@id\":\"https:\/\/aeronoticias.com.pe\/noticiero\/transporte-aereo\/mexico-viva-aerobus-supera-a-aeromexico-en-trafico-de-pasajeros\/#breadcrumb\"},\"inLanguage\":\"es\",\"potentialAction\":[{\"@type\":\"ReadAction\",\"target\":[\"https:\/\/aeronoticias.com.pe\/noticiero\/transporte-aereo\/mexico-viva-aerobus-supera-a-aeromexico-en-trafico-de-pasajeros\/\"]}]},{\"@type\":\"ImageObject\",\"inLanguage\":\"es\",\"@id\":\"https:\/\/aeronoticias.com.pe\/noticiero\/transporte-aereo\/mexico-viva-aerobus-supera-a-aeromexico-en-trafico-de-pasajeros\/#primaryimage\",\"url\":\"https:\/\/aeronoticias.com.pe\/noticiero\/wp-content\/uploads\/2020\/09\/Viva-Aerobus-A321.jpg\",\"contentUrl\":\"https:\/\/aeronoticias.com.pe\/noticiero\/wp-content\/uploads\/2020\/09\/Viva-Aerobus-A321.jpg\",\"width\":800,\"height\":400},{\"@type\":\"BreadcrumbList\",\"@id\":\"https:\/\/aeronoticias.com.pe\/noticiero\/transporte-aereo\/mexico-viva-aerobus-supera-a-aeromexico-en-trafico-de-pasajeros\/#breadcrumb\",\"itemListElement\":[{\"@type\":\"ListItem\",\"position\":1,\"name\":\"Portada\",\"item\":\"https:\/\/aeronoticias.com.pe\/noticiero\/\"},{\"@type\":\"ListItem\",\"position\":2,\"name\":\"M\u00e9xico: Viva Aerob\u00fas supera a Aerom\u00e9xico en tr\u00e1fico de pasajeros\"}]},{\"@type\":\"WebSite\",\"@id\":\"https:\/\/aeronoticias.com.pe\/noticiero\/#website\",\"url\":\"https:\/\/aeronoticias.com.pe\/noticiero\/\",\"name\":\"Aeronoticias.com.pe\",\"description\":\"Noticias de tranporte aereo, turismo, hoteles, gastronomia, actualidad, internacional\",\"potentialAction\":[{\"@type\":\"SearchAction\",\"target\":{\"@type\":\"EntryPoint\",\"urlTemplate\":\"https:\/\/aeronoticias.com.pe\/noticiero\/?s={search_term_string}\"},\"query-input\":{\"@type\":\"PropertyValueSpecification\",\"valueRequired\":true,\"valueName\":\"search_term_string\"}}],\"inLanguage\":\"es\"},{\"@type\":\"Person\",\"@id\":\"https:\/\/aeronoticias.com.pe\/noticiero\/#\/schema\/person\/9ef7422a13b22ab480ffc29639f442b0\",\"name\":\"Jefrey Cuya\",\"url\":\"https:\/\/aeronoticias.com.pe\/noticiero\/author\/jefreycuya\/\"}]}<\/script>\n<!-- \/ Yoast SEO plugin. -->","yoast_head_json":{"title":"M\u00e9xico: Viva Aerob\u00fas supera a Aerom\u00e9xico en tr\u00e1fico de pasajeros","description":"Portal de noticias del Per\u00fa sobre el transporte a\u00e9reo, aviaci\u00f3n, turismo, hoteleria, actualidad.","robots":{"index":"index","follow":"follow","max-snippet":"max-snippet:-1","max-image-preview":"max-image-preview:large","max-video-preview":"max-video-preview:-1"},"canonical":"https:\/\/aeronoticias.com.pe\/noticiero\/transporte-aereo\/mexico-viva-aerobus-supera-a-aeromexico-en-trafico-de-pasajeros\/","og_locale":"es_ES","og_type":"article","og_title":"M\u00e9xico: Viva Aerob\u00fas supera a Aerom\u00e9xico en tr\u00e1fico de pasajeros","og_description":"Portal de noticias del Per\u00fa sobre el transporte a\u00e9reo, aviaci\u00f3n, turismo, hoteleria, actualidad.","og_url":"https:\/\/aeronoticias.com.pe\/noticiero\/transporte-aereo\/mexico-viva-aerobus-supera-a-aeromexico-en-trafico-de-pasajeros\/","og_site_name":"Aeronoticias.com.pe","article_publisher":"https:\/\/www.facebook.com\/Aeronoticias.com.pe\/","article_published_time":"2020-09-09T20:21:26+00:00","article_modified_time":"2020-09-09T20:21:29+00:00","og_image":[{"width":800,"height":400,"url":"https:\/\/aeronoticias.com.pe\/noticiero\/wp-content\/uploads\/2020\/09\/Viva-Aerobus-A321.jpg","type":"image\/jpeg"}],"author":"Jefrey Cuya","twitter_card":"summary_large_image","twitter_creator":"@aeronoticias","twitter_site":"@aeronoticias","twitter_misc":{"Escrito por":"Jefrey Cuya","Tiempo de lectura":"2 minutos"},"schema":{"@context":"https:\/\/schema.org","@graph":[{"@type":"WebPage","@id":"https:\/\/aeronoticias.com.pe\/noticiero\/transporte-aereo\/mexico-viva-aerobus-supera-a-aeromexico-en-trafico-de-pasajeros\/","url":"https:\/\/aeronoticias.com.pe\/noticiero\/transporte-aereo\/mexico-viva-aerobus-supera-a-aeromexico-en-trafico-de-pasajeros\/","name":"M\u00e9xico: Viva Aerob\u00fas supera a Aerom\u00e9xico en tr\u00e1fico de pasajeros","isPartOf":{"@id":"https:\/\/aeronoticias.com.pe\/noticiero\/#website"},"primaryImageOfPage":{"@id":"https:\/\/aeronoticias.com.pe\/noticiero\/transporte-aereo\/mexico-viva-aerobus-supera-a-aeromexico-en-trafico-de-pasajeros\/#primaryimage"},"image":{"@id":"https:\/\/aeronoticias.com.pe\/noticiero\/transporte-aereo\/mexico-viva-aerobus-supera-a-aeromexico-en-trafico-de-pasajeros\/#primaryimage"},"thumbnailUrl":"https:\/\/aeronoticias.com.pe\/noticiero\/wp-content\/uploads\/2020\/09\/Viva-Aerobus-A321.jpg","datePublished":"2020-09-09T20:21:26+00:00","dateModified":"2020-09-09T20:21:29+00:00","author":{"@id":"https:\/\/aeronoticias.com.pe\/noticiero\/#\/schema\/person\/9ef7422a13b22ab480ffc29639f442b0"},"description":"Portal de noticias del Per\u00fa sobre el transporte a\u00e9reo, aviaci\u00f3n, turismo, hoteleria, actualidad.","breadcrumb":{"@id":"https:\/\/aeronoticias.com.pe\/noticiero\/transporte-aereo\/mexico-viva-aerobus-supera-a-aeromexico-en-trafico-de-pasajeros\/#breadcrumb"},"inLanguage":"es","potentialAction":[{"@type":"ReadAction","target":["https:\/\/aeronoticias.com.pe\/noticiero\/transporte-aereo\/mexico-viva-aerobus-supera-a-aeromexico-en-trafico-de-pasajeros\/"]}]},{"@type":"ImageObject","inLanguage":"es","@id":"https:\/\/aeronoticias.com.pe\/noticiero\/transporte-aereo\/mexico-viva-aerobus-supera-a-aeromexico-en-trafico-de-pasajeros\/#primaryimage","url":"https:\/\/aeronoticias.com.pe\/noticiero\/wp-content\/uploads\/2020\/09\/Viva-Aerobus-A321.jpg","contentUrl":"https:\/\/aeronoticias.com.pe\/noticiero\/wp-content\/uploads\/2020\/09\/Viva-Aerobus-A321.jpg","width":800,"height":400},{"@type":"BreadcrumbList","@id":"https:\/\/aeronoticias.com.pe\/noticiero\/transporte-aereo\/mexico-viva-aerobus-supera-a-aeromexico-en-trafico-de-pasajeros\/#breadcrumb","itemListElement":[{"@type":"ListItem","position":1,"name":"Portada","item":"https:\/\/aeronoticias.com.pe\/noticiero\/"},{"@type":"ListItem","position":2,"name":"M\u00e9xico: Viva Aerob\u00fas supera a Aerom\u00e9xico en tr\u00e1fico de pasajeros"}]},{"@type":"WebSite","@id":"https:\/\/aeronoticias.com.pe\/noticiero\/#website","url":"https:\/\/aeronoticias.com.pe\/noticiero\/","name":"Aeronoticias.com.pe","description":"Noticias de tranporte aereo, turismo, hoteles, gastronomia, actualidad, internacional","potentialAction":[{"@type":"SearchAction","target":{"@type":"EntryPoint","urlTemplate":"https:\/\/aeronoticias.com.pe\/noticiero\/?s={search_term_string}"},"query-input":{"@type":"PropertyValueSpecification","valueRequired":true,"valueName":"search_term_string"}}],"inLanguage":"es"},{"@type":"Person","@id":"https:\/\/aeronoticias.com.pe\/noticiero\/#\/schema\/person\/9ef7422a13b22ab480ffc29639f442b0","name":"Jefrey Cuya","url":"https:\/\/aeronoticias.com.pe\/noticiero\/author\/jefreycuya\/"}]}},"_links":{"self":[{"href":"https:\/\/aeronoticias.com.pe\/noticiero\/wp-json\/wp\/v2\/posts\/60653","targetHints":{"allow":["GET"]}}],"collection":[{"href":"https:\/\/aeronoticias.com.pe\/noticiero\/wp-json\/wp\/v2\/posts"}],"about":[{"href":"https:\/\/aeronoticias.com.pe\/noticiero\/wp-json\/wp\/v2\/types\/post"}],"author":[{"embeddable":true,"href":"https:\/\/aeronoticias.com.pe\/noticiero\/wp-json\/wp\/v2\/users\/4"}],"replies":[{"embeddable":true,"href":"https:\/\/aeronoticias.com.pe\/noticiero\/wp-json\/wp\/v2\/comments?post=60653"}],"version-history":[{"count":0,"href":"https:\/\/aeronoticias.com.pe\/noticiero\/wp-json\/wp\/v2\/posts\/60653\/revisions"}],"wp:featuredmedia":[{"embeddable":true,"href":"https:\/\/aeronoticias.com.pe\/noticiero\/wp-json\/wp\/v2\/media\/60654"}],"wp:attachment":[{"href":"https:\/\/aeronoticias.com.pe\/noticiero\/wp-json\/wp\/v2\/media?parent=60653"}],"wp:term":[{"taxonomy":"category","embeddable":true,"href":"https:\/\/aeronoticias.com.pe\/noticiero\/wp-json\/wp\/v2\/categories?post=60653"},{"taxonomy":"post_tag","embeddable":true,"href":"https:\/\/aeronoticias.com.pe\/noticiero\/wp-json\/wp\/v2\/tags?post=60653"}],"curies":[{"name":"wp","href":"https:\/\/api.w.org\/{rel}","templated":true}]}}