{"id":60656,"date":"2020-09-09T20:26:16","date_gmt":"2020-09-09T20:26:16","guid":{"rendered":"https:\/\/aeronoticias.com.pe\/noticiero\/?p=60656"},"modified":"2020-09-09T20:26:21","modified_gmt":"2020-09-09T20:26:21","slug":"boeing-detecto-un-tercer-defecto-de-fabricacion-en-sus-dreamliner","status":"publish","type":"post","link":"https:\/\/aeronoticias.com.pe\/noticiero\/transporte-aereo\/boeing-detecto-un-tercer-defecto-de-fabricacion-en-sus-dreamliner\/","title":{"rendered":"Boeing detect\u00f3 un tercer defecto de fabricaci\u00f3n en sus Dreamliner"},"content":{"rendered":"\n<p><strong>(Aeronoticias)<\/strong>.- Boeing indic\u00f3 este martes que detect\u00f3 un tercer defecto de fabricaci\u00f3n en el\u00a0<strong>787 Dreamliner<\/strong>\u00a0y \u201cse tomar\u00e1 el tiempo de examinar rigurosamente\u201d todos los aparatos que a\u00fan no fueron entregados.<\/p>\n\n\n\n<p>Estas nuevas inspecciones deber\u00edan \u201cafectar el calendario de entregas del 787 a corto plazo\u201d, precis\u00f3 el fabricante en un mensaje a la AFP.<\/p>\n\n\n\n<p>El defecto que fue dado a conocimiento p\u00fablico este martes se ubica en el estabilizador horizontal, en la cola del avi\u00f3n, precis\u00f3 un vocero del fabricante.<\/p>\n\n\n\n<p>Este nuevo problema llega tras el anuncio del lunes de que la compa\u00f1\u00eda hab\u00eda identificado dos fallas en la fabricaci\u00f3n de la uni\u00f3n de una parte del fuselaje de unos 787. \u201cEn combinaci\u00f3n, dan como resultado una condici\u00f3n que no cumple con nuestros est\u00e1ndares de dise\u00f1o\u201d, se\u00f1al\u00f3 el portavoz.<\/p>\n\n\n\n<p>Seg\u00fan la agencia de noticias AP, durante la producci\u00f3n del estabilizador horizontal en una planta de Boeing, algunas partes fueron sujetadas con demasiada fuerza, lo que dio lugar a espacios inadecuados entre las secciones. Boeing no cree que sea un problema de seguridad inmediato, pero podr\u00eda llevar a un envejecimiento prematuro del fuselaje.<\/p>\n\n\n\n<p>Fuente: <strong><em>Infobae<\/em><\/strong>.<\/p>\n","protected":false},"excerpt":{"rendered":"<p>(Aeronoticias).- Boeing indic\u00f3 este martes que detect\u00f3 un tercer defecto de fabricaci\u00f3n en el\u00a0787 Dreamliner\u00a0y \u201cse tomar\u00e1 el tiempo de examinar rigurosamente\u201d todos los aparatos que a\u00fan no fueron entregados. Estas nuevas inspecciones deber\u00edan \u201cafectar el calendario de entregas del 787 a corto plazo\u201d, precis\u00f3 el fabricante en un mensaje a la AFP. El defecto [&hellip;]<\/p>\n","protected":false},"author":4,"featured_media":60657,"comment_status":"open","ping_status":"open","sticky":false,"template":"","format":"standard","meta":{"tdm_status":"","tdm_grid_status":"","footnotes":""},"categories":[32,11],"tags":[118,229],"class_list":{"0":"post-60656","1":"post","2":"type-post","3":"status-publish","4":"format-standard","5":"has-post-thumbnail","7":"category-internacional","8":"category-transporte-aereo","9":"tag-boeing","10":"tag-dreamliner"},"yoast_head":"<!-- This site is optimized with the Yoast SEO plugin v25.1 - https:\/\/yoast.com\/wordpress\/plugins\/seo\/ -->\n<title>Boeing detect\u00f3 un tercer defecto de fabricaci\u00f3n en sus Dreamliner<\/title>\n<meta name=\"description\" content=\"Portal de noticias del Per\u00fa sobre el transporte a\u00e9reo, aviaci\u00f3n, turismo, hoteleria, actualidad.\" \/>\n<meta name=\"robots\" content=\"index, follow, max-snippet:-1, max-image-preview:large, max-video-preview:-1\" \/>\n<link rel=\"canonical\" href=\"https:\/\/aeronoticias.com.pe\/noticiero\/transporte-aereo\/boeing-detecto-un-tercer-defecto-de-fabricacion-en-sus-dreamliner\/\" \/>\n<meta property=\"og:locale\" content=\"es_ES\" \/>\n<meta property=\"og:type\" content=\"article\" \/>\n<meta property=\"og:title\" content=\"Boeing detect\u00f3 un tercer defecto de fabricaci\u00f3n en sus Dreamliner\" \/>\n<meta property=\"og:description\" content=\"Portal de noticias del Per\u00fa sobre el transporte a\u00e9reo, aviaci\u00f3n, turismo, hoteleria, actualidad.\" \/>\n<meta property=\"og:url\" content=\"https:\/\/aeronoticias.com.pe\/noticiero\/transporte-aereo\/boeing-detecto-un-tercer-defecto-de-fabricacion-en-sus-dreamliner\/\" \/>\n<meta property=\"og:site_name\" content=\"Aeronoticias.com.pe\" \/>\n<meta property=\"article:publisher\" content=\"https:\/\/www.facebook.com\/Aeronoticias.com.pe\/\" \/>\n<meta property=\"article:published_time\" content=\"2020-09-09T20:26:16+00:00\" \/>\n<meta property=\"article:modified_time\" content=\"2020-09-09T20:26:21+00:00\" \/>\n<meta property=\"og:image\" content=\"https:\/\/aeronoticias.com.pe\/noticiero\/wp-content\/uploads\/2020\/09\/Boeing-787.jpg\" \/>\n\t<meta property=\"og:image:width\" content=\"800\" \/>\n\t<meta property=\"og:image:height\" content=\"400\" \/>\n\t<meta property=\"og:image:type\" content=\"image\/jpeg\" \/>\n<meta name=\"author\" content=\"Jefrey Cuya\" \/>\n<meta name=\"twitter:card\" content=\"summary_large_image\" \/>\n<meta name=\"twitter:creator\" content=\"@aeronoticias\" \/>\n<meta name=\"twitter:site\" content=\"@aeronoticias\" \/>\n<meta name=\"twitter:label1\" content=\"Escrito por\" \/>\n\t<meta name=\"twitter:data1\" content=\"Jefrey Cuya\" \/>\n\t<meta name=\"twitter:label2\" content=\"Tiempo de lectura\" \/>\n\t<meta name=\"twitter:data2\" content=\"1 minuto\" \/>\n<script type=\"application\/ld+json\" class=\"yoast-schema-graph\">{\"@context\":\"https:\/\/schema.org\",\"@graph\":[{\"@type\":\"WebPage\",\"@id\":\"https:\/\/aeronoticias.com.pe\/noticiero\/transporte-aereo\/boeing-detecto-un-tercer-defecto-de-fabricacion-en-sus-dreamliner\/\",\"url\":\"https:\/\/aeronoticias.com.pe\/noticiero\/transporte-aereo\/boeing-detecto-un-tercer-defecto-de-fabricacion-en-sus-dreamliner\/\",\"name\":\"Boeing detect\u00f3 un tercer defecto de fabricaci\u00f3n en sus Dreamliner\",\"isPartOf\":{\"@id\":\"https:\/\/aeronoticias.com.pe\/noticiero\/#website\"},\"primaryImageOfPage\":{\"@id\":\"https:\/\/aeronoticias.com.pe\/noticiero\/transporte-aereo\/boeing-detecto-un-tercer-defecto-de-fabricacion-en-sus-dreamliner\/#primaryimage\"},\"image\":{\"@id\":\"https:\/\/aeronoticias.com.pe\/noticiero\/transporte-aereo\/boeing-detecto-un-tercer-defecto-de-fabricacion-en-sus-dreamliner\/#primaryimage\"},\"thumbnailUrl\":\"https:\/\/aeronoticias.com.pe\/noticiero\/wp-content\/uploads\/2020\/09\/Boeing-787.jpg\",\"datePublished\":\"2020-09-09T20:26:16+00:00\",\"dateModified\":\"2020-09-09T20:26:21+00:00\",\"author\":{\"@id\":\"https:\/\/aeronoticias.com.pe\/noticiero\/#\/schema\/person\/9ef7422a13b22ab480ffc29639f442b0\"},\"description\":\"Portal de noticias del Per\u00fa sobre el transporte a\u00e9reo, aviaci\u00f3n, turismo, hoteleria, actualidad.\",\"breadcrumb\":{\"@id\":\"https:\/\/aeronoticias.com.pe\/noticiero\/transporte-aereo\/boeing-detecto-un-tercer-defecto-de-fabricacion-en-sus-dreamliner\/#breadcrumb\"},\"inLanguage\":\"es\",\"potentialAction\":[{\"@type\":\"ReadAction\",\"target\":[\"https:\/\/aeronoticias.com.pe\/noticiero\/transporte-aereo\/boeing-detecto-un-tercer-defecto-de-fabricacion-en-sus-dreamliner\/\"]}]},{\"@type\":\"ImageObject\",\"inLanguage\":\"es\",\"@id\":\"https:\/\/aeronoticias.com.pe\/noticiero\/transporte-aereo\/boeing-detecto-un-tercer-defecto-de-fabricacion-en-sus-dreamliner\/#primaryimage\",\"url\":\"https:\/\/aeronoticias.com.pe\/noticiero\/wp-content\/uploads\/2020\/09\/Boeing-787.jpg\",\"contentUrl\":\"https:\/\/aeronoticias.com.pe\/noticiero\/wp-content\/uploads\/2020\/09\/Boeing-787.jpg\",\"width\":800,\"height\":400},{\"@type\":\"BreadcrumbList\",\"@id\":\"https:\/\/aeronoticias.com.pe\/noticiero\/transporte-aereo\/boeing-detecto-un-tercer-defecto-de-fabricacion-en-sus-dreamliner\/#breadcrumb\",\"itemListElement\":[{\"@type\":\"ListItem\",\"position\":1,\"name\":\"Portada\",\"item\":\"https:\/\/aeronoticias.com.pe\/noticiero\/\"},{\"@type\":\"ListItem\",\"position\":2,\"name\":\"Boeing detect\u00f3 un tercer defecto de fabricaci\u00f3n en sus Dreamliner\"}]},{\"@type\":\"WebSite\",\"@id\":\"https:\/\/aeronoticias.com.pe\/noticiero\/#website\",\"url\":\"https:\/\/aeronoticias.com.pe\/noticiero\/\",\"name\":\"Aeronoticias.com.pe\",\"description\":\"Noticias de tranporte aereo, turismo, hoteles, gastronomia, actualidad, internacional\",\"potentialAction\":[{\"@type\":\"SearchAction\",\"target\":{\"@type\":\"EntryPoint\",\"urlTemplate\":\"https:\/\/aeronoticias.com.pe\/noticiero\/?s={search_term_string}\"},\"query-input\":{\"@type\":\"PropertyValueSpecification\",\"valueRequired\":true,\"valueName\":\"search_term_string\"}}],\"inLanguage\":\"es\"},{\"@type\":\"Person\",\"@id\":\"https:\/\/aeronoticias.com.pe\/noticiero\/#\/schema\/person\/9ef7422a13b22ab480ffc29639f442b0\",\"name\":\"Jefrey Cuya\",\"url\":\"https:\/\/aeronoticias.com.pe\/noticiero\/author\/jefreycuya\/\"}]}<\/script>\n<!-- \/ Yoast SEO plugin. -->","yoast_head_json":{"title":"Boeing detect\u00f3 un tercer defecto de fabricaci\u00f3n en sus Dreamliner","description":"Portal de noticias del Per\u00fa sobre el transporte a\u00e9reo, aviaci\u00f3n, turismo, hoteleria, actualidad.","robots":{"index":"index","follow":"follow","max-snippet":"max-snippet:-1","max-image-preview":"max-image-preview:large","max-video-preview":"max-video-preview:-1"},"canonical":"https:\/\/aeronoticias.com.pe\/noticiero\/transporte-aereo\/boeing-detecto-un-tercer-defecto-de-fabricacion-en-sus-dreamliner\/","og_locale":"es_ES","og_type":"article","og_title":"Boeing detect\u00f3 un tercer defecto de fabricaci\u00f3n en sus Dreamliner","og_description":"Portal de noticias del Per\u00fa sobre el transporte a\u00e9reo, aviaci\u00f3n, turismo, hoteleria, actualidad.","og_url":"https:\/\/aeronoticias.com.pe\/noticiero\/transporte-aereo\/boeing-detecto-un-tercer-defecto-de-fabricacion-en-sus-dreamliner\/","og_site_name":"Aeronoticias.com.pe","article_publisher":"https:\/\/www.facebook.com\/Aeronoticias.com.pe\/","article_published_time":"2020-09-09T20:26:16+00:00","article_modified_time":"2020-09-09T20:26:21+00:00","og_image":[{"width":800,"height":400,"url":"https:\/\/aeronoticias.com.pe\/noticiero\/wp-content\/uploads\/2020\/09\/Boeing-787.jpg","type":"image\/jpeg"}],"author":"Jefrey Cuya","twitter_card":"summary_large_image","twitter_creator":"@aeronoticias","twitter_site":"@aeronoticias","twitter_misc":{"Escrito por":"Jefrey Cuya","Tiempo de lectura":"1 minuto"},"schema":{"@context":"https:\/\/schema.org","@graph":[{"@type":"WebPage","@id":"https:\/\/aeronoticias.com.pe\/noticiero\/transporte-aereo\/boeing-detecto-un-tercer-defecto-de-fabricacion-en-sus-dreamliner\/","url":"https:\/\/aeronoticias.com.pe\/noticiero\/transporte-aereo\/boeing-detecto-un-tercer-defecto-de-fabricacion-en-sus-dreamliner\/","name":"Boeing detect\u00f3 un tercer defecto de fabricaci\u00f3n en sus Dreamliner","isPartOf":{"@id":"https:\/\/aeronoticias.com.pe\/noticiero\/#website"},"primaryImageOfPage":{"@id":"https:\/\/aeronoticias.com.pe\/noticiero\/transporte-aereo\/boeing-detecto-un-tercer-defecto-de-fabricacion-en-sus-dreamliner\/#primaryimage"},"image":{"@id":"https:\/\/aeronoticias.com.pe\/noticiero\/transporte-aereo\/boeing-detecto-un-tercer-defecto-de-fabricacion-en-sus-dreamliner\/#primaryimage"},"thumbnailUrl":"https:\/\/aeronoticias.com.pe\/noticiero\/wp-content\/uploads\/2020\/09\/Boeing-787.jpg","datePublished":"2020-09-09T20:26:16+00:00","dateModified":"2020-09-09T20:26:21+00:00","author":{"@id":"https:\/\/aeronoticias.com.pe\/noticiero\/#\/schema\/person\/9ef7422a13b22ab480ffc29639f442b0"},"description":"Portal de noticias del Per\u00fa sobre el transporte a\u00e9reo, aviaci\u00f3n, turismo, hoteleria, actualidad.","breadcrumb":{"@id":"https:\/\/aeronoticias.com.pe\/noticiero\/transporte-aereo\/boeing-detecto-un-tercer-defecto-de-fabricacion-en-sus-dreamliner\/#breadcrumb"},"inLanguage":"es","potentialAction":[{"@type":"ReadAction","target":["https:\/\/aeronoticias.com.pe\/noticiero\/transporte-aereo\/boeing-detecto-un-tercer-defecto-de-fabricacion-en-sus-dreamliner\/"]}]},{"@type":"ImageObject","inLanguage":"es","@id":"https:\/\/aeronoticias.com.pe\/noticiero\/transporte-aereo\/boeing-detecto-un-tercer-defecto-de-fabricacion-en-sus-dreamliner\/#primaryimage","url":"https:\/\/aeronoticias.com.pe\/noticiero\/wp-content\/uploads\/2020\/09\/Boeing-787.jpg","contentUrl":"https:\/\/aeronoticias.com.pe\/noticiero\/wp-content\/uploads\/2020\/09\/Boeing-787.jpg","width":800,"height":400},{"@type":"BreadcrumbList","@id":"https:\/\/aeronoticias.com.pe\/noticiero\/transporte-aereo\/boeing-detecto-un-tercer-defecto-de-fabricacion-en-sus-dreamliner\/#breadcrumb","itemListElement":[{"@type":"ListItem","position":1,"name":"Portada","item":"https:\/\/aeronoticias.com.pe\/noticiero\/"},{"@type":"ListItem","position":2,"name":"Boeing detect\u00f3 un tercer defecto de fabricaci\u00f3n en sus Dreamliner"}]},{"@type":"WebSite","@id":"https:\/\/aeronoticias.com.pe\/noticiero\/#website","url":"https:\/\/aeronoticias.com.pe\/noticiero\/","name":"Aeronoticias.com.pe","description":"Noticias de tranporte aereo, turismo, hoteles, gastronomia, actualidad, internacional","potentialAction":[{"@type":"SearchAction","target":{"@type":"EntryPoint","urlTemplate":"https:\/\/aeronoticias.com.pe\/noticiero\/?s={search_term_string}"},"query-input":{"@type":"PropertyValueSpecification","valueRequired":true,"valueName":"search_term_string"}}],"inLanguage":"es"},{"@type":"Person","@id":"https:\/\/aeronoticias.com.pe\/noticiero\/#\/schema\/person\/9ef7422a13b22ab480ffc29639f442b0","name":"Jefrey Cuya","url":"https:\/\/aeronoticias.com.pe\/noticiero\/author\/jefreycuya\/"}]}},"_links":{"self":[{"href":"https:\/\/aeronoticias.com.pe\/noticiero\/wp-json\/wp\/v2\/posts\/60656","targetHints":{"allow":["GET"]}}],"collection":[{"href":"https:\/\/aeronoticias.com.pe\/noticiero\/wp-json\/wp\/v2\/posts"}],"about":[{"href":"https:\/\/aeronoticias.com.pe\/noticiero\/wp-json\/wp\/v2\/types\/post"}],"author":[{"embeddable":true,"href":"https:\/\/aeronoticias.com.pe\/noticiero\/wp-json\/wp\/v2\/users\/4"}],"replies":[{"embeddable":true,"href":"https:\/\/aeronoticias.com.pe\/noticiero\/wp-json\/wp\/v2\/comments?post=60656"}],"version-history":[{"count":0,"href":"https:\/\/aeronoticias.com.pe\/noticiero\/wp-json\/wp\/v2\/posts\/60656\/revisions"}],"wp:featuredmedia":[{"embeddable":true,"href":"https:\/\/aeronoticias.com.pe\/noticiero\/wp-json\/wp\/v2\/media\/60657"}],"wp:attachment":[{"href":"https:\/\/aeronoticias.com.pe\/noticiero\/wp-json\/wp\/v2\/media?parent=60656"}],"wp:term":[{"taxonomy":"category","embeddable":true,"href":"https:\/\/aeronoticias.com.pe\/noticiero\/wp-json\/wp\/v2\/categories?post=60656"},{"taxonomy":"post_tag","embeddable":true,"href":"https:\/\/aeronoticias.com.pe\/noticiero\/wp-json\/wp\/v2\/tags?post=60656"}],"curies":[{"name":"wp","href":"https:\/\/api.w.org\/{rel}","templated":true}]}}