{"id":62394,"date":"2020-09-14T07:19:32","date_gmt":"2020-09-14T07:19:32","guid":{"rendered":"https:\/\/aeronoticias.com.pe\/noticiero\/?p=62394"},"modified":"2020-09-14T07:19:38","modified_gmt":"2020-09-14T07:19:38","slug":"colombia-gca-airlines-reanuda-sus-vuelos-desde-cali","status":"publish","type":"post","link":"https:\/\/aeronoticias.com.pe\/noticiero\/transporte-aereo\/colombia-gca-airlines-reanuda-sus-vuelos-desde-cali\/","title":{"rendered":"Colombia: GCA Airlines reanuda sus vuelos desde Cali"},"content":{"rendered":"\n<p><strong>(Aeronoticias)<\/strong>.- La nueva aerol\u00ednea\u00a0Gran Colombia de Aviaci\u00f3n, GCA, tuvo que enfrentar un comienzo turbulento, pues a pocos meses de iniciar operaciones en el pa\u00eds surgi\u00f3 la pandemia que oblig\u00f3 a cerrar los aeropuertos y a dejar los aviones en tierra.<\/p>\n\n\n\n<p>Pero esto no fren\u00f3 a la compa\u00f1\u00eda que hoy retoma operaciones desde Cali, conect\u00e1ndola con Barranquilla, en una primera ruta a la que se sumar\u00e1n otras en los pr\u00f3ximos d\u00edas.<\/p>\n\n\n\n<p>Andr\u00e9s Felipe Botero, gerente de esta aerol\u00ednea que tiene como inversionista a un empresario venezolano, cuenta en una entrevista a&nbsp;<a href=\"https:\/\/www.elpais.com.co\/economia\/gca-airlines-empieza-a-volar-desde-cali-este-lunes.html\" target=\"_blank\" rel=\"noreferrer noopener\">El Pa\u00eds<\/a>, que durante los \u00faltimos meses se han preparado con los protocolos de seguridad y que arrancan con la expectativa de ser una alternativa para conectar a los pasajeros del suroccidente del pa\u00eds con destinos en la Costa Atl\u00e1ntica y el oriente colombiano.<\/p>\n\n\n\n<p><strong>\u00bfCu\u00e1ndo nace Gran Colombia de Aviaci\u00f3n Airlines?<\/strong><\/p>\n\n\n\n<p>Fue fundada en agosto del 2017. Inicialmente se pens\u00f3 en tener como base de operaciones la ciudad de Ibagu\u00e9, pero por una estrategia comercial de la empresa se consider\u00f3 que la mejor decisi\u00f3n era mudar la base de operaciones a Cali y operamos en el aeropuerto Alfonso Bonilla Arag\u00f3n.<\/p>\n\n\n\n<p>Tenemos un \u00fanico accionista, que es Jorge \u00c1\u00f1ez Dagger, tambi\u00e9n propietario de la venezolana Avior Airlines, que lleva m\u00e1s de 25 a\u00f1os, y quien es un apasionado por el pa\u00eds y ha hecho una inversi\u00f3n inmensa en Colombia para poner a funcionar la aerol\u00ednea.<\/p>\n\n\n\n<p>Despu\u00e9s de m\u00e1s de dos a\u00f1os de certificaci\u00f3n obtuvimos el permiso de operaci\u00f3n el 26 de noviembre del a\u00f1o pasado e hicimos nuestro primer vuelo el 29 de noviembre entre Cali-Cartagena. Posteriormente, con rapidez incorporamos rutas adicionales a Barranquilla y Cartagena-Bucaramanga y durante los meses de diciembre y enero tuvimos un buen factor de ocupaci\u00f3n, pero desafortunadamente lleg\u00f3 la pandemia.<\/p>\n\n\n\n<p><strong>\u00bfPensaron en cambiar sus planes cuando a pocos meses de iniciar tienen que parar operaciones por el cierre de los aeropuertos?<\/strong><br>\u200b<br>Esto es una situaci\u00f3n at\u00edpica y desafortunada que nadie puede controlar ni hacer proyecciones espec\u00edficas. Cuando en marzo se decret\u00f3 el cese total de las operaciones nacionales e internacionales pensamos inicialmente que ser\u00eda por un mes, y luego el tema se fue postergando mes a mes.<\/p>\n\n\n\n<p>Pese a la presi\u00f3n y a estar hablando constantemente con la Aeron\u00e1utica Civil y el Gobierno solo hasta este mes se permiti\u00f3 la venta de tiquetes. Los efectos son devastadores porque mantener una compa\u00f1\u00eda que est\u00e1 generando cero ingresos en seis meses es muy dif\u00edcil.<\/p>\n\n\n\n<p><strong>\u00bfCu\u00e1l es la perspectiva de crecimiento de GCA Airlines?<\/strong><br>\u200b<br>Para tener un punto de equilibrio tenemos que tener una ocupaci\u00f3n m\u00ednima del 65 %, es decir que tenemos que tener en cada vuelo unos 70 pasajeros para salir adelante y apostamos a superar eso. Esperamos que a partir de los anuncios del Gobierno Nacional el mercado reaccione y empecemos a ver muy pronto los \u00edndices de ocupaci\u00f3n que ten\u00edamos antes de la pandemia.<\/p>\n\n\n\n<p>A 2021 esperamos contar con cuatro aeronaves y alcanzar unas 200 frecuencias mensuales en vuelos directos desde Cali.<\/p>\n\n\n\n<p>Fuente: <strong><em>El Pa\u00eds<\/em><\/strong>.<\/p>\n","protected":false},"excerpt":{"rendered":"<p>(Aeronoticias).- La nueva aerol\u00ednea\u00a0Gran Colombia de Aviaci\u00f3n, GCA, tuvo que enfrentar un comienzo turbulento, pues a pocos meses de iniciar operaciones en el pa\u00eds surgi\u00f3 la pandemia que oblig\u00f3 a cerrar los aeropuertos y a dejar los aviones en tierra. Pero esto no fren\u00f3 a la compa\u00f1\u00eda que hoy retoma operaciones desde Cali, conect\u00e1ndola con [&hellip;]<\/p>\n","protected":false},"author":4,"featured_media":62395,"comment_status":"open","ping_status":"open","sticky":false,"template":"","format":"standard","meta":{"tdm_status":"","tdm_grid_status":"","footnotes":""},"categories":[32,11],"tags":[140,163,240],"class_list":{"0":"post-62394","1":"post","2":"type-post","3":"status-publish","4":"format-standard","5":"has-post-thumbnail","7":"category-internacional","8":"category-transporte-aereo","9":"tag-colombia","10":"tag-coronavirus","11":"tag-gca-airlines"},"yoast_head":"<!-- This site is optimized with the Yoast SEO plugin v25.1 - https:\/\/yoast.com\/wordpress\/plugins\/seo\/ -->\n<title>Colombia: GCA Airlines reanuda sus vuelos desde Cali<\/title>\n<meta name=\"description\" content=\"Portal de noticias del Per\u00fa sobre el transporte a\u00e9reo, aviaci\u00f3n, turismo, hoteleria, actualidad.\" \/>\n<meta name=\"robots\" content=\"index, follow, max-snippet:-1, max-image-preview:large, max-video-preview:-1\" \/>\n<link rel=\"canonical\" href=\"https:\/\/aeronoticias.com.pe\/noticiero\/transporte-aereo\/colombia-gca-airlines-reanuda-sus-vuelos-desde-cali\/\" \/>\n<meta property=\"og:locale\" content=\"es_ES\" \/>\n<meta property=\"og:type\" content=\"article\" \/>\n<meta property=\"og:title\" content=\"Colombia: GCA Airlines reanuda sus vuelos desde Cali\" \/>\n<meta property=\"og:description\" content=\"Portal de noticias del Per\u00fa sobre el transporte a\u00e9reo, aviaci\u00f3n, turismo, hoteleria, actualidad.\" \/>\n<meta property=\"og:url\" content=\"https:\/\/aeronoticias.com.pe\/noticiero\/transporte-aereo\/colombia-gca-airlines-reanuda-sus-vuelos-desde-cali\/\" \/>\n<meta property=\"og:site_name\" content=\"Aeronoticias.com.pe\" \/>\n<meta property=\"article:publisher\" content=\"https:\/\/www.facebook.com\/Aeronoticias.com.pe\/\" \/>\n<meta property=\"article:published_time\" content=\"2020-09-14T07:19:32+00:00\" \/>\n<meta property=\"article:modified_time\" content=\"2020-09-14T07:19:38+00:00\" \/>\n<meta property=\"og:image\" content=\"https:\/\/aeronoticias.com.pe\/noticiero\/wp-content\/uploads\/2020\/09\/GCA-Airlines.jpg\" \/>\n\t<meta property=\"og:image:width\" content=\"800\" \/>\n\t<meta property=\"og:image:height\" content=\"400\" \/>\n\t<meta property=\"og:image:type\" content=\"image\/jpeg\" \/>\n<meta name=\"author\" content=\"Jefrey Cuya\" \/>\n<meta name=\"twitter:card\" content=\"summary_large_image\" \/>\n<meta name=\"twitter:creator\" content=\"@aeronoticias\" \/>\n<meta name=\"twitter:site\" content=\"@aeronoticias\" \/>\n<meta name=\"twitter:label1\" content=\"Escrito por\" \/>\n\t<meta name=\"twitter:data1\" content=\"Jefrey Cuya\" \/>\n\t<meta name=\"twitter:label2\" content=\"Tiempo de lectura\" \/>\n\t<meta name=\"twitter:data2\" content=\"3 minutos\" \/>\n<script type=\"application\/ld+json\" class=\"yoast-schema-graph\">{\"@context\":\"https:\/\/schema.org\",\"@graph\":[{\"@type\":\"WebPage\",\"@id\":\"https:\/\/aeronoticias.com.pe\/noticiero\/transporte-aereo\/colombia-gca-airlines-reanuda-sus-vuelos-desde-cali\/\",\"url\":\"https:\/\/aeronoticias.com.pe\/noticiero\/transporte-aereo\/colombia-gca-airlines-reanuda-sus-vuelos-desde-cali\/\",\"name\":\"Colombia: GCA Airlines reanuda sus vuelos desde Cali\",\"isPartOf\":{\"@id\":\"https:\/\/aeronoticias.com.pe\/noticiero\/#website\"},\"primaryImageOfPage\":{\"@id\":\"https:\/\/aeronoticias.com.pe\/noticiero\/transporte-aereo\/colombia-gca-airlines-reanuda-sus-vuelos-desde-cali\/#primaryimage\"},\"image\":{\"@id\":\"https:\/\/aeronoticias.com.pe\/noticiero\/transporte-aereo\/colombia-gca-airlines-reanuda-sus-vuelos-desde-cali\/#primaryimage\"},\"thumbnailUrl\":\"https:\/\/aeronoticias.com.pe\/noticiero\/wp-content\/uploads\/2020\/09\/GCA-Airlines.jpg\",\"datePublished\":\"2020-09-14T07:19:32+00:00\",\"dateModified\":\"2020-09-14T07:19:38+00:00\",\"author\":{\"@id\":\"https:\/\/aeronoticias.com.pe\/noticiero\/#\/schema\/person\/9ef7422a13b22ab480ffc29639f442b0\"},\"description\":\"Portal de noticias del Per\u00fa sobre el transporte a\u00e9reo, aviaci\u00f3n, turismo, hoteleria, actualidad.\",\"breadcrumb\":{\"@id\":\"https:\/\/aeronoticias.com.pe\/noticiero\/transporte-aereo\/colombia-gca-airlines-reanuda-sus-vuelos-desde-cali\/#breadcrumb\"},\"inLanguage\":\"es\",\"potentialAction\":[{\"@type\":\"ReadAction\",\"target\":[\"https:\/\/aeronoticias.com.pe\/noticiero\/transporte-aereo\/colombia-gca-airlines-reanuda-sus-vuelos-desde-cali\/\"]}]},{\"@type\":\"ImageObject\",\"inLanguage\":\"es\",\"@id\":\"https:\/\/aeronoticias.com.pe\/noticiero\/transporte-aereo\/colombia-gca-airlines-reanuda-sus-vuelos-desde-cali\/#primaryimage\",\"url\":\"https:\/\/aeronoticias.com.pe\/noticiero\/wp-content\/uploads\/2020\/09\/GCA-Airlines.jpg\",\"contentUrl\":\"https:\/\/aeronoticias.com.pe\/noticiero\/wp-content\/uploads\/2020\/09\/GCA-Airlines.jpg\",\"width\":800,\"height\":400},{\"@type\":\"BreadcrumbList\",\"@id\":\"https:\/\/aeronoticias.com.pe\/noticiero\/transporte-aereo\/colombia-gca-airlines-reanuda-sus-vuelos-desde-cali\/#breadcrumb\",\"itemListElement\":[{\"@type\":\"ListItem\",\"position\":1,\"name\":\"Portada\",\"item\":\"https:\/\/aeronoticias.com.pe\/noticiero\/\"},{\"@type\":\"ListItem\",\"position\":2,\"name\":\"Colombia: GCA Airlines reanuda sus vuelos desde Cali\"}]},{\"@type\":\"WebSite\",\"@id\":\"https:\/\/aeronoticias.com.pe\/noticiero\/#website\",\"url\":\"https:\/\/aeronoticias.com.pe\/noticiero\/\",\"name\":\"Aeronoticias.com.pe\",\"description\":\"Noticias de tranporte aereo, turismo, hoteles, gastronomia, actualidad, internacional\",\"potentialAction\":[{\"@type\":\"SearchAction\",\"target\":{\"@type\":\"EntryPoint\",\"urlTemplate\":\"https:\/\/aeronoticias.com.pe\/noticiero\/?s={search_term_string}\"},\"query-input\":{\"@type\":\"PropertyValueSpecification\",\"valueRequired\":true,\"valueName\":\"search_term_string\"}}],\"inLanguage\":\"es\"},{\"@type\":\"Person\",\"@id\":\"https:\/\/aeronoticias.com.pe\/noticiero\/#\/schema\/person\/9ef7422a13b22ab480ffc29639f442b0\",\"name\":\"Jefrey Cuya\",\"url\":\"https:\/\/aeronoticias.com.pe\/noticiero\/author\/jefreycuya\/\"}]}<\/script>\n<!-- \/ Yoast SEO plugin. -->","yoast_head_json":{"title":"Colombia: GCA Airlines reanuda sus vuelos desde Cali","description":"Portal de noticias del Per\u00fa sobre el transporte a\u00e9reo, aviaci\u00f3n, turismo, hoteleria, actualidad.","robots":{"index":"index","follow":"follow","max-snippet":"max-snippet:-1","max-image-preview":"max-image-preview:large","max-video-preview":"max-video-preview:-1"},"canonical":"https:\/\/aeronoticias.com.pe\/noticiero\/transporte-aereo\/colombia-gca-airlines-reanuda-sus-vuelos-desde-cali\/","og_locale":"es_ES","og_type":"article","og_title":"Colombia: GCA Airlines reanuda sus vuelos desde Cali","og_description":"Portal de noticias del Per\u00fa sobre el transporte a\u00e9reo, aviaci\u00f3n, turismo, hoteleria, actualidad.","og_url":"https:\/\/aeronoticias.com.pe\/noticiero\/transporte-aereo\/colombia-gca-airlines-reanuda-sus-vuelos-desde-cali\/","og_site_name":"Aeronoticias.com.pe","article_publisher":"https:\/\/www.facebook.com\/Aeronoticias.com.pe\/","article_published_time":"2020-09-14T07:19:32+00:00","article_modified_time":"2020-09-14T07:19:38+00:00","og_image":[{"width":800,"height":400,"url":"https:\/\/aeronoticias.com.pe\/noticiero\/wp-content\/uploads\/2020\/09\/GCA-Airlines.jpg","type":"image\/jpeg"}],"author":"Jefrey Cuya","twitter_card":"summary_large_image","twitter_creator":"@aeronoticias","twitter_site":"@aeronoticias","twitter_misc":{"Escrito por":"Jefrey Cuya","Tiempo de lectura":"3 minutos"},"schema":{"@context":"https:\/\/schema.org","@graph":[{"@type":"WebPage","@id":"https:\/\/aeronoticias.com.pe\/noticiero\/transporte-aereo\/colombia-gca-airlines-reanuda-sus-vuelos-desde-cali\/","url":"https:\/\/aeronoticias.com.pe\/noticiero\/transporte-aereo\/colombia-gca-airlines-reanuda-sus-vuelos-desde-cali\/","name":"Colombia: GCA Airlines reanuda sus vuelos desde Cali","isPartOf":{"@id":"https:\/\/aeronoticias.com.pe\/noticiero\/#website"},"primaryImageOfPage":{"@id":"https:\/\/aeronoticias.com.pe\/noticiero\/transporte-aereo\/colombia-gca-airlines-reanuda-sus-vuelos-desde-cali\/#primaryimage"},"image":{"@id":"https:\/\/aeronoticias.com.pe\/noticiero\/transporte-aereo\/colombia-gca-airlines-reanuda-sus-vuelos-desde-cali\/#primaryimage"},"thumbnailUrl":"https:\/\/aeronoticias.com.pe\/noticiero\/wp-content\/uploads\/2020\/09\/GCA-Airlines.jpg","datePublished":"2020-09-14T07:19:32+00:00","dateModified":"2020-09-14T07:19:38+00:00","author":{"@id":"https:\/\/aeronoticias.com.pe\/noticiero\/#\/schema\/person\/9ef7422a13b22ab480ffc29639f442b0"},"description":"Portal de noticias del Per\u00fa sobre el transporte a\u00e9reo, aviaci\u00f3n, turismo, hoteleria, actualidad.","breadcrumb":{"@id":"https:\/\/aeronoticias.com.pe\/noticiero\/transporte-aereo\/colombia-gca-airlines-reanuda-sus-vuelos-desde-cali\/#breadcrumb"},"inLanguage":"es","potentialAction":[{"@type":"ReadAction","target":["https:\/\/aeronoticias.com.pe\/noticiero\/transporte-aereo\/colombia-gca-airlines-reanuda-sus-vuelos-desde-cali\/"]}]},{"@type":"ImageObject","inLanguage":"es","@id":"https:\/\/aeronoticias.com.pe\/noticiero\/transporte-aereo\/colombia-gca-airlines-reanuda-sus-vuelos-desde-cali\/#primaryimage","url":"https:\/\/aeronoticias.com.pe\/noticiero\/wp-content\/uploads\/2020\/09\/GCA-Airlines.jpg","contentUrl":"https:\/\/aeronoticias.com.pe\/noticiero\/wp-content\/uploads\/2020\/09\/GCA-Airlines.jpg","width":800,"height":400},{"@type":"BreadcrumbList","@id":"https:\/\/aeronoticias.com.pe\/noticiero\/transporte-aereo\/colombia-gca-airlines-reanuda-sus-vuelos-desde-cali\/#breadcrumb","itemListElement":[{"@type":"ListItem","position":1,"name":"Portada","item":"https:\/\/aeronoticias.com.pe\/noticiero\/"},{"@type":"ListItem","position":2,"name":"Colombia: GCA Airlines reanuda sus vuelos desde Cali"}]},{"@type":"WebSite","@id":"https:\/\/aeronoticias.com.pe\/noticiero\/#website","url":"https:\/\/aeronoticias.com.pe\/noticiero\/","name":"Aeronoticias.com.pe","description":"Noticias de tranporte aereo, turismo, hoteles, gastronomia, actualidad, internacional","potentialAction":[{"@type":"SearchAction","target":{"@type":"EntryPoint","urlTemplate":"https:\/\/aeronoticias.com.pe\/noticiero\/?s={search_term_string}"},"query-input":{"@type":"PropertyValueSpecification","valueRequired":true,"valueName":"search_term_string"}}],"inLanguage":"es"},{"@type":"Person","@id":"https:\/\/aeronoticias.com.pe\/noticiero\/#\/schema\/person\/9ef7422a13b22ab480ffc29639f442b0","name":"Jefrey Cuya","url":"https:\/\/aeronoticias.com.pe\/noticiero\/author\/jefreycuya\/"}]}},"_links":{"self":[{"href":"https:\/\/aeronoticias.com.pe\/noticiero\/wp-json\/wp\/v2\/posts\/62394","targetHints":{"allow":["GET"]}}],"collection":[{"href":"https:\/\/aeronoticias.com.pe\/noticiero\/wp-json\/wp\/v2\/posts"}],"about":[{"href":"https:\/\/aeronoticias.com.pe\/noticiero\/wp-json\/wp\/v2\/types\/post"}],"author":[{"embeddable":true,"href":"https:\/\/aeronoticias.com.pe\/noticiero\/wp-json\/wp\/v2\/users\/4"}],"replies":[{"embeddable":true,"href":"https:\/\/aeronoticias.com.pe\/noticiero\/wp-json\/wp\/v2\/comments?post=62394"}],"version-history":[{"count":0,"href":"https:\/\/aeronoticias.com.pe\/noticiero\/wp-json\/wp\/v2\/posts\/62394\/revisions"}],"wp:featuredmedia":[{"embeddable":true,"href":"https:\/\/aeronoticias.com.pe\/noticiero\/wp-json\/wp\/v2\/media\/62395"}],"wp:attachment":[{"href":"https:\/\/aeronoticias.com.pe\/noticiero\/wp-json\/wp\/v2\/media?parent=62394"}],"wp:term":[{"taxonomy":"category","embeddable":true,"href":"https:\/\/aeronoticias.com.pe\/noticiero\/wp-json\/wp\/v2\/categories?post=62394"},{"taxonomy":"post_tag","embeddable":true,"href":"https:\/\/aeronoticias.com.pe\/noticiero\/wp-json\/wp\/v2\/tags?post=62394"}],"curies":[{"name":"wp","href":"https:\/\/api.w.org\/{rel}","templated":true}]}}