{"id":62408,"date":"2020-09-14T23:59:28","date_gmt":"2020-09-14T23:59:28","guid":{"rendered":"https:\/\/aeronoticias.com.pe\/noticiero\/?p=62408"},"modified":"2020-09-15T00:02:19","modified_gmt":"2020-09-15T00:02:19","slug":"latam-aumenta-operacion-domestica-en-sus-filiales-y-anuncia-tres-nuevos-destinos-internacionales","status":"publish","type":"post","link":"https:\/\/aeronoticias.com.pe\/noticiero\/transporte-aereo\/latam-aumenta-operacion-domestica-en-sus-filiales-y-anuncia-tres-nuevos-destinos-internacionales\/","title":{"rendered":"LATAM aumenta operaci\u00f3n dom\u00e9stica en sus filiales y anuncia tres nuevos destinos internacionales"},"content":{"rendered":"\n<p><strong>(Aeronoticias)<\/strong>.- LATAM Airlines&nbsp;ha informado que durante los \u00faltimos meses ha evidenciado una recuperaci\u00f3n gradual de sus operaciones, con una actividad del 6,4%, 9,2% y 13,9% en junio, julio y agosto, respectivamente; despu\u00e9s de una \u201cdr\u00e1stica reducci\u00f3n\u201d por la pandemia.<\/p>\n\n\n\n<p>Respecto a la operaci\u00f3n de agosto, el tr\u00e1fico de pasajeros disminuy\u00f3 un 89,1% con respecto al a\u00f1o anterior, mientras que su capacidad baj\u00f3 en un 86,1% en comparaci\u00f3n con agosto de 2019.<\/p>\n\n\n\n<p>A nivel internacional LATAM sum\u00f3 un nuevo vuelo directo a Madrid, complementando sus vuelos a Miami y Sao Paulo\/Guarulhos; este \u00faltimo, centro de conexi\u00f3n para vuelos dom\u00e9sticos tanto en Brasil como hacia Europa (Frankfurt, Lisboa, Londres y Madrid).<\/p>\n\n\n\n<p>En Chile, durante agosto, la aerol\u00ednea retom\u00f3 vuelos a Copiap\u00f3, La Serena y Temuco, aument\u00f3 frecuencias a destinos como Iquique, Calama, Antofagasta, Puerto Montt y Punta Arenas.<\/p>\n\n\n\n<p>La compa\u00f1\u00eda asegura continuar con una fuerte campa\u00f1a de seguridad e higiene en toda su operativa, acorde con las recomendaciones de la Organizaci\u00f3n Mundial de la Salud (OMS), las autoridades sanitarias y la Asociaci\u00f3n de Transporte A\u00e9reo Internacional (IATA).<\/p>\n\n\n\n<p>En todos los vuelos se exige el uso de mascarilla durante todo el trayecto, se dispone de alcohol gel en la cabina y se implementa un servicio a bordo que reduce la interacci\u00f3n entre la tripulaci\u00f3n y los pasajeros.<\/p>\n\n\n\n<p>Fuente: <strong><em>Europa Press<\/em><\/strong>.<\/p>\n","protected":false},"excerpt":{"rendered":"<p>(Aeronoticias).- LATAM Airlines&nbsp;ha informado que durante los \u00faltimos meses ha evidenciado una recuperaci\u00f3n gradual de sus operaciones, con una actividad del 6,4%, 9,2% y 13,9% en junio, julio y agosto, respectivamente; despu\u00e9s de una \u201cdr\u00e1stica reducci\u00f3n\u201d por la pandemia. Respecto a la operaci\u00f3n de agosto, el tr\u00e1fico de pasajeros disminuy\u00f3 un 89,1% con respecto al [&hellip;]<\/p>\n","protected":false},"author":4,"featured_media":60175,"comment_status":"open","ping_status":"open","sticky":false,"template":"","format":"standard","meta":{"tdm_status":"","tdm_grid_status":"","footnotes":""},"categories":[32,11],"tags":[163,102],"class_list":{"0":"post-62408","1":"post","2":"type-post","3":"status-publish","4":"format-standard","5":"has-post-thumbnail","7":"category-internacional","8":"category-transporte-aereo","9":"tag-coronavirus","10":"tag-latam"},"yoast_head":"<!-- This site is optimized with the Yoast SEO plugin v25.1 - https:\/\/yoast.com\/wordpress\/plugins\/seo\/ -->\n<title>LATAM aumenta operaci\u00f3n dom\u00e9stica en sus filiales y anuncia tres nuevos destinos internacionales<\/title>\n<meta name=\"description\" content=\"Portal de noticias del Per\u00fa sobre el transporte a\u00e9reo, aviaci\u00f3n, turismo, hoteleria, actualidad.\" \/>\n<meta name=\"robots\" content=\"index, follow, max-snippet:-1, max-image-preview:large, max-video-preview:-1\" \/>\n<link rel=\"canonical\" href=\"https:\/\/aeronoticias.com.pe\/noticiero\/transporte-aereo\/latam-aumenta-operacion-domestica-en-sus-filiales-y-anuncia-tres-nuevos-destinos-internacionales\/\" \/>\n<meta property=\"og:locale\" content=\"es_ES\" \/>\n<meta property=\"og:type\" content=\"article\" \/>\n<meta property=\"og:title\" content=\"LATAM aumenta operaci\u00f3n dom\u00e9stica en sus filiales y anuncia tres nuevos destinos internacionales\" \/>\n<meta property=\"og:description\" content=\"Portal de noticias del Per\u00fa sobre el transporte a\u00e9reo, aviaci\u00f3n, turismo, hoteleria, actualidad.\" \/>\n<meta property=\"og:url\" content=\"https:\/\/aeronoticias.com.pe\/noticiero\/transporte-aereo\/latam-aumenta-operacion-domestica-en-sus-filiales-y-anuncia-tres-nuevos-destinos-internacionales\/\" \/>\n<meta property=\"og:site_name\" content=\"Aeronoticias.com.pe\" \/>\n<meta property=\"article:publisher\" content=\"https:\/\/www.facebook.com\/Aeronoticias.com.pe\/\" \/>\n<meta property=\"article:published_time\" content=\"2020-09-14T23:59:28+00:00\" \/>\n<meta property=\"article:modified_time\" content=\"2020-09-15T00:02:19+00:00\" \/>\n<meta property=\"og:image\" content=\"https:\/\/aeronoticias.com.pe\/noticiero\/wp-content\/uploads\/2020\/08\/latam.jpg\" \/>\n\t<meta property=\"og:image:width\" content=\"1080\" \/>\n\t<meta property=\"og:image:height\" content=\"900\" \/>\n\t<meta property=\"og:image:type\" content=\"image\/jpeg\" \/>\n<meta name=\"author\" content=\"Jefrey Cuya\" \/>\n<meta name=\"twitter:card\" content=\"summary_large_image\" \/>\n<meta name=\"twitter:creator\" content=\"@aeronoticias\" \/>\n<meta name=\"twitter:site\" content=\"@aeronoticias\" \/>\n<meta name=\"twitter:label1\" content=\"Escrito por\" \/>\n\t<meta name=\"twitter:data1\" content=\"Jefrey Cuya\" \/>\n\t<meta name=\"twitter:label2\" content=\"Tiempo de lectura\" \/>\n\t<meta name=\"twitter:data2\" content=\"1 minuto\" \/>\n<script type=\"application\/ld+json\" class=\"yoast-schema-graph\">{\"@context\":\"https:\/\/schema.org\",\"@graph\":[{\"@type\":\"WebPage\",\"@id\":\"https:\/\/aeronoticias.com.pe\/noticiero\/transporte-aereo\/latam-aumenta-operacion-domestica-en-sus-filiales-y-anuncia-tres-nuevos-destinos-internacionales\/\",\"url\":\"https:\/\/aeronoticias.com.pe\/noticiero\/transporte-aereo\/latam-aumenta-operacion-domestica-en-sus-filiales-y-anuncia-tres-nuevos-destinos-internacionales\/\",\"name\":\"LATAM aumenta operaci\u00f3n dom\u00e9stica en sus filiales y anuncia tres nuevos destinos internacionales\",\"isPartOf\":{\"@id\":\"https:\/\/aeronoticias.com.pe\/noticiero\/#website\"},\"primaryImageOfPage\":{\"@id\":\"https:\/\/aeronoticias.com.pe\/noticiero\/transporte-aereo\/latam-aumenta-operacion-domestica-en-sus-filiales-y-anuncia-tres-nuevos-destinos-internacionales\/#primaryimage\"},\"image\":{\"@id\":\"https:\/\/aeronoticias.com.pe\/noticiero\/transporte-aereo\/latam-aumenta-operacion-domestica-en-sus-filiales-y-anuncia-tres-nuevos-destinos-internacionales\/#primaryimage\"},\"thumbnailUrl\":\"https:\/\/aeronoticias.com.pe\/noticiero\/wp-content\/uploads\/2020\/08\/latam.jpg\",\"datePublished\":\"2020-09-14T23:59:28+00:00\",\"dateModified\":\"2020-09-15T00:02:19+00:00\",\"author\":{\"@id\":\"https:\/\/aeronoticias.com.pe\/noticiero\/#\/schema\/person\/9ef7422a13b22ab480ffc29639f442b0\"},\"description\":\"Portal de noticias del Per\u00fa sobre el transporte a\u00e9reo, aviaci\u00f3n, turismo, hoteleria, actualidad.\",\"breadcrumb\":{\"@id\":\"https:\/\/aeronoticias.com.pe\/noticiero\/transporte-aereo\/latam-aumenta-operacion-domestica-en-sus-filiales-y-anuncia-tres-nuevos-destinos-internacionales\/#breadcrumb\"},\"inLanguage\":\"es\",\"potentialAction\":[{\"@type\":\"ReadAction\",\"target\":[\"https:\/\/aeronoticias.com.pe\/noticiero\/transporte-aereo\/latam-aumenta-operacion-domestica-en-sus-filiales-y-anuncia-tres-nuevos-destinos-internacionales\/\"]}]},{\"@type\":\"ImageObject\",\"inLanguage\":\"es\",\"@id\":\"https:\/\/aeronoticias.com.pe\/noticiero\/transporte-aereo\/latam-aumenta-operacion-domestica-en-sus-filiales-y-anuncia-tres-nuevos-destinos-internacionales\/#primaryimage\",\"url\":\"https:\/\/aeronoticias.com.pe\/noticiero\/wp-content\/uploads\/2020\/08\/latam.jpg\",\"contentUrl\":\"https:\/\/aeronoticias.com.pe\/noticiero\/wp-content\/uploads\/2020\/08\/latam.jpg\",\"width\":1080,\"height\":900,\"caption\":\"Aerol\u00ednea Latam responde a las acciones judiciales de Estados Unidos\"},{\"@type\":\"BreadcrumbList\",\"@id\":\"https:\/\/aeronoticias.com.pe\/noticiero\/transporte-aereo\/latam-aumenta-operacion-domestica-en-sus-filiales-y-anuncia-tres-nuevos-destinos-internacionales\/#breadcrumb\",\"itemListElement\":[{\"@type\":\"ListItem\",\"position\":1,\"name\":\"Portada\",\"item\":\"https:\/\/aeronoticias.com.pe\/noticiero\/\"},{\"@type\":\"ListItem\",\"position\":2,\"name\":\"LATAM aumenta operaci\u00f3n dom\u00e9stica en sus filiales y anuncia tres nuevos destinos internacionales\"}]},{\"@type\":\"WebSite\",\"@id\":\"https:\/\/aeronoticias.com.pe\/noticiero\/#website\",\"url\":\"https:\/\/aeronoticias.com.pe\/noticiero\/\",\"name\":\"Aeronoticias.com.pe\",\"description\":\"Noticias de tranporte aereo, turismo, hoteles, gastronomia, actualidad, internacional\",\"potentialAction\":[{\"@type\":\"SearchAction\",\"target\":{\"@type\":\"EntryPoint\",\"urlTemplate\":\"https:\/\/aeronoticias.com.pe\/noticiero\/?s={search_term_string}\"},\"query-input\":{\"@type\":\"PropertyValueSpecification\",\"valueRequired\":true,\"valueName\":\"search_term_string\"}}],\"inLanguage\":\"es\"},{\"@type\":\"Person\",\"@id\":\"https:\/\/aeronoticias.com.pe\/noticiero\/#\/schema\/person\/9ef7422a13b22ab480ffc29639f442b0\",\"name\":\"Jefrey Cuya\",\"url\":\"https:\/\/aeronoticias.com.pe\/noticiero\/author\/jefreycuya\/\"}]}<\/script>\n<!-- \/ Yoast SEO plugin. -->","yoast_head_json":{"title":"LATAM aumenta operaci\u00f3n dom\u00e9stica en sus filiales y anuncia tres nuevos destinos internacionales","description":"Portal de noticias del Per\u00fa sobre el transporte a\u00e9reo, aviaci\u00f3n, turismo, hoteleria, actualidad.","robots":{"index":"index","follow":"follow","max-snippet":"max-snippet:-1","max-image-preview":"max-image-preview:large","max-video-preview":"max-video-preview:-1"},"canonical":"https:\/\/aeronoticias.com.pe\/noticiero\/transporte-aereo\/latam-aumenta-operacion-domestica-en-sus-filiales-y-anuncia-tres-nuevos-destinos-internacionales\/","og_locale":"es_ES","og_type":"article","og_title":"LATAM aumenta operaci\u00f3n dom\u00e9stica en sus filiales y anuncia tres nuevos destinos internacionales","og_description":"Portal de noticias del Per\u00fa sobre el transporte a\u00e9reo, aviaci\u00f3n, turismo, hoteleria, actualidad.","og_url":"https:\/\/aeronoticias.com.pe\/noticiero\/transporte-aereo\/latam-aumenta-operacion-domestica-en-sus-filiales-y-anuncia-tres-nuevos-destinos-internacionales\/","og_site_name":"Aeronoticias.com.pe","article_publisher":"https:\/\/www.facebook.com\/Aeronoticias.com.pe\/","article_published_time":"2020-09-14T23:59:28+00:00","article_modified_time":"2020-09-15T00:02:19+00:00","og_image":[{"width":1080,"height":900,"url":"https:\/\/aeronoticias.com.pe\/noticiero\/wp-content\/uploads\/2020\/08\/latam.jpg","type":"image\/jpeg"}],"author":"Jefrey Cuya","twitter_card":"summary_large_image","twitter_creator":"@aeronoticias","twitter_site":"@aeronoticias","twitter_misc":{"Escrito por":"Jefrey Cuya","Tiempo de lectura":"1 minuto"},"schema":{"@context":"https:\/\/schema.org","@graph":[{"@type":"WebPage","@id":"https:\/\/aeronoticias.com.pe\/noticiero\/transporte-aereo\/latam-aumenta-operacion-domestica-en-sus-filiales-y-anuncia-tres-nuevos-destinos-internacionales\/","url":"https:\/\/aeronoticias.com.pe\/noticiero\/transporte-aereo\/latam-aumenta-operacion-domestica-en-sus-filiales-y-anuncia-tres-nuevos-destinos-internacionales\/","name":"LATAM aumenta operaci\u00f3n dom\u00e9stica en sus filiales y anuncia tres nuevos destinos internacionales","isPartOf":{"@id":"https:\/\/aeronoticias.com.pe\/noticiero\/#website"},"primaryImageOfPage":{"@id":"https:\/\/aeronoticias.com.pe\/noticiero\/transporte-aereo\/latam-aumenta-operacion-domestica-en-sus-filiales-y-anuncia-tres-nuevos-destinos-internacionales\/#primaryimage"},"image":{"@id":"https:\/\/aeronoticias.com.pe\/noticiero\/transporte-aereo\/latam-aumenta-operacion-domestica-en-sus-filiales-y-anuncia-tres-nuevos-destinos-internacionales\/#primaryimage"},"thumbnailUrl":"https:\/\/aeronoticias.com.pe\/noticiero\/wp-content\/uploads\/2020\/08\/latam.jpg","datePublished":"2020-09-14T23:59:28+00:00","dateModified":"2020-09-15T00:02:19+00:00","author":{"@id":"https:\/\/aeronoticias.com.pe\/noticiero\/#\/schema\/person\/9ef7422a13b22ab480ffc29639f442b0"},"description":"Portal de noticias del Per\u00fa sobre el transporte a\u00e9reo, aviaci\u00f3n, turismo, hoteleria, actualidad.","breadcrumb":{"@id":"https:\/\/aeronoticias.com.pe\/noticiero\/transporte-aereo\/latam-aumenta-operacion-domestica-en-sus-filiales-y-anuncia-tres-nuevos-destinos-internacionales\/#breadcrumb"},"inLanguage":"es","potentialAction":[{"@type":"ReadAction","target":["https:\/\/aeronoticias.com.pe\/noticiero\/transporte-aereo\/latam-aumenta-operacion-domestica-en-sus-filiales-y-anuncia-tres-nuevos-destinos-internacionales\/"]}]},{"@type":"ImageObject","inLanguage":"es","@id":"https:\/\/aeronoticias.com.pe\/noticiero\/transporte-aereo\/latam-aumenta-operacion-domestica-en-sus-filiales-y-anuncia-tres-nuevos-destinos-internacionales\/#primaryimage","url":"https:\/\/aeronoticias.com.pe\/noticiero\/wp-content\/uploads\/2020\/08\/latam.jpg","contentUrl":"https:\/\/aeronoticias.com.pe\/noticiero\/wp-content\/uploads\/2020\/08\/latam.jpg","width":1080,"height":900,"caption":"Aerol\u00ednea Latam responde a las acciones judiciales de Estados Unidos"},{"@type":"BreadcrumbList","@id":"https:\/\/aeronoticias.com.pe\/noticiero\/transporte-aereo\/latam-aumenta-operacion-domestica-en-sus-filiales-y-anuncia-tres-nuevos-destinos-internacionales\/#breadcrumb","itemListElement":[{"@type":"ListItem","position":1,"name":"Portada","item":"https:\/\/aeronoticias.com.pe\/noticiero\/"},{"@type":"ListItem","position":2,"name":"LATAM aumenta operaci\u00f3n dom\u00e9stica en sus filiales y anuncia tres nuevos destinos internacionales"}]},{"@type":"WebSite","@id":"https:\/\/aeronoticias.com.pe\/noticiero\/#website","url":"https:\/\/aeronoticias.com.pe\/noticiero\/","name":"Aeronoticias.com.pe","description":"Noticias de tranporte aereo, turismo, hoteles, gastronomia, actualidad, internacional","potentialAction":[{"@type":"SearchAction","target":{"@type":"EntryPoint","urlTemplate":"https:\/\/aeronoticias.com.pe\/noticiero\/?s={search_term_string}"},"query-input":{"@type":"PropertyValueSpecification","valueRequired":true,"valueName":"search_term_string"}}],"inLanguage":"es"},{"@type":"Person","@id":"https:\/\/aeronoticias.com.pe\/noticiero\/#\/schema\/person\/9ef7422a13b22ab480ffc29639f442b0","name":"Jefrey Cuya","url":"https:\/\/aeronoticias.com.pe\/noticiero\/author\/jefreycuya\/"}]}},"_links":{"self":[{"href":"https:\/\/aeronoticias.com.pe\/noticiero\/wp-json\/wp\/v2\/posts\/62408","targetHints":{"allow":["GET"]}}],"collection":[{"href":"https:\/\/aeronoticias.com.pe\/noticiero\/wp-json\/wp\/v2\/posts"}],"about":[{"href":"https:\/\/aeronoticias.com.pe\/noticiero\/wp-json\/wp\/v2\/types\/post"}],"author":[{"embeddable":true,"href":"https:\/\/aeronoticias.com.pe\/noticiero\/wp-json\/wp\/v2\/users\/4"}],"replies":[{"embeddable":true,"href":"https:\/\/aeronoticias.com.pe\/noticiero\/wp-json\/wp\/v2\/comments?post=62408"}],"version-history":[{"count":0,"href":"https:\/\/aeronoticias.com.pe\/noticiero\/wp-json\/wp\/v2\/posts\/62408\/revisions"}],"wp:featuredmedia":[{"embeddable":true,"href":"https:\/\/aeronoticias.com.pe\/noticiero\/wp-json\/wp\/v2\/media\/60175"}],"wp:attachment":[{"href":"https:\/\/aeronoticias.com.pe\/noticiero\/wp-json\/wp\/v2\/media?parent=62408"}],"wp:term":[{"taxonomy":"category","embeddable":true,"href":"https:\/\/aeronoticias.com.pe\/noticiero\/wp-json\/wp\/v2\/categories?post=62408"},{"taxonomy":"post_tag","embeddable":true,"href":"https:\/\/aeronoticias.com.pe\/noticiero\/wp-json\/wp\/v2\/tags?post=62408"}],"curies":[{"name":"wp","href":"https:\/\/api.w.org\/{rel}","templated":true}]}}