{"id":63158,"date":"2020-09-25T11:24:43","date_gmt":"2020-09-25T11:24:43","guid":{"rendered":"https:\/\/aeronoticias.com.pe\/noticiero\/?p=63158"},"modified":"2020-09-25T11:36:01","modified_gmt":"2020-09-25T11:36:01","slug":"lexlatin-propiedad-de-latam-legal-ltd-no-le-informa-a-sus-lectores-que-sus-entrevistados-serian-abogados-de-latam","status":"publish","type":"post","link":"https:\/\/aeronoticias.com.pe\/noticiero\/mundo\/lexlatin-propiedad-de-latam-legal-ltd-no-le-informa-a-sus-lectores-que-sus-entrevistados-serian-abogados-de-latam\/","title":{"rendered":"Lexlatin, propiedad de LATAM LEGAL LTD., no le informa a sus lectores que sus entrevistados ser\u00edan abogados de LATAM"},"content":{"rendered":"\n<p><strong>(Aeronoticias)<\/strong> La Constituci\u00f3n Pol\u00edtica del Per\u00fa establece que el Estado ejerce Soberan\u00eda en el Espacio A\u00e9reo, en consecuencia, es un principio de pol\u00edtica internacional la no injerencia de los Estados, como ser\u00eda el caso de Chile en los asuntos internos de otro Estado.<br><br>Sin embargo, Chile tiene muchas inversiones en el Per\u00fa y la forma de protegerlas se manifiesta de diferentes maneras, sea a trav\u00e9s de voceros oficiosos, l\u00edderes de opini\u00f3n, medios de comunicaci\u00f3n y abogados privados, cuyos Estudios estar\u00edan contratados por estas empresas chilenas, como ser\u00eda el caso de LATAM.<\/p>\n\n\n\n<figure class=\"wp-block-image size-large\"><img loading=\"lazy\" decoding=\"async\" width=\"940\" height=\"569\" src=\"https:\/\/aeronoticias.com.pe\/noticiero\/wp-content\/uploads\/2020\/09\/latamperu.jpg\" alt=\"\" class=\"wp-image-63176\" srcset=\"https:\/\/aeronoticias.com.pe\/noticiero\/wp-content\/uploads\/2020\/09\/latamperu.jpg 940w, https:\/\/aeronoticias.com.pe\/noticiero\/wp-content\/uploads\/2020\/09\/latamperu-300x182.jpg 300w, https:\/\/aeronoticias.com.pe\/noticiero\/wp-content\/uploads\/2020\/09\/latamperu-768x465.jpg 768w, https:\/\/aeronoticias.com.pe\/noticiero\/wp-content\/uploads\/2020\/09\/latamperu-150x91.jpg 150w, https:\/\/aeronoticias.com.pe\/noticiero\/wp-content\/uploads\/2020\/09\/latamperu-696x421.jpg 696w\" sizes=\"auto, (max-width: 940px) 100vw, 940px\" \/><figcaption>Avi\u00f3n LATAM<\/figcaption><\/figure>\n\n\n\n<p>Llama la atenci\u00f3n, que el 21 de setiembre del 2020 la Revista Digital Lexlatin.com <a href=\"https:\/\/www.lexlatin.com\/portal\/entrevistas\/peru-discute-creacion-aerolinea-bandera-plena-pandemia\" target=\"_blank\" rel=\"noreferrer noopener\">Per\u00fa discute la creaci\u00f3n de una aerol\u00ednea de bandera en plena pandemia<\/a>, public\u00f3 la opini\u00f3n de 2 j\u00f3venes abogados peruanos del Estudio Olaechea, Mar\u00eda Eugenia Yabar Guevara y Carlos Hern\u00e1n Mart\u00ednez Ebell, que daban su opini\u00f3n supuestamente independiente, explicando sus razones jur\u00eddicas por las cuales no le conven\u00eda al Per\u00fa continuar con el Proyecto de la L\u00ednea A\u00e9rea de Bandera de bajo costo. <a href=\"https:\/\/aeronoticias.com.pe\/noticiero\/wp-content\/uploads\/2020\/09\/EXPOSICION-DE-MOTIVOS.pdf\" target=\"_blank\" rel=\"noreferrer noopener\">Exposici\u00f3n de Motivos<\/a>.<br><br>Profundizamos las investigaciones y descubrimos que la Revista Digital Lexlatin es propiedad de LATAM LEGAL LTD., que el Estudio Olaechea tendr\u00eda como cliente a LATAM, y seg\u00fan fuentes consultadas uno de los abogados encargados de LATAM en el Estudio Olaechea, ser\u00eda el Dr. Carlos Hern\u00e1n Mart\u00ednez Ebell, lo cual es muy positivo porque las empresas tienen derecho al ejercicio de la defensa y de dar opiniones jur\u00eddicas, lo que criticamos es que Lexlatin.com, <strong>no le informa a sus lectores, que sus abogados entrevistados y que se oponen a la L\u00ednea A\u00e9rea de Bandera del Per\u00fa, ser\u00edan parte del Estudio que tendr\u00eda como cliente a LATAM<\/strong>.<\/p>\n\n\n\n<figure class=\"wp-block-image size-large\"><img loading=\"lazy\" decoding=\"async\" width=\"1024\" height=\"619\" src=\"https:\/\/aeronoticias.com.pe\/noticiero\/wp-content\/uploads\/2020\/09\/lexlatin-1024x619.jpg\" alt=\"\" class=\"wp-image-63177\" srcset=\"https:\/\/aeronoticias.com.pe\/noticiero\/wp-content\/uploads\/2020\/09\/lexlatin-1024x619.jpg 1024w, https:\/\/aeronoticias.com.pe\/noticiero\/wp-content\/uploads\/2020\/09\/lexlatin-300x181.jpg 300w, https:\/\/aeronoticias.com.pe\/noticiero\/wp-content\/uploads\/2020\/09\/lexlatin-768x464.jpg 768w, https:\/\/aeronoticias.com.pe\/noticiero\/wp-content\/uploads\/2020\/09\/lexlatin-1536x929.jpg 1536w, https:\/\/aeronoticias.com.pe\/noticiero\/wp-content\/uploads\/2020\/09\/lexlatin-150x91.jpg 150w, https:\/\/aeronoticias.com.pe\/noticiero\/wp-content\/uploads\/2020\/09\/lexlatin-696x421.jpg 696w, https:\/\/aeronoticias.com.pe\/noticiero\/wp-content\/uploads\/2020\/09\/lexlatin-1068x646.jpg 1068w, https:\/\/aeronoticias.com.pe\/noticiero\/wp-content\/uploads\/2020\/09\/lexlatin.jpg 1659w\" sizes=\"auto, (max-width: 1024px) 100vw, 1024px\" \/><figcaption>Revista Digital Lexlatin.com<\/figcaption><\/figure>\n\n\n\n<p><br>La veracidad period\u00edstica es un principio que inspira a los medios de comunicaci\u00f3n serios en todo el mundo, es por ello, que nosotros consideramos que por \u00e9tica period\u00edstica Lexlatin.com debi\u00f3 consignar en su informaci\u00f3n <a href=\"https:\/\/www.lexlatin.com\/portal\/entrevistas\/peru-discute-creacion-aerolinea-bandera-plena-pandemia\" target=\"_blank\" rel=\"noreferrer noopener\"><strong>Per\u00fa discute la creaci\u00f3n de una aerol\u00ednea de bandera en plena pandemia<\/strong><\/a>, <strong>que quienes estaban declarando como abogados contra el <a href=\"http:\/\/www.leyes.congreso.gob.pe\/Documentos\/2016_2021\/Proyectos_de_Ley_y_de_Resoluciones_Legislativas\/PL06153_20200907.pdf\" target=\"_blank\" rel=\"noreferrer noopener\">Proyecto de Ley 6153-2020-CR<\/a> contra la L\u00ednea A\u00e9rea de Bandera<\/strong>, <strong>ser\u00edan abogados de parte, es decir de LATAM<\/strong>, empresa que tiene el cuasimonopolio y la preferencia de las rutas internacionales del Per\u00fa y a quien no le convendr\u00eda m\u00e1s competencia. <a href=\"https:\/\/es.scribd.com\/doc\/192155127\/Linea-Aerea-de-Bandera\" target=\"_blank\" rel=\"noreferrer noopener\">Libro \u201cL\u00ednea A\u00e9rea de Bandera de bajo costo\u201d<\/a>.<br><\/p>\n\n\n\n<p>En el pasado, todas las iniciativas y opiniones para que el Per\u00fa tenga una L\u00ednea A\u00e9rea de Bandera como la de nuestro representante ante la OEA, el Dr. Vicente Zeballos, ex Primer Ministro del Per\u00fa, recibieron duras cr\u00edticas de medios de comunicaci\u00f3n; ahora vamos entendiendo c\u00f3mo se pretende generar corriente de opini\u00f3n contra el derecho del Per\u00fa a generar m\u00e1s competencia en el Espacio A\u00e9reo peruano a trav\u00e9s de una L\u00ednea A\u00e9rea de Bandera de bajo costo. <\/p>\n\n\n\n<p><a href=\"https:\/\/aeronoticias.com.pe\/noticiero\/renace-el-proyecto-de-la-linea-aerea-de-bandera-del-peru\/\" target=\"_blank\" rel=\"noreferrer noopener\">\u00bfRenace el Proyecto de la L\u00ednea A\u00e9rea de Bandera del Per\u00fa?<\/a><\/p>\n\n\n\n<p><a href=\"https:\/\/aeronoticias.com.pe\/noticiero\/comision-de-transportes-del-congreso-debate-proyecto-de-la-linea-aerea-de-bandera-del-peru-2\/\" target=\"_blank\" rel=\"noreferrer noopener\">Comisi\u00f3n de Transportes del Congreso debate Proyecto de la L\u00ednea A\u00e9rea de Bandera del Per\u00fa<\/a><\/p>\n\n\n\n<p><a href=\"https:\/\/aeronoticias.com.pe\/noticiero\/comision-de-transportes-del-congreso-postergo-debate-del-proyecto-de-ley-de-la-linea-aerea-de-bandera-del-peru\/\" target=\"_blank\" rel=\"noreferrer noopener\">Comisi\u00f3n de Transportes del Congreso posterg\u00f3 debate del Proyecto de Ley de la L\u00ednea A\u00e9rea de Bandera del Per\u00fa<\/a><\/p>\n\n\n\n<p><a href=\"https:\/\/aeronoticias.com.pe\/noticiero\/comision-de-transportes-del-congreso-debate-proyecto-de-la-linea-aerea-de-bandera-del-peru-2\/\" target=\"_blank\" rel=\"noreferrer noopener\">Comisi\u00f3n de Transportes del Congreso debate hoy Proyecto de la L\u00ednea A\u00e9rea de Bandera del Per\u00fa<\/a><\/p>\n\n\n\n<p><a href=\"https:\/\/aeronoticias.com.pe\/noticiero\/por-debate-presidencial-comision-de-transportes-suspende-tratamiento-de-proyecto-de-ley-de-linea-aerea-de-bandera\/\" target=\"_blank\" rel=\"noreferrer noopener\">Por debate Presidencial, Comisi\u00f3n de Transportes suspende tratamiento de Proyecto de Ley de L\u00ednea A\u00e9rea de Bandera<\/a><\/p>\n\n\n\n<p><a href=\"https:\/\/aeronoticias.com.pe\/noticiero\/julian-palacin-emplaza-a-latam-legal-ltd-que-se-opone-a-la-linea-aerea-de-bandera-del-peru\/\" target=\"_blank\" rel=\"noreferrer noopener\">Juli\u00e1n Palacin emplaza a LATAM LEGAL LTD, que se opone a la L\u00ednea A\u00e9rea de Bandera del Per\u00fa<\/a><\/p>\n\n\n\n<p><a href=\"https:\/\/aeronoticias.com.pe\/noticiero\/desacreditan-al-peru-por-proyecto-de-ley-de-linea-aerea-de-bandera\/?fbclid=IwAR13zEnnP1LIk6wLhFpqxwhqVO8KqhlhMZVQswmxkHutElrQyu-7SJcphU8\" target=\"_blank\" rel=\"noreferrer noopener\">Desacreditan al Per\u00fa por Proyecto de Ley de L\u00ednea A\u00e9rea de Bandera<\/a><\/p>\n","protected":false},"excerpt":{"rendered":"<p>(Aeronoticias) La Constituci\u00f3n Pol\u00edtica del Per\u00fa establece que el Estado ejerce Soberan\u00eda en el Espacio A\u00e9reo, en consecuencia, es un principio de pol\u00edtica internacional la no injerencia de los Estados, como ser\u00eda el caso de Chile en los asuntos internos de otro Estado. Sin embargo, Chile tiene muchas inversiones en el Per\u00fa y la forma [&hellip;]<\/p>\n","protected":false},"author":3,"featured_media":63130,"comment_status":"open","ping_status":"open","sticky":false,"template":"","format":"standard","meta":{"tdm_status":"","tdm_grid_status":"","footnotes":""},"categories":[28,64],"tags":[102,97],"class_list":{"0":"post-63158","1":"post","2":"type-post","3":"status-publish","4":"format-standard","5":"has-post-thumbnail","7":"category-mundo","8":"category-mundo-mundo","9":"tag-latam","10":"tag-peru"},"yoast_head":"<!-- This site is optimized with the Yoast SEO plugin v25.1 - https:\/\/yoast.com\/wordpress\/plugins\/seo\/ -->\n<title>Lexlatin, propiedad de LATAM LEGAL LTD., no le informa a sus lectores que sus entrevistados ser\u00edan abogados de LATAM<\/title>\n<meta name=\"description\" content=\"El Estudio Jur\u00eddico Olaechea de Per\u00fa tendr\u00eda como cliente a LATAM y sus abogados dieron una opini\u00f3n en defensa de esta empresa chilena y en contra del Proyecto de Ley de la L\u00ednea A\u00e9rea de Bandera del Per\u00fa.\" \/>\n<meta name=\"robots\" content=\"index, follow, max-snippet:-1, max-image-preview:large, max-video-preview:-1\" \/>\n<link rel=\"canonical\" href=\"https:\/\/aeronoticias.com.pe\/noticiero\/mundo\/lexlatin-propiedad-de-latam-legal-ltd-no-le-informa-a-sus-lectores-que-sus-entrevistados-serian-abogados-de-latam\/\" \/>\n<meta property=\"og:locale\" content=\"es_ES\" \/>\n<meta property=\"og:type\" content=\"article\" \/>\n<meta property=\"og:title\" content=\"Lexlatin, propiedad de LATAM LEGAL LTD., no le informa a sus lectores que sus entrevistados ser\u00edan abogados de LATAM\" \/>\n<meta property=\"og:description\" content=\"El Estudio Jur\u00eddico Olaechea de Per\u00fa tendr\u00eda como cliente a LATAM y sus abogados dieron una opini\u00f3n en defensa de esta empresa chilena y en contra del Proyecto de Ley de la L\u00ednea A\u00e9rea de Bandera del Per\u00fa.\" \/>\n<meta property=\"og:url\" content=\"https:\/\/aeronoticias.com.pe\/noticiero\/mundo\/lexlatin-propiedad-de-latam-legal-ltd-no-le-informa-a-sus-lectores-que-sus-entrevistados-serian-abogados-de-latam\/\" \/>\n<meta property=\"og:site_name\" content=\"Aeronoticias.com.pe\" \/>\n<meta property=\"article:publisher\" content=\"https:\/\/www.facebook.com\/Aeronoticias.com.pe\/\" \/>\n<meta property=\"article:published_time\" content=\"2020-09-25T11:24:43+00:00\" \/>\n<meta property=\"article:modified_time\" content=\"2020-09-25T11:36:01+00:00\" \/>\n<meta property=\"og:image\" content=\"https:\/\/aeronoticias.com.pe\/noticiero\/wp-content\/uploads\/2020\/05\/Colombia-1.jpg\" \/>\n\t<meta property=\"og:image:width\" content=\"660\" \/>\n\t<meta property=\"og:image:height\" content=\"371\" \/>\n\t<meta property=\"og:image:type\" content=\"image\/jpeg\" \/>\n<meta name=\"author\" content=\"Redacci\u00f3n\" \/>\n<meta name=\"twitter:card\" content=\"summary_large_image\" \/>\n<meta name=\"twitter:creator\" content=\"@aeronoticias\" \/>\n<meta name=\"twitter:site\" content=\"@aeronoticias\" \/>\n<meta name=\"twitter:label1\" content=\"Escrito por\" \/>\n\t<meta name=\"twitter:data1\" content=\"Redacci\u00f3n\" \/>\n\t<meta name=\"twitter:label2\" content=\"Tiempo de lectura\" \/>\n\t<meta name=\"twitter:data2\" content=\"3 minutos\" \/>\n<script type=\"application\/ld+json\" class=\"yoast-schema-graph\">{\"@context\":\"https:\/\/schema.org\",\"@graph\":[{\"@type\":\"WebPage\",\"@id\":\"https:\/\/aeronoticias.com.pe\/noticiero\/mundo\/lexlatin-propiedad-de-latam-legal-ltd-no-le-informa-a-sus-lectores-que-sus-entrevistados-serian-abogados-de-latam\/\",\"url\":\"https:\/\/aeronoticias.com.pe\/noticiero\/mundo\/lexlatin-propiedad-de-latam-legal-ltd-no-le-informa-a-sus-lectores-que-sus-entrevistados-serian-abogados-de-latam\/\",\"name\":\"Lexlatin, propiedad de LATAM LEGAL LTD., no le informa a sus lectores que sus entrevistados ser\u00edan abogados de LATAM\",\"isPartOf\":{\"@id\":\"https:\/\/aeronoticias.com.pe\/noticiero\/#website\"},\"primaryImageOfPage\":{\"@id\":\"https:\/\/aeronoticias.com.pe\/noticiero\/mundo\/lexlatin-propiedad-de-latam-legal-ltd-no-le-informa-a-sus-lectores-que-sus-entrevistados-serian-abogados-de-latam\/#primaryimage\"},\"image\":{\"@id\":\"https:\/\/aeronoticias.com.pe\/noticiero\/mundo\/lexlatin-propiedad-de-latam-legal-ltd-no-le-informa-a-sus-lectores-que-sus-entrevistados-serian-abogados-de-latam\/#primaryimage\"},\"thumbnailUrl\":\"https:\/\/aeronoticias.com.pe\/noticiero\/wp-content\/uploads\/2020\/05\/Colombia-1.jpg\",\"datePublished\":\"2020-09-25T11:24:43+00:00\",\"dateModified\":\"2020-09-25T11:36:01+00:00\",\"author\":{\"@id\":\"https:\/\/aeronoticias.com.pe\/noticiero\/#\/schema\/person\/16212a617c73f78916b13194154243bd\"},\"description\":\"El Estudio Jur\u00eddico Olaechea de Per\u00fa tendr\u00eda como cliente a LATAM y sus abogados dieron una opini\u00f3n en defensa de esta empresa chilena y en contra del Proyecto de Ley de la L\u00ednea A\u00e9rea de Bandera del Per\u00fa.\",\"breadcrumb\":{\"@id\":\"https:\/\/aeronoticias.com.pe\/noticiero\/mundo\/lexlatin-propiedad-de-latam-legal-ltd-no-le-informa-a-sus-lectores-que-sus-entrevistados-serian-abogados-de-latam\/#breadcrumb\"},\"inLanguage\":\"es\",\"potentialAction\":[{\"@type\":\"ReadAction\",\"target\":[\"https:\/\/aeronoticias.com.pe\/noticiero\/mundo\/lexlatin-propiedad-de-latam-legal-ltd-no-le-informa-a-sus-lectores-que-sus-entrevistados-serian-abogados-de-latam\/\"]}]},{\"@type\":\"ImageObject\",\"inLanguage\":\"es\",\"@id\":\"https:\/\/aeronoticias.com.pe\/noticiero\/mundo\/lexlatin-propiedad-de-latam-legal-ltd-no-le-informa-a-sus-lectores-que-sus-entrevistados-serian-abogados-de-latam\/#primaryimage\",\"url\":\"https:\/\/aeronoticias.com.pe\/noticiero\/wp-content\/uploads\/2020\/05\/Colombia-1.jpg\",\"contentUrl\":\"https:\/\/aeronoticias.com.pe\/noticiero\/wp-content\/uploads\/2020\/05\/Colombia-1.jpg\",\"width\":660,\"height\":371,\"caption\":\"LATAM a trav\u00e9s de Lexlatin.com se opone al Proyecto de la L\u00ednea A\u00e9rea de Bandera del Per\u00fa\"},{\"@type\":\"BreadcrumbList\",\"@id\":\"https:\/\/aeronoticias.com.pe\/noticiero\/mundo\/lexlatin-propiedad-de-latam-legal-ltd-no-le-informa-a-sus-lectores-que-sus-entrevistados-serian-abogados-de-latam\/#breadcrumb\",\"itemListElement\":[{\"@type\":\"ListItem\",\"position\":1,\"name\":\"Portada\",\"item\":\"https:\/\/aeronoticias.com.pe\/noticiero\/\"},{\"@type\":\"ListItem\",\"position\":2,\"name\":\"Lexlatin, propiedad de LATAM LEGAL LTD., no le informa a sus lectores que sus entrevistados ser\u00edan abogados de LATAM\"}]},{\"@type\":\"WebSite\",\"@id\":\"https:\/\/aeronoticias.com.pe\/noticiero\/#website\",\"url\":\"https:\/\/aeronoticias.com.pe\/noticiero\/\",\"name\":\"Aeronoticias.com.pe\",\"description\":\"Noticias de tranporte aereo, turismo, hoteles, gastronomia, actualidad, internacional\",\"potentialAction\":[{\"@type\":\"SearchAction\",\"target\":{\"@type\":\"EntryPoint\",\"urlTemplate\":\"https:\/\/aeronoticias.com.pe\/noticiero\/?s={search_term_string}\"},\"query-input\":{\"@type\":\"PropertyValueSpecification\",\"valueRequired\":true,\"valueName\":\"search_term_string\"}}],\"inLanguage\":\"es\"},{\"@type\":\"Person\",\"@id\":\"https:\/\/aeronoticias.com.pe\/noticiero\/#\/schema\/person\/16212a617c73f78916b13194154243bd\",\"name\":\"Redacci\u00f3n\",\"sameAs\":[\"http:\/\/Redacci\u00f3n\"],\"url\":\"https:\/\/aeronoticias.com.pe\/noticiero\/author\/celeste\/\"}]}<\/script>\n<!-- \/ Yoast SEO plugin. -->","yoast_head_json":{"title":"Lexlatin, propiedad de LATAM LEGAL LTD., no le informa a sus lectores que sus entrevistados ser\u00edan abogados de LATAM","description":"El Estudio Jur\u00eddico Olaechea de Per\u00fa tendr\u00eda como cliente a LATAM y sus abogados dieron una opini\u00f3n en defensa de esta empresa chilena y en contra del Proyecto de Ley de la L\u00ednea A\u00e9rea de Bandera del Per\u00fa.","robots":{"index":"index","follow":"follow","max-snippet":"max-snippet:-1","max-image-preview":"max-image-preview:large","max-video-preview":"max-video-preview:-1"},"canonical":"https:\/\/aeronoticias.com.pe\/noticiero\/mundo\/lexlatin-propiedad-de-latam-legal-ltd-no-le-informa-a-sus-lectores-que-sus-entrevistados-serian-abogados-de-latam\/","og_locale":"es_ES","og_type":"article","og_title":"Lexlatin, propiedad de LATAM LEGAL LTD., no le informa a sus lectores que sus entrevistados ser\u00edan abogados de LATAM","og_description":"El Estudio Jur\u00eddico Olaechea de Per\u00fa tendr\u00eda como cliente a LATAM y sus abogados dieron una opini\u00f3n en defensa de esta empresa chilena y en contra del Proyecto de Ley de la L\u00ednea A\u00e9rea de Bandera del Per\u00fa.","og_url":"https:\/\/aeronoticias.com.pe\/noticiero\/mundo\/lexlatin-propiedad-de-latam-legal-ltd-no-le-informa-a-sus-lectores-que-sus-entrevistados-serian-abogados-de-latam\/","og_site_name":"Aeronoticias.com.pe","article_publisher":"https:\/\/www.facebook.com\/Aeronoticias.com.pe\/","article_published_time":"2020-09-25T11:24:43+00:00","article_modified_time":"2020-09-25T11:36:01+00:00","og_image":[{"width":660,"height":371,"url":"https:\/\/aeronoticias.com.pe\/noticiero\/wp-content\/uploads\/2020\/05\/Colombia-1.jpg","type":"image\/jpeg"}],"author":"Redacci\u00f3n","twitter_card":"summary_large_image","twitter_creator":"@aeronoticias","twitter_site":"@aeronoticias","twitter_misc":{"Escrito por":"Redacci\u00f3n","Tiempo de lectura":"3 minutos"},"schema":{"@context":"https:\/\/schema.org","@graph":[{"@type":"WebPage","@id":"https:\/\/aeronoticias.com.pe\/noticiero\/mundo\/lexlatin-propiedad-de-latam-legal-ltd-no-le-informa-a-sus-lectores-que-sus-entrevistados-serian-abogados-de-latam\/","url":"https:\/\/aeronoticias.com.pe\/noticiero\/mundo\/lexlatin-propiedad-de-latam-legal-ltd-no-le-informa-a-sus-lectores-que-sus-entrevistados-serian-abogados-de-latam\/","name":"Lexlatin, propiedad de LATAM LEGAL LTD., no le informa a sus lectores que sus entrevistados ser\u00edan abogados de LATAM","isPartOf":{"@id":"https:\/\/aeronoticias.com.pe\/noticiero\/#website"},"primaryImageOfPage":{"@id":"https:\/\/aeronoticias.com.pe\/noticiero\/mundo\/lexlatin-propiedad-de-latam-legal-ltd-no-le-informa-a-sus-lectores-que-sus-entrevistados-serian-abogados-de-latam\/#primaryimage"},"image":{"@id":"https:\/\/aeronoticias.com.pe\/noticiero\/mundo\/lexlatin-propiedad-de-latam-legal-ltd-no-le-informa-a-sus-lectores-que-sus-entrevistados-serian-abogados-de-latam\/#primaryimage"},"thumbnailUrl":"https:\/\/aeronoticias.com.pe\/noticiero\/wp-content\/uploads\/2020\/05\/Colombia-1.jpg","datePublished":"2020-09-25T11:24:43+00:00","dateModified":"2020-09-25T11:36:01+00:00","author":{"@id":"https:\/\/aeronoticias.com.pe\/noticiero\/#\/schema\/person\/16212a617c73f78916b13194154243bd"},"description":"El Estudio Jur\u00eddico Olaechea de Per\u00fa tendr\u00eda como cliente a LATAM y sus abogados dieron una opini\u00f3n en defensa de esta empresa chilena y en contra del Proyecto de Ley de la L\u00ednea A\u00e9rea de Bandera del Per\u00fa.","breadcrumb":{"@id":"https:\/\/aeronoticias.com.pe\/noticiero\/mundo\/lexlatin-propiedad-de-latam-legal-ltd-no-le-informa-a-sus-lectores-que-sus-entrevistados-serian-abogados-de-latam\/#breadcrumb"},"inLanguage":"es","potentialAction":[{"@type":"ReadAction","target":["https:\/\/aeronoticias.com.pe\/noticiero\/mundo\/lexlatin-propiedad-de-latam-legal-ltd-no-le-informa-a-sus-lectores-que-sus-entrevistados-serian-abogados-de-latam\/"]}]},{"@type":"ImageObject","inLanguage":"es","@id":"https:\/\/aeronoticias.com.pe\/noticiero\/mundo\/lexlatin-propiedad-de-latam-legal-ltd-no-le-informa-a-sus-lectores-que-sus-entrevistados-serian-abogados-de-latam\/#primaryimage","url":"https:\/\/aeronoticias.com.pe\/noticiero\/wp-content\/uploads\/2020\/05\/Colombia-1.jpg","contentUrl":"https:\/\/aeronoticias.com.pe\/noticiero\/wp-content\/uploads\/2020\/05\/Colombia-1.jpg","width":660,"height":371,"caption":"LATAM a trav\u00e9s de Lexlatin.com se opone al Proyecto de la L\u00ednea A\u00e9rea de Bandera del Per\u00fa"},{"@type":"BreadcrumbList","@id":"https:\/\/aeronoticias.com.pe\/noticiero\/mundo\/lexlatin-propiedad-de-latam-legal-ltd-no-le-informa-a-sus-lectores-que-sus-entrevistados-serian-abogados-de-latam\/#breadcrumb","itemListElement":[{"@type":"ListItem","position":1,"name":"Portada","item":"https:\/\/aeronoticias.com.pe\/noticiero\/"},{"@type":"ListItem","position":2,"name":"Lexlatin, propiedad de LATAM LEGAL LTD., no le informa a sus lectores que sus entrevistados ser\u00edan abogados de LATAM"}]},{"@type":"WebSite","@id":"https:\/\/aeronoticias.com.pe\/noticiero\/#website","url":"https:\/\/aeronoticias.com.pe\/noticiero\/","name":"Aeronoticias.com.pe","description":"Noticias de tranporte aereo, turismo, hoteles, gastronomia, actualidad, internacional","potentialAction":[{"@type":"SearchAction","target":{"@type":"EntryPoint","urlTemplate":"https:\/\/aeronoticias.com.pe\/noticiero\/?s={search_term_string}"},"query-input":{"@type":"PropertyValueSpecification","valueRequired":true,"valueName":"search_term_string"}}],"inLanguage":"es"},{"@type":"Person","@id":"https:\/\/aeronoticias.com.pe\/noticiero\/#\/schema\/person\/16212a617c73f78916b13194154243bd","name":"Redacci\u00f3n","sameAs":["http:\/\/Redacci\u00f3n"],"url":"https:\/\/aeronoticias.com.pe\/noticiero\/author\/celeste\/"}]}},"_links":{"self":[{"href":"https:\/\/aeronoticias.com.pe\/noticiero\/wp-json\/wp\/v2\/posts\/63158","targetHints":{"allow":["GET"]}}],"collection":[{"href":"https:\/\/aeronoticias.com.pe\/noticiero\/wp-json\/wp\/v2\/posts"}],"about":[{"href":"https:\/\/aeronoticias.com.pe\/noticiero\/wp-json\/wp\/v2\/types\/post"}],"author":[{"embeddable":true,"href":"https:\/\/aeronoticias.com.pe\/noticiero\/wp-json\/wp\/v2\/users\/3"}],"replies":[{"embeddable":true,"href":"https:\/\/aeronoticias.com.pe\/noticiero\/wp-json\/wp\/v2\/comments?post=63158"}],"version-history":[{"count":0,"href":"https:\/\/aeronoticias.com.pe\/noticiero\/wp-json\/wp\/v2\/posts\/63158\/revisions"}],"wp:featuredmedia":[{"embeddable":true,"href":"https:\/\/aeronoticias.com.pe\/noticiero\/wp-json\/wp\/v2\/media\/63130"}],"wp:attachment":[{"href":"https:\/\/aeronoticias.com.pe\/noticiero\/wp-json\/wp\/v2\/media?parent=63158"}],"wp:term":[{"taxonomy":"category","embeddable":true,"href":"https:\/\/aeronoticias.com.pe\/noticiero\/wp-json\/wp\/v2\/categories?post=63158"},{"taxonomy":"post_tag","embeddable":true,"href":"https:\/\/aeronoticias.com.pe\/noticiero\/wp-json\/wp\/v2\/tags?post=63158"}],"curies":[{"name":"wp","href":"https:\/\/api.w.org\/{rel}","templated":true}]}}