{"id":63238,"date":"2020-09-27T08:15:49","date_gmt":"2020-09-27T08:15:49","guid":{"rendered":"https:\/\/aeronoticias.com.pe\/noticiero\/?p=63238"},"modified":"2020-09-27T08:15:53","modified_gmt":"2020-09-27T08:15:53","slug":"avianca-tendra-que-pagar-500-millones-a-la-asociacion-de-aviadores-por-conductas-antisindicales","status":"publish","type":"post","link":"https:\/\/aeronoticias.com.pe\/noticiero\/transporte-aereo\/avianca-tendra-que-pagar-500-millones-a-la-asociacion-de-aviadores-por-conductas-antisindicales\/","title":{"rendered":"Avianca tendr\u00e1 que pagar 500 millones a la Asociaci\u00f3n de Aviadores por conductas antisindicales"},"content":{"rendered":"\n<p><strong>(Aeronoticias)<\/strong>.- La Corte Suprema de Justicia conden\u00f3 a Avianca a pagar 500 millones de pesos a la Asociaci\u00f3n Colombiana de Aviadores Civiles (Acdac) por \u201cperjuicios causados por conductas antisindicales\u201d, Rese\u00f1\u00f3\u00a0<a rel=\"noreferrer noopener\" href=\"https:\/\/www.dinero.com\/empresas\/articulo\/avianca-debera-pagar-500-millones-a-sindicato-por-huelga-de-pilotos\/301442\" target=\"_blank\">Dinero<\/a>.<\/p>\n\n\n\n<p>El fallo de la Corte dice que Avianca viol\u00f3 el derecho de asociaci\u00f3n sindical generando da\u00f1os ciertos y evidentes a la organizaci\u00f3n, porque se disminuy\u00f3 su poder de negociaci\u00f3n colectiva \u201cy se comprometi\u00f3 gravemente su existencia y sus fuentes de financiaci\u00f3n\u201d.<\/p>\n\n\n\n<p>La decisi\u00f3n de la Corte Suprema de Justicia se dio luego de tres a\u00f1os de la huelga de pilotos de Avianca que fue considerada como la m\u00e1s larga del mundo al durar 51 d\u00edas. Los pilotos reclamaban mejores condiciones laborales y mayores beneficios para ellos y sus familias. Avianca dijo que el pliego de peticiones fue exagerado y las autoridades catalogaron ilegal la huelga.<\/p>\n\n\n\n<p>Seg\u00fan el tribunal, una investigaci\u00f3n realizada demostr\u00f3 que Avianca pose\u00eda \u201cuna l\u00ednea de actuar\u201d que ten\u00eda como objetivo \u201cmenguar el poder de la organizaci\u00f3n sindical demandante, a trav\u00e9s del ofrecimiento a los trabajadores de mejores garant\u00edas econ\u00f3micas que las conseguidas a trav\u00e9s de la negociaci\u00f3n colectiva\u201d.<\/p>\n\n\n\n<p>Debido a lo anterior, la Corte concluy\u00f3 que la aerol\u00ednea violaba y condicionaba las libertades de afiliaci\u00f3n y desafiliaci\u00f3n de sus trabajadores, poniendo en riesgo la existencia de Acdac.<\/p>\n\n\n\n<p>\u201cMediante d\u00e1divas, beneficios y medidas de presi\u00f3n indirectas, que acuden a la necesidad econ\u00f3mica de los trabajadores, los fuerza a retirarse de la organizaci\u00f3n sindical y, por tanto, atentan contra el derecho de asociaci\u00f3n sindical\u201d, dijo a Semana el magistrado ponente, Iv\u00e1n Mauricio Lenis, de la Sala de Casaci\u00f3n Laboral.<\/p>\n\n\n\n<p>Seg\u00fan los denunciantes, las presiones de Avianca hicieron que 210 miembros de Adcac desertaran del sindicato y ayudar\u00e1n a la aerol\u00ednea en medio del conflicto.<\/p>\n\n\n\n<p>\u201cEsta disminuci\u00f3n gradual de los afiliados debilit\u00f3 la voz colectiva de la organizaci\u00f3n sindical, lo que asimismo evit\u00f3 una mayor representaci\u00f3n de la fuerza laboral en las negociaciones colectivas destinadas a mejorar las condiciones materiales de existencia de las personas trabajadoras, aspecto que en el orden jur\u00eddico colombiano tiene repercusiones relevantes pues podr\u00eda evitar la ejecuci\u00f3n cabal de herramientas de presi\u00f3n poderosas, como lo es la huelga. Y tales aspectos, sin duda alguna, engloban un perjuicio com\u00fan, tanto al sindicato como a los trabajadores que ejercen su libertad de sindicalizaci\u00f3n\u201d, dice el fallo de la Corte.<\/p>\n\n\n\n<p>La orden de pago de $500 millones corresponde a los ingresos no recibidos por Acdac como consecuencia de la desafiliaci\u00f3n masiva de sus integrantes, indexaci\u00f3n, intereses y lo que se llam\u00f3 \u201cconsecuencia econ\u00f3mica\u201d.<\/p>\n\n\n\n<p>Fuente: <em><strong>Dinero<\/strong><\/em>.<\/p>\n","protected":false},"excerpt":{"rendered":"<p>(Aeronoticias).- La Corte Suprema de Justicia conden\u00f3 a Avianca a pagar 500 millones de pesos a la Asociaci\u00f3n Colombiana de Aviadores Civiles (Acdac) por \u201cperjuicios causados por conductas antisindicales\u201d, Rese\u00f1\u00f3\u00a0Dinero. El fallo de la Corte dice que Avianca viol\u00f3 el derecho de asociaci\u00f3n sindical generando da\u00f1os ciertos y evidentes a la organizaci\u00f3n, porque se disminuy\u00f3 [&hellip;]<\/p>\n","protected":false},"author":4,"featured_media":62992,"comment_status":"open","ping_status":"open","sticky":false,"template":"","format":"standard","meta":{"tdm_status":"","tdm_grid_status":"","footnotes":""},"categories":[32,11],"tags":[153,163],"class_list":{"0":"post-63238","1":"post","2":"type-post","3":"status-publish","4":"format-standard","5":"has-post-thumbnail","7":"category-internacional","8":"category-transporte-aereo","9":"tag-avianca","10":"tag-coronavirus"},"yoast_head":"<!-- This site is optimized with the Yoast SEO plugin v25.1 - https:\/\/yoast.com\/wordpress\/plugins\/seo\/ -->\n<title>Avianca tendr\u00e1 que pagar 500 millones a la Asociaci\u00f3n de Aviadores por conductas antisindicales<\/title>\n<meta name=\"description\" content=\"Portal de noticias del Per\u00fa sobre el transporte a\u00e9reo, aviaci\u00f3n, turismo, hoteleria, actualidad.\" \/>\n<meta name=\"robots\" content=\"index, follow, max-snippet:-1, max-image-preview:large, max-video-preview:-1\" \/>\n<link rel=\"canonical\" href=\"https:\/\/aeronoticias.com.pe\/noticiero\/transporte-aereo\/avianca-tendra-que-pagar-500-millones-a-la-asociacion-de-aviadores-por-conductas-antisindicales\/\" \/>\n<meta property=\"og:locale\" content=\"es_ES\" \/>\n<meta property=\"og:type\" content=\"article\" \/>\n<meta property=\"og:title\" content=\"Avianca tendr\u00e1 que pagar 500 millones a la Asociaci\u00f3n de Aviadores por conductas antisindicales\" \/>\n<meta property=\"og:description\" content=\"Portal de noticias del Per\u00fa sobre el transporte a\u00e9reo, aviaci\u00f3n, turismo, hoteleria, actualidad.\" \/>\n<meta property=\"og:url\" content=\"https:\/\/aeronoticias.com.pe\/noticiero\/transporte-aereo\/avianca-tendra-que-pagar-500-millones-a-la-asociacion-de-aviadores-por-conductas-antisindicales\/\" \/>\n<meta property=\"og:site_name\" content=\"Aeronoticias.com.pe\" \/>\n<meta property=\"article:publisher\" content=\"https:\/\/www.facebook.com\/Aeronoticias.com.pe\/\" \/>\n<meta property=\"article:published_time\" content=\"2020-09-27T08:15:49+00:00\" \/>\n<meta property=\"article:modified_time\" content=\"2020-09-27T08:15:53+00:00\" \/>\n<meta property=\"og:image\" content=\"https:\/\/aeronoticias.com.pe\/noticiero\/wp-content\/uploads\/2020\/05\/Avianca.jpg\" \/>\n\t<meta property=\"og:image:width\" content=\"720\" \/>\n\t<meta property=\"og:image:height\" content=\"405\" \/>\n\t<meta property=\"og:image:type\" content=\"image\/jpeg\" \/>\n<meta name=\"author\" content=\"Jefrey Cuya\" \/>\n<meta name=\"twitter:card\" content=\"summary_large_image\" \/>\n<meta name=\"twitter:creator\" content=\"@aeronoticias\" \/>\n<meta name=\"twitter:site\" content=\"@aeronoticias\" \/>\n<meta name=\"twitter:label1\" content=\"Escrito por\" \/>\n\t<meta name=\"twitter:data1\" content=\"Jefrey Cuya\" \/>\n\t<meta name=\"twitter:label2\" content=\"Tiempo de lectura\" \/>\n\t<meta name=\"twitter:data2\" content=\"2 minutos\" \/>\n<script type=\"application\/ld+json\" class=\"yoast-schema-graph\">{\"@context\":\"https:\/\/schema.org\",\"@graph\":[{\"@type\":\"WebPage\",\"@id\":\"https:\/\/aeronoticias.com.pe\/noticiero\/transporte-aereo\/avianca-tendra-que-pagar-500-millones-a-la-asociacion-de-aviadores-por-conductas-antisindicales\/\",\"url\":\"https:\/\/aeronoticias.com.pe\/noticiero\/transporte-aereo\/avianca-tendra-que-pagar-500-millones-a-la-asociacion-de-aviadores-por-conductas-antisindicales\/\",\"name\":\"Avianca tendr\u00e1 que pagar 500 millones a la Asociaci\u00f3n de Aviadores por conductas antisindicales\",\"isPartOf\":{\"@id\":\"https:\/\/aeronoticias.com.pe\/noticiero\/#website\"},\"primaryImageOfPage\":{\"@id\":\"https:\/\/aeronoticias.com.pe\/noticiero\/transporte-aereo\/avianca-tendra-que-pagar-500-millones-a-la-asociacion-de-aviadores-por-conductas-antisindicales\/#primaryimage\"},\"image\":{\"@id\":\"https:\/\/aeronoticias.com.pe\/noticiero\/transporte-aereo\/avianca-tendra-que-pagar-500-millones-a-la-asociacion-de-aviadores-por-conductas-antisindicales\/#primaryimage\"},\"thumbnailUrl\":\"https:\/\/aeronoticias.com.pe\/noticiero\/wp-content\/uploads\/2020\/05\/Avianca.jpg\",\"datePublished\":\"2020-09-27T08:15:49+00:00\",\"dateModified\":\"2020-09-27T08:15:53+00:00\",\"author\":{\"@id\":\"https:\/\/aeronoticias.com.pe\/noticiero\/#\/schema\/person\/9ef7422a13b22ab480ffc29639f442b0\"},\"description\":\"Portal de noticias del Per\u00fa sobre el transporte a\u00e9reo, aviaci\u00f3n, turismo, hoteleria, actualidad.\",\"breadcrumb\":{\"@id\":\"https:\/\/aeronoticias.com.pe\/noticiero\/transporte-aereo\/avianca-tendra-que-pagar-500-millones-a-la-asociacion-de-aviadores-por-conductas-antisindicales\/#breadcrumb\"},\"inLanguage\":\"es\",\"potentialAction\":[{\"@type\":\"ReadAction\",\"target\":[\"https:\/\/aeronoticias.com.pe\/noticiero\/transporte-aereo\/avianca-tendra-que-pagar-500-millones-a-la-asociacion-de-aviadores-por-conductas-antisindicales\/\"]}]},{\"@type\":\"ImageObject\",\"inLanguage\":\"es\",\"@id\":\"https:\/\/aeronoticias.com.pe\/noticiero\/transporte-aereo\/avianca-tendra-que-pagar-500-millones-a-la-asociacion-de-aviadores-por-conductas-antisindicales\/#primaryimage\",\"url\":\"https:\/\/aeronoticias.com.pe\/noticiero\/wp-content\/uploads\/2020\/05\/Avianca.jpg\",\"contentUrl\":\"https:\/\/aeronoticias.com.pe\/noticiero\/wp-content\/uploads\/2020\/05\/Avianca.jpg\",\"width\":720,\"height\":405},{\"@type\":\"BreadcrumbList\",\"@id\":\"https:\/\/aeronoticias.com.pe\/noticiero\/transporte-aereo\/avianca-tendra-que-pagar-500-millones-a-la-asociacion-de-aviadores-por-conductas-antisindicales\/#breadcrumb\",\"itemListElement\":[{\"@type\":\"ListItem\",\"position\":1,\"name\":\"Portada\",\"item\":\"https:\/\/aeronoticias.com.pe\/noticiero\/\"},{\"@type\":\"ListItem\",\"position\":2,\"name\":\"Avianca tendr\u00e1 que pagar 500 millones a la Asociaci\u00f3n de Aviadores por conductas antisindicales\"}]},{\"@type\":\"WebSite\",\"@id\":\"https:\/\/aeronoticias.com.pe\/noticiero\/#website\",\"url\":\"https:\/\/aeronoticias.com.pe\/noticiero\/\",\"name\":\"Aeronoticias.com.pe\",\"description\":\"Noticias de tranporte aereo, turismo, hoteles, gastronomia, actualidad, internacional\",\"potentialAction\":[{\"@type\":\"SearchAction\",\"target\":{\"@type\":\"EntryPoint\",\"urlTemplate\":\"https:\/\/aeronoticias.com.pe\/noticiero\/?s={search_term_string}\"},\"query-input\":{\"@type\":\"PropertyValueSpecification\",\"valueRequired\":true,\"valueName\":\"search_term_string\"}}],\"inLanguage\":\"es\"},{\"@type\":\"Person\",\"@id\":\"https:\/\/aeronoticias.com.pe\/noticiero\/#\/schema\/person\/9ef7422a13b22ab480ffc29639f442b0\",\"name\":\"Jefrey Cuya\",\"url\":\"https:\/\/aeronoticias.com.pe\/noticiero\/author\/jefreycuya\/\"}]}<\/script>\n<!-- \/ Yoast SEO plugin. -->","yoast_head_json":{"title":"Avianca tendr\u00e1 que pagar 500 millones a la Asociaci\u00f3n de Aviadores por conductas antisindicales","description":"Portal de noticias del Per\u00fa sobre el transporte a\u00e9reo, aviaci\u00f3n, turismo, hoteleria, actualidad.","robots":{"index":"index","follow":"follow","max-snippet":"max-snippet:-1","max-image-preview":"max-image-preview:large","max-video-preview":"max-video-preview:-1"},"canonical":"https:\/\/aeronoticias.com.pe\/noticiero\/transporte-aereo\/avianca-tendra-que-pagar-500-millones-a-la-asociacion-de-aviadores-por-conductas-antisindicales\/","og_locale":"es_ES","og_type":"article","og_title":"Avianca tendr\u00e1 que pagar 500 millones a la Asociaci\u00f3n de Aviadores por conductas antisindicales","og_description":"Portal de noticias del Per\u00fa sobre el transporte a\u00e9reo, aviaci\u00f3n, turismo, hoteleria, actualidad.","og_url":"https:\/\/aeronoticias.com.pe\/noticiero\/transporte-aereo\/avianca-tendra-que-pagar-500-millones-a-la-asociacion-de-aviadores-por-conductas-antisindicales\/","og_site_name":"Aeronoticias.com.pe","article_publisher":"https:\/\/www.facebook.com\/Aeronoticias.com.pe\/","article_published_time":"2020-09-27T08:15:49+00:00","article_modified_time":"2020-09-27T08:15:53+00:00","og_image":[{"width":720,"height":405,"url":"https:\/\/aeronoticias.com.pe\/noticiero\/wp-content\/uploads\/2020\/05\/Avianca.jpg","type":"image\/jpeg"}],"author":"Jefrey Cuya","twitter_card":"summary_large_image","twitter_creator":"@aeronoticias","twitter_site":"@aeronoticias","twitter_misc":{"Escrito por":"Jefrey Cuya","Tiempo de lectura":"2 minutos"},"schema":{"@context":"https:\/\/schema.org","@graph":[{"@type":"WebPage","@id":"https:\/\/aeronoticias.com.pe\/noticiero\/transporte-aereo\/avianca-tendra-que-pagar-500-millones-a-la-asociacion-de-aviadores-por-conductas-antisindicales\/","url":"https:\/\/aeronoticias.com.pe\/noticiero\/transporte-aereo\/avianca-tendra-que-pagar-500-millones-a-la-asociacion-de-aviadores-por-conductas-antisindicales\/","name":"Avianca tendr\u00e1 que pagar 500 millones a la Asociaci\u00f3n de Aviadores por conductas antisindicales","isPartOf":{"@id":"https:\/\/aeronoticias.com.pe\/noticiero\/#website"},"primaryImageOfPage":{"@id":"https:\/\/aeronoticias.com.pe\/noticiero\/transporte-aereo\/avianca-tendra-que-pagar-500-millones-a-la-asociacion-de-aviadores-por-conductas-antisindicales\/#primaryimage"},"image":{"@id":"https:\/\/aeronoticias.com.pe\/noticiero\/transporte-aereo\/avianca-tendra-que-pagar-500-millones-a-la-asociacion-de-aviadores-por-conductas-antisindicales\/#primaryimage"},"thumbnailUrl":"https:\/\/aeronoticias.com.pe\/noticiero\/wp-content\/uploads\/2020\/05\/Avianca.jpg","datePublished":"2020-09-27T08:15:49+00:00","dateModified":"2020-09-27T08:15:53+00:00","author":{"@id":"https:\/\/aeronoticias.com.pe\/noticiero\/#\/schema\/person\/9ef7422a13b22ab480ffc29639f442b0"},"description":"Portal de noticias del Per\u00fa sobre el transporte a\u00e9reo, aviaci\u00f3n, turismo, hoteleria, actualidad.","breadcrumb":{"@id":"https:\/\/aeronoticias.com.pe\/noticiero\/transporte-aereo\/avianca-tendra-que-pagar-500-millones-a-la-asociacion-de-aviadores-por-conductas-antisindicales\/#breadcrumb"},"inLanguage":"es","potentialAction":[{"@type":"ReadAction","target":["https:\/\/aeronoticias.com.pe\/noticiero\/transporte-aereo\/avianca-tendra-que-pagar-500-millones-a-la-asociacion-de-aviadores-por-conductas-antisindicales\/"]}]},{"@type":"ImageObject","inLanguage":"es","@id":"https:\/\/aeronoticias.com.pe\/noticiero\/transporte-aereo\/avianca-tendra-que-pagar-500-millones-a-la-asociacion-de-aviadores-por-conductas-antisindicales\/#primaryimage","url":"https:\/\/aeronoticias.com.pe\/noticiero\/wp-content\/uploads\/2020\/05\/Avianca.jpg","contentUrl":"https:\/\/aeronoticias.com.pe\/noticiero\/wp-content\/uploads\/2020\/05\/Avianca.jpg","width":720,"height":405},{"@type":"BreadcrumbList","@id":"https:\/\/aeronoticias.com.pe\/noticiero\/transporte-aereo\/avianca-tendra-que-pagar-500-millones-a-la-asociacion-de-aviadores-por-conductas-antisindicales\/#breadcrumb","itemListElement":[{"@type":"ListItem","position":1,"name":"Portada","item":"https:\/\/aeronoticias.com.pe\/noticiero\/"},{"@type":"ListItem","position":2,"name":"Avianca tendr\u00e1 que pagar 500 millones a la Asociaci\u00f3n de Aviadores por conductas antisindicales"}]},{"@type":"WebSite","@id":"https:\/\/aeronoticias.com.pe\/noticiero\/#website","url":"https:\/\/aeronoticias.com.pe\/noticiero\/","name":"Aeronoticias.com.pe","description":"Noticias de tranporte aereo, turismo, hoteles, gastronomia, actualidad, internacional","potentialAction":[{"@type":"SearchAction","target":{"@type":"EntryPoint","urlTemplate":"https:\/\/aeronoticias.com.pe\/noticiero\/?s={search_term_string}"},"query-input":{"@type":"PropertyValueSpecification","valueRequired":true,"valueName":"search_term_string"}}],"inLanguage":"es"},{"@type":"Person","@id":"https:\/\/aeronoticias.com.pe\/noticiero\/#\/schema\/person\/9ef7422a13b22ab480ffc29639f442b0","name":"Jefrey Cuya","url":"https:\/\/aeronoticias.com.pe\/noticiero\/author\/jefreycuya\/"}]}},"_links":{"self":[{"href":"https:\/\/aeronoticias.com.pe\/noticiero\/wp-json\/wp\/v2\/posts\/63238","targetHints":{"allow":["GET"]}}],"collection":[{"href":"https:\/\/aeronoticias.com.pe\/noticiero\/wp-json\/wp\/v2\/posts"}],"about":[{"href":"https:\/\/aeronoticias.com.pe\/noticiero\/wp-json\/wp\/v2\/types\/post"}],"author":[{"embeddable":true,"href":"https:\/\/aeronoticias.com.pe\/noticiero\/wp-json\/wp\/v2\/users\/4"}],"replies":[{"embeddable":true,"href":"https:\/\/aeronoticias.com.pe\/noticiero\/wp-json\/wp\/v2\/comments?post=63238"}],"version-history":[{"count":0,"href":"https:\/\/aeronoticias.com.pe\/noticiero\/wp-json\/wp\/v2\/posts\/63238\/revisions"}],"wp:featuredmedia":[{"embeddable":true,"href":"https:\/\/aeronoticias.com.pe\/noticiero\/wp-json\/wp\/v2\/media\/62992"}],"wp:attachment":[{"href":"https:\/\/aeronoticias.com.pe\/noticiero\/wp-json\/wp\/v2\/media?parent=63238"}],"wp:term":[{"taxonomy":"category","embeddable":true,"href":"https:\/\/aeronoticias.com.pe\/noticiero\/wp-json\/wp\/v2\/categories?post=63238"},{"taxonomy":"post_tag","embeddable":true,"href":"https:\/\/aeronoticias.com.pe\/noticiero\/wp-json\/wp\/v2\/tags?post=63238"}],"curies":[{"name":"wp","href":"https:\/\/api.w.org\/{rel}","templated":true}]}}