{"id":63246,"date":"2020-09-26T11:29:00","date_gmt":"2020-09-26T11:29:00","guid":{"rendered":"https:\/\/aeronoticias.com.pe\/noticiero\/?p=63246"},"modified":"2020-09-27T08:33:14","modified_gmt":"2020-09-27T08:33:14","slug":"delta-retirara-su-flota-de-aviones-boeing-717-y-767-300er-a-finales-de-2025","status":"publish","type":"post","link":"https:\/\/aeronoticias.com.pe\/noticiero\/transporte-aereo\/delta-retirara-su-flota-de-aviones-boeing-717-y-767-300er-a-finales-de-2025\/","title":{"rendered":"Delta retirar\u00e1 su flota de aviones Boeing 717 y 767-300ER a finales de 2025"},"content":{"rendered":"\n<p><strong>(Aeronoticias)<\/strong>.- Delta Air Lines\u00a0inform\u00f3 que retirar\u00e1 toda su flota de aviones\u00a0Boeing 717 y Boeing 767-300ER\u00a0en diciembre de 2025.<\/p>\n\n\n\n<p>La aerol\u00ednea dijo tambi\u00e9n que planea retirar sus aviones regionales CRJ-200 para diciembre de 2023.<\/p>\n\n\n\n<p>\u201cDelta puede seguir considerando otras oportunidades para la retirada anticipada de aviones en un esfuerzo por modernizar y simplificar su flota\u201d, dijo la empresa en la presentaci\u00f3n ante la Comisi\u00f3n de Valores y Bolsa de los Estados Unidos.<\/p>\n\n\n\n<p>La compa\u00f1\u00eda ya retir\u00f3 en junio toda su flotas de aviones MD-88 y MD-90. Este a\u00f1o retirar\u00e1 tambi\u00e9n sus Boeing 777.<\/p>\n\n\n\n<p>Por otra parte, la aerol\u00ednea ha estado en conversaciones con el fabricante europeo Airbus para retrasar las entregas de aviones, seg\u00fan inform\u00f3 Bloomberg esta semana.<\/p>\n\n\n\n<p>Fuente: <strong><em>Aviaci\u00f3n al d\u00eda<\/em><\/strong>.<\/p>\n","protected":false},"excerpt":{"rendered":"<p>(Aeronoticias).- Delta Air Lines\u00a0inform\u00f3 que retirar\u00e1 toda su flota de aviones\u00a0Boeing 717 y Boeing 767-300ER\u00a0en diciembre de 2025. La aerol\u00ednea dijo tambi\u00e9n que planea retirar sus aviones regionales CRJ-200 para diciembre de 2023. \u201cDelta puede seguir considerando otras oportunidades para la retirada anticipada de aviones en un esfuerzo por modernizar y simplificar su flota\u201d, dijo [&hellip;]<\/p>\n","protected":false},"author":4,"featured_media":63094,"comment_status":"open","ping_status":"open","sticky":false,"template":"","format":"standard","meta":{"tdm_status":"","tdm_grid_status":"","footnotes":""},"categories":[32,11],"tags":[118,246],"class_list":{"0":"post-63246","1":"post","2":"type-post","3":"status-publish","4":"format-standard","5":"has-post-thumbnail","7":"category-internacional","8":"category-transporte-aereo","9":"tag-boeing","10":"tag-delta"},"yoast_head":"<!-- This site is optimized with the Yoast SEO plugin v25.1 - https:\/\/yoast.com\/wordpress\/plugins\/seo\/ -->\n<title>Delta retirar\u00e1 su flota de aviones Boeing 717 y 767-300ER a finales de 2025<\/title>\n<meta name=\"description\" content=\"Portal de noticias del Per\u00fa sobre el transporte a\u00e9reo, aviaci\u00f3n, turismo, hoteleria, actualidad.\" \/>\n<meta name=\"robots\" content=\"index, follow, max-snippet:-1, max-image-preview:large, max-video-preview:-1\" \/>\n<link rel=\"canonical\" href=\"https:\/\/aeronoticias.com.pe\/noticiero\/transporte-aereo\/delta-retirara-su-flota-de-aviones-boeing-717-y-767-300er-a-finales-de-2025\/\" \/>\n<meta property=\"og:locale\" content=\"es_ES\" \/>\n<meta property=\"og:type\" content=\"article\" \/>\n<meta property=\"og:title\" content=\"Delta retirar\u00e1 su flota de aviones Boeing 717 y 767-300ER a finales de 2025\" \/>\n<meta property=\"og:description\" content=\"Portal de noticias del Per\u00fa sobre el transporte a\u00e9reo, aviaci\u00f3n, turismo, hoteleria, actualidad.\" \/>\n<meta property=\"og:url\" content=\"https:\/\/aeronoticias.com.pe\/noticiero\/transporte-aereo\/delta-retirara-su-flota-de-aviones-boeing-717-y-767-300er-a-finales-de-2025\/\" \/>\n<meta property=\"og:site_name\" content=\"Aeronoticias.com.pe\" \/>\n<meta property=\"article:publisher\" content=\"https:\/\/www.facebook.com\/Aeronoticias.com.pe\/\" \/>\n<meta property=\"article:published_time\" content=\"2020-09-26T11:29:00+00:00\" \/>\n<meta property=\"article:modified_time\" content=\"2020-09-27T08:33:14+00:00\" \/>\n<meta property=\"og:image\" content=\"https:\/\/aeronoticias.com.pe\/noticiero\/wp-content\/uploads\/2020\/05\/delta.jpg\" \/>\n\t<meta property=\"og:image:width\" content=\"699\" \/>\n\t<meta property=\"og:image:height\" content=\"370\" \/>\n\t<meta property=\"og:image:type\" content=\"image\/jpeg\" \/>\n<meta name=\"author\" content=\"Jefrey Cuya\" \/>\n<meta name=\"twitter:card\" content=\"summary_large_image\" \/>\n<meta name=\"twitter:creator\" content=\"@aeronoticias\" \/>\n<meta name=\"twitter:site\" content=\"@aeronoticias\" \/>\n<meta name=\"twitter:label1\" content=\"Escrito por\" \/>\n\t<meta name=\"twitter:data1\" content=\"Jefrey Cuya\" \/>\n\t<meta name=\"twitter:label2\" content=\"Tiempo de lectura\" \/>\n\t<meta name=\"twitter:data2\" content=\"1 minuto\" \/>\n<script type=\"application\/ld+json\" class=\"yoast-schema-graph\">{\"@context\":\"https:\/\/schema.org\",\"@graph\":[{\"@type\":\"WebPage\",\"@id\":\"https:\/\/aeronoticias.com.pe\/noticiero\/transporte-aereo\/delta-retirara-su-flota-de-aviones-boeing-717-y-767-300er-a-finales-de-2025\/\",\"url\":\"https:\/\/aeronoticias.com.pe\/noticiero\/transporte-aereo\/delta-retirara-su-flota-de-aviones-boeing-717-y-767-300er-a-finales-de-2025\/\",\"name\":\"Delta retirar\u00e1 su flota de aviones Boeing 717 y 767-300ER a finales de 2025\",\"isPartOf\":{\"@id\":\"https:\/\/aeronoticias.com.pe\/noticiero\/#website\"},\"primaryImageOfPage\":{\"@id\":\"https:\/\/aeronoticias.com.pe\/noticiero\/transporte-aereo\/delta-retirara-su-flota-de-aviones-boeing-717-y-767-300er-a-finales-de-2025\/#primaryimage\"},\"image\":{\"@id\":\"https:\/\/aeronoticias.com.pe\/noticiero\/transporte-aereo\/delta-retirara-su-flota-de-aviones-boeing-717-y-767-300er-a-finales-de-2025\/#primaryimage\"},\"thumbnailUrl\":\"https:\/\/aeronoticias.com.pe\/noticiero\/wp-content\/uploads\/2020\/05\/delta.jpg\",\"datePublished\":\"2020-09-26T11:29:00+00:00\",\"dateModified\":\"2020-09-27T08:33:14+00:00\",\"author\":{\"@id\":\"https:\/\/aeronoticias.com.pe\/noticiero\/#\/schema\/person\/9ef7422a13b22ab480ffc29639f442b0\"},\"description\":\"Portal de noticias del Per\u00fa sobre el transporte a\u00e9reo, aviaci\u00f3n, turismo, hoteleria, actualidad.\",\"breadcrumb\":{\"@id\":\"https:\/\/aeronoticias.com.pe\/noticiero\/transporte-aereo\/delta-retirara-su-flota-de-aviones-boeing-717-y-767-300er-a-finales-de-2025\/#breadcrumb\"},\"inLanguage\":\"es\",\"potentialAction\":[{\"@type\":\"ReadAction\",\"target\":[\"https:\/\/aeronoticias.com.pe\/noticiero\/transporte-aereo\/delta-retirara-su-flota-de-aviones-boeing-717-y-767-300er-a-finales-de-2025\/\"]}]},{\"@type\":\"ImageObject\",\"inLanguage\":\"es\",\"@id\":\"https:\/\/aeronoticias.com.pe\/noticiero\/transporte-aereo\/delta-retirara-su-flota-de-aviones-boeing-717-y-767-300er-a-finales-de-2025\/#primaryimage\",\"url\":\"https:\/\/aeronoticias.com.pe\/noticiero\/wp-content\/uploads\/2020\/05\/delta.jpg\",\"contentUrl\":\"https:\/\/aeronoticias.com.pe\/noticiero\/wp-content\/uploads\/2020\/05\/delta.jpg\",\"width\":699,\"height\":370},{\"@type\":\"BreadcrumbList\",\"@id\":\"https:\/\/aeronoticias.com.pe\/noticiero\/transporte-aereo\/delta-retirara-su-flota-de-aviones-boeing-717-y-767-300er-a-finales-de-2025\/#breadcrumb\",\"itemListElement\":[{\"@type\":\"ListItem\",\"position\":1,\"name\":\"Portada\",\"item\":\"https:\/\/aeronoticias.com.pe\/noticiero\/\"},{\"@type\":\"ListItem\",\"position\":2,\"name\":\"Delta retirar\u00e1 su flota de aviones Boeing 717 y 767-300ER a finales de 2025\"}]},{\"@type\":\"WebSite\",\"@id\":\"https:\/\/aeronoticias.com.pe\/noticiero\/#website\",\"url\":\"https:\/\/aeronoticias.com.pe\/noticiero\/\",\"name\":\"Aeronoticias.com.pe\",\"description\":\"Noticias de tranporte aereo, turismo, hoteles, gastronomia, actualidad, internacional\",\"potentialAction\":[{\"@type\":\"SearchAction\",\"target\":{\"@type\":\"EntryPoint\",\"urlTemplate\":\"https:\/\/aeronoticias.com.pe\/noticiero\/?s={search_term_string}\"},\"query-input\":{\"@type\":\"PropertyValueSpecification\",\"valueRequired\":true,\"valueName\":\"search_term_string\"}}],\"inLanguage\":\"es\"},{\"@type\":\"Person\",\"@id\":\"https:\/\/aeronoticias.com.pe\/noticiero\/#\/schema\/person\/9ef7422a13b22ab480ffc29639f442b0\",\"name\":\"Jefrey Cuya\",\"url\":\"https:\/\/aeronoticias.com.pe\/noticiero\/author\/jefreycuya\/\"}]}<\/script>\n<!-- \/ Yoast SEO plugin. -->","yoast_head_json":{"title":"Delta retirar\u00e1 su flota de aviones Boeing 717 y 767-300ER a finales de 2025","description":"Portal de noticias del Per\u00fa sobre el transporte a\u00e9reo, aviaci\u00f3n, turismo, hoteleria, actualidad.","robots":{"index":"index","follow":"follow","max-snippet":"max-snippet:-1","max-image-preview":"max-image-preview:large","max-video-preview":"max-video-preview:-1"},"canonical":"https:\/\/aeronoticias.com.pe\/noticiero\/transporte-aereo\/delta-retirara-su-flota-de-aviones-boeing-717-y-767-300er-a-finales-de-2025\/","og_locale":"es_ES","og_type":"article","og_title":"Delta retirar\u00e1 su flota de aviones Boeing 717 y 767-300ER a finales de 2025","og_description":"Portal de noticias del Per\u00fa sobre el transporte a\u00e9reo, aviaci\u00f3n, turismo, hoteleria, actualidad.","og_url":"https:\/\/aeronoticias.com.pe\/noticiero\/transporte-aereo\/delta-retirara-su-flota-de-aviones-boeing-717-y-767-300er-a-finales-de-2025\/","og_site_name":"Aeronoticias.com.pe","article_publisher":"https:\/\/www.facebook.com\/Aeronoticias.com.pe\/","article_published_time":"2020-09-26T11:29:00+00:00","article_modified_time":"2020-09-27T08:33:14+00:00","og_image":[{"width":699,"height":370,"url":"https:\/\/aeronoticias.com.pe\/noticiero\/wp-content\/uploads\/2020\/05\/delta.jpg","type":"image\/jpeg"}],"author":"Jefrey Cuya","twitter_card":"summary_large_image","twitter_creator":"@aeronoticias","twitter_site":"@aeronoticias","twitter_misc":{"Escrito por":"Jefrey Cuya","Tiempo de lectura":"1 minuto"},"schema":{"@context":"https:\/\/schema.org","@graph":[{"@type":"WebPage","@id":"https:\/\/aeronoticias.com.pe\/noticiero\/transporte-aereo\/delta-retirara-su-flota-de-aviones-boeing-717-y-767-300er-a-finales-de-2025\/","url":"https:\/\/aeronoticias.com.pe\/noticiero\/transporte-aereo\/delta-retirara-su-flota-de-aviones-boeing-717-y-767-300er-a-finales-de-2025\/","name":"Delta retirar\u00e1 su flota de aviones Boeing 717 y 767-300ER a finales de 2025","isPartOf":{"@id":"https:\/\/aeronoticias.com.pe\/noticiero\/#website"},"primaryImageOfPage":{"@id":"https:\/\/aeronoticias.com.pe\/noticiero\/transporte-aereo\/delta-retirara-su-flota-de-aviones-boeing-717-y-767-300er-a-finales-de-2025\/#primaryimage"},"image":{"@id":"https:\/\/aeronoticias.com.pe\/noticiero\/transporte-aereo\/delta-retirara-su-flota-de-aviones-boeing-717-y-767-300er-a-finales-de-2025\/#primaryimage"},"thumbnailUrl":"https:\/\/aeronoticias.com.pe\/noticiero\/wp-content\/uploads\/2020\/05\/delta.jpg","datePublished":"2020-09-26T11:29:00+00:00","dateModified":"2020-09-27T08:33:14+00:00","author":{"@id":"https:\/\/aeronoticias.com.pe\/noticiero\/#\/schema\/person\/9ef7422a13b22ab480ffc29639f442b0"},"description":"Portal de noticias del Per\u00fa sobre el transporte a\u00e9reo, aviaci\u00f3n, turismo, hoteleria, actualidad.","breadcrumb":{"@id":"https:\/\/aeronoticias.com.pe\/noticiero\/transporte-aereo\/delta-retirara-su-flota-de-aviones-boeing-717-y-767-300er-a-finales-de-2025\/#breadcrumb"},"inLanguage":"es","potentialAction":[{"@type":"ReadAction","target":["https:\/\/aeronoticias.com.pe\/noticiero\/transporte-aereo\/delta-retirara-su-flota-de-aviones-boeing-717-y-767-300er-a-finales-de-2025\/"]}]},{"@type":"ImageObject","inLanguage":"es","@id":"https:\/\/aeronoticias.com.pe\/noticiero\/transporte-aereo\/delta-retirara-su-flota-de-aviones-boeing-717-y-767-300er-a-finales-de-2025\/#primaryimage","url":"https:\/\/aeronoticias.com.pe\/noticiero\/wp-content\/uploads\/2020\/05\/delta.jpg","contentUrl":"https:\/\/aeronoticias.com.pe\/noticiero\/wp-content\/uploads\/2020\/05\/delta.jpg","width":699,"height":370},{"@type":"BreadcrumbList","@id":"https:\/\/aeronoticias.com.pe\/noticiero\/transporte-aereo\/delta-retirara-su-flota-de-aviones-boeing-717-y-767-300er-a-finales-de-2025\/#breadcrumb","itemListElement":[{"@type":"ListItem","position":1,"name":"Portada","item":"https:\/\/aeronoticias.com.pe\/noticiero\/"},{"@type":"ListItem","position":2,"name":"Delta retirar\u00e1 su flota de aviones Boeing 717 y 767-300ER a finales de 2025"}]},{"@type":"WebSite","@id":"https:\/\/aeronoticias.com.pe\/noticiero\/#website","url":"https:\/\/aeronoticias.com.pe\/noticiero\/","name":"Aeronoticias.com.pe","description":"Noticias de tranporte aereo, turismo, hoteles, gastronomia, actualidad, internacional","potentialAction":[{"@type":"SearchAction","target":{"@type":"EntryPoint","urlTemplate":"https:\/\/aeronoticias.com.pe\/noticiero\/?s={search_term_string}"},"query-input":{"@type":"PropertyValueSpecification","valueRequired":true,"valueName":"search_term_string"}}],"inLanguage":"es"},{"@type":"Person","@id":"https:\/\/aeronoticias.com.pe\/noticiero\/#\/schema\/person\/9ef7422a13b22ab480ffc29639f442b0","name":"Jefrey Cuya","url":"https:\/\/aeronoticias.com.pe\/noticiero\/author\/jefreycuya\/"}]}},"_links":{"self":[{"href":"https:\/\/aeronoticias.com.pe\/noticiero\/wp-json\/wp\/v2\/posts\/63246","targetHints":{"allow":["GET"]}}],"collection":[{"href":"https:\/\/aeronoticias.com.pe\/noticiero\/wp-json\/wp\/v2\/posts"}],"about":[{"href":"https:\/\/aeronoticias.com.pe\/noticiero\/wp-json\/wp\/v2\/types\/post"}],"author":[{"embeddable":true,"href":"https:\/\/aeronoticias.com.pe\/noticiero\/wp-json\/wp\/v2\/users\/4"}],"replies":[{"embeddable":true,"href":"https:\/\/aeronoticias.com.pe\/noticiero\/wp-json\/wp\/v2\/comments?post=63246"}],"version-history":[{"count":0,"href":"https:\/\/aeronoticias.com.pe\/noticiero\/wp-json\/wp\/v2\/posts\/63246\/revisions"}],"wp:featuredmedia":[{"embeddable":true,"href":"https:\/\/aeronoticias.com.pe\/noticiero\/wp-json\/wp\/v2\/media\/63094"}],"wp:attachment":[{"href":"https:\/\/aeronoticias.com.pe\/noticiero\/wp-json\/wp\/v2\/media?parent=63246"}],"wp:term":[{"taxonomy":"category","embeddable":true,"href":"https:\/\/aeronoticias.com.pe\/noticiero\/wp-json\/wp\/v2\/categories?post=63246"},{"taxonomy":"post_tag","embeddable":true,"href":"https:\/\/aeronoticias.com.pe\/noticiero\/wp-json\/wp\/v2\/tags?post=63246"}],"curies":[{"name":"wp","href":"https:\/\/api.w.org\/{rel}","templated":true}]}}