{"id":63266,"date":"2020-09-28T08:14:00","date_gmt":"2020-09-28T08:14:00","guid":{"rendered":"https:\/\/aeronoticias.com.pe\/noticiero\/?p=63266"},"modified":"2020-09-28T15:16:46","modified_gmt":"2020-09-28T15:16:46","slug":"peru-es-el-unico-pais-sudamericano-que-no-tiene-linea-aerea-de-bandera","status":"publish","type":"post","link":"https:\/\/aeronoticias.com.pe\/noticiero\/ultimas\/peru-es-el-unico-pais-sudamericano-que-no-tiene-linea-aerea-de-bandera\/","title":{"rendered":"Per\u00fa es el \u00fanico pa\u00eds Sudamericano que no tiene L\u00ednea A\u00e9rea de Bandera"},"content":{"rendered":"\n<p><strong>(Aeronoticias)<\/strong> La L\u00ednea A\u00e9rea de Bandera de un pa\u00eds es la que ejerce preferentemente los derechos de tr\u00e1fico de un pa\u00eds y est\u00e1 comprometida con la integraci\u00f3n de las rutas principales y secundarias en materia social y apoya en las emergencias sanitarias, como el COVID-19 y desastres naturales. <a href=\"https:\/\/aeronoticias.com.pe\/noticiero\/wp-content\/uploads\/2020\/09\/EXPOSICION-DE-MOTIVOS.pdf\" target=\"_blank\" rel=\"noreferrer noopener\">Exposici\u00f3n de Motivos<\/a>.<br><br><a href=\"https:\/\/es.wikipedia.org\/wiki\/Compa%C3%B1%C3%ADa_de_bandera\" target=\"_blank\" rel=\"noreferrer noopener\">M\u00e1s de 150 pa\u00edses del mundo tienen L\u00edneas A\u00e9reas de Bandera y en Am\u00e9rica del Sur, Argentina tiene a Aerol\u00edneas Argentinas, Chile a LATAM, Bolivia a Boa, Colombia a AVIANCA, Venezuela a Conviasa, Ecuador a Tame, Brasil TAM \u2013 LATAM, Paranair en Paraguay y Uruguay Amaszonas Uruguay<\/a>.<\/p>\n\n\n\n<figure class=\"wp-block-image size-large\"><img loading=\"lazy\" decoding=\"async\" width=\"1024\" height=\"683\" src=\"https:\/\/aeronoticias.com.pe\/noticiero\/wp-content\/uploads\/2020\/09\/congreso-1024x683.jpg\" alt=\"\" class=\"wp-image-62908\" srcset=\"https:\/\/aeronoticias.com.pe\/noticiero\/wp-content\/uploads\/2020\/09\/congreso-1024x683.jpg 1024w, https:\/\/aeronoticias.com.pe\/noticiero\/wp-content\/uploads\/2020\/09\/congreso-300x200.jpg 300w, https:\/\/aeronoticias.com.pe\/noticiero\/wp-content\/uploads\/2020\/09\/congreso-768x512.jpg 768w, https:\/\/aeronoticias.com.pe\/noticiero\/wp-content\/uploads\/2020\/09\/congreso-1536x1024.jpg 1536w, https:\/\/aeronoticias.com.pe\/noticiero\/wp-content\/uploads\/2020\/09\/congreso-150x100.jpg 150w, https:\/\/aeronoticias.com.pe\/noticiero\/wp-content\/uploads\/2020\/09\/congreso-696x464.jpg 696w, https:\/\/aeronoticias.com.pe\/noticiero\/wp-content\/uploads\/2020\/09\/congreso-1068x712.jpg 1068w, https:\/\/aeronoticias.com.pe\/noticiero\/wp-content\/uploads\/2020\/09\/congreso.jpg 1800w\" sizes=\"auto, (max-width: 1024px) 100vw, 1024px\" \/><figcaption>Congreso de la Rep\u00fablica del Per\u00fa<\/figcaption><\/figure>\n\n\n\n<p><br>Una L\u00ednea A\u00e9rea de Bandera puede tener 100% capital estatal, como ser\u00eda Aerol\u00edneas Argentinas, pero tambi\u00e9n puede ser una Asociaci\u00f3n P\u00fablico Privada (APP), como el caso del Proyecto de la L\u00ednea A\u00e9rea de Bandera del Per\u00fa, que propone el<a href=\"http:\/\/www.leyes.congreso.gob.pe\/Documentos\/2016_2021\/Proyectos_de_Ley_y_de_Resoluciones_Legislativas\/PL06153_20200907.pdf\" target=\"_blank\" rel=\"noreferrer noopener\"> Proyecto de Ley 06153-2020\/CR<\/a>, en el que el Estado peruano tendr\u00eda el 35% del capital a trav\u00e9s de las Regiones y el 65% del capital ser\u00eda privado, con capitales nacionales y extranjeros<br><br>El Presidente del Directorio ser\u00eda nombrado por el Presidente de la Rep\u00fablica del Per\u00fa, quien adem\u00e1s nombrar\u00e1 2 Directores m\u00e1s y 4 Directores representar\u00edan al capital privado, en consecuencia, esta empresa ser\u00eda manejada mayoritariamente por privados y el Estado con sus 3 Directores se asegurar\u00eda el cumplimiento de sus fines, garantizando la inversi\u00f3n real y efectiva en el Per\u00fa.<\/p>\n\n\n\n<figure class=\"wp-block-image size-large\"><img loading=\"lazy\" decoding=\"async\" width=\"768\" height=\"576\" src=\"https:\/\/aeronoticias.com.pe\/noticiero\/wp-content\/uploads\/2020\/09\/exposicioncongreso-768x576-1.jpg\" alt=\"\" class=\"wp-image-60528\" srcset=\"https:\/\/aeronoticias.com.pe\/noticiero\/wp-content\/uploads\/2020\/09\/exposicioncongreso-768x576-1.jpg 768w, https:\/\/aeronoticias.com.pe\/noticiero\/wp-content\/uploads\/2020\/09\/exposicioncongreso-768x576-1-300x225.jpg 300w, https:\/\/aeronoticias.com.pe\/noticiero\/wp-content\/uploads\/2020\/09\/exposicioncongreso-768x576-1-150x113.jpg 150w, https:\/\/aeronoticias.com.pe\/noticiero\/wp-content\/uploads\/2020\/09\/exposicioncongreso-768x576-1-696x522.jpg 696w, https:\/\/aeronoticias.com.pe\/noticiero\/wp-content\/uploads\/2020\/09\/exposicioncongreso-768x576-1-265x198.jpg 265w\" sizes=\"auto, (max-width: 768px) 100vw, 768px\" \/><figcaption> El consultor del Proyecto de Ley de la L\u00ednea A\u00e9rea de Bandera del Per\u00fa Juli\u00e1n Palacin, expondr\u00e1 ma\u00f1ana martes 29 de setiembre del 2020 a las 14:00 horas, en la Comisi\u00f3n de Transportes del Congreso sobre el Proyecto de ley de la L\u00ednea A\u00e9rea de Bandera del Per\u00fa.<\/figcaption><\/figure>\n\n\n\n<p><br>Lo interesante de este Proyecto que contar\u00eda con el apoyo de todo un pa\u00eds, que en los \u00faltimos 20 a\u00f1os ha sido sometido al cuasimonopolio de LATAM, que en \u00e9pocas de alta temporada, por ejemplo, obligan a los pasajeros peruanos que tienen que viajar de un d\u00eda a otro a Iquitos o Arequipa a pagar tarifas de 700 u 800 d\u00f3lares, es decir, m\u00e1s que  una pasaje aereo a Miami.<br><br>El d\u00eda de ma\u00f1ana martes 29 de setiembre del 2020, la Comisi\u00f3n de Transportes del Congreso de la Rep\u00fablica, que preside el Dr. Luis Carlos Sime\u00f3n Hurtado, e integran los Congresistas Vicepresidente Alexander Hidalgo Zamalloa, Secretaria Norma Alencastre Miranda e integrada por los <a href=\"http:\/\/www.congreso.gob.pe\/comisiones2020\/Transportes\/sobrelacomision\/integrantes\/\" target=\"_blank\" rel=\"noreferrer noopener\">siguientes Congresistas<\/a>:<\/p>\n\n\n\n<p>Bartolo Romero Mar\u00eda Isabel UNI\u00d3N POR EL PER\u00da Titular<\/p>\n\n\n\n<p>Benavides Gavidia Walter ALIANZA PARA EL PROGRESO Titular<\/p>\n\n\n\n<p>Fern\u00e1ndez Chac\u00f3n Carlos Enrique FRENTE AMPLIO Titular<\/p>\n\n\n\n<p>Gupioc Rios Robinson Dociteo PODEMOS PER\u00da Titular<\/p>\n\n\n\n<p>Gutarra Ramos Robledo No\u00e9 FREPAP Titular<\/p>\n\n\n\n<p>Lizana Santos M\u00e1rtires FUERZA POPULAR Titular<\/p>\n\n\n\n<p>Olivares Cortes Daniel Federico PARTIDO MORADO Titular<\/p>\n\n\n\n<p>Rivera Guerra Walter Jes\u00fas ACCI\u00d3N POPULAR Titular<\/p>\n\n\n\n<p>Rubio Gariza Richard FREPAP Titular<\/p>\n\n\n\n<p>Bajonero Olivas Wilmer Solis ACCION POPULAR Accesitario<\/p>\n\n\n\n<p>Barrionuevo Romero Betto SOMOS PER\u00da Accesitario<\/p>\n\n\n\n<p>Columbus Murata Diethell FUERZA POPULAR Accesitario<\/p>\n\n\n\n<p>Gonzales Tuanama C\u00e9sar SOMOS PER\u00da Accesitario<\/p>\n\n\n\n<p>Gonzalez Cruz, Moises NO AGRUPADOS Accesitario<\/p>\n\n\n\n<p>Huam\u00e1n Champi Juan de Dios FREPAP Accesitario<\/p>\n\n\n\n<p>Inga Sales Leonardo ACCI\u00d3N POPULAR Accesitario<\/p>\n\n\n\n<p>Mel\u00e9ndez Celis Fernando ALIANZA PARA EL PROGRESO Accesitario<\/p>\n\n\n\n<p>Novoa Cruzado, Anthony Renson ACCI\u00d3N POPULAR Accesitario<\/p>\n\n\n\n<p>Pichilingue Gomez Marcos Antonio FUERZA POPULAR Accesitario<\/p>\n\n\n\n<p>Pineda Santos Isa\u00edas FREPAP Accesitario<\/p>\n\n\n\n<p>P\u00e9rez Flores Jorge Luis SOMOS PER\u00da Accesitario<\/p>\n\n\n\n<p>Quispe Apaza Yvan FRENTE AMPLIO Accesitario<\/p>\n\n\n\n<p>Ru\u00edz Pinedo Rolando Rub\u00e9n ACCI\u00d3N POPULAR Accesitario<\/p>\n\n\n\n<p>Trujillo Zegarra Gilmer FUERZA POPULAR Accesitario<\/p>\n\n\n\n<p>Vivanco Reyes Miguel Angel FUERZA POPULAR Accesitario<\/p>\n\n\n\n<p>Yupanqui Mi\u00f1ano Mariano Andr\u00e9s SOMOS PER\u00da Accesitario<\/p>\n\n\n\n<p>Fabi\u00e1n D\u00edaz Yessy N\u00e9lida ACCION POPULAR Accesitaria<\/p>\n\n\n\n<p>Lazo Vill\u00f3n Leslye Carol ACCI\u00d3N POPULAR Accesitaria<\/p>\n\n\n\n<p>Omonte Durand Mar\u00eda Del Carmen ALIANZA PARA EL PROGRESO Accesitaria<\/p>\n\n\n\n<p>P\u00e9rez Esp\u00edritu Lusmila ALIANZA PARA EL PROGRESO Accesitaria<\/p>\n\n\n\n<figure class=\"wp-block-image size-large\"><img loading=\"lazy\" decoding=\"async\" width=\"1024\" height=\"578\" src=\"https:\/\/aeronoticias.com.pe\/noticiero\/wp-content\/uploads\/2020\/09\/comiisontransportes-1024x578.jpeg\" alt=\"\" class=\"wp-image-62357\" srcset=\"https:\/\/aeronoticias.com.pe\/noticiero\/wp-content\/uploads\/2020\/09\/comiisontransportes-1024x578.jpeg 1024w, https:\/\/aeronoticias.com.pe\/noticiero\/wp-content\/uploads\/2020\/09\/comiisontransportes-300x169.jpeg 300w, https:\/\/aeronoticias.com.pe\/noticiero\/wp-content\/uploads\/2020\/09\/comiisontransportes-768x433.jpeg 768w, https:\/\/aeronoticias.com.pe\/noticiero\/wp-content\/uploads\/2020\/09\/comiisontransportes-150x85.jpeg 150w, https:\/\/aeronoticias.com.pe\/noticiero\/wp-content\/uploads\/2020\/09\/comiisontransportes-696x393.jpeg 696w, https:\/\/aeronoticias.com.pe\/noticiero\/wp-content\/uploads\/2020\/09\/comiisontransportes-1068x602.jpeg 1068w, https:\/\/aeronoticias.com.pe\/noticiero\/wp-content\/uploads\/2020\/09\/comiisontransportes.jpeg 1280w\" sizes=\"auto, (max-width: 1024px) 100vw, 1024px\" \/><figcaption>Comisi\u00f3n de Transportes y Comunicaciones de la Rep\u00fablica, presidido por el Congresista, Dr. Luis Sime\u00f3n Hurtado<\/figcaption><\/figure>\n\n\n\n<p>Estos distinguidos Congresistas de la Comisi\u00f3n de Transportes del Congreso peruano, llevar\u00e1n a cabo la 18\u00ba Sesi\u00f3n Ordinaria de esta Comisi\u00f3n de manera virtual a trav\u00e9s de la Plataforma Microsoft TEAMS y en donde expondr\u00e1 el consultor externo Abogado <a href=\"\/\/es.wikipedia.org\/wiki\/Juli%C3%A1n_Palac%C3%ADn_Fern%C3%A1ndez\" target=\"_blank\" rel=\"noreferrer noopener\">Juli\u00e1n Palacin Fern\u00e1ndez<\/a>, quien es autor del <a href=\"https:\/\/es.scribd.com\/doc\/192155127\/Linea-Aerea-de-Bandera\" target=\"_blank\" rel=\"noreferrer noopener\">Libro L\u00ednea A\u00e9rea de Bandera de bajo costo<\/a>, que inspira juridicamente y t\u00e8cnicamente este proyecto en el futuro geopolitico y de derrollo econ\u00f3mico del Per\u00fa.<\/p>\n\n\n\n<p>El Per\u00fa ejerce Soberan\u00eda sobre su espacio a\u00e9reo y los derechos de tr\u00e1fico del Per\u00fa involucran ventas de billetes de pasajes internacionales por m\u00e1s de 10 mil millones de d\u00f3lares anuales y hoy la preferencia de estos derechos la tiene LATAM hace 20 a\u00f1os, y lo que busca el Proyecto es que se genere m\u00e1s competencia en el mercado internacional y nacional, ya que en el primero operan Viva Air (colombiana), Sky (chilena) y LATAM (chilena-brasile\u00f1a) con una cuarta L\u00ednea A\u00e9rea ALPERU, que ser\u00eda peruana con capital mayoritariamente privado, nacional o extranjero y asociado al Estado (APP) y que permitir\u00eda el crecimiento del mercado low-cost, para que 15 millones de pasajeros, que por ejemplo usan los buses interprovinciales, puedan viajar confortablemente en un avi\u00f3n.<\/p>\n\n\n\n<figure class=\"wp-block-embed-youtube wp-block-embed is-type-video is-provider-youtube wp-embed-aspect-4-3 wp-has-aspect-ratio\"><div class=\"wp-block-embed__wrapper\">\n<div class=\"youtube-embed\" data-video_id=\"MMhxE1BHcSE\"><iframe loading=\"lazy\" title=\"Conferencia en la Academia Diplom\u00e1tica del Per\u00fa sobre la aerol\u00ednea de bandera (12\/12\/12)\" width=\"696\" height=\"522\" src=\"https:\/\/www.youtube.com\/embed\/MMhxE1BHcSE?feature=oembed&#038;enablejsapi=1&#038;enablejsapi=1\" frameborder=\"0\" allow=\"accelerometer; autoplay; clipboard-write; encrypted-media; gyroscope; picture-in-picture\" allowfullscreen><\/iframe><\/div>\n<\/div><figcaption><em>Video: Conferencia en la Academia Diplom\u00e1tica del Per\u00fa sobre la aerol\u00ednea de bandera (12\/12\/12)<\/em><\/figcaption><\/figure>\n\n\n\n<p><br>Cabe agregar que LATAM LEGAL LTD. a tarv\u00e9s de la Revista Digital Lexlatin.com, ha iniciado una campa\u00f1a medi\u00e1tica internacional en contra del derecho del Per\u00fa a tener una L\u00ednea A\u00e9rea de Bandera <a href=\"https:\/\/lexlatin.com\/portal\/entrevistas\/peru-discute-creacion-aerolinea-bandera-plena-pandemia\" target=\"_blank\" rel=\"noreferrer noopener\">\u201cPer\u00fa discute la creaci\u00f3n de una aerol\u00ednea de bandera en plena pandemia\u201d<\/a>, lo que ha merecido una respuesta de el conocido Diario digital que defiende los derechos del Per\u00fa \u201cConnuestroperu.com\u201d, criticando la posici\u00f3n chilena de interferir en asuntos internos del Per\u00fa <a href=\"https:\/\/www.connuestroperu.com\/economia\/aviacion\/66933-van-apareciendo-los-mermeleros-usados-por-chilenos-contra-proyecto-de-ley-de-la-linea-aerea-de-bandera-del-peru\" target=\"_blank\" rel=\"noreferrer noopener\">\u201cVan apareciendo los mermeleros usados por chilenos contra Proyecto de Ley de la L\u00ednea A\u00e9rea de Bandera del Per\u00fa\u201d<\/a><\/p>\n\n\n\n<p>Por \u00faltimo, el <a href=\"https:\/\/www.facebook.com\/canalcongresoperu\" target=\"_blank\" rel=\"noreferrer noopener\">canal del Congreso de la Rep\u00fablica<\/a>, Canal 550 Movistar, transmitir\u00e1 en directo esta hist\u00f3rica Sesi\u00f3n Virtual de la Comisi\u00f3n de Transportes para ver el Proyecto de Ley 6153-2020-CR, que crea como Asociaci\u00f3n P\u00fablico Privada la L\u00ednea A\u00e9rea de Bandera low cost del Per\u00fa.<\/p>\n\n\n\n<figure class=\"wp-block-embed-youtube wp-block-embed is-type-video is-provider-youtube wp-embed-aspect-16-9 wp-has-aspect-ratio\"><div class=\"wp-block-embed__wrapper\">\n<div class=\"youtube-embed\" data-video_id=\"ELFqadkbs_U\"><iframe loading=\"lazy\" title=\"El discurso mas Nacionalista de la Historia del Derecho A\u00e9reo Peruano, Julian Palacin Fernandez\" width=\"696\" height=\"392\" src=\"https:\/\/www.youtube.com\/embed\/ELFqadkbs_U?feature=oembed&#038;enablejsapi=1&#038;enablejsapi=1\" frameborder=\"0\" allow=\"accelerometer; autoplay; clipboard-write; encrypted-media; gyroscope; picture-in-picture\" allowfullscreen><\/iframe><\/div>\n<\/div><figcaption><em>Video: El discurso mas Nacionalista de la Historia del Derecho A\u00e9reo Peruano sobre la L\u00ednea A\u00e9rea de Bandera en la Sub-Comisi\u00f3n de Seguimiento de Convenios <\/em>A\u00e9reos de la Comisi\u00f3n de Relaciones Exteriores del Congreso, que presidiera el Congresista Roberto Angulo (2015)<\/figcaption><\/figure>\n\n\n\n<p><a href=\"https:\/\/aeronoticias.com.pe\/noticiero\/renace-el-proyecto-de-la-linea-aerea-de-bandera-del-peru\/\" target=\"_blank\" rel=\"noreferrer noopener\">\u00bfRenace el Proyecto de la L\u00ednea A\u00e9rea de Bandera del Per\u00fa?<\/a><\/p>\n\n\n\n<p><a href=\"https:\/\/aeronoticias.com.pe\/noticiero\/comision-de-transportes-del-congreso-debate-proyecto-de-la-linea-aerea-de-bandera-del-peru-2\/\" target=\"_blank\" rel=\"noreferrer noopener\">Comisi\u00f3n de Transportes del Congreso debate Proyecto de la L\u00ednea A\u00e9rea de Bandera del Per\u00fa<\/a><\/p>\n\n\n\n<p><a href=\"https:\/\/aeronoticias.com.pe\/noticiero\/comision-de-transportes-del-congreso-postergo-debate-del-proyecto-de-ley-de-la-linea-aerea-de-bandera-del-peru\/\" target=\"_blank\" rel=\"noreferrer noopener\">Comisi\u00f3n de Transportes del Congreso posterg\u00f3 debate del Proyecto de Ley de la L\u00ednea A\u00e9rea de Bandera del Per\u00fa<\/a><\/p>\n\n\n\n<p><a href=\"https:\/\/aeronoticias.com.pe\/noticiero\/comision-de-transportes-del-congreso-debate-proyecto-de-la-linea-aerea-de-bandera-del-peru-2\/\" target=\"_blank\" rel=\"noreferrer noopener\">Comisi\u00f3n de Transportes del Congreso debate hoy Proyecto de la L\u00ednea A\u00e9rea de Bandera del Per\u00fa<\/a><\/p>\n\n\n\n<p><a href=\"https:\/\/aeronoticias.com.pe\/noticiero\/por-debate-presidencial-comision-de-transportes-suspende-tratamiento-de-proyecto-de-ley-de-linea-aerea-de-bandera\/\" target=\"_blank\" rel=\"noreferrer noopener\">Por debate Presidencial, Comisi\u00f3n de Transportes suspende tratamiento de Proyecto de Ley de L\u00ednea A\u00e9rea de Bandera<\/a><\/p>\n\n\n\n<p><a href=\"https:\/\/aeronoticias.com.pe\/noticiero\/julian-palacin-emplaza-a-latam-legal-ltd-que-se-opone-a-la-linea-aerea-de-bandera-del-peru\/\" target=\"_blank\" rel=\"noreferrer noopener\">Juli\u00e1n Palacin emplaza a LATAM LEGAL LTD, que se opone a la L\u00ednea A\u00e9rea de Bandera del Per\u00fa<\/a><\/p>\n\n\n\n<p><a href=\"https:\/\/aeronoticias.com.pe\/noticiero\/desacreditan-al-peru-por-proyecto-de-ley-de-linea-aerea-de-bandera\/?fbclid=IwAR13zEnnP1LIk6wLhFpqxwhqVO8KqhlhMZVQswmxkHutElrQyu-7SJcphU8\" target=\"_blank\" rel=\"noreferrer noopener\">Desacreditan al Per\u00fa por Proyecto de Ley de L\u00ednea A\u00e9rea de Bandera<\/a><\/p>\n\n\n\n<p><a href=\"https:\/\/aeronoticias.com.pe\/noticiero\/lexlatin-propiedad-de-latam-legal-ltd-no-le-informa-a-sus-lectores-que-sus-entrevistados-serian-abogados-de-latam\/\" target=\"_blank\" rel=\"noreferrer noopener\">Lexlatin, propiedad de LATAM LEGAL LTD., no le informa a sus lectores que sus entrevistados ser\u00edan abogados de LATAM<\/a><\/p>\n\n\n\n<p><a href=\"https:\/\/aeronoticias.com.pe\/noticiero\/comision-de-transportes-del-congreso-debate-este-martes-29-el-proyecto-de-la-linea-aerea-de-bandera-del-peru\/\" target=\"_blank\" rel=\"noreferrer noopener\">Comisi\u00f3n de Transportes del Congreso debate este martes 29 el Proyecto de la L\u00ednea A\u00e9rea de Bandera del Per\u00fa<\/a><br><\/p>\n","protected":false},"excerpt":{"rendered":"<p>(Aeronoticias) La L\u00ednea A\u00e9rea de Bandera de un pa\u00eds es la que ejerce preferentemente los derechos de tr\u00e1fico de un pa\u00eds y est\u00e1 comprometida con la integraci\u00f3n de las rutas principales y secundarias en materia social y apoya en las emergencias sanitarias, como el COVID-19 y desastres naturales. Exposici\u00f3n de Motivos. M\u00e1s de 150 pa\u00edses [&hellip;]<\/p>\n","protected":false},"author":3,"featured_media":63278,"comment_status":"open","ping_status":"open","sticky":false,"template":"","format":"standard","meta":{"tdm_status":"","tdm_grid_status":"","footnotes":""},"categories":[8,30],"tags":[170,171,89,109],"class_list":{"0":"post-63266","1":"post","2":"type-post","3":"status-publish","4":"format-standard","5":"has-post-thumbnail","7":"category-ultimas","8":"category-30","9":"tag-congresodelarepublica","10":"tag-congresoperu","11":"tag-julian-palacin-fernandez","12":"tag-linea-aerea-de-bandera"},"yoast_head":"<!-- This site is optimized with the Yoast SEO plugin v25.1 - https:\/\/yoast.com\/wordpress\/plugins\/seo\/ -->\n<title>Per\u00fa es el \u00fanico pa\u00eds Sudamericano que no tiene L\u00ednea A\u00e9rea de Bandera<\/title>\n<meta name=\"description\" content=\"Portal de noticias del Per\u00fa sobre el transporte a\u00e9reo, aviaci\u00f3n, turismo, hoteleria, actualidad.\" \/>\n<meta name=\"robots\" content=\"index, follow, max-snippet:-1, max-image-preview:large, max-video-preview:-1\" \/>\n<link rel=\"canonical\" href=\"https:\/\/aeronoticias.com.pe\/noticiero\/ultimas\/peru-es-el-unico-pais-sudamericano-que-no-tiene-linea-aerea-de-bandera\/\" \/>\n<meta property=\"og:locale\" content=\"es_ES\" \/>\n<meta property=\"og:type\" content=\"article\" \/>\n<meta property=\"og:title\" content=\"Per\u00fa es el \u00fanico pa\u00eds Sudamericano que no tiene L\u00ednea A\u00e9rea de Bandera\" \/>\n<meta property=\"og:description\" content=\"Portal de noticias del Per\u00fa sobre el transporte a\u00e9reo, aviaci\u00f3n, turismo, hoteleria, actualidad.\" \/>\n<meta property=\"og:url\" content=\"https:\/\/aeronoticias.com.pe\/noticiero\/ultimas\/peru-es-el-unico-pais-sudamericano-que-no-tiene-linea-aerea-de-bandera\/\" \/>\n<meta property=\"og:site_name\" content=\"Aeronoticias.com.pe\" \/>\n<meta property=\"article:publisher\" content=\"https:\/\/www.facebook.com\/Aeronoticias.com.pe\/\" \/>\n<meta property=\"article:published_time\" content=\"2020-09-28T08:14:00+00:00\" \/>\n<meta property=\"article:modified_time\" content=\"2020-09-28T15:16:46+00:00\" \/>\n<meta property=\"og:image\" content=\"https:\/\/aeronoticias.com.pe\/noticiero\/wp-content\/uploads\/2020\/09\/aviacion.jpg\" \/>\n\t<meta property=\"og:image:width\" content=\"900\" \/>\n\t<meta property=\"og:image:height\" content=\"506\" \/>\n\t<meta property=\"og:image:type\" content=\"image\/jpeg\" \/>\n<meta name=\"author\" content=\"Redacci\u00f3n\" \/>\n<meta name=\"twitter:card\" content=\"summary_large_image\" \/>\n<meta name=\"twitter:creator\" content=\"@aeronoticias\" \/>\n<meta name=\"twitter:site\" content=\"@aeronoticias\" \/>\n<meta name=\"twitter:label1\" content=\"Escrito por\" \/>\n\t<meta name=\"twitter:data1\" content=\"Redacci\u00f3n\" \/>\n\t<meta name=\"twitter:label2\" content=\"Tiempo de lectura\" \/>\n\t<meta name=\"twitter:data2\" content=\"7 minutos\" \/>\n<script type=\"application\/ld+json\" class=\"yoast-schema-graph\">{\"@context\":\"https:\/\/schema.org\",\"@graph\":[{\"@type\":\"WebPage\",\"@id\":\"https:\/\/aeronoticias.com.pe\/noticiero\/ultimas\/peru-es-el-unico-pais-sudamericano-que-no-tiene-linea-aerea-de-bandera\/\",\"url\":\"https:\/\/aeronoticias.com.pe\/noticiero\/ultimas\/peru-es-el-unico-pais-sudamericano-que-no-tiene-linea-aerea-de-bandera\/\",\"name\":\"Per\u00fa es el \u00fanico pa\u00eds Sudamericano que no tiene L\u00ednea A\u00e9rea de Bandera\",\"isPartOf\":{\"@id\":\"https:\/\/aeronoticias.com.pe\/noticiero\/#website\"},\"primaryImageOfPage\":{\"@id\":\"https:\/\/aeronoticias.com.pe\/noticiero\/ultimas\/peru-es-el-unico-pais-sudamericano-que-no-tiene-linea-aerea-de-bandera\/#primaryimage\"},\"image\":{\"@id\":\"https:\/\/aeronoticias.com.pe\/noticiero\/ultimas\/peru-es-el-unico-pais-sudamericano-que-no-tiene-linea-aerea-de-bandera\/#primaryimage\"},\"thumbnailUrl\":\"https:\/\/aeronoticias.com.pe\/noticiero\/wp-content\/uploads\/2020\/09\/aviacion.jpg\",\"datePublished\":\"2020-09-28T08:14:00+00:00\",\"dateModified\":\"2020-09-28T15:16:46+00:00\",\"author\":{\"@id\":\"https:\/\/aeronoticias.com.pe\/noticiero\/#\/schema\/person\/16212a617c73f78916b13194154243bd\"},\"description\":\"Portal de noticias del Per\u00fa sobre el transporte a\u00e9reo, aviaci\u00f3n, turismo, hoteleria, actualidad.\",\"breadcrumb\":{\"@id\":\"https:\/\/aeronoticias.com.pe\/noticiero\/ultimas\/peru-es-el-unico-pais-sudamericano-que-no-tiene-linea-aerea-de-bandera\/#breadcrumb\"},\"inLanguage\":\"es\",\"potentialAction\":[{\"@type\":\"ReadAction\",\"target\":[\"https:\/\/aeronoticias.com.pe\/noticiero\/ultimas\/peru-es-el-unico-pais-sudamericano-que-no-tiene-linea-aerea-de-bandera\/\"]}]},{\"@type\":\"ImageObject\",\"inLanguage\":\"es\",\"@id\":\"https:\/\/aeronoticias.com.pe\/noticiero\/ultimas\/peru-es-el-unico-pais-sudamericano-que-no-tiene-linea-aerea-de-bandera\/#primaryimage\",\"url\":\"https:\/\/aeronoticias.com.pe\/noticiero\/wp-content\/uploads\/2020\/09\/aviacion.jpg\",\"contentUrl\":\"https:\/\/aeronoticias.com.pe\/noticiero\/wp-content\/uploads\/2020\/09\/aviacion.jpg\",\"width\":900,\"height\":506},{\"@type\":\"BreadcrumbList\",\"@id\":\"https:\/\/aeronoticias.com.pe\/noticiero\/ultimas\/peru-es-el-unico-pais-sudamericano-que-no-tiene-linea-aerea-de-bandera\/#breadcrumb\",\"itemListElement\":[{\"@type\":\"ListItem\",\"position\":1,\"name\":\"Portada\",\"item\":\"https:\/\/aeronoticias.com.pe\/noticiero\/\"},{\"@type\":\"ListItem\",\"position\":2,\"name\":\"Per\u00fa es el \u00fanico pa\u00eds Sudamericano que no tiene L\u00ednea A\u00e9rea de Bandera\"}]},{\"@type\":\"WebSite\",\"@id\":\"https:\/\/aeronoticias.com.pe\/noticiero\/#website\",\"url\":\"https:\/\/aeronoticias.com.pe\/noticiero\/\",\"name\":\"Aeronoticias.com.pe\",\"description\":\"Noticias de tranporte aereo, turismo, hoteles, gastronomia, actualidad, internacional\",\"potentialAction\":[{\"@type\":\"SearchAction\",\"target\":{\"@type\":\"EntryPoint\",\"urlTemplate\":\"https:\/\/aeronoticias.com.pe\/noticiero\/?s={search_term_string}\"},\"query-input\":{\"@type\":\"PropertyValueSpecification\",\"valueRequired\":true,\"valueName\":\"search_term_string\"}}],\"inLanguage\":\"es\"},{\"@type\":\"Person\",\"@id\":\"https:\/\/aeronoticias.com.pe\/noticiero\/#\/schema\/person\/16212a617c73f78916b13194154243bd\",\"name\":\"Redacci\u00f3n\",\"sameAs\":[\"http:\/\/Redacci\u00f3n\"],\"url\":\"https:\/\/aeronoticias.com.pe\/noticiero\/author\/celeste\/\"}]}<\/script>\n<!-- \/ Yoast SEO plugin. -->","yoast_head_json":{"title":"Per\u00fa es el \u00fanico pa\u00eds Sudamericano que no tiene L\u00ednea A\u00e9rea de Bandera","description":"Portal de noticias del Per\u00fa sobre el transporte a\u00e9reo, aviaci\u00f3n, turismo, hoteleria, actualidad.","robots":{"index":"index","follow":"follow","max-snippet":"max-snippet:-1","max-image-preview":"max-image-preview:large","max-video-preview":"max-video-preview:-1"},"canonical":"https:\/\/aeronoticias.com.pe\/noticiero\/ultimas\/peru-es-el-unico-pais-sudamericano-que-no-tiene-linea-aerea-de-bandera\/","og_locale":"es_ES","og_type":"article","og_title":"Per\u00fa es el \u00fanico pa\u00eds Sudamericano que no tiene L\u00ednea A\u00e9rea de Bandera","og_description":"Portal de noticias del Per\u00fa sobre el transporte a\u00e9reo, aviaci\u00f3n, turismo, hoteleria, actualidad.","og_url":"https:\/\/aeronoticias.com.pe\/noticiero\/ultimas\/peru-es-el-unico-pais-sudamericano-que-no-tiene-linea-aerea-de-bandera\/","og_site_name":"Aeronoticias.com.pe","article_publisher":"https:\/\/www.facebook.com\/Aeronoticias.com.pe\/","article_published_time":"2020-09-28T08:14:00+00:00","article_modified_time":"2020-09-28T15:16:46+00:00","og_image":[{"width":900,"height":506,"url":"https:\/\/aeronoticias.com.pe\/noticiero\/wp-content\/uploads\/2020\/09\/aviacion.jpg","type":"image\/jpeg"}],"author":"Redacci\u00f3n","twitter_card":"summary_large_image","twitter_creator":"@aeronoticias","twitter_site":"@aeronoticias","twitter_misc":{"Escrito por":"Redacci\u00f3n","Tiempo de lectura":"7 minutos"},"schema":{"@context":"https:\/\/schema.org","@graph":[{"@type":"WebPage","@id":"https:\/\/aeronoticias.com.pe\/noticiero\/ultimas\/peru-es-el-unico-pais-sudamericano-que-no-tiene-linea-aerea-de-bandera\/","url":"https:\/\/aeronoticias.com.pe\/noticiero\/ultimas\/peru-es-el-unico-pais-sudamericano-que-no-tiene-linea-aerea-de-bandera\/","name":"Per\u00fa es el \u00fanico pa\u00eds Sudamericano que no tiene L\u00ednea A\u00e9rea de Bandera","isPartOf":{"@id":"https:\/\/aeronoticias.com.pe\/noticiero\/#website"},"primaryImageOfPage":{"@id":"https:\/\/aeronoticias.com.pe\/noticiero\/ultimas\/peru-es-el-unico-pais-sudamericano-que-no-tiene-linea-aerea-de-bandera\/#primaryimage"},"image":{"@id":"https:\/\/aeronoticias.com.pe\/noticiero\/ultimas\/peru-es-el-unico-pais-sudamericano-que-no-tiene-linea-aerea-de-bandera\/#primaryimage"},"thumbnailUrl":"https:\/\/aeronoticias.com.pe\/noticiero\/wp-content\/uploads\/2020\/09\/aviacion.jpg","datePublished":"2020-09-28T08:14:00+00:00","dateModified":"2020-09-28T15:16:46+00:00","author":{"@id":"https:\/\/aeronoticias.com.pe\/noticiero\/#\/schema\/person\/16212a617c73f78916b13194154243bd"},"description":"Portal de noticias del Per\u00fa sobre el transporte a\u00e9reo, aviaci\u00f3n, turismo, hoteleria, actualidad.","breadcrumb":{"@id":"https:\/\/aeronoticias.com.pe\/noticiero\/ultimas\/peru-es-el-unico-pais-sudamericano-que-no-tiene-linea-aerea-de-bandera\/#breadcrumb"},"inLanguage":"es","potentialAction":[{"@type":"ReadAction","target":["https:\/\/aeronoticias.com.pe\/noticiero\/ultimas\/peru-es-el-unico-pais-sudamericano-que-no-tiene-linea-aerea-de-bandera\/"]}]},{"@type":"ImageObject","inLanguage":"es","@id":"https:\/\/aeronoticias.com.pe\/noticiero\/ultimas\/peru-es-el-unico-pais-sudamericano-que-no-tiene-linea-aerea-de-bandera\/#primaryimage","url":"https:\/\/aeronoticias.com.pe\/noticiero\/wp-content\/uploads\/2020\/09\/aviacion.jpg","contentUrl":"https:\/\/aeronoticias.com.pe\/noticiero\/wp-content\/uploads\/2020\/09\/aviacion.jpg","width":900,"height":506},{"@type":"BreadcrumbList","@id":"https:\/\/aeronoticias.com.pe\/noticiero\/ultimas\/peru-es-el-unico-pais-sudamericano-que-no-tiene-linea-aerea-de-bandera\/#breadcrumb","itemListElement":[{"@type":"ListItem","position":1,"name":"Portada","item":"https:\/\/aeronoticias.com.pe\/noticiero\/"},{"@type":"ListItem","position":2,"name":"Per\u00fa es el \u00fanico pa\u00eds Sudamericano que no tiene L\u00ednea A\u00e9rea de Bandera"}]},{"@type":"WebSite","@id":"https:\/\/aeronoticias.com.pe\/noticiero\/#website","url":"https:\/\/aeronoticias.com.pe\/noticiero\/","name":"Aeronoticias.com.pe","description":"Noticias de tranporte aereo, turismo, hoteles, gastronomia, actualidad, internacional","potentialAction":[{"@type":"SearchAction","target":{"@type":"EntryPoint","urlTemplate":"https:\/\/aeronoticias.com.pe\/noticiero\/?s={search_term_string}"},"query-input":{"@type":"PropertyValueSpecification","valueRequired":true,"valueName":"search_term_string"}}],"inLanguage":"es"},{"@type":"Person","@id":"https:\/\/aeronoticias.com.pe\/noticiero\/#\/schema\/person\/16212a617c73f78916b13194154243bd","name":"Redacci\u00f3n","sameAs":["http:\/\/Redacci\u00f3n"],"url":"https:\/\/aeronoticias.com.pe\/noticiero\/author\/celeste\/"}]}},"_links":{"self":[{"href":"https:\/\/aeronoticias.com.pe\/noticiero\/wp-json\/wp\/v2\/posts\/63266","targetHints":{"allow":["GET"]}}],"collection":[{"href":"https:\/\/aeronoticias.com.pe\/noticiero\/wp-json\/wp\/v2\/posts"}],"about":[{"href":"https:\/\/aeronoticias.com.pe\/noticiero\/wp-json\/wp\/v2\/types\/post"}],"author":[{"embeddable":true,"href":"https:\/\/aeronoticias.com.pe\/noticiero\/wp-json\/wp\/v2\/users\/3"}],"replies":[{"embeddable":true,"href":"https:\/\/aeronoticias.com.pe\/noticiero\/wp-json\/wp\/v2\/comments?post=63266"}],"version-history":[{"count":0,"href":"https:\/\/aeronoticias.com.pe\/noticiero\/wp-json\/wp\/v2\/posts\/63266\/revisions"}],"wp:featuredmedia":[{"embeddable":true,"href":"https:\/\/aeronoticias.com.pe\/noticiero\/wp-json\/wp\/v2\/media\/63278"}],"wp:attachment":[{"href":"https:\/\/aeronoticias.com.pe\/noticiero\/wp-json\/wp\/v2\/media?parent=63266"}],"wp:term":[{"taxonomy":"category","embeddable":true,"href":"https:\/\/aeronoticias.com.pe\/noticiero\/wp-json\/wp\/v2\/categories?post=63266"},{"taxonomy":"post_tag","embeddable":true,"href":"https:\/\/aeronoticias.com.pe\/noticiero\/wp-json\/wp\/v2\/tags?post=63266"}],"curies":[{"name":"wp","href":"https:\/\/api.w.org\/{rel}","templated":true}]}}