{"id":63298,"date":"2020-09-28T12:09:00","date_gmt":"2020-09-28T12:09:00","guid":{"rendered":"https:\/\/aeronoticias.com.pe\/noticiero\/?p=63298"},"modified":"2020-09-28T12:59:59","modified_gmt":"2020-09-28T12:59:59","slug":"aeromexico-despedira-a-616-tripulantes-de-cabina-para-enfrentar-crisis-financiera","status":"publish","type":"post","link":"https:\/\/aeronoticias.com.pe\/noticiero\/transporte-aereo\/aeromexico-despedira-a-616-tripulantes-de-cabina-para-enfrentar-crisis-financiera\/","title":{"rendered":"Aerom\u00e9xico despedir\u00e1 a 616 tripulantes de cabina para enfrentar crisis financiera"},"content":{"rendered":"\n<p><strong>(Aeronoticias)<\/strong>.- Aerom\u00e9xico\u00a0despedir\u00e1 a 616 tripulantes de cabina lo que representa 22.6 por ciento de la plantilla, en lugar de los mil considerados inicialmente. <\/p>\n\n\n\n<p>Asimismo, continuar\u00e1 con la rotaci\u00f3n laboral hasta por un a\u00f1o, del 1 de octubre de 2020 y hasta septiembre de 2021, bajo el argumento de que se trata de medidas requeridas para poder enfrentar la crisis financiera provocada por el Covid-19.<\/p>\n\n\n\n<p>La Asociaci\u00f3n Sindical de Sobrecargos (ASSA), llev\u00f3 a cabo su asamblea v\u00eda remota debido a las restricciones por la pandemia del coronavirus, donde su secretario general, Ricardo del Valle, les inform\u00f3 de las propuestas que Grupo Aerom\u00e9xico requiere para continuar operando debido a la crisis provocada por la reducci\u00f3n de vuelos ante el \u201cescenario cr\u00edtico\u201d que la emergencia sanitaria gener\u00f3 a nivel mundial.<\/p>\n\n\n\n<p>Reiter\u00f3 que todos aquellos tripulantes de cabina reajustados y con permiso podr\u00e1n reintegrarse a la empresa en cuanto las condiciones del mercado sean favorables, con la garant\u00eda de que su lugar ser\u00e1 respetado.<\/p>\n\n\n\n<p>Fuente: <strong><em>La Jornada.<\/em><\/strong><\/p>\n","protected":false},"excerpt":{"rendered":"<p>(Aeronoticias).- Aerom\u00e9xico\u00a0despedir\u00e1 a 616 tripulantes de cabina lo que representa 22.6 por ciento de la plantilla, en lugar de los mil considerados inicialmente. Asimismo, continuar\u00e1 con la rotaci\u00f3n laboral hasta por un a\u00f1o, del 1 de octubre de 2020 y hasta septiembre de 2021, bajo el argumento de que se trata de medidas requeridas para [&hellip;]<\/p>\n","protected":false},"author":4,"featured_media":60060,"comment_status":"open","ping_status":"open","sticky":false,"template":"","format":"standard","meta":{"tdm_status":"","tdm_grid_status":"","footnotes":""},"categories":[32,11],"tags":[235,163],"class_list":{"0":"post-63298","1":"post","2":"type-post","3":"status-publish","4":"format-standard","5":"has-post-thumbnail","7":"category-internacional","8":"category-transporte-aereo","9":"tag-aeromexico-2","10":"tag-coronavirus"},"yoast_head":"<!-- This site is optimized with the Yoast SEO plugin v25.1 - https:\/\/yoast.com\/wordpress\/plugins\/seo\/ -->\n<title>Aerom\u00e9xico despedir\u00e1 a 616 tripulantes de cabina para enfrentar crisis financiera<\/title>\n<meta name=\"description\" content=\"Portal de noticias del Per\u00fa sobre el transporte a\u00e9reo, aviaci\u00f3n, turismo, hoteleria, actualidad.\" \/>\n<meta name=\"robots\" content=\"index, follow, max-snippet:-1, max-image-preview:large, max-video-preview:-1\" \/>\n<link rel=\"canonical\" href=\"https:\/\/aeronoticias.com.pe\/noticiero\/transporte-aereo\/aeromexico-despedira-a-616-tripulantes-de-cabina-para-enfrentar-crisis-financiera\/\" \/>\n<meta property=\"og:locale\" content=\"es_ES\" \/>\n<meta property=\"og:type\" content=\"article\" \/>\n<meta property=\"og:title\" content=\"Aerom\u00e9xico despedir\u00e1 a 616 tripulantes de cabina para enfrentar crisis financiera\" \/>\n<meta property=\"og:description\" content=\"Portal de noticias del Per\u00fa sobre el transporte a\u00e9reo, aviaci\u00f3n, turismo, hoteleria, actualidad.\" \/>\n<meta property=\"og:url\" content=\"https:\/\/aeronoticias.com.pe\/noticiero\/transporte-aereo\/aeromexico-despedira-a-616-tripulantes-de-cabina-para-enfrentar-crisis-financiera\/\" \/>\n<meta property=\"og:site_name\" content=\"Aeronoticias.com.pe\" \/>\n<meta property=\"article:publisher\" content=\"https:\/\/www.facebook.com\/Aeronoticias.com.pe\/\" \/>\n<meta property=\"article:published_time\" content=\"2020-09-28T12:09:00+00:00\" \/>\n<meta property=\"article:modified_time\" content=\"2020-09-28T12:59:59+00:00\" \/>\n<meta property=\"og:image\" content=\"https:\/\/aeronoticias.com.pe\/noticiero\/wp-content\/uploads\/2020\/07\/aeromexico1111a.jpg\" \/>\n\t<meta property=\"og:image:width\" content=\"640\" \/>\n\t<meta property=\"og:image:height\" content=\"398\" \/>\n\t<meta property=\"og:image:type\" content=\"image\/jpeg\" \/>\n<meta name=\"author\" content=\"Jefrey Cuya\" \/>\n<meta name=\"twitter:card\" content=\"summary_large_image\" \/>\n<meta name=\"twitter:creator\" content=\"@aeronoticias\" \/>\n<meta name=\"twitter:site\" content=\"@aeronoticias\" \/>\n<meta name=\"twitter:label1\" content=\"Escrito por\" \/>\n\t<meta name=\"twitter:data1\" content=\"Jefrey Cuya\" \/>\n\t<meta name=\"twitter:label2\" content=\"Tiempo de lectura\" \/>\n\t<meta name=\"twitter:data2\" content=\"1 minuto\" \/>\n<script type=\"application\/ld+json\" class=\"yoast-schema-graph\">{\"@context\":\"https:\/\/schema.org\",\"@graph\":[{\"@type\":\"WebPage\",\"@id\":\"https:\/\/aeronoticias.com.pe\/noticiero\/transporte-aereo\/aeromexico-despedira-a-616-tripulantes-de-cabina-para-enfrentar-crisis-financiera\/\",\"url\":\"https:\/\/aeronoticias.com.pe\/noticiero\/transporte-aereo\/aeromexico-despedira-a-616-tripulantes-de-cabina-para-enfrentar-crisis-financiera\/\",\"name\":\"Aerom\u00e9xico despedir\u00e1 a 616 tripulantes de cabina para enfrentar crisis financiera\",\"isPartOf\":{\"@id\":\"https:\/\/aeronoticias.com.pe\/noticiero\/#website\"},\"primaryImageOfPage\":{\"@id\":\"https:\/\/aeronoticias.com.pe\/noticiero\/transporte-aereo\/aeromexico-despedira-a-616-tripulantes-de-cabina-para-enfrentar-crisis-financiera\/#primaryimage\"},\"image\":{\"@id\":\"https:\/\/aeronoticias.com.pe\/noticiero\/transporte-aereo\/aeromexico-despedira-a-616-tripulantes-de-cabina-para-enfrentar-crisis-financiera\/#primaryimage\"},\"thumbnailUrl\":\"https:\/\/aeronoticias.com.pe\/noticiero\/wp-content\/uploads\/2020\/07\/aeromexico1111a.jpg\",\"datePublished\":\"2020-09-28T12:09:00+00:00\",\"dateModified\":\"2020-09-28T12:59:59+00:00\",\"author\":{\"@id\":\"https:\/\/aeronoticias.com.pe\/noticiero\/#\/schema\/person\/9ef7422a13b22ab480ffc29639f442b0\"},\"description\":\"Portal de noticias del Per\u00fa sobre el transporte a\u00e9reo, aviaci\u00f3n, turismo, hoteleria, actualidad.\",\"breadcrumb\":{\"@id\":\"https:\/\/aeronoticias.com.pe\/noticiero\/transporte-aereo\/aeromexico-despedira-a-616-tripulantes-de-cabina-para-enfrentar-crisis-financiera\/#breadcrumb\"},\"inLanguage\":\"es\",\"potentialAction\":[{\"@type\":\"ReadAction\",\"target\":[\"https:\/\/aeronoticias.com.pe\/noticiero\/transporte-aereo\/aeromexico-despedira-a-616-tripulantes-de-cabina-para-enfrentar-crisis-financiera\/\"]}]},{\"@type\":\"ImageObject\",\"inLanguage\":\"es\",\"@id\":\"https:\/\/aeronoticias.com.pe\/noticiero\/transporte-aereo\/aeromexico-despedira-a-616-tripulantes-de-cabina-para-enfrentar-crisis-financiera\/#primaryimage\",\"url\":\"https:\/\/aeronoticias.com.pe\/noticiero\/wp-content\/uploads\/2020\/07\/aeromexico1111a.jpg\",\"contentUrl\":\"https:\/\/aeronoticias.com.pe\/noticiero\/wp-content\/uploads\/2020\/07\/aeromexico1111a.jpg\",\"width\":640,\"height\":398},{\"@type\":\"BreadcrumbList\",\"@id\":\"https:\/\/aeronoticias.com.pe\/noticiero\/transporte-aereo\/aeromexico-despedira-a-616-tripulantes-de-cabina-para-enfrentar-crisis-financiera\/#breadcrumb\",\"itemListElement\":[{\"@type\":\"ListItem\",\"position\":1,\"name\":\"Portada\",\"item\":\"https:\/\/aeronoticias.com.pe\/noticiero\/\"},{\"@type\":\"ListItem\",\"position\":2,\"name\":\"Aerom\u00e9xico despedir\u00e1 a 616 tripulantes de cabina para enfrentar crisis financiera\"}]},{\"@type\":\"WebSite\",\"@id\":\"https:\/\/aeronoticias.com.pe\/noticiero\/#website\",\"url\":\"https:\/\/aeronoticias.com.pe\/noticiero\/\",\"name\":\"Aeronoticias.com.pe\",\"description\":\"Noticias de tranporte aereo, turismo, hoteles, gastronomia, actualidad, internacional\",\"potentialAction\":[{\"@type\":\"SearchAction\",\"target\":{\"@type\":\"EntryPoint\",\"urlTemplate\":\"https:\/\/aeronoticias.com.pe\/noticiero\/?s={search_term_string}\"},\"query-input\":{\"@type\":\"PropertyValueSpecification\",\"valueRequired\":true,\"valueName\":\"search_term_string\"}}],\"inLanguage\":\"es\"},{\"@type\":\"Person\",\"@id\":\"https:\/\/aeronoticias.com.pe\/noticiero\/#\/schema\/person\/9ef7422a13b22ab480ffc29639f442b0\",\"name\":\"Jefrey Cuya\",\"url\":\"https:\/\/aeronoticias.com.pe\/noticiero\/author\/jefreycuya\/\"}]}<\/script>\n<!-- \/ Yoast SEO plugin. -->","yoast_head_json":{"title":"Aerom\u00e9xico despedir\u00e1 a 616 tripulantes de cabina para enfrentar crisis financiera","description":"Portal de noticias del Per\u00fa sobre el transporte a\u00e9reo, aviaci\u00f3n, turismo, hoteleria, actualidad.","robots":{"index":"index","follow":"follow","max-snippet":"max-snippet:-1","max-image-preview":"max-image-preview:large","max-video-preview":"max-video-preview:-1"},"canonical":"https:\/\/aeronoticias.com.pe\/noticiero\/transporte-aereo\/aeromexico-despedira-a-616-tripulantes-de-cabina-para-enfrentar-crisis-financiera\/","og_locale":"es_ES","og_type":"article","og_title":"Aerom\u00e9xico despedir\u00e1 a 616 tripulantes de cabina para enfrentar crisis financiera","og_description":"Portal de noticias del Per\u00fa sobre el transporte a\u00e9reo, aviaci\u00f3n, turismo, hoteleria, actualidad.","og_url":"https:\/\/aeronoticias.com.pe\/noticiero\/transporte-aereo\/aeromexico-despedira-a-616-tripulantes-de-cabina-para-enfrentar-crisis-financiera\/","og_site_name":"Aeronoticias.com.pe","article_publisher":"https:\/\/www.facebook.com\/Aeronoticias.com.pe\/","article_published_time":"2020-09-28T12:09:00+00:00","article_modified_time":"2020-09-28T12:59:59+00:00","og_image":[{"width":640,"height":398,"url":"https:\/\/aeronoticias.com.pe\/noticiero\/wp-content\/uploads\/2020\/07\/aeromexico1111a.jpg","type":"image\/jpeg"}],"author":"Jefrey Cuya","twitter_card":"summary_large_image","twitter_creator":"@aeronoticias","twitter_site":"@aeronoticias","twitter_misc":{"Escrito por":"Jefrey Cuya","Tiempo de lectura":"1 minuto"},"schema":{"@context":"https:\/\/schema.org","@graph":[{"@type":"WebPage","@id":"https:\/\/aeronoticias.com.pe\/noticiero\/transporte-aereo\/aeromexico-despedira-a-616-tripulantes-de-cabina-para-enfrentar-crisis-financiera\/","url":"https:\/\/aeronoticias.com.pe\/noticiero\/transporte-aereo\/aeromexico-despedira-a-616-tripulantes-de-cabina-para-enfrentar-crisis-financiera\/","name":"Aerom\u00e9xico despedir\u00e1 a 616 tripulantes de cabina para enfrentar crisis financiera","isPartOf":{"@id":"https:\/\/aeronoticias.com.pe\/noticiero\/#website"},"primaryImageOfPage":{"@id":"https:\/\/aeronoticias.com.pe\/noticiero\/transporte-aereo\/aeromexico-despedira-a-616-tripulantes-de-cabina-para-enfrentar-crisis-financiera\/#primaryimage"},"image":{"@id":"https:\/\/aeronoticias.com.pe\/noticiero\/transporte-aereo\/aeromexico-despedira-a-616-tripulantes-de-cabina-para-enfrentar-crisis-financiera\/#primaryimage"},"thumbnailUrl":"https:\/\/aeronoticias.com.pe\/noticiero\/wp-content\/uploads\/2020\/07\/aeromexico1111a.jpg","datePublished":"2020-09-28T12:09:00+00:00","dateModified":"2020-09-28T12:59:59+00:00","author":{"@id":"https:\/\/aeronoticias.com.pe\/noticiero\/#\/schema\/person\/9ef7422a13b22ab480ffc29639f442b0"},"description":"Portal de noticias del Per\u00fa sobre el transporte a\u00e9reo, aviaci\u00f3n, turismo, hoteleria, actualidad.","breadcrumb":{"@id":"https:\/\/aeronoticias.com.pe\/noticiero\/transporte-aereo\/aeromexico-despedira-a-616-tripulantes-de-cabina-para-enfrentar-crisis-financiera\/#breadcrumb"},"inLanguage":"es","potentialAction":[{"@type":"ReadAction","target":["https:\/\/aeronoticias.com.pe\/noticiero\/transporte-aereo\/aeromexico-despedira-a-616-tripulantes-de-cabina-para-enfrentar-crisis-financiera\/"]}]},{"@type":"ImageObject","inLanguage":"es","@id":"https:\/\/aeronoticias.com.pe\/noticiero\/transporte-aereo\/aeromexico-despedira-a-616-tripulantes-de-cabina-para-enfrentar-crisis-financiera\/#primaryimage","url":"https:\/\/aeronoticias.com.pe\/noticiero\/wp-content\/uploads\/2020\/07\/aeromexico1111a.jpg","contentUrl":"https:\/\/aeronoticias.com.pe\/noticiero\/wp-content\/uploads\/2020\/07\/aeromexico1111a.jpg","width":640,"height":398},{"@type":"BreadcrumbList","@id":"https:\/\/aeronoticias.com.pe\/noticiero\/transporte-aereo\/aeromexico-despedira-a-616-tripulantes-de-cabina-para-enfrentar-crisis-financiera\/#breadcrumb","itemListElement":[{"@type":"ListItem","position":1,"name":"Portada","item":"https:\/\/aeronoticias.com.pe\/noticiero\/"},{"@type":"ListItem","position":2,"name":"Aerom\u00e9xico despedir\u00e1 a 616 tripulantes de cabina para enfrentar crisis financiera"}]},{"@type":"WebSite","@id":"https:\/\/aeronoticias.com.pe\/noticiero\/#website","url":"https:\/\/aeronoticias.com.pe\/noticiero\/","name":"Aeronoticias.com.pe","description":"Noticias de tranporte aereo, turismo, hoteles, gastronomia, actualidad, internacional","potentialAction":[{"@type":"SearchAction","target":{"@type":"EntryPoint","urlTemplate":"https:\/\/aeronoticias.com.pe\/noticiero\/?s={search_term_string}"},"query-input":{"@type":"PropertyValueSpecification","valueRequired":true,"valueName":"search_term_string"}}],"inLanguage":"es"},{"@type":"Person","@id":"https:\/\/aeronoticias.com.pe\/noticiero\/#\/schema\/person\/9ef7422a13b22ab480ffc29639f442b0","name":"Jefrey Cuya","url":"https:\/\/aeronoticias.com.pe\/noticiero\/author\/jefreycuya\/"}]}},"_links":{"self":[{"href":"https:\/\/aeronoticias.com.pe\/noticiero\/wp-json\/wp\/v2\/posts\/63298","targetHints":{"allow":["GET"]}}],"collection":[{"href":"https:\/\/aeronoticias.com.pe\/noticiero\/wp-json\/wp\/v2\/posts"}],"about":[{"href":"https:\/\/aeronoticias.com.pe\/noticiero\/wp-json\/wp\/v2\/types\/post"}],"author":[{"embeddable":true,"href":"https:\/\/aeronoticias.com.pe\/noticiero\/wp-json\/wp\/v2\/users\/4"}],"replies":[{"embeddable":true,"href":"https:\/\/aeronoticias.com.pe\/noticiero\/wp-json\/wp\/v2\/comments?post=63298"}],"version-history":[{"count":0,"href":"https:\/\/aeronoticias.com.pe\/noticiero\/wp-json\/wp\/v2\/posts\/63298\/revisions"}],"wp:featuredmedia":[{"embeddable":true,"href":"https:\/\/aeronoticias.com.pe\/noticiero\/wp-json\/wp\/v2\/media\/60060"}],"wp:attachment":[{"href":"https:\/\/aeronoticias.com.pe\/noticiero\/wp-json\/wp\/v2\/media?parent=63298"}],"wp:term":[{"taxonomy":"category","embeddable":true,"href":"https:\/\/aeronoticias.com.pe\/noticiero\/wp-json\/wp\/v2\/categories?post=63298"},{"taxonomy":"post_tag","embeddable":true,"href":"https:\/\/aeronoticias.com.pe\/noticiero\/wp-json\/wp\/v2\/tags?post=63298"}],"curies":[{"name":"wp","href":"https:\/\/api.w.org\/{rel}","templated":true}]}}