{"id":63300,"date":"2020-09-28T15:11:45","date_gmt":"2020-09-28T15:11:45","guid":{"rendered":"https:\/\/aeronoticias.com.pe\/noticiero\/?p=63300"},"modified":"2020-09-28T15:11:49","modified_gmt":"2020-09-28T15:11:49","slug":"chile-sky-airline-reactiva-el-100-de-sus-rutas-nacionales","status":"publish","type":"post","link":"https:\/\/aeronoticias.com.pe\/noticiero\/transporte-aereo\/chile-sky-airline-reactiva-el-100-de-sus-rutas-nacionales\/","title":{"rendered":"Chile: SKY Airline reactiva el 100% de sus rutas nacionales"},"content":{"rendered":"\n<p><strong>(Aeronoticias)<\/strong>.- Bajo un riguroso protocolo sanitario para garantizar la seguridad y confiabilidad de sus pasajeros, a partir de hoy,\u00a0<strong>SKY Airline\u00a0<\/strong>reactivar\u00e1 la totalidad de sus rutas nacionales; mientras que Brasil y Per\u00fa se sumar\u00e1n en octubre.<\/p>\n\n\n\n<p>Esto, tras el anuncio que realizaron las autoridades durante la semana pasada de permitir los vuelos interregionales entre aquellas comunas que se encuentren en fase 3, 4 y 5 del plan \u201cPaso a Paso\u201d del Ministerio de Salud.<\/p>\n\n\n\n<p>\u201cDurante todos estos meses hemos trabajado fuertemente en prepararnos para realizar viajes seguros, activando todas las medidas sanitarias necesarias, para evitar cualquier contagio y para que nuestros pasajeros y tripulantes puedan volar tranquilos\u201d, asegur\u00f3 el CEO de SKY, Jos\u00e9 Ignacio Dougnac.<\/p>\n\n\n\n<p>Desde hoy, la aerol\u00ednea low cost se encuentra volando hacia un total de 12 regiones que contemplan los destinos de Arica, Iquique, Calama, Antofagasta, Copiap\u00f3, La Serena, Concepci\u00f3n, Temuco, Valdivia, Puerto Montt, Balmaceda y Punta Arenas.<\/p>\n\n\n\n<p>Sumado a estas rutas, a partir de octubre, SKY retomar\u00e1 los vuelos a Osorno con una frecuencia de cinco viajes semanales, los cuales estar\u00e1n programados para los lunes, jueves, viernes, s\u00e1bado y domingo, siendo la \u00fanica aerol\u00ednea que estar\u00e1 volando a este destino.<\/p>\n\n\n\n<p>\u201cLos viajes que se inician desde hoy son muy buenas noticias para todos porque permitir\u00e1n aumentar la conectividad de nuestro pa\u00eds y tambi\u00e9n reactivar la industria del turismo que ha resultado tan afectada durante estos meses de pandemia\u201d, se\u00f1al\u00f3 Dougnac.<\/p>\n\n\n\n<p>Para las pr\u00f3ximas semanas tambi\u00e9n aumentar\u00e1 la frecuencia de vuelos hacia Copiap\u00f3, pasando a tener dos vuelos semanales para los martes y jueves.<\/p>\n\n\n\n<p>Desde este jueves 1 de octubre, SKY retomar\u00e1 sus vuelos a Brasil a casi siete meses de la interrupci\u00f3n de sus operaciones a causa de la crisis del Coronavirus. As\u00ed la l\u00ednea a\u00e9rea retomar\u00e1 los vuelos hacia Sao Paulo, los lunes y viernes; y a R\u00edo de Janeiro, los lunes y jueves.<\/p>\n\n\n\n<p>Respecto de su operaci\u00f3n dom\u00e9stica en Per\u00fa, y tras el anuncio de las autoridades de ese pa\u00eds de permitir los vuelos internacionales a partir de octubre, la l\u00ednea a\u00e9rea comenzar\u00e1 a volar a Lima a partir del pr\u00f3ximo lunes 5, con una frecuencia de cuatro vuelos a la semana los lunes, mi\u00e9rcoles, viernes y domingo.<\/p>\n\n\n\n<p>Fuente: <strong><em>Aviaci\u00f3n al d\u00eda.<\/em><\/strong><\/p>\n","protected":false},"excerpt":{"rendered":"<p>(Aeronoticias).- Bajo un riguroso protocolo sanitario para garantizar la seguridad y confiabilidad de sus pasajeros, a partir de hoy,\u00a0SKY Airline\u00a0reactivar\u00e1 la totalidad de sus rutas nacionales; mientras que Brasil y Per\u00fa se sumar\u00e1n en octubre. Esto, tras el anuncio que realizaron las autoridades durante la semana pasada de permitir los vuelos interregionales entre aquellas comunas [&hellip;]<\/p>\n","protected":false},"author":4,"featured_media":60561,"comment_status":"open","ping_status":"open","sticky":false,"template":"","format":"standard","meta":{"tdm_status":"","tdm_grid_status":"","footnotes":""},"categories":[32,11],"tags":[344,178],"class_list":{"0":"post-63300","1":"post","2":"type-post","3":"status-publish","4":"format-standard","5":"has-post-thumbnail","7":"category-internacional","8":"category-transporte-aereo","9":"tag-chile","10":"tag-sky-airlines"},"yoast_head":"<!-- This site is optimized with the Yoast SEO plugin v25.1 - https:\/\/yoast.com\/wordpress\/plugins\/seo\/ -->\n<title>Chile: SKY Airline reactiva el 100% de sus rutas nacionales<\/title>\n<meta name=\"description\" content=\"Portal de noticias del Per\u00fa sobre el transporte a\u00e9reo, aviaci\u00f3n, turismo, hoteleria, actualidad.\" \/>\n<meta name=\"robots\" content=\"index, follow, max-snippet:-1, max-image-preview:large, max-video-preview:-1\" \/>\n<link rel=\"canonical\" href=\"https:\/\/aeronoticias.com.pe\/noticiero\/transporte-aereo\/chile-sky-airline-reactiva-el-100-de-sus-rutas-nacionales\/\" \/>\n<meta property=\"og:locale\" content=\"es_ES\" \/>\n<meta property=\"og:type\" content=\"article\" \/>\n<meta property=\"og:title\" content=\"Chile: SKY Airline reactiva el 100% de sus rutas nacionales\" \/>\n<meta property=\"og:description\" content=\"Portal de noticias del Per\u00fa sobre el transporte a\u00e9reo, aviaci\u00f3n, turismo, hoteleria, actualidad.\" \/>\n<meta property=\"og:url\" content=\"https:\/\/aeronoticias.com.pe\/noticiero\/transporte-aereo\/chile-sky-airline-reactiva-el-100-de-sus-rutas-nacionales\/\" \/>\n<meta property=\"og:site_name\" content=\"Aeronoticias.com.pe\" \/>\n<meta property=\"article:publisher\" content=\"https:\/\/www.facebook.com\/Aeronoticias.com.pe\/\" \/>\n<meta property=\"article:published_time\" content=\"2020-09-28T15:11:45+00:00\" \/>\n<meta property=\"article:modified_time\" content=\"2020-09-28T15:11:49+00:00\" \/>\n<meta property=\"og:image\" content=\"https:\/\/aeronoticias.com.pe\/noticiero\/wp-content\/uploads\/2020\/09\/Sky-A319.jpg\" \/>\n\t<meta property=\"og:image:width\" content=\"800\" \/>\n\t<meta property=\"og:image:height\" content=\"400\" \/>\n\t<meta property=\"og:image:type\" content=\"image\/jpeg\" \/>\n<meta name=\"author\" content=\"Jefrey Cuya\" \/>\n<meta name=\"twitter:card\" content=\"summary_large_image\" \/>\n<meta name=\"twitter:creator\" content=\"@aeronoticias\" \/>\n<meta name=\"twitter:site\" content=\"@aeronoticias\" \/>\n<meta name=\"twitter:label1\" content=\"Escrito por\" \/>\n\t<meta name=\"twitter:data1\" content=\"Jefrey Cuya\" \/>\n\t<meta name=\"twitter:label2\" content=\"Tiempo de lectura\" \/>\n\t<meta name=\"twitter:data2\" content=\"2 minutos\" \/>\n<script type=\"application\/ld+json\" class=\"yoast-schema-graph\">{\"@context\":\"https:\/\/schema.org\",\"@graph\":[{\"@type\":\"WebPage\",\"@id\":\"https:\/\/aeronoticias.com.pe\/noticiero\/transporte-aereo\/chile-sky-airline-reactiva-el-100-de-sus-rutas-nacionales\/\",\"url\":\"https:\/\/aeronoticias.com.pe\/noticiero\/transporte-aereo\/chile-sky-airline-reactiva-el-100-de-sus-rutas-nacionales\/\",\"name\":\"Chile: SKY Airline reactiva el 100% de sus rutas nacionales\",\"isPartOf\":{\"@id\":\"https:\/\/aeronoticias.com.pe\/noticiero\/#website\"},\"primaryImageOfPage\":{\"@id\":\"https:\/\/aeronoticias.com.pe\/noticiero\/transporte-aereo\/chile-sky-airline-reactiva-el-100-de-sus-rutas-nacionales\/#primaryimage\"},\"image\":{\"@id\":\"https:\/\/aeronoticias.com.pe\/noticiero\/transporte-aereo\/chile-sky-airline-reactiva-el-100-de-sus-rutas-nacionales\/#primaryimage\"},\"thumbnailUrl\":\"https:\/\/aeronoticias.com.pe\/noticiero\/wp-content\/uploads\/2020\/09\/Sky-A319.jpg\",\"datePublished\":\"2020-09-28T15:11:45+00:00\",\"dateModified\":\"2020-09-28T15:11:49+00:00\",\"author\":{\"@id\":\"https:\/\/aeronoticias.com.pe\/noticiero\/#\/schema\/person\/9ef7422a13b22ab480ffc29639f442b0\"},\"description\":\"Portal de noticias del Per\u00fa sobre el transporte a\u00e9reo, aviaci\u00f3n, turismo, hoteleria, actualidad.\",\"breadcrumb\":{\"@id\":\"https:\/\/aeronoticias.com.pe\/noticiero\/transporte-aereo\/chile-sky-airline-reactiva-el-100-de-sus-rutas-nacionales\/#breadcrumb\"},\"inLanguage\":\"es\",\"potentialAction\":[{\"@type\":\"ReadAction\",\"target\":[\"https:\/\/aeronoticias.com.pe\/noticiero\/transporte-aereo\/chile-sky-airline-reactiva-el-100-de-sus-rutas-nacionales\/\"]}]},{\"@type\":\"ImageObject\",\"inLanguage\":\"es\",\"@id\":\"https:\/\/aeronoticias.com.pe\/noticiero\/transporte-aereo\/chile-sky-airline-reactiva-el-100-de-sus-rutas-nacionales\/#primaryimage\",\"url\":\"https:\/\/aeronoticias.com.pe\/noticiero\/wp-content\/uploads\/2020\/09\/Sky-A319.jpg\",\"contentUrl\":\"https:\/\/aeronoticias.com.pe\/noticiero\/wp-content\/uploads\/2020\/09\/Sky-A319.jpg\",\"width\":800,\"height\":400},{\"@type\":\"BreadcrumbList\",\"@id\":\"https:\/\/aeronoticias.com.pe\/noticiero\/transporte-aereo\/chile-sky-airline-reactiva-el-100-de-sus-rutas-nacionales\/#breadcrumb\",\"itemListElement\":[{\"@type\":\"ListItem\",\"position\":1,\"name\":\"Portada\",\"item\":\"https:\/\/aeronoticias.com.pe\/noticiero\/\"},{\"@type\":\"ListItem\",\"position\":2,\"name\":\"Chile: SKY Airline reactiva el 100% de sus rutas nacionales\"}]},{\"@type\":\"WebSite\",\"@id\":\"https:\/\/aeronoticias.com.pe\/noticiero\/#website\",\"url\":\"https:\/\/aeronoticias.com.pe\/noticiero\/\",\"name\":\"Aeronoticias.com.pe\",\"description\":\"Noticias de tranporte aereo, turismo, hoteles, gastronomia, actualidad, internacional\",\"potentialAction\":[{\"@type\":\"SearchAction\",\"target\":{\"@type\":\"EntryPoint\",\"urlTemplate\":\"https:\/\/aeronoticias.com.pe\/noticiero\/?s={search_term_string}\"},\"query-input\":{\"@type\":\"PropertyValueSpecification\",\"valueRequired\":true,\"valueName\":\"search_term_string\"}}],\"inLanguage\":\"es\"},{\"@type\":\"Person\",\"@id\":\"https:\/\/aeronoticias.com.pe\/noticiero\/#\/schema\/person\/9ef7422a13b22ab480ffc29639f442b0\",\"name\":\"Jefrey Cuya\",\"url\":\"https:\/\/aeronoticias.com.pe\/noticiero\/author\/jefreycuya\/\"}]}<\/script>\n<!-- \/ Yoast SEO plugin. -->","yoast_head_json":{"title":"Chile: SKY Airline reactiva el 100% de sus rutas nacionales","description":"Portal de noticias del Per\u00fa sobre el transporte a\u00e9reo, aviaci\u00f3n, turismo, hoteleria, actualidad.","robots":{"index":"index","follow":"follow","max-snippet":"max-snippet:-1","max-image-preview":"max-image-preview:large","max-video-preview":"max-video-preview:-1"},"canonical":"https:\/\/aeronoticias.com.pe\/noticiero\/transporte-aereo\/chile-sky-airline-reactiva-el-100-de-sus-rutas-nacionales\/","og_locale":"es_ES","og_type":"article","og_title":"Chile: SKY Airline reactiva el 100% de sus rutas nacionales","og_description":"Portal de noticias del Per\u00fa sobre el transporte a\u00e9reo, aviaci\u00f3n, turismo, hoteleria, actualidad.","og_url":"https:\/\/aeronoticias.com.pe\/noticiero\/transporte-aereo\/chile-sky-airline-reactiva-el-100-de-sus-rutas-nacionales\/","og_site_name":"Aeronoticias.com.pe","article_publisher":"https:\/\/www.facebook.com\/Aeronoticias.com.pe\/","article_published_time":"2020-09-28T15:11:45+00:00","article_modified_time":"2020-09-28T15:11:49+00:00","og_image":[{"width":800,"height":400,"url":"https:\/\/aeronoticias.com.pe\/noticiero\/wp-content\/uploads\/2020\/09\/Sky-A319.jpg","type":"image\/jpeg"}],"author":"Jefrey Cuya","twitter_card":"summary_large_image","twitter_creator":"@aeronoticias","twitter_site":"@aeronoticias","twitter_misc":{"Escrito por":"Jefrey Cuya","Tiempo de lectura":"2 minutos"},"schema":{"@context":"https:\/\/schema.org","@graph":[{"@type":"WebPage","@id":"https:\/\/aeronoticias.com.pe\/noticiero\/transporte-aereo\/chile-sky-airline-reactiva-el-100-de-sus-rutas-nacionales\/","url":"https:\/\/aeronoticias.com.pe\/noticiero\/transporte-aereo\/chile-sky-airline-reactiva-el-100-de-sus-rutas-nacionales\/","name":"Chile: SKY Airline reactiva el 100% de sus rutas nacionales","isPartOf":{"@id":"https:\/\/aeronoticias.com.pe\/noticiero\/#website"},"primaryImageOfPage":{"@id":"https:\/\/aeronoticias.com.pe\/noticiero\/transporte-aereo\/chile-sky-airline-reactiva-el-100-de-sus-rutas-nacionales\/#primaryimage"},"image":{"@id":"https:\/\/aeronoticias.com.pe\/noticiero\/transporte-aereo\/chile-sky-airline-reactiva-el-100-de-sus-rutas-nacionales\/#primaryimage"},"thumbnailUrl":"https:\/\/aeronoticias.com.pe\/noticiero\/wp-content\/uploads\/2020\/09\/Sky-A319.jpg","datePublished":"2020-09-28T15:11:45+00:00","dateModified":"2020-09-28T15:11:49+00:00","author":{"@id":"https:\/\/aeronoticias.com.pe\/noticiero\/#\/schema\/person\/9ef7422a13b22ab480ffc29639f442b0"},"description":"Portal de noticias del Per\u00fa sobre el transporte a\u00e9reo, aviaci\u00f3n, turismo, hoteleria, actualidad.","breadcrumb":{"@id":"https:\/\/aeronoticias.com.pe\/noticiero\/transporte-aereo\/chile-sky-airline-reactiva-el-100-de-sus-rutas-nacionales\/#breadcrumb"},"inLanguage":"es","potentialAction":[{"@type":"ReadAction","target":["https:\/\/aeronoticias.com.pe\/noticiero\/transporte-aereo\/chile-sky-airline-reactiva-el-100-de-sus-rutas-nacionales\/"]}]},{"@type":"ImageObject","inLanguage":"es","@id":"https:\/\/aeronoticias.com.pe\/noticiero\/transporte-aereo\/chile-sky-airline-reactiva-el-100-de-sus-rutas-nacionales\/#primaryimage","url":"https:\/\/aeronoticias.com.pe\/noticiero\/wp-content\/uploads\/2020\/09\/Sky-A319.jpg","contentUrl":"https:\/\/aeronoticias.com.pe\/noticiero\/wp-content\/uploads\/2020\/09\/Sky-A319.jpg","width":800,"height":400},{"@type":"BreadcrumbList","@id":"https:\/\/aeronoticias.com.pe\/noticiero\/transporte-aereo\/chile-sky-airline-reactiva-el-100-de-sus-rutas-nacionales\/#breadcrumb","itemListElement":[{"@type":"ListItem","position":1,"name":"Portada","item":"https:\/\/aeronoticias.com.pe\/noticiero\/"},{"@type":"ListItem","position":2,"name":"Chile: SKY Airline reactiva el 100% de sus rutas nacionales"}]},{"@type":"WebSite","@id":"https:\/\/aeronoticias.com.pe\/noticiero\/#website","url":"https:\/\/aeronoticias.com.pe\/noticiero\/","name":"Aeronoticias.com.pe","description":"Noticias de tranporte aereo, turismo, hoteles, gastronomia, actualidad, internacional","potentialAction":[{"@type":"SearchAction","target":{"@type":"EntryPoint","urlTemplate":"https:\/\/aeronoticias.com.pe\/noticiero\/?s={search_term_string}"},"query-input":{"@type":"PropertyValueSpecification","valueRequired":true,"valueName":"search_term_string"}}],"inLanguage":"es"},{"@type":"Person","@id":"https:\/\/aeronoticias.com.pe\/noticiero\/#\/schema\/person\/9ef7422a13b22ab480ffc29639f442b0","name":"Jefrey Cuya","url":"https:\/\/aeronoticias.com.pe\/noticiero\/author\/jefreycuya\/"}]}},"_links":{"self":[{"href":"https:\/\/aeronoticias.com.pe\/noticiero\/wp-json\/wp\/v2\/posts\/63300","targetHints":{"allow":["GET"]}}],"collection":[{"href":"https:\/\/aeronoticias.com.pe\/noticiero\/wp-json\/wp\/v2\/posts"}],"about":[{"href":"https:\/\/aeronoticias.com.pe\/noticiero\/wp-json\/wp\/v2\/types\/post"}],"author":[{"embeddable":true,"href":"https:\/\/aeronoticias.com.pe\/noticiero\/wp-json\/wp\/v2\/users\/4"}],"replies":[{"embeddable":true,"href":"https:\/\/aeronoticias.com.pe\/noticiero\/wp-json\/wp\/v2\/comments?post=63300"}],"version-history":[{"count":0,"href":"https:\/\/aeronoticias.com.pe\/noticiero\/wp-json\/wp\/v2\/posts\/63300\/revisions"}],"wp:featuredmedia":[{"embeddable":true,"href":"https:\/\/aeronoticias.com.pe\/noticiero\/wp-json\/wp\/v2\/media\/60561"}],"wp:attachment":[{"href":"https:\/\/aeronoticias.com.pe\/noticiero\/wp-json\/wp\/v2\/media?parent=63300"}],"wp:term":[{"taxonomy":"category","embeddable":true,"href":"https:\/\/aeronoticias.com.pe\/noticiero\/wp-json\/wp\/v2\/categories?post=63300"},{"taxonomy":"post_tag","embeddable":true,"href":"https:\/\/aeronoticias.com.pe\/noticiero\/wp-json\/wp\/v2\/tags?post=63300"}],"curies":[{"name":"wp","href":"https:\/\/api.w.org\/{rel}","templated":true}]}}