{"id":63316,"date":"2020-09-29T07:02:27","date_gmt":"2020-09-29T07:02:27","guid":{"rendered":"https:\/\/aeronoticias.com.pe\/noticiero\/?p=63316"},"modified":"2020-09-29T07:02:35","modified_gmt":"2020-09-29T07:02:35","slug":"japan-airlines-cambia-el-damas-y-caballeros-por-un-saludo-neutral-de-genero","status":"publish","type":"post","link":"https:\/\/aeronoticias.com.pe\/noticiero\/transporte-aereo\/japan-airlines-cambia-el-damas-y-caballeros-por-un-saludo-neutral-de-genero\/","title":{"rendered":"Japan Airlines cambia el &#8216;damas y caballeros&#8217; por un saludo neutral de g\u00e9nero"},"content":{"rendered":"\n<p><strong>(Aeronoticias)<\/strong>.- Japan Airlines<strong>\u00a0<\/strong>inform\u00f3 este lunes que cambiar\u00eda el \u201cdamas y caballeros\u201d por saludos neutrales en cuanto al g\u00e9nero, siguiendo a otras aerol\u00edneas en la adopci\u00f3n de un lenguaje m\u00e1s inclusivo para los pasajeros.<\/p>\n\n\n\n<p>Los anuncios en los aeropuertos y en los vuelos operados por la aerol\u00ednea japonesa utilizar\u00e1n las nuevos saludos a partir del 1 de octubre, dijo la aerol\u00ednea. \u201cAtenci\u00f3n a todos los pasajeros\u201d y \u201cBuenos d\u00edas a todos\u201d estar\u00e1n entre los t\u00e9rminos adoptados, informaron los medios locales.<\/p>\n\n\n\n<p>Varias aerol\u00edneas de todo el mundo han hecho un cambio similar. Air Canada y la aerol\u00ednea europea de bajo costo EasyJet dijeron el a\u00f1o pasado que dejar\u00edan de lado \u201cdamas y caballeros\u201d.<\/p>\n\n\n\n<p>\u201cAspiramos a ser una compa\u00f1\u00eda en la que podamos crear una atm\u00f3sfera positiva y tratar a todos, incluidos nuestros clientes, con respeto\u201d, dijo el portavoz de Japan Airlines, Mark Morimoto, a&nbsp;<a href=\"https:\/\/www.reuters.com\/article\/japan-lgbt-airline\/japan-airlines-ditches-ladies-and-gentlemen-for-gender-neutral-greetings-idUSL8N2GP1N9\" target=\"_blank\" rel=\"noreferrer noopener\">Reuters<\/a>&nbsp;en un correo electr\u00f3nico.<\/p>\n\n\n\n<p>\u201cNos hemos comprometido a no discriminar por motivos de g\u00e9nero, edad, nacionalidad, raza, etnia, religi\u00f3n, discapacidad, orientaci\u00f3n sexual, identidad de g\u00e9nero u otros atributos personales\u201d, dijo Morimoto.<\/p>\n\n\n\n<p>Fuente: <em><strong>Reuters<\/strong><\/em>.<\/p>\n","protected":false},"excerpt":{"rendered":"<p>(Aeronoticias).- Japan Airlines\u00a0inform\u00f3 este lunes que cambiar\u00eda el \u201cdamas y caballeros\u201d por saludos neutrales en cuanto al g\u00e9nero, siguiendo a otras aerol\u00edneas en la adopci\u00f3n de un lenguaje m\u00e1s inclusivo para los pasajeros. Los anuncios en los aeropuertos y en los vuelos operados por la aerol\u00ednea japonesa utilizar\u00e1n las nuevos saludos a partir del 1 [&hellip;]<\/p>\n","protected":false},"author":4,"featured_media":63317,"comment_status":"open","ping_status":"open","sticky":false,"template":"","format":"standard","meta":{"tdm_status":"","tdm_grid_status":"","footnotes":""},"categories":[32,11],"tags":[416],"class_list":{"0":"post-63316","1":"post","2":"type-post","3":"status-publish","4":"format-standard","5":"has-post-thumbnail","7":"category-internacional","8":"category-transporte-aereo","9":"tag-japan-airlines"},"yoast_head":"<!-- This site is optimized with the Yoast SEO plugin v25.1 - https:\/\/yoast.com\/wordpress\/plugins\/seo\/ -->\n<title>Japan Airlines cambia el &#039;damas y caballeros&#039; por un saludo neutral de g\u00e9nero<\/title>\n<meta name=\"description\" content=\"Portal de noticias del Per\u00fa sobre el transporte a\u00e9reo, aviaci\u00f3n, turismo, hoteleria, actualidad.\" \/>\n<meta name=\"robots\" content=\"index, follow, max-snippet:-1, max-image-preview:large, max-video-preview:-1\" \/>\n<link rel=\"canonical\" href=\"https:\/\/aeronoticias.com.pe\/noticiero\/transporte-aereo\/japan-airlines-cambia-el-damas-y-caballeros-por-un-saludo-neutral-de-genero\/\" \/>\n<meta property=\"og:locale\" content=\"es_ES\" \/>\n<meta property=\"og:type\" content=\"article\" \/>\n<meta property=\"og:title\" content=\"Japan Airlines cambia el &#039;damas y caballeros&#039; por un saludo neutral de g\u00e9nero\" \/>\n<meta property=\"og:description\" content=\"Portal de noticias del Per\u00fa sobre el transporte a\u00e9reo, aviaci\u00f3n, turismo, hoteleria, actualidad.\" \/>\n<meta property=\"og:url\" content=\"https:\/\/aeronoticias.com.pe\/noticiero\/transporte-aereo\/japan-airlines-cambia-el-damas-y-caballeros-por-un-saludo-neutral-de-genero\/\" \/>\n<meta property=\"og:site_name\" content=\"Aeronoticias.com.pe\" \/>\n<meta property=\"article:publisher\" content=\"https:\/\/www.facebook.com\/Aeronoticias.com.pe\/\" \/>\n<meta property=\"article:published_time\" content=\"2020-09-29T07:02:27+00:00\" \/>\n<meta property=\"article:modified_time\" content=\"2020-09-29T07:02:35+00:00\" \/>\n<meta property=\"og:image\" content=\"https:\/\/aeronoticias.com.pe\/noticiero\/wp-content\/uploads\/2020\/09\/Japan-Airlines-B787.jpg\" \/>\n\t<meta property=\"og:image:width\" content=\"800\" \/>\n\t<meta property=\"og:image:height\" content=\"400\" \/>\n\t<meta property=\"og:image:type\" content=\"image\/jpeg\" \/>\n<meta name=\"author\" content=\"Jefrey Cuya\" \/>\n<meta name=\"twitter:card\" content=\"summary_large_image\" \/>\n<meta name=\"twitter:creator\" content=\"@aeronoticias\" \/>\n<meta name=\"twitter:site\" content=\"@aeronoticias\" \/>\n<meta name=\"twitter:label1\" content=\"Escrito por\" \/>\n\t<meta name=\"twitter:data1\" content=\"Jefrey Cuya\" \/>\n\t<meta name=\"twitter:label2\" content=\"Tiempo de lectura\" \/>\n\t<meta name=\"twitter:data2\" content=\"1 minuto\" \/>\n<script type=\"application\/ld+json\" class=\"yoast-schema-graph\">{\"@context\":\"https:\/\/schema.org\",\"@graph\":[{\"@type\":\"WebPage\",\"@id\":\"https:\/\/aeronoticias.com.pe\/noticiero\/transporte-aereo\/japan-airlines-cambia-el-damas-y-caballeros-por-un-saludo-neutral-de-genero\/\",\"url\":\"https:\/\/aeronoticias.com.pe\/noticiero\/transporte-aereo\/japan-airlines-cambia-el-damas-y-caballeros-por-un-saludo-neutral-de-genero\/\",\"name\":\"Japan Airlines cambia el 'damas y caballeros' por un saludo neutral de g\u00e9nero\",\"isPartOf\":{\"@id\":\"https:\/\/aeronoticias.com.pe\/noticiero\/#website\"},\"primaryImageOfPage\":{\"@id\":\"https:\/\/aeronoticias.com.pe\/noticiero\/transporte-aereo\/japan-airlines-cambia-el-damas-y-caballeros-por-un-saludo-neutral-de-genero\/#primaryimage\"},\"image\":{\"@id\":\"https:\/\/aeronoticias.com.pe\/noticiero\/transporte-aereo\/japan-airlines-cambia-el-damas-y-caballeros-por-un-saludo-neutral-de-genero\/#primaryimage\"},\"thumbnailUrl\":\"https:\/\/aeronoticias.com.pe\/noticiero\/wp-content\/uploads\/2020\/09\/Japan-Airlines-B787.jpg\",\"datePublished\":\"2020-09-29T07:02:27+00:00\",\"dateModified\":\"2020-09-29T07:02:35+00:00\",\"author\":{\"@id\":\"https:\/\/aeronoticias.com.pe\/noticiero\/#\/schema\/person\/9ef7422a13b22ab480ffc29639f442b0\"},\"description\":\"Portal de noticias del Per\u00fa sobre el transporte a\u00e9reo, aviaci\u00f3n, turismo, hoteleria, actualidad.\",\"breadcrumb\":{\"@id\":\"https:\/\/aeronoticias.com.pe\/noticiero\/transporte-aereo\/japan-airlines-cambia-el-damas-y-caballeros-por-un-saludo-neutral-de-genero\/#breadcrumb\"},\"inLanguage\":\"es\",\"potentialAction\":[{\"@type\":\"ReadAction\",\"target\":[\"https:\/\/aeronoticias.com.pe\/noticiero\/transporte-aereo\/japan-airlines-cambia-el-damas-y-caballeros-por-un-saludo-neutral-de-genero\/\"]}]},{\"@type\":\"ImageObject\",\"inLanguage\":\"es\",\"@id\":\"https:\/\/aeronoticias.com.pe\/noticiero\/transporte-aereo\/japan-airlines-cambia-el-damas-y-caballeros-por-un-saludo-neutral-de-genero\/#primaryimage\",\"url\":\"https:\/\/aeronoticias.com.pe\/noticiero\/wp-content\/uploads\/2020\/09\/Japan-Airlines-B787.jpg\",\"contentUrl\":\"https:\/\/aeronoticias.com.pe\/noticiero\/wp-content\/uploads\/2020\/09\/Japan-Airlines-B787.jpg\",\"width\":800,\"height\":400},{\"@type\":\"BreadcrumbList\",\"@id\":\"https:\/\/aeronoticias.com.pe\/noticiero\/transporte-aereo\/japan-airlines-cambia-el-damas-y-caballeros-por-un-saludo-neutral-de-genero\/#breadcrumb\",\"itemListElement\":[{\"@type\":\"ListItem\",\"position\":1,\"name\":\"Portada\",\"item\":\"https:\/\/aeronoticias.com.pe\/noticiero\/\"},{\"@type\":\"ListItem\",\"position\":2,\"name\":\"Japan Airlines cambia el &#8216;damas y caballeros&#8217; por un saludo neutral de g\u00e9nero\"}]},{\"@type\":\"WebSite\",\"@id\":\"https:\/\/aeronoticias.com.pe\/noticiero\/#website\",\"url\":\"https:\/\/aeronoticias.com.pe\/noticiero\/\",\"name\":\"Aeronoticias.com.pe\",\"description\":\"Noticias de tranporte aereo, turismo, hoteles, gastronomia, actualidad, internacional\",\"potentialAction\":[{\"@type\":\"SearchAction\",\"target\":{\"@type\":\"EntryPoint\",\"urlTemplate\":\"https:\/\/aeronoticias.com.pe\/noticiero\/?s={search_term_string}\"},\"query-input\":{\"@type\":\"PropertyValueSpecification\",\"valueRequired\":true,\"valueName\":\"search_term_string\"}}],\"inLanguage\":\"es\"},{\"@type\":\"Person\",\"@id\":\"https:\/\/aeronoticias.com.pe\/noticiero\/#\/schema\/person\/9ef7422a13b22ab480ffc29639f442b0\",\"name\":\"Jefrey Cuya\",\"url\":\"https:\/\/aeronoticias.com.pe\/noticiero\/author\/jefreycuya\/\"}]}<\/script>\n<!-- \/ Yoast SEO plugin. -->","yoast_head_json":{"title":"Japan Airlines cambia el 'damas y caballeros' por un saludo neutral de g\u00e9nero","description":"Portal de noticias del Per\u00fa sobre el transporte a\u00e9reo, aviaci\u00f3n, turismo, hoteleria, actualidad.","robots":{"index":"index","follow":"follow","max-snippet":"max-snippet:-1","max-image-preview":"max-image-preview:large","max-video-preview":"max-video-preview:-1"},"canonical":"https:\/\/aeronoticias.com.pe\/noticiero\/transporte-aereo\/japan-airlines-cambia-el-damas-y-caballeros-por-un-saludo-neutral-de-genero\/","og_locale":"es_ES","og_type":"article","og_title":"Japan Airlines cambia el 'damas y caballeros' por un saludo neutral de g\u00e9nero","og_description":"Portal de noticias del Per\u00fa sobre el transporte a\u00e9reo, aviaci\u00f3n, turismo, hoteleria, actualidad.","og_url":"https:\/\/aeronoticias.com.pe\/noticiero\/transporte-aereo\/japan-airlines-cambia-el-damas-y-caballeros-por-un-saludo-neutral-de-genero\/","og_site_name":"Aeronoticias.com.pe","article_publisher":"https:\/\/www.facebook.com\/Aeronoticias.com.pe\/","article_published_time":"2020-09-29T07:02:27+00:00","article_modified_time":"2020-09-29T07:02:35+00:00","og_image":[{"width":800,"height":400,"url":"https:\/\/aeronoticias.com.pe\/noticiero\/wp-content\/uploads\/2020\/09\/Japan-Airlines-B787.jpg","type":"image\/jpeg"}],"author":"Jefrey Cuya","twitter_card":"summary_large_image","twitter_creator":"@aeronoticias","twitter_site":"@aeronoticias","twitter_misc":{"Escrito por":"Jefrey Cuya","Tiempo de lectura":"1 minuto"},"schema":{"@context":"https:\/\/schema.org","@graph":[{"@type":"WebPage","@id":"https:\/\/aeronoticias.com.pe\/noticiero\/transporte-aereo\/japan-airlines-cambia-el-damas-y-caballeros-por-un-saludo-neutral-de-genero\/","url":"https:\/\/aeronoticias.com.pe\/noticiero\/transporte-aereo\/japan-airlines-cambia-el-damas-y-caballeros-por-un-saludo-neutral-de-genero\/","name":"Japan Airlines cambia el 'damas y caballeros' por un saludo neutral de g\u00e9nero","isPartOf":{"@id":"https:\/\/aeronoticias.com.pe\/noticiero\/#website"},"primaryImageOfPage":{"@id":"https:\/\/aeronoticias.com.pe\/noticiero\/transporte-aereo\/japan-airlines-cambia-el-damas-y-caballeros-por-un-saludo-neutral-de-genero\/#primaryimage"},"image":{"@id":"https:\/\/aeronoticias.com.pe\/noticiero\/transporte-aereo\/japan-airlines-cambia-el-damas-y-caballeros-por-un-saludo-neutral-de-genero\/#primaryimage"},"thumbnailUrl":"https:\/\/aeronoticias.com.pe\/noticiero\/wp-content\/uploads\/2020\/09\/Japan-Airlines-B787.jpg","datePublished":"2020-09-29T07:02:27+00:00","dateModified":"2020-09-29T07:02:35+00:00","author":{"@id":"https:\/\/aeronoticias.com.pe\/noticiero\/#\/schema\/person\/9ef7422a13b22ab480ffc29639f442b0"},"description":"Portal de noticias del Per\u00fa sobre el transporte a\u00e9reo, aviaci\u00f3n, turismo, hoteleria, actualidad.","breadcrumb":{"@id":"https:\/\/aeronoticias.com.pe\/noticiero\/transporte-aereo\/japan-airlines-cambia-el-damas-y-caballeros-por-un-saludo-neutral-de-genero\/#breadcrumb"},"inLanguage":"es","potentialAction":[{"@type":"ReadAction","target":["https:\/\/aeronoticias.com.pe\/noticiero\/transporte-aereo\/japan-airlines-cambia-el-damas-y-caballeros-por-un-saludo-neutral-de-genero\/"]}]},{"@type":"ImageObject","inLanguage":"es","@id":"https:\/\/aeronoticias.com.pe\/noticiero\/transporte-aereo\/japan-airlines-cambia-el-damas-y-caballeros-por-un-saludo-neutral-de-genero\/#primaryimage","url":"https:\/\/aeronoticias.com.pe\/noticiero\/wp-content\/uploads\/2020\/09\/Japan-Airlines-B787.jpg","contentUrl":"https:\/\/aeronoticias.com.pe\/noticiero\/wp-content\/uploads\/2020\/09\/Japan-Airlines-B787.jpg","width":800,"height":400},{"@type":"BreadcrumbList","@id":"https:\/\/aeronoticias.com.pe\/noticiero\/transporte-aereo\/japan-airlines-cambia-el-damas-y-caballeros-por-un-saludo-neutral-de-genero\/#breadcrumb","itemListElement":[{"@type":"ListItem","position":1,"name":"Portada","item":"https:\/\/aeronoticias.com.pe\/noticiero\/"},{"@type":"ListItem","position":2,"name":"Japan Airlines cambia el &#8216;damas y caballeros&#8217; por un saludo neutral de g\u00e9nero"}]},{"@type":"WebSite","@id":"https:\/\/aeronoticias.com.pe\/noticiero\/#website","url":"https:\/\/aeronoticias.com.pe\/noticiero\/","name":"Aeronoticias.com.pe","description":"Noticias de tranporte aereo, turismo, hoteles, gastronomia, actualidad, internacional","potentialAction":[{"@type":"SearchAction","target":{"@type":"EntryPoint","urlTemplate":"https:\/\/aeronoticias.com.pe\/noticiero\/?s={search_term_string}"},"query-input":{"@type":"PropertyValueSpecification","valueRequired":true,"valueName":"search_term_string"}}],"inLanguage":"es"},{"@type":"Person","@id":"https:\/\/aeronoticias.com.pe\/noticiero\/#\/schema\/person\/9ef7422a13b22ab480ffc29639f442b0","name":"Jefrey Cuya","url":"https:\/\/aeronoticias.com.pe\/noticiero\/author\/jefreycuya\/"}]}},"_links":{"self":[{"href":"https:\/\/aeronoticias.com.pe\/noticiero\/wp-json\/wp\/v2\/posts\/63316","targetHints":{"allow":["GET"]}}],"collection":[{"href":"https:\/\/aeronoticias.com.pe\/noticiero\/wp-json\/wp\/v2\/posts"}],"about":[{"href":"https:\/\/aeronoticias.com.pe\/noticiero\/wp-json\/wp\/v2\/types\/post"}],"author":[{"embeddable":true,"href":"https:\/\/aeronoticias.com.pe\/noticiero\/wp-json\/wp\/v2\/users\/4"}],"replies":[{"embeddable":true,"href":"https:\/\/aeronoticias.com.pe\/noticiero\/wp-json\/wp\/v2\/comments?post=63316"}],"version-history":[{"count":0,"href":"https:\/\/aeronoticias.com.pe\/noticiero\/wp-json\/wp\/v2\/posts\/63316\/revisions"}],"wp:featuredmedia":[{"embeddable":true,"href":"https:\/\/aeronoticias.com.pe\/noticiero\/wp-json\/wp\/v2\/media\/63317"}],"wp:attachment":[{"href":"https:\/\/aeronoticias.com.pe\/noticiero\/wp-json\/wp\/v2\/media?parent=63316"}],"wp:term":[{"taxonomy":"category","embeddable":true,"href":"https:\/\/aeronoticias.com.pe\/noticiero\/wp-json\/wp\/v2\/categories?post=63316"},{"taxonomy":"post_tag","embeddable":true,"href":"https:\/\/aeronoticias.com.pe\/noticiero\/wp-json\/wp\/v2\/tags?post=63316"}],"curies":[{"name":"wp","href":"https:\/\/api.w.org\/{rel}","templated":true}]}}