{"id":63319,"date":"2020-09-29T11:03:00","date_gmt":"2020-09-29T11:03:00","guid":{"rendered":"https:\/\/aeronoticias.com.pe\/noticiero\/?p=63319"},"modified":"2020-09-29T07:07:54","modified_gmt":"2020-09-29T07:07:54","slug":"descubre-el-avion-electrico-sueco-para-19-pasajeros-despegara-en-2024","status":"publish","type":"post","link":"https:\/\/aeronoticias.com.pe\/noticiero\/transporte-aereo\/descubre-el-avion-electrico-sueco-para-19-pasajeros-despegara-en-2024\/","title":{"rendered":"Descubre el avi\u00f3n el\u00e9ctrico sueco para 19 pasajeros despegar\u00e1 en 2024"},"content":{"rendered":"\n<p><strong>(Aeronoticias)<\/strong>.- Mientras que Airbus quiere volar sin emisiones con hidr\u00f3geno, una empresa emergente en Suecia se prepara para lanzar un avi\u00f3n el\u00e9ctrico al mercado. <\/p>\n\n\n\n<p>La compa\u00f1\u00eda Heart Aviation, con sede en Gotemburgo, est\u00e1 desarrollando una aeronave con un alcance de 400 kil\u00f3metros para 19 pasajeros.<\/p>\n\n\n\n<p>El avi\u00f3n, llamado&nbsp;<strong>ES-19<\/strong>, est\u00e1 programado para despegar por primera vez a mediados de 2024 y ser certificado en 2026.<\/p>\n\n\n\n<p>\u201cInicialmente, nuestros aviones ofrecer\u00e1n transporte de punto a punto entre las ciudades escandinavas\u201d, dijo Heart Aviation.<\/p>\n\n\n\n<p>La aeronave con cuatro h\u00e9lices el\u00e9ctricas, winglets y cola en T s\u00f3lo necesitar\u00e1 750 metros de pista para el despegue y el aterrizaje.<\/p>\n\n\n\n<p>El 23 de septiembre, Heart Aviation present\u00f3 su sistema de propulsi\u00f3n, con el cual la compa\u00f1\u00eda ya est\u00e1 realizando pruebas en tierra. El siguiente paso es construir un modelo del ES-19, que es una quinta parte del tama\u00f1o del original, est\u00e1 previsto que despegue en 2020.<\/p>\n\n\n\n<p>Heart Aviation indic\u00f3 que varias compa\u00f1\u00edas, como SAS, Braathens y Wideroe de Escandinavia, Air Greenland, Sounds Air de Nueva Zelanda, Pascan Aviation de Canad\u00e1, Quantum Air de California y City Clipper de Gran Breta\u00f1a, han mostrado inter\u00e9s en el avi\u00f3n.<\/p>\n\n\n\n<p>Fuente: <strong><em>Heart Aviation y Aviaci\u00f3n al d\u00eda<\/em><\/strong>.<\/p>\n","protected":false},"excerpt":{"rendered":"<p>(Aeronoticias).- Mientras que Airbus quiere volar sin emisiones con hidr\u00f3geno, una empresa emergente en Suecia se prepara para lanzar un avi\u00f3n el\u00e9ctrico al mercado. La compa\u00f1\u00eda Heart Aviation, con sede en Gotemburgo, est\u00e1 desarrollando una aeronave con un alcance de 400 kil\u00f3metros para 19 pasajeros. El avi\u00f3n, llamado&nbsp;ES-19, est\u00e1 programado para despegar por primera vez [&hellip;]<\/p>\n","protected":false},"author":4,"featured_media":63320,"comment_status":"open","ping_status":"open","sticky":false,"template":"","format":"standard","meta":{"tdm_status":"","tdm_grid_status":"","footnotes":""},"categories":[32,11],"tags":[182],"class_list":{"0":"post-63319","1":"post","2":"type-post","3":"status-publish","4":"format-standard","5":"has-post-thumbnail","7":"category-internacional","8":"category-transporte-aereo","9":"tag-tecnologia"},"yoast_head":"<!-- This site is optimized with the Yoast SEO plugin v25.1 - https:\/\/yoast.com\/wordpress\/plugins\/seo\/ -->\n<title>Descubre el avi\u00f3n el\u00e9ctrico sueco para 19 pasajeros despegar\u00e1 en 2024<\/title>\n<meta name=\"description\" content=\"Portal de noticias del Per\u00fa sobre el transporte a\u00e9reo, aviaci\u00f3n, turismo, hoteleria, actualidad.\" \/>\n<meta name=\"robots\" content=\"index, follow, max-snippet:-1, max-image-preview:large, max-video-preview:-1\" \/>\n<link rel=\"canonical\" href=\"https:\/\/aeronoticias.com.pe\/noticiero\/transporte-aereo\/descubre-el-avion-electrico-sueco-para-19-pasajeros-despegara-en-2024\/\" \/>\n<meta property=\"og:locale\" content=\"es_ES\" \/>\n<meta property=\"og:type\" content=\"article\" \/>\n<meta property=\"og:title\" content=\"Descubre el avi\u00f3n el\u00e9ctrico sueco para 19 pasajeros despegar\u00e1 en 2024\" \/>\n<meta property=\"og:description\" content=\"Portal de noticias del Per\u00fa sobre el transporte a\u00e9reo, aviaci\u00f3n, turismo, hoteleria, actualidad.\" \/>\n<meta property=\"og:url\" content=\"https:\/\/aeronoticias.com.pe\/noticiero\/transporte-aereo\/descubre-el-avion-electrico-sueco-para-19-pasajeros-despegara-en-2024\/\" \/>\n<meta property=\"og:site_name\" content=\"Aeronoticias.com.pe\" \/>\n<meta property=\"article:publisher\" content=\"https:\/\/www.facebook.com\/Aeronoticias.com.pe\/\" \/>\n<meta property=\"article:published_time\" content=\"2020-09-29T11:03:00+00:00\" \/>\n<meta property=\"og:image\" content=\"https:\/\/aeronoticias.com.pe\/noticiero\/wp-content\/uploads\/2020\/09\/Heart-Aviation-ES-19.jpg\" \/>\n\t<meta property=\"og:image:width\" content=\"800\" \/>\n\t<meta property=\"og:image:height\" content=\"400\" \/>\n\t<meta property=\"og:image:type\" content=\"image\/jpeg\" \/>\n<meta name=\"author\" content=\"Jefrey Cuya\" \/>\n<meta name=\"twitter:card\" content=\"summary_large_image\" \/>\n<meta name=\"twitter:creator\" content=\"@aeronoticias\" \/>\n<meta name=\"twitter:site\" content=\"@aeronoticias\" \/>\n<meta name=\"twitter:label1\" content=\"Escrito por\" \/>\n\t<meta name=\"twitter:data1\" content=\"Jefrey Cuya\" \/>\n\t<meta name=\"twitter:label2\" content=\"Tiempo de lectura\" \/>\n\t<meta name=\"twitter:data2\" content=\"1 minuto\" \/>\n<script type=\"application\/ld+json\" class=\"yoast-schema-graph\">{\"@context\":\"https:\/\/schema.org\",\"@graph\":[{\"@type\":\"WebPage\",\"@id\":\"https:\/\/aeronoticias.com.pe\/noticiero\/transporte-aereo\/descubre-el-avion-electrico-sueco-para-19-pasajeros-despegara-en-2024\/\",\"url\":\"https:\/\/aeronoticias.com.pe\/noticiero\/transporte-aereo\/descubre-el-avion-electrico-sueco-para-19-pasajeros-despegara-en-2024\/\",\"name\":\"Descubre el avi\u00f3n el\u00e9ctrico sueco para 19 pasajeros despegar\u00e1 en 2024\",\"isPartOf\":{\"@id\":\"https:\/\/aeronoticias.com.pe\/noticiero\/#website\"},\"primaryImageOfPage\":{\"@id\":\"https:\/\/aeronoticias.com.pe\/noticiero\/transporte-aereo\/descubre-el-avion-electrico-sueco-para-19-pasajeros-despegara-en-2024\/#primaryimage\"},\"image\":{\"@id\":\"https:\/\/aeronoticias.com.pe\/noticiero\/transporte-aereo\/descubre-el-avion-electrico-sueco-para-19-pasajeros-despegara-en-2024\/#primaryimage\"},\"thumbnailUrl\":\"https:\/\/aeronoticias.com.pe\/noticiero\/wp-content\/uploads\/2020\/09\/Heart-Aviation-ES-19.jpg\",\"datePublished\":\"2020-09-29T11:03:00+00:00\",\"author\":{\"@id\":\"https:\/\/aeronoticias.com.pe\/noticiero\/#\/schema\/person\/9ef7422a13b22ab480ffc29639f442b0\"},\"description\":\"Portal de noticias del Per\u00fa sobre el transporte a\u00e9reo, aviaci\u00f3n, turismo, hoteleria, actualidad.\",\"breadcrumb\":{\"@id\":\"https:\/\/aeronoticias.com.pe\/noticiero\/transporte-aereo\/descubre-el-avion-electrico-sueco-para-19-pasajeros-despegara-en-2024\/#breadcrumb\"},\"inLanguage\":\"es\",\"potentialAction\":[{\"@type\":\"ReadAction\",\"target\":[\"https:\/\/aeronoticias.com.pe\/noticiero\/transporte-aereo\/descubre-el-avion-electrico-sueco-para-19-pasajeros-despegara-en-2024\/\"]}]},{\"@type\":\"ImageObject\",\"inLanguage\":\"es\",\"@id\":\"https:\/\/aeronoticias.com.pe\/noticiero\/transporte-aereo\/descubre-el-avion-electrico-sueco-para-19-pasajeros-despegara-en-2024\/#primaryimage\",\"url\":\"https:\/\/aeronoticias.com.pe\/noticiero\/wp-content\/uploads\/2020\/09\/Heart-Aviation-ES-19.jpg\",\"contentUrl\":\"https:\/\/aeronoticias.com.pe\/noticiero\/wp-content\/uploads\/2020\/09\/Heart-Aviation-ES-19.jpg\",\"width\":800,\"height\":400},{\"@type\":\"BreadcrumbList\",\"@id\":\"https:\/\/aeronoticias.com.pe\/noticiero\/transporte-aereo\/descubre-el-avion-electrico-sueco-para-19-pasajeros-despegara-en-2024\/#breadcrumb\",\"itemListElement\":[{\"@type\":\"ListItem\",\"position\":1,\"name\":\"Portada\",\"item\":\"https:\/\/aeronoticias.com.pe\/noticiero\/\"},{\"@type\":\"ListItem\",\"position\":2,\"name\":\"Descubre el avi\u00f3n el\u00e9ctrico sueco para 19 pasajeros despegar\u00e1 en 2024\"}]},{\"@type\":\"WebSite\",\"@id\":\"https:\/\/aeronoticias.com.pe\/noticiero\/#website\",\"url\":\"https:\/\/aeronoticias.com.pe\/noticiero\/\",\"name\":\"Aeronoticias.com.pe\",\"description\":\"Noticias de tranporte aereo, turismo, hoteles, gastronomia, actualidad, internacional\",\"potentialAction\":[{\"@type\":\"SearchAction\",\"target\":{\"@type\":\"EntryPoint\",\"urlTemplate\":\"https:\/\/aeronoticias.com.pe\/noticiero\/?s={search_term_string}\"},\"query-input\":{\"@type\":\"PropertyValueSpecification\",\"valueRequired\":true,\"valueName\":\"search_term_string\"}}],\"inLanguage\":\"es\"},{\"@type\":\"Person\",\"@id\":\"https:\/\/aeronoticias.com.pe\/noticiero\/#\/schema\/person\/9ef7422a13b22ab480ffc29639f442b0\",\"name\":\"Jefrey Cuya\",\"url\":\"https:\/\/aeronoticias.com.pe\/noticiero\/author\/jefreycuya\/\"}]}<\/script>\n<!-- \/ Yoast SEO plugin. -->","yoast_head_json":{"title":"Descubre el avi\u00f3n el\u00e9ctrico sueco para 19 pasajeros despegar\u00e1 en 2024","description":"Portal de noticias del Per\u00fa sobre el transporte a\u00e9reo, aviaci\u00f3n, turismo, hoteleria, actualidad.","robots":{"index":"index","follow":"follow","max-snippet":"max-snippet:-1","max-image-preview":"max-image-preview:large","max-video-preview":"max-video-preview:-1"},"canonical":"https:\/\/aeronoticias.com.pe\/noticiero\/transporte-aereo\/descubre-el-avion-electrico-sueco-para-19-pasajeros-despegara-en-2024\/","og_locale":"es_ES","og_type":"article","og_title":"Descubre el avi\u00f3n el\u00e9ctrico sueco para 19 pasajeros despegar\u00e1 en 2024","og_description":"Portal de noticias del Per\u00fa sobre el transporte a\u00e9reo, aviaci\u00f3n, turismo, hoteleria, actualidad.","og_url":"https:\/\/aeronoticias.com.pe\/noticiero\/transporte-aereo\/descubre-el-avion-electrico-sueco-para-19-pasajeros-despegara-en-2024\/","og_site_name":"Aeronoticias.com.pe","article_publisher":"https:\/\/www.facebook.com\/Aeronoticias.com.pe\/","article_published_time":"2020-09-29T11:03:00+00:00","og_image":[{"width":800,"height":400,"url":"https:\/\/aeronoticias.com.pe\/noticiero\/wp-content\/uploads\/2020\/09\/Heart-Aviation-ES-19.jpg","type":"image\/jpeg"}],"author":"Jefrey Cuya","twitter_card":"summary_large_image","twitter_creator":"@aeronoticias","twitter_site":"@aeronoticias","twitter_misc":{"Escrito por":"Jefrey Cuya","Tiempo de lectura":"1 minuto"},"schema":{"@context":"https:\/\/schema.org","@graph":[{"@type":"WebPage","@id":"https:\/\/aeronoticias.com.pe\/noticiero\/transporte-aereo\/descubre-el-avion-electrico-sueco-para-19-pasajeros-despegara-en-2024\/","url":"https:\/\/aeronoticias.com.pe\/noticiero\/transporte-aereo\/descubre-el-avion-electrico-sueco-para-19-pasajeros-despegara-en-2024\/","name":"Descubre el avi\u00f3n el\u00e9ctrico sueco para 19 pasajeros despegar\u00e1 en 2024","isPartOf":{"@id":"https:\/\/aeronoticias.com.pe\/noticiero\/#website"},"primaryImageOfPage":{"@id":"https:\/\/aeronoticias.com.pe\/noticiero\/transporte-aereo\/descubre-el-avion-electrico-sueco-para-19-pasajeros-despegara-en-2024\/#primaryimage"},"image":{"@id":"https:\/\/aeronoticias.com.pe\/noticiero\/transporte-aereo\/descubre-el-avion-electrico-sueco-para-19-pasajeros-despegara-en-2024\/#primaryimage"},"thumbnailUrl":"https:\/\/aeronoticias.com.pe\/noticiero\/wp-content\/uploads\/2020\/09\/Heart-Aviation-ES-19.jpg","datePublished":"2020-09-29T11:03:00+00:00","author":{"@id":"https:\/\/aeronoticias.com.pe\/noticiero\/#\/schema\/person\/9ef7422a13b22ab480ffc29639f442b0"},"description":"Portal de noticias del Per\u00fa sobre el transporte a\u00e9reo, aviaci\u00f3n, turismo, hoteleria, actualidad.","breadcrumb":{"@id":"https:\/\/aeronoticias.com.pe\/noticiero\/transporte-aereo\/descubre-el-avion-electrico-sueco-para-19-pasajeros-despegara-en-2024\/#breadcrumb"},"inLanguage":"es","potentialAction":[{"@type":"ReadAction","target":["https:\/\/aeronoticias.com.pe\/noticiero\/transporte-aereo\/descubre-el-avion-electrico-sueco-para-19-pasajeros-despegara-en-2024\/"]}]},{"@type":"ImageObject","inLanguage":"es","@id":"https:\/\/aeronoticias.com.pe\/noticiero\/transporte-aereo\/descubre-el-avion-electrico-sueco-para-19-pasajeros-despegara-en-2024\/#primaryimage","url":"https:\/\/aeronoticias.com.pe\/noticiero\/wp-content\/uploads\/2020\/09\/Heart-Aviation-ES-19.jpg","contentUrl":"https:\/\/aeronoticias.com.pe\/noticiero\/wp-content\/uploads\/2020\/09\/Heart-Aviation-ES-19.jpg","width":800,"height":400},{"@type":"BreadcrumbList","@id":"https:\/\/aeronoticias.com.pe\/noticiero\/transporte-aereo\/descubre-el-avion-electrico-sueco-para-19-pasajeros-despegara-en-2024\/#breadcrumb","itemListElement":[{"@type":"ListItem","position":1,"name":"Portada","item":"https:\/\/aeronoticias.com.pe\/noticiero\/"},{"@type":"ListItem","position":2,"name":"Descubre el avi\u00f3n el\u00e9ctrico sueco para 19 pasajeros despegar\u00e1 en 2024"}]},{"@type":"WebSite","@id":"https:\/\/aeronoticias.com.pe\/noticiero\/#website","url":"https:\/\/aeronoticias.com.pe\/noticiero\/","name":"Aeronoticias.com.pe","description":"Noticias de tranporte aereo, turismo, hoteles, gastronomia, actualidad, internacional","potentialAction":[{"@type":"SearchAction","target":{"@type":"EntryPoint","urlTemplate":"https:\/\/aeronoticias.com.pe\/noticiero\/?s={search_term_string}"},"query-input":{"@type":"PropertyValueSpecification","valueRequired":true,"valueName":"search_term_string"}}],"inLanguage":"es"},{"@type":"Person","@id":"https:\/\/aeronoticias.com.pe\/noticiero\/#\/schema\/person\/9ef7422a13b22ab480ffc29639f442b0","name":"Jefrey Cuya","url":"https:\/\/aeronoticias.com.pe\/noticiero\/author\/jefreycuya\/"}]}},"_links":{"self":[{"href":"https:\/\/aeronoticias.com.pe\/noticiero\/wp-json\/wp\/v2\/posts\/63319","targetHints":{"allow":["GET"]}}],"collection":[{"href":"https:\/\/aeronoticias.com.pe\/noticiero\/wp-json\/wp\/v2\/posts"}],"about":[{"href":"https:\/\/aeronoticias.com.pe\/noticiero\/wp-json\/wp\/v2\/types\/post"}],"author":[{"embeddable":true,"href":"https:\/\/aeronoticias.com.pe\/noticiero\/wp-json\/wp\/v2\/users\/4"}],"replies":[{"embeddable":true,"href":"https:\/\/aeronoticias.com.pe\/noticiero\/wp-json\/wp\/v2\/comments?post=63319"}],"version-history":[{"count":0,"href":"https:\/\/aeronoticias.com.pe\/noticiero\/wp-json\/wp\/v2\/posts\/63319\/revisions"}],"wp:featuredmedia":[{"embeddable":true,"href":"https:\/\/aeronoticias.com.pe\/noticiero\/wp-json\/wp\/v2\/media\/63320"}],"wp:attachment":[{"href":"https:\/\/aeronoticias.com.pe\/noticiero\/wp-json\/wp\/v2\/media?parent=63319"}],"wp:term":[{"taxonomy":"category","embeddable":true,"href":"https:\/\/aeronoticias.com.pe\/noticiero\/wp-json\/wp\/v2\/categories?post=63319"},{"taxonomy":"post_tag","embeddable":true,"href":"https:\/\/aeronoticias.com.pe\/noticiero\/wp-json\/wp\/v2\/tags?post=63319"}],"curies":[{"name":"wp","href":"https:\/\/api.w.org\/{rel}","templated":true}]}}