{"id":64022,"date":"2020-10-20T13:38:00","date_gmt":"2020-10-20T13:38:00","guid":{"rendered":"https:\/\/aeronoticias.com.pe\/noticiero\/?p=64022"},"modified":"2020-10-20T22:48:42","modified_gmt":"2020-10-20T22:48:42","slug":"peru-sky-reiniciara-vuelos-a-mas-destinos-a-partir-de-noviembre","status":"publish","type":"post","link":"https:\/\/aeronoticias.com.pe\/noticiero\/transporte-aereo\/peru-sky-reiniciara-vuelos-a-mas-destinos-a-partir-de-noviembre\/","title":{"rendered":"Per\u00fa: SKY reiniciar\u00e1 vuelos a m\u00e1s destinos a partir de noviembre"},"content":{"rendered":"\n<p><strong>(Aeronoticias)<\/strong>.- Continuando con su proceso de reanudaci\u00f3n de operaciones, la aerol\u00ednea\u00a0<strong>SKY Airline\u00a0<\/strong>anuncia que en el mes de noviembre retomar\u00e1 4 destinos nacionales m\u00e1s, con lo que lograr\u00e1 un total de 11 destinos activos en el Per\u00fa.<\/p>\n\n\n\n<p>\u201cEstamos muy contentos de retomar vuelos a m\u00e1s ciudades del pa\u00eds, ya que esto contribuir\u00e1 con la conectividad y ayudar\u00e1 a muchas personas que requieren trasladarse por el Per\u00fa de forma r\u00e1pida y segura. Asimismo, aportar\u00e1 al turismo interno que est\u00e1 activ\u00e1ndose gradualmente, bajo estrictas medidas de seguridad\u201d se\u00f1ala Jos\u00e9 Ra\u00fal Vargas, gerente General de SKY en Per\u00fa.<\/p>\n\n\n\n<p>Los destinos en los cuales se busca impulsar la reactivaci\u00f3n son: Ayacucho con 3 frecuencias a la semana, Juliaca con 4 vuelos semanales, Tumbes con 4 frecuencias semanales y Trujillo con 3 vuelos a la semana; los mismos que deben ser aprobados por las autoridades en los pr\u00f3ximos d\u00edas.<\/p>\n\n\n\n<p>SKY contar\u00e1 con 11 destinos en el Per\u00fa: Arequipa, Ayacucho, Cusco, Iquitos, Juliaca, Lima, Piura, Pucallpa, Tarapoto, Trujillo y Tumbes. La aerol\u00ednea espera completar su plan de reinicio de operaciones en los siguientes meses.<\/p>\n\n\n\n<p>Fuente: <strong><em>Aviaci\u00f3n al d\u00eda.<\/em><\/strong><\/p>\n","protected":false},"excerpt":{"rendered":"<p>(Aeronoticias).- Continuando con su proceso de reanudaci\u00f3n de operaciones, la aerol\u00ednea\u00a0SKY Airline\u00a0anuncia que en el mes de noviembre retomar\u00e1 4 destinos nacionales m\u00e1s, con lo que lograr\u00e1 un total de 11 destinos activos en el Per\u00fa. \u201cEstamos muy contentos de retomar vuelos a m\u00e1s ciudades del pa\u00eds, ya que esto contribuir\u00e1 con la conectividad y [&hellip;]<\/p>\n","protected":false},"author":4,"featured_media":60561,"comment_status":"open","ping_status":"open","sticky":false,"template":"","format":"standard","meta":{"tdm_status":"","tdm_grid_status":"","footnotes":""},"categories":[32,11],"tags":[179,178],"class_list":{"0":"post-64022","1":"post","2":"type-post","3":"status-publish","4":"format-standard","5":"has-post-thumbnail","7":"category-internacional","8":"category-transporte-aereo","9":"tag-peru-2","10":"tag-sky-airlines"},"yoast_head":"<!-- This site is optimized with the Yoast SEO plugin v25.1 - https:\/\/yoast.com\/wordpress\/plugins\/seo\/ -->\n<title>Per\u00fa: SKY reiniciar\u00e1 vuelos a m\u00e1s destinos a partir de noviembre<\/title>\n<meta name=\"description\" content=\"Portal de noticias del Per\u00fa sobre el transporte a\u00e9reo, aviaci\u00f3n, turismo, hoteleria, actualidad.\" \/>\n<meta name=\"robots\" content=\"index, follow, max-snippet:-1, max-image-preview:large, max-video-preview:-1\" \/>\n<link rel=\"canonical\" href=\"https:\/\/aeronoticias.com.pe\/noticiero\/transporte-aereo\/peru-sky-reiniciara-vuelos-a-mas-destinos-a-partir-de-noviembre\/\" \/>\n<meta property=\"og:locale\" content=\"es_ES\" \/>\n<meta property=\"og:type\" content=\"article\" \/>\n<meta property=\"og:title\" content=\"Per\u00fa: SKY reiniciar\u00e1 vuelos a m\u00e1s destinos a partir de noviembre\" \/>\n<meta property=\"og:description\" content=\"Portal de noticias del Per\u00fa sobre el transporte a\u00e9reo, aviaci\u00f3n, turismo, hoteleria, actualidad.\" \/>\n<meta property=\"og:url\" content=\"https:\/\/aeronoticias.com.pe\/noticiero\/transporte-aereo\/peru-sky-reiniciara-vuelos-a-mas-destinos-a-partir-de-noviembre\/\" \/>\n<meta property=\"og:site_name\" content=\"Aeronoticias.com.pe\" \/>\n<meta property=\"article:publisher\" content=\"https:\/\/www.facebook.com\/Aeronoticias.com.pe\/\" \/>\n<meta property=\"article:published_time\" content=\"2020-10-20T13:38:00+00:00\" \/>\n<meta property=\"article:modified_time\" content=\"2020-10-20T22:48:42+00:00\" \/>\n<meta property=\"og:image\" content=\"https:\/\/aeronoticias.com.pe\/noticiero\/wp-content\/uploads\/2020\/09\/Sky-A319.jpg\" \/>\n\t<meta property=\"og:image:width\" content=\"800\" \/>\n\t<meta property=\"og:image:height\" content=\"400\" \/>\n\t<meta property=\"og:image:type\" content=\"image\/jpeg\" \/>\n<meta name=\"author\" content=\"Jefrey Cuya\" \/>\n<meta name=\"twitter:card\" content=\"summary_large_image\" \/>\n<meta name=\"twitter:creator\" content=\"@aeronoticias\" \/>\n<meta name=\"twitter:site\" content=\"@aeronoticias\" \/>\n<meta name=\"twitter:label1\" content=\"Escrito por\" \/>\n\t<meta name=\"twitter:data1\" content=\"Jefrey Cuya\" \/>\n\t<meta name=\"twitter:label2\" content=\"Tiempo de lectura\" \/>\n\t<meta name=\"twitter:data2\" content=\"1 minuto\" \/>\n<script type=\"application\/ld+json\" class=\"yoast-schema-graph\">{\"@context\":\"https:\/\/schema.org\",\"@graph\":[{\"@type\":\"WebPage\",\"@id\":\"https:\/\/aeronoticias.com.pe\/noticiero\/transporte-aereo\/peru-sky-reiniciara-vuelos-a-mas-destinos-a-partir-de-noviembre\/\",\"url\":\"https:\/\/aeronoticias.com.pe\/noticiero\/transporte-aereo\/peru-sky-reiniciara-vuelos-a-mas-destinos-a-partir-de-noviembre\/\",\"name\":\"Per\u00fa: SKY reiniciar\u00e1 vuelos a m\u00e1s destinos a partir de noviembre\",\"isPartOf\":{\"@id\":\"https:\/\/aeronoticias.com.pe\/noticiero\/#website\"},\"primaryImageOfPage\":{\"@id\":\"https:\/\/aeronoticias.com.pe\/noticiero\/transporte-aereo\/peru-sky-reiniciara-vuelos-a-mas-destinos-a-partir-de-noviembre\/#primaryimage\"},\"image\":{\"@id\":\"https:\/\/aeronoticias.com.pe\/noticiero\/transporte-aereo\/peru-sky-reiniciara-vuelos-a-mas-destinos-a-partir-de-noviembre\/#primaryimage\"},\"thumbnailUrl\":\"https:\/\/aeronoticias.com.pe\/noticiero\/wp-content\/uploads\/2020\/09\/Sky-A319.jpg\",\"datePublished\":\"2020-10-20T13:38:00+00:00\",\"dateModified\":\"2020-10-20T22:48:42+00:00\",\"author\":{\"@id\":\"https:\/\/aeronoticias.com.pe\/noticiero\/#\/schema\/person\/9ef7422a13b22ab480ffc29639f442b0\"},\"description\":\"Portal de noticias del Per\u00fa sobre el transporte a\u00e9reo, aviaci\u00f3n, turismo, hoteleria, actualidad.\",\"breadcrumb\":{\"@id\":\"https:\/\/aeronoticias.com.pe\/noticiero\/transporte-aereo\/peru-sky-reiniciara-vuelos-a-mas-destinos-a-partir-de-noviembre\/#breadcrumb\"},\"inLanguage\":\"es\",\"potentialAction\":[{\"@type\":\"ReadAction\",\"target\":[\"https:\/\/aeronoticias.com.pe\/noticiero\/transporte-aereo\/peru-sky-reiniciara-vuelos-a-mas-destinos-a-partir-de-noviembre\/\"]}]},{\"@type\":\"ImageObject\",\"inLanguage\":\"es\",\"@id\":\"https:\/\/aeronoticias.com.pe\/noticiero\/transporte-aereo\/peru-sky-reiniciara-vuelos-a-mas-destinos-a-partir-de-noviembre\/#primaryimage\",\"url\":\"https:\/\/aeronoticias.com.pe\/noticiero\/wp-content\/uploads\/2020\/09\/Sky-A319.jpg\",\"contentUrl\":\"https:\/\/aeronoticias.com.pe\/noticiero\/wp-content\/uploads\/2020\/09\/Sky-A319.jpg\",\"width\":800,\"height\":400},{\"@type\":\"BreadcrumbList\",\"@id\":\"https:\/\/aeronoticias.com.pe\/noticiero\/transporte-aereo\/peru-sky-reiniciara-vuelos-a-mas-destinos-a-partir-de-noviembre\/#breadcrumb\",\"itemListElement\":[{\"@type\":\"ListItem\",\"position\":1,\"name\":\"Portada\",\"item\":\"https:\/\/aeronoticias.com.pe\/noticiero\/\"},{\"@type\":\"ListItem\",\"position\":2,\"name\":\"Per\u00fa: SKY reiniciar\u00e1 vuelos a m\u00e1s destinos a partir de noviembre\"}]},{\"@type\":\"WebSite\",\"@id\":\"https:\/\/aeronoticias.com.pe\/noticiero\/#website\",\"url\":\"https:\/\/aeronoticias.com.pe\/noticiero\/\",\"name\":\"Aeronoticias.com.pe\",\"description\":\"Noticias de tranporte aereo, turismo, hoteles, gastronomia, actualidad, internacional\",\"potentialAction\":[{\"@type\":\"SearchAction\",\"target\":{\"@type\":\"EntryPoint\",\"urlTemplate\":\"https:\/\/aeronoticias.com.pe\/noticiero\/?s={search_term_string}\"},\"query-input\":{\"@type\":\"PropertyValueSpecification\",\"valueRequired\":true,\"valueName\":\"search_term_string\"}}],\"inLanguage\":\"es\"},{\"@type\":\"Person\",\"@id\":\"https:\/\/aeronoticias.com.pe\/noticiero\/#\/schema\/person\/9ef7422a13b22ab480ffc29639f442b0\",\"name\":\"Jefrey Cuya\",\"url\":\"https:\/\/aeronoticias.com.pe\/noticiero\/author\/jefreycuya\/\"}]}<\/script>\n<!-- \/ Yoast SEO plugin. -->","yoast_head_json":{"title":"Per\u00fa: SKY reiniciar\u00e1 vuelos a m\u00e1s destinos a partir de noviembre","description":"Portal de noticias del Per\u00fa sobre el transporte a\u00e9reo, aviaci\u00f3n, turismo, hoteleria, actualidad.","robots":{"index":"index","follow":"follow","max-snippet":"max-snippet:-1","max-image-preview":"max-image-preview:large","max-video-preview":"max-video-preview:-1"},"canonical":"https:\/\/aeronoticias.com.pe\/noticiero\/transporte-aereo\/peru-sky-reiniciara-vuelos-a-mas-destinos-a-partir-de-noviembre\/","og_locale":"es_ES","og_type":"article","og_title":"Per\u00fa: SKY reiniciar\u00e1 vuelos a m\u00e1s destinos a partir de noviembre","og_description":"Portal de noticias del Per\u00fa sobre el transporte a\u00e9reo, aviaci\u00f3n, turismo, hoteleria, actualidad.","og_url":"https:\/\/aeronoticias.com.pe\/noticiero\/transporte-aereo\/peru-sky-reiniciara-vuelos-a-mas-destinos-a-partir-de-noviembre\/","og_site_name":"Aeronoticias.com.pe","article_publisher":"https:\/\/www.facebook.com\/Aeronoticias.com.pe\/","article_published_time":"2020-10-20T13:38:00+00:00","article_modified_time":"2020-10-20T22:48:42+00:00","og_image":[{"width":800,"height":400,"url":"https:\/\/aeronoticias.com.pe\/noticiero\/wp-content\/uploads\/2020\/09\/Sky-A319.jpg","type":"image\/jpeg"}],"author":"Jefrey Cuya","twitter_card":"summary_large_image","twitter_creator":"@aeronoticias","twitter_site":"@aeronoticias","twitter_misc":{"Escrito por":"Jefrey Cuya","Tiempo de lectura":"1 minuto"},"schema":{"@context":"https:\/\/schema.org","@graph":[{"@type":"WebPage","@id":"https:\/\/aeronoticias.com.pe\/noticiero\/transporte-aereo\/peru-sky-reiniciara-vuelos-a-mas-destinos-a-partir-de-noviembre\/","url":"https:\/\/aeronoticias.com.pe\/noticiero\/transporte-aereo\/peru-sky-reiniciara-vuelos-a-mas-destinos-a-partir-de-noviembre\/","name":"Per\u00fa: SKY reiniciar\u00e1 vuelos a m\u00e1s destinos a partir de noviembre","isPartOf":{"@id":"https:\/\/aeronoticias.com.pe\/noticiero\/#website"},"primaryImageOfPage":{"@id":"https:\/\/aeronoticias.com.pe\/noticiero\/transporte-aereo\/peru-sky-reiniciara-vuelos-a-mas-destinos-a-partir-de-noviembre\/#primaryimage"},"image":{"@id":"https:\/\/aeronoticias.com.pe\/noticiero\/transporte-aereo\/peru-sky-reiniciara-vuelos-a-mas-destinos-a-partir-de-noviembre\/#primaryimage"},"thumbnailUrl":"https:\/\/aeronoticias.com.pe\/noticiero\/wp-content\/uploads\/2020\/09\/Sky-A319.jpg","datePublished":"2020-10-20T13:38:00+00:00","dateModified":"2020-10-20T22:48:42+00:00","author":{"@id":"https:\/\/aeronoticias.com.pe\/noticiero\/#\/schema\/person\/9ef7422a13b22ab480ffc29639f442b0"},"description":"Portal de noticias del Per\u00fa sobre el transporte a\u00e9reo, aviaci\u00f3n, turismo, hoteleria, actualidad.","breadcrumb":{"@id":"https:\/\/aeronoticias.com.pe\/noticiero\/transporte-aereo\/peru-sky-reiniciara-vuelos-a-mas-destinos-a-partir-de-noviembre\/#breadcrumb"},"inLanguage":"es","potentialAction":[{"@type":"ReadAction","target":["https:\/\/aeronoticias.com.pe\/noticiero\/transporte-aereo\/peru-sky-reiniciara-vuelos-a-mas-destinos-a-partir-de-noviembre\/"]}]},{"@type":"ImageObject","inLanguage":"es","@id":"https:\/\/aeronoticias.com.pe\/noticiero\/transporte-aereo\/peru-sky-reiniciara-vuelos-a-mas-destinos-a-partir-de-noviembre\/#primaryimage","url":"https:\/\/aeronoticias.com.pe\/noticiero\/wp-content\/uploads\/2020\/09\/Sky-A319.jpg","contentUrl":"https:\/\/aeronoticias.com.pe\/noticiero\/wp-content\/uploads\/2020\/09\/Sky-A319.jpg","width":800,"height":400},{"@type":"BreadcrumbList","@id":"https:\/\/aeronoticias.com.pe\/noticiero\/transporte-aereo\/peru-sky-reiniciara-vuelos-a-mas-destinos-a-partir-de-noviembre\/#breadcrumb","itemListElement":[{"@type":"ListItem","position":1,"name":"Portada","item":"https:\/\/aeronoticias.com.pe\/noticiero\/"},{"@type":"ListItem","position":2,"name":"Per\u00fa: SKY reiniciar\u00e1 vuelos a m\u00e1s destinos a partir de noviembre"}]},{"@type":"WebSite","@id":"https:\/\/aeronoticias.com.pe\/noticiero\/#website","url":"https:\/\/aeronoticias.com.pe\/noticiero\/","name":"Aeronoticias.com.pe","description":"Noticias de tranporte aereo, turismo, hoteles, gastronomia, actualidad, internacional","potentialAction":[{"@type":"SearchAction","target":{"@type":"EntryPoint","urlTemplate":"https:\/\/aeronoticias.com.pe\/noticiero\/?s={search_term_string}"},"query-input":{"@type":"PropertyValueSpecification","valueRequired":true,"valueName":"search_term_string"}}],"inLanguage":"es"},{"@type":"Person","@id":"https:\/\/aeronoticias.com.pe\/noticiero\/#\/schema\/person\/9ef7422a13b22ab480ffc29639f442b0","name":"Jefrey Cuya","url":"https:\/\/aeronoticias.com.pe\/noticiero\/author\/jefreycuya\/"}]}},"_links":{"self":[{"href":"https:\/\/aeronoticias.com.pe\/noticiero\/wp-json\/wp\/v2\/posts\/64022","targetHints":{"allow":["GET"]}}],"collection":[{"href":"https:\/\/aeronoticias.com.pe\/noticiero\/wp-json\/wp\/v2\/posts"}],"about":[{"href":"https:\/\/aeronoticias.com.pe\/noticiero\/wp-json\/wp\/v2\/types\/post"}],"author":[{"embeddable":true,"href":"https:\/\/aeronoticias.com.pe\/noticiero\/wp-json\/wp\/v2\/users\/4"}],"replies":[{"embeddable":true,"href":"https:\/\/aeronoticias.com.pe\/noticiero\/wp-json\/wp\/v2\/comments?post=64022"}],"version-history":[{"count":0,"href":"https:\/\/aeronoticias.com.pe\/noticiero\/wp-json\/wp\/v2\/posts\/64022\/revisions"}],"wp:featuredmedia":[{"embeddable":true,"href":"https:\/\/aeronoticias.com.pe\/noticiero\/wp-json\/wp\/v2\/media\/60561"}],"wp:attachment":[{"href":"https:\/\/aeronoticias.com.pe\/noticiero\/wp-json\/wp\/v2\/media?parent=64022"}],"wp:term":[{"taxonomy":"category","embeddable":true,"href":"https:\/\/aeronoticias.com.pe\/noticiero\/wp-json\/wp\/v2\/categories?post=64022"},{"taxonomy":"post_tag","embeddable":true,"href":"https:\/\/aeronoticias.com.pe\/noticiero\/wp-json\/wp\/v2\/tags?post=64022"}],"curies":[{"name":"wp","href":"https:\/\/api.w.org\/{rel}","templated":true}]}}