{"id":64028,"date":"2020-10-20T13:29:00","date_gmt":"2020-10-20T13:29:00","guid":{"rendered":"https:\/\/aeronoticias.com.pe\/noticiero\/?p=64028"},"modified":"2020-10-20T23:04:09","modified_gmt":"2020-10-20T23:04:09","slug":"aerolineas-argentinas-anuncio-su-programacion-regular-de-vuelos-domesticos","status":"publish","type":"post","link":"https:\/\/aeronoticias.com.pe\/noticiero\/transporte-aereo\/aerolineas-argentinas-anuncio-su-programacion-regular-de-vuelos-domesticos\/","title":{"rendered":"Aerol\u00edneas Argentinas anunci\u00f3 su programaci\u00f3n regular de vuelos dom\u00e9sticos"},"content":{"rendered":"\n<p><strong>(Aeronoticias)<\/strong>.- Aerol\u00edneas Argentinas<strong>\u00a0<\/strong>anunci\u00f3 su oferta de vuelos para el reinicio progresivo de las operaciones, el cual comenzar\u00e1 el jueves 22 de octubre cuando parta desde Ezeiza hacia Jujuy, el primer vuelo regular programado para ese d\u00eda.<\/p>\n\n\n\n<p>Posteriormente, despegar\u00e1n vuelos hacia Corrientes, Iguaz\u00fa, Mendoza, San Luis y Ushuaia. Mientras que el viernes habr\u00e1 vuelos hacia y desde C\u00f3rdoba, La Rioja, Salta, Resistencia, Posadas, Bariloche, Comodoro Rivadavia y Neuqu\u00e9n.<\/p>\n\n\n\n<p>El resto de los destinos se ir\u00e1n incorporando de manera escalonada en los d\u00edas sucesivos lo mismo que la cantidad de frecuencias diarias, las cuales ir\u00e1n increment\u00e1ndose paulatinamente y en funci\u00f3n de la demanda.<\/p>\n\n\n\n<p>Cabe mencionar que los vuelos est\u00e1n sujetos a la aprobaci\u00f3n de los gobiernos provinciales pudiendo estos deshabilitarlos en el caso de que lo considerasen conveniente. Asimismo, cada provincia fija los requerimientos espec\u00edficos para el ingreso m\u00e1s all\u00e1 de lo estipulado como regla general por las autoridades aeron\u00e1uticas.<\/p>\n\n\n\n<p>La compa\u00f1\u00eda ha publicado en su\u00a0<a rel=\"noreferrer noopener\" href=\"https:\/\/www.aerolineas.com.ar\/landingsespeciales\/landings\/892_vuelos-nacionales\" target=\"_blank\">sitio web<\/a>, su programaci\u00f3n detallada por destino lo mismo que los requisitos generales para el embarque.<\/p>\n\n\n\n<p>Fuente: <strong><em>Aviaci\u00f3n al d\u00eda.<\/em><\/strong><\/p>\n","protected":false},"excerpt":{"rendered":"<p>(Aeronoticias).- Aerol\u00edneas Argentinas\u00a0anunci\u00f3 su oferta de vuelos para el reinicio progresivo de las operaciones, el cual comenzar\u00e1 el jueves 22 de octubre cuando parta desde Ezeiza hacia Jujuy, el primer vuelo regular programado para ese d\u00eda. Posteriormente, despegar\u00e1n vuelos hacia Corrientes, Iguaz\u00fa, Mendoza, San Luis y Ushuaia. Mientras que el viernes habr\u00e1 vuelos hacia y [&hellip;]<\/p>\n","protected":false},"author":4,"featured_media":62567,"comment_status":"open","ping_status":"open","sticky":false,"template":"","format":"standard","meta":{"tdm_status":"","tdm_grid_status":"","footnotes":""},"categories":[32,11],"tags":[340,163],"class_list":{"0":"post-64028","1":"post","2":"type-post","3":"status-publish","4":"format-standard","5":"has-post-thumbnail","7":"category-internacional","8":"category-transporte-aereo","9":"tag-aerolineas-argentinas","10":"tag-coronavirus"},"yoast_head":"<!-- This site is optimized with the Yoast SEO plugin v25.1 - https:\/\/yoast.com\/wordpress\/plugins\/seo\/ -->\n<title>Aerol\u00edneas Argentinas anunci\u00f3 su programaci\u00f3n regular de vuelos dom\u00e9sticos<\/title>\n<meta name=\"description\" content=\"Portal de noticias del Per\u00fa sobre el transporte a\u00e9reo, aviaci\u00f3n, turismo, hoteleria, actualidad.\" \/>\n<meta name=\"robots\" content=\"index, follow, max-snippet:-1, max-image-preview:large, max-video-preview:-1\" \/>\n<link rel=\"canonical\" href=\"https:\/\/aeronoticias.com.pe\/noticiero\/transporte-aereo\/aerolineas-argentinas-anuncio-su-programacion-regular-de-vuelos-domesticos\/\" \/>\n<meta property=\"og:locale\" content=\"es_ES\" \/>\n<meta property=\"og:type\" content=\"article\" \/>\n<meta property=\"og:title\" content=\"Aerol\u00edneas Argentinas anunci\u00f3 su programaci\u00f3n regular de vuelos dom\u00e9sticos\" \/>\n<meta property=\"og:description\" content=\"Portal de noticias del Per\u00fa sobre el transporte a\u00e9reo, aviaci\u00f3n, turismo, hoteleria, actualidad.\" \/>\n<meta property=\"og:url\" content=\"https:\/\/aeronoticias.com.pe\/noticiero\/transporte-aereo\/aerolineas-argentinas-anuncio-su-programacion-regular-de-vuelos-domesticos\/\" \/>\n<meta property=\"og:site_name\" content=\"Aeronoticias.com.pe\" \/>\n<meta property=\"article:publisher\" content=\"https:\/\/www.facebook.com\/Aeronoticias.com.pe\/\" \/>\n<meta property=\"article:published_time\" content=\"2020-10-20T13:29:00+00:00\" \/>\n<meta property=\"article:modified_time\" content=\"2020-10-20T23:04:09+00:00\" \/>\n<meta property=\"og:image\" content=\"https:\/\/aeronoticias.com.pe\/noticiero\/wp-content\/uploads\/2020\/07\/aerolineas-argentinas.jpg\" \/>\n\t<meta property=\"og:image:width\" content=\"1200\" \/>\n\t<meta property=\"og:image:height\" content=\"630\" \/>\n\t<meta property=\"og:image:type\" content=\"image\/jpeg\" \/>\n<meta name=\"author\" content=\"Jefrey Cuya\" \/>\n<meta name=\"twitter:card\" content=\"summary_large_image\" \/>\n<meta name=\"twitter:creator\" content=\"@aeronoticias\" \/>\n<meta name=\"twitter:site\" content=\"@aeronoticias\" \/>\n<meta name=\"twitter:label1\" content=\"Escrito por\" \/>\n\t<meta name=\"twitter:data1\" content=\"Jefrey Cuya\" \/>\n\t<meta name=\"twitter:label2\" content=\"Tiempo de lectura\" \/>\n\t<meta name=\"twitter:data2\" content=\"1 minuto\" \/>\n<script type=\"application\/ld+json\" class=\"yoast-schema-graph\">{\"@context\":\"https:\/\/schema.org\",\"@graph\":[{\"@type\":\"WebPage\",\"@id\":\"https:\/\/aeronoticias.com.pe\/noticiero\/transporte-aereo\/aerolineas-argentinas-anuncio-su-programacion-regular-de-vuelos-domesticos\/\",\"url\":\"https:\/\/aeronoticias.com.pe\/noticiero\/transporte-aereo\/aerolineas-argentinas-anuncio-su-programacion-regular-de-vuelos-domesticos\/\",\"name\":\"Aerol\u00edneas Argentinas anunci\u00f3 su programaci\u00f3n regular de vuelos dom\u00e9sticos\",\"isPartOf\":{\"@id\":\"https:\/\/aeronoticias.com.pe\/noticiero\/#website\"},\"primaryImageOfPage\":{\"@id\":\"https:\/\/aeronoticias.com.pe\/noticiero\/transporte-aereo\/aerolineas-argentinas-anuncio-su-programacion-regular-de-vuelos-domesticos\/#primaryimage\"},\"image\":{\"@id\":\"https:\/\/aeronoticias.com.pe\/noticiero\/transporte-aereo\/aerolineas-argentinas-anuncio-su-programacion-regular-de-vuelos-domesticos\/#primaryimage\"},\"thumbnailUrl\":\"https:\/\/aeronoticias.com.pe\/noticiero\/wp-content\/uploads\/2020\/07\/aerolineas-argentinas.jpg\",\"datePublished\":\"2020-10-20T13:29:00+00:00\",\"dateModified\":\"2020-10-20T23:04:09+00:00\",\"author\":{\"@id\":\"https:\/\/aeronoticias.com.pe\/noticiero\/#\/schema\/person\/9ef7422a13b22ab480ffc29639f442b0\"},\"description\":\"Portal de noticias del Per\u00fa sobre el transporte a\u00e9reo, aviaci\u00f3n, turismo, hoteleria, actualidad.\",\"breadcrumb\":{\"@id\":\"https:\/\/aeronoticias.com.pe\/noticiero\/transporte-aereo\/aerolineas-argentinas-anuncio-su-programacion-regular-de-vuelos-domesticos\/#breadcrumb\"},\"inLanguage\":\"es\",\"potentialAction\":[{\"@type\":\"ReadAction\",\"target\":[\"https:\/\/aeronoticias.com.pe\/noticiero\/transporte-aereo\/aerolineas-argentinas-anuncio-su-programacion-regular-de-vuelos-domesticos\/\"]}]},{\"@type\":\"ImageObject\",\"inLanguage\":\"es\",\"@id\":\"https:\/\/aeronoticias.com.pe\/noticiero\/transporte-aereo\/aerolineas-argentinas-anuncio-su-programacion-regular-de-vuelos-domesticos\/#primaryimage\",\"url\":\"https:\/\/aeronoticias.com.pe\/noticiero\/wp-content\/uploads\/2020\/07\/aerolineas-argentinas.jpg\",\"contentUrl\":\"https:\/\/aeronoticias.com.pe\/noticiero\/wp-content\/uploads\/2020\/07\/aerolineas-argentinas.jpg\",\"width\":1200,\"height\":630},{\"@type\":\"BreadcrumbList\",\"@id\":\"https:\/\/aeronoticias.com.pe\/noticiero\/transporte-aereo\/aerolineas-argentinas-anuncio-su-programacion-regular-de-vuelos-domesticos\/#breadcrumb\",\"itemListElement\":[{\"@type\":\"ListItem\",\"position\":1,\"name\":\"Portada\",\"item\":\"https:\/\/aeronoticias.com.pe\/noticiero\/\"},{\"@type\":\"ListItem\",\"position\":2,\"name\":\"Aerol\u00edneas Argentinas anunci\u00f3 su programaci\u00f3n regular de vuelos dom\u00e9sticos\"}]},{\"@type\":\"WebSite\",\"@id\":\"https:\/\/aeronoticias.com.pe\/noticiero\/#website\",\"url\":\"https:\/\/aeronoticias.com.pe\/noticiero\/\",\"name\":\"Aeronoticias.com.pe\",\"description\":\"Noticias de tranporte aereo, turismo, hoteles, gastronomia, actualidad, internacional\",\"potentialAction\":[{\"@type\":\"SearchAction\",\"target\":{\"@type\":\"EntryPoint\",\"urlTemplate\":\"https:\/\/aeronoticias.com.pe\/noticiero\/?s={search_term_string}\"},\"query-input\":{\"@type\":\"PropertyValueSpecification\",\"valueRequired\":true,\"valueName\":\"search_term_string\"}}],\"inLanguage\":\"es\"},{\"@type\":\"Person\",\"@id\":\"https:\/\/aeronoticias.com.pe\/noticiero\/#\/schema\/person\/9ef7422a13b22ab480ffc29639f442b0\",\"name\":\"Jefrey Cuya\",\"url\":\"https:\/\/aeronoticias.com.pe\/noticiero\/author\/jefreycuya\/\"}]}<\/script>\n<!-- \/ Yoast SEO plugin. -->","yoast_head_json":{"title":"Aerol\u00edneas Argentinas anunci\u00f3 su programaci\u00f3n regular de vuelos dom\u00e9sticos","description":"Portal de noticias del Per\u00fa sobre el transporte a\u00e9reo, aviaci\u00f3n, turismo, hoteleria, actualidad.","robots":{"index":"index","follow":"follow","max-snippet":"max-snippet:-1","max-image-preview":"max-image-preview:large","max-video-preview":"max-video-preview:-1"},"canonical":"https:\/\/aeronoticias.com.pe\/noticiero\/transporte-aereo\/aerolineas-argentinas-anuncio-su-programacion-regular-de-vuelos-domesticos\/","og_locale":"es_ES","og_type":"article","og_title":"Aerol\u00edneas Argentinas anunci\u00f3 su programaci\u00f3n regular de vuelos dom\u00e9sticos","og_description":"Portal de noticias del Per\u00fa sobre el transporte a\u00e9reo, aviaci\u00f3n, turismo, hoteleria, actualidad.","og_url":"https:\/\/aeronoticias.com.pe\/noticiero\/transporte-aereo\/aerolineas-argentinas-anuncio-su-programacion-regular-de-vuelos-domesticos\/","og_site_name":"Aeronoticias.com.pe","article_publisher":"https:\/\/www.facebook.com\/Aeronoticias.com.pe\/","article_published_time":"2020-10-20T13:29:00+00:00","article_modified_time":"2020-10-20T23:04:09+00:00","og_image":[{"width":1200,"height":630,"url":"https:\/\/aeronoticias.com.pe\/noticiero\/wp-content\/uploads\/2020\/07\/aerolineas-argentinas.jpg","type":"image\/jpeg"}],"author":"Jefrey Cuya","twitter_card":"summary_large_image","twitter_creator":"@aeronoticias","twitter_site":"@aeronoticias","twitter_misc":{"Escrito por":"Jefrey Cuya","Tiempo de lectura":"1 minuto"},"schema":{"@context":"https:\/\/schema.org","@graph":[{"@type":"WebPage","@id":"https:\/\/aeronoticias.com.pe\/noticiero\/transporte-aereo\/aerolineas-argentinas-anuncio-su-programacion-regular-de-vuelos-domesticos\/","url":"https:\/\/aeronoticias.com.pe\/noticiero\/transporte-aereo\/aerolineas-argentinas-anuncio-su-programacion-regular-de-vuelos-domesticos\/","name":"Aerol\u00edneas Argentinas anunci\u00f3 su programaci\u00f3n regular de vuelos dom\u00e9sticos","isPartOf":{"@id":"https:\/\/aeronoticias.com.pe\/noticiero\/#website"},"primaryImageOfPage":{"@id":"https:\/\/aeronoticias.com.pe\/noticiero\/transporte-aereo\/aerolineas-argentinas-anuncio-su-programacion-regular-de-vuelos-domesticos\/#primaryimage"},"image":{"@id":"https:\/\/aeronoticias.com.pe\/noticiero\/transporte-aereo\/aerolineas-argentinas-anuncio-su-programacion-regular-de-vuelos-domesticos\/#primaryimage"},"thumbnailUrl":"https:\/\/aeronoticias.com.pe\/noticiero\/wp-content\/uploads\/2020\/07\/aerolineas-argentinas.jpg","datePublished":"2020-10-20T13:29:00+00:00","dateModified":"2020-10-20T23:04:09+00:00","author":{"@id":"https:\/\/aeronoticias.com.pe\/noticiero\/#\/schema\/person\/9ef7422a13b22ab480ffc29639f442b0"},"description":"Portal de noticias del Per\u00fa sobre el transporte a\u00e9reo, aviaci\u00f3n, turismo, hoteleria, actualidad.","breadcrumb":{"@id":"https:\/\/aeronoticias.com.pe\/noticiero\/transporte-aereo\/aerolineas-argentinas-anuncio-su-programacion-regular-de-vuelos-domesticos\/#breadcrumb"},"inLanguage":"es","potentialAction":[{"@type":"ReadAction","target":["https:\/\/aeronoticias.com.pe\/noticiero\/transporte-aereo\/aerolineas-argentinas-anuncio-su-programacion-regular-de-vuelos-domesticos\/"]}]},{"@type":"ImageObject","inLanguage":"es","@id":"https:\/\/aeronoticias.com.pe\/noticiero\/transporte-aereo\/aerolineas-argentinas-anuncio-su-programacion-regular-de-vuelos-domesticos\/#primaryimage","url":"https:\/\/aeronoticias.com.pe\/noticiero\/wp-content\/uploads\/2020\/07\/aerolineas-argentinas.jpg","contentUrl":"https:\/\/aeronoticias.com.pe\/noticiero\/wp-content\/uploads\/2020\/07\/aerolineas-argentinas.jpg","width":1200,"height":630},{"@type":"BreadcrumbList","@id":"https:\/\/aeronoticias.com.pe\/noticiero\/transporte-aereo\/aerolineas-argentinas-anuncio-su-programacion-regular-de-vuelos-domesticos\/#breadcrumb","itemListElement":[{"@type":"ListItem","position":1,"name":"Portada","item":"https:\/\/aeronoticias.com.pe\/noticiero\/"},{"@type":"ListItem","position":2,"name":"Aerol\u00edneas Argentinas anunci\u00f3 su programaci\u00f3n regular de vuelos dom\u00e9sticos"}]},{"@type":"WebSite","@id":"https:\/\/aeronoticias.com.pe\/noticiero\/#website","url":"https:\/\/aeronoticias.com.pe\/noticiero\/","name":"Aeronoticias.com.pe","description":"Noticias de tranporte aereo, turismo, hoteles, gastronomia, actualidad, internacional","potentialAction":[{"@type":"SearchAction","target":{"@type":"EntryPoint","urlTemplate":"https:\/\/aeronoticias.com.pe\/noticiero\/?s={search_term_string}"},"query-input":{"@type":"PropertyValueSpecification","valueRequired":true,"valueName":"search_term_string"}}],"inLanguage":"es"},{"@type":"Person","@id":"https:\/\/aeronoticias.com.pe\/noticiero\/#\/schema\/person\/9ef7422a13b22ab480ffc29639f442b0","name":"Jefrey Cuya","url":"https:\/\/aeronoticias.com.pe\/noticiero\/author\/jefreycuya\/"}]}},"_links":{"self":[{"href":"https:\/\/aeronoticias.com.pe\/noticiero\/wp-json\/wp\/v2\/posts\/64028","targetHints":{"allow":["GET"]}}],"collection":[{"href":"https:\/\/aeronoticias.com.pe\/noticiero\/wp-json\/wp\/v2\/posts"}],"about":[{"href":"https:\/\/aeronoticias.com.pe\/noticiero\/wp-json\/wp\/v2\/types\/post"}],"author":[{"embeddable":true,"href":"https:\/\/aeronoticias.com.pe\/noticiero\/wp-json\/wp\/v2\/users\/4"}],"replies":[{"embeddable":true,"href":"https:\/\/aeronoticias.com.pe\/noticiero\/wp-json\/wp\/v2\/comments?post=64028"}],"version-history":[{"count":0,"href":"https:\/\/aeronoticias.com.pe\/noticiero\/wp-json\/wp\/v2\/posts\/64028\/revisions"}],"wp:featuredmedia":[{"embeddable":true,"href":"https:\/\/aeronoticias.com.pe\/noticiero\/wp-json\/wp\/v2\/media\/62567"}],"wp:attachment":[{"href":"https:\/\/aeronoticias.com.pe\/noticiero\/wp-json\/wp\/v2\/media?parent=64028"}],"wp:term":[{"taxonomy":"category","embeddable":true,"href":"https:\/\/aeronoticias.com.pe\/noticiero\/wp-json\/wp\/v2\/categories?post=64028"},{"taxonomy":"post_tag","embeddable":true,"href":"https:\/\/aeronoticias.com.pe\/noticiero\/wp-json\/wp\/v2\/tags?post=64028"}],"curies":[{"name":"wp","href":"https:\/\/api.w.org\/{rel}","templated":true}]}}